{"id":194468,"date":"2023-11-20T08:50:23","date_gmt":"2023-11-20T08:50:23","guid":{"rendered":"https:\/\/www.welovecycling.com\/wide\/?p=194468"},"modified":"2023-11-20T08:50:23","modified_gmt":"2023-11-20T08:50:23","slug":"uci-considers-shifting-cycling-calendar-including-moving-paris-roubaix-to-autumn","status":"publish","type":"post","link":"https:\/\/www.welovecycling.com\/wide\/2023\/11\/20\/uci-considers-shifting-cycling-calendar-including-moving-paris-roubaix-to-autumn\/","title":{"rendered":"UCI Considers Shifting Cycling Calendar, Including Moving Paris-Roubaix to Autumn"},"content":{"rendered":"<p><strong>In light of ongoing debates around the WorldTour cycling calendar, UCI President David Lappartient has voiced support for significant adjustments, potentially moving renowned races like Paris-Roubaix to October. This proposition aligns with the broader One Cycling reform initiative, aiming for a comprehensive overhaul of the racing schedule.<\/strong><\/p>\n<p><!--more--><\/p>\n<p>In a recent interview with DirectVelo, Lappartient discussed the dual objectives driving these proposed changes: generating new financial streams for cycling and lessening the sport&#8217;s environmental footprint. This comes amidst growing concerns over the extensive travel involved in the current calendar, spanning numerous countries and continents.<\/p>\n<p>The UCI&#8217;s leadership, under Lappartient, is also navigating a complex landscape marked by whispers of a cycling &#8216;Super League&#8217; and external investment possibilities, such as from the Saudi Arabian PIF sovereign wealth fund. Lappartient, in his DirectVelo interview, draws parallels between this scenario and the fleeting power struggle in European football, emphasizing the UCI&#8217;s ongoing dialogue with teams and event organizers to avoid similar conflicts in cycling.<\/p>\n<figure id=\"attachment_194469\" aria-describedby=\"caption-attachment-194469\" style=\"width: 1250px\" class=\"wp-caption alignnone\"><a href=\"https:\/\/d2p6e6u75xmxt8.cloudfront.net\/2\/2023\/11\/David-Lappartient-profimedia-0820490020.webp\"><img loading=\"lazy\" decoding=\"async\" class=\"wp-image-194469 size-full\" src=\"https:\/\/d2p6e6u75xmxt8.cloudfront.net\/2\/2023\/11\/David-Lappartient-profimedia-0820490020.webp\" alt=\"David Lappartient\" width=\"1250\" height=\"833\" srcset=\"https:\/\/d2p6e6u75xmxt8.cloudfront.net\/2\/2023\/11\/David-Lappartient-profimedia-0820490020.webp 1250w, https:\/\/d2p6e6u75xmxt8.cloudfront.net\/2\/2023\/11\/David-Lappartient-profimedia-0820490020-300x200.webp 300w, https:\/\/d2p6e6u75xmxt8.cloudfront.net\/2\/2023\/11\/David-Lappartient-profimedia-0820490020-1024x682.webp 1024w, https:\/\/d2p6e6u75xmxt8.cloudfront.net\/2\/2023\/11\/David-Lappartient-profimedia-0820490020-768x512.webp 768w, https:\/\/d2p6e6u75xmxt8.cloudfront.net\/2\/2023\/11\/David-Lappartient-profimedia-0820490020-400x267.webp 400w, https:\/\/d2p6e6u75xmxt8.cloudfront.net\/2\/2023\/11\/David-Lappartient-profimedia-0820490020-272x182.webp 272w\" sizes=\"auto, (max-width: 1250px) 100vw, 1250px\" \/><\/a><figcaption id=\"caption-attachment-194469\" class=\"wp-caption-text\">David Lappartient announced a potential move of Paris-Roubaix to October. \u00a9 Profimedia<\/figcaption><\/figure>\n<p>&#8220;There are five teams which dominate the WorldTour, and so we have a second peloton which follows behind them. If the first peloton focuses on itself, we risk having an absolutely enormous difference,&#8221; Lappartient highlighted, acknowledging the dominance of teams like UAE Team Emirates, <a href=\"https:\/\/www.welovecycling.com\/wide\/2023\/10\/02\/jumbo-visma-gives-roglic-green-light-for-transfer-according-to-plugge\/\" target=\"_blank\" rel=\"noopener\">Jumbo-Visma,<\/a> and Ineos Grenadiers.<\/p>\n<p>He suggests potential reforms, such as salary caps, to equalize competition. The UCI aims to restructure the race calendar, making it more streamlined and logical, with changes potentially starting in 2026. This revision could encompass major Classics and shorter WorldTour stage races, though the three Grand Tours would remain unaffected.<\/p>\n<p>Lappartient referenced the rescheduled 2020 editions of the Tour of Flanders and <a href=\"https:\/\/www.paris-roubaix.fr\/en\/\">Paris-Roubaix,<\/a> which took place in October due to the COVID-19 pandemic, noting their exceptional viewership. He suggests such scheduling could be revisited, though not definitively.<\/p>\n<p>Central to the UCI&#8217;s 2030 Agenda is a significant reduction in carbon emissions by 2030. Lappartient proposes using electric vehicles and optimizing the race calendar to minimize unnecessary travel. He envisions a more cohesive schedule that logically progresses through different regions, reducing the frequency of long-distance transfers and thus lowering the sport&#8217;s carbon footprint.<\/p>\n<p>In conclusion, Lappartient&#8217;s vision for the future of WorldTour cycling encapsulates a blend of environmental responsibility and strategic economic planning, striving for a sustainable and equitable future for the sport.<\/p>\n","protected":false},"excerpt":{"rendered":"<p>In light of ongoing debates around the WorldTour cycling calendar, UCI President David Lappartient has voiced support for significant adjustments, [&hellip;]<\/p>\n","protected":false},"author":99,"featured_media":194470,"comment_status":"closed","ping_status":"open","sticky":false,"template":"","format":"standard","meta":{"footnotes":""},"categories":[329],"tags":[7477,893,443,7476],"global-categories":[3366],"class_list":["post-194468","post","type-post","status-publish","format-standard","has-post-thumbnail","hentry","category-road-cycling","tag-cycling-calendar","tag-paris-roubaix","tag-uci","tag-worldtour-cycling-calendar","global-categories-cycling"],"yoast_head":"<!-- This site is optimized with the Yoast SEO Premium plugin v25.3 (Yoast SEO v25.9) - https:\/\/yoast.com\/wordpress\/plugins\/seo\/ -->\n<title>UCI Considers Shifting Cycling Calendar, Including Paris-Roubaix<\/title>\n<meta name=\"description\" content=\"In light of ongoing debates around the WorldTour cycling calendar, UCI President David Lappartient has voiced support for significant adjustments,\" \/>\n<meta name=\"robots\" content=\"index, follow, max-snippet:-1, max-image-preview:large, max-video-preview:-1\" \/>\n<link rel=\"canonical\" href=\"https:\/\/www.welovecycling.com\/wide\/2023\/11\/20\/uci-considers-shifting-cycling-calendar-including-moving-paris-roubaix-to-autumn\/\" \/>\n<meta property=\"og:locale\" content=\"en_US\" \/>\n<meta property=\"og:type\" content=\"article\" \/>\n<meta property=\"og:title\" content=\"UCI Considers Shifting Cycling Calendar, Including Moving Paris-Roubaix to Autumn\" \/>\n<meta property=\"og:description\" content=\"In light of ongoing debates around the WorldTour cycling calendar, UCI President David Lappartient has voiced support for significant adjustments,\" \/>\n<meta property=\"og:url\" content=\"https:\/\/www.welovecycling.com\/wide\/2023\/11\/20\/uci-considers-shifting-cycling-calendar-including-moving-paris-roubaix-to-autumn\/\" \/>\n<meta property=\"og:site_name\" content=\"\u0160koda We Love Cycling\" \/>\n<meta property=\"article:published_time\" content=\"2023-11-20T08:50:23+00:00\" \/>\n<meta property=\"og:image\" content=\"https:\/\/d2p6e6u75xmxt8.cloudfront.net\/2\/2023\/11\/Paris-Roubaix-Peloton-profimedia-0683509237-CVR.webp\" \/>\n\t<meta property=\"og:image:width\" content=\"990\" \/>\n\t<meta property=\"og:image:height\" content=\"660\" \/>\n\t<meta property=\"og:image:type\" content=\"image\/webp\" \/>\n<meta name=\"author\" content=\"tereza\" \/>\n<meta name=\"twitter:card\" content=\"summary_large_image\" \/>\n<meta name=\"twitter:label1\" content=\"Written by\" \/>\n\t<meta name=\"twitter:data1\" content=\"Monica Buck\" \/>\n\t<meta name=\"twitter:label2\" content=\"Est. reading time\" \/>\n\t<meta name=\"twitter:data2\" content=\"3\" \/>\n<script type=\"application\/ld+json\" class=\"yoast-schema-graph\">{\"@context\":\"https:\/\/schema.org\",\"@graph\":[{\"@type\":\"WebPage\",\"@id\":\"https:\/\/www.welovecycling.com\/wide\/2023\/11\/20\/uci-considers-shifting-cycling-calendar-including-moving-paris-roubaix-to-autumn\/\",\"url\":\"https:\/\/www.welovecycling.com\/wide\/2023\/11\/20\/uci-considers-shifting-cycling-calendar-including-moving-paris-roubaix-to-autumn\/\",\"name\":\"UCI Considers Shifting Cycling Calendar, Including Paris-Roubaix\",\"isPartOf\":{\"@id\":\"https:\/\/www.welovecycling.com\/wide\/#website\"},\"primaryImageOfPage\":{\"@id\":\"https:\/\/www.welovecycling.com\/wide\/2023\/11\/20\/uci-considers-shifting-cycling-calendar-including-moving-paris-roubaix-to-autumn\/#primaryimage\"},\"image\":{\"@id\":\"https:\/\/www.welovecycling.com\/wide\/2023\/11\/20\/uci-considers-shifting-cycling-calendar-including-moving-paris-roubaix-to-autumn\/#primaryimage\"},\"thumbnailUrl\":\"https:\/\/d2p6e6u75xmxt8.cloudfront.net\/2\/2023\/11\/Paris-Roubaix-Peloton-profimedia-0683509237-CVR.webp\",\"datePublished\":\"2023-11-20T08:50:23+00:00\",\"author\":{\"@id\":\"https:\/\/www.welovecycling.com\/wide\/#\/schema\/person\/50f01ecd18718d2333cf72e823c4f926\"},\"description\":\"In light of ongoing debates around the WorldTour cycling calendar, UCI President David Lappartient has voiced support for significant adjustments,\",\"breadcrumb\":{\"@id\":\"https:\/\/www.welovecycling.com\/wide\/2023\/11\/20\/uci-considers-shifting-cycling-calendar-including-moving-paris-roubaix-to-autumn\/#breadcrumb\"},\"inLanguage\":\"en-US\",\"potentialAction\":[{\"@type\":\"ReadAction\",\"target\":[\"https:\/\/www.welovecycling.com\/wide\/2023\/11\/20\/uci-considers-shifting-cycling-calendar-including-moving-paris-roubaix-to-autumn\/\"]}]},{\"@type\":\"ImageObject\",\"inLanguage\":\"en-US\",\"@id\":\"https:\/\/www.welovecycling.com\/wide\/2023\/11\/20\/uci-considers-shifting-cycling-calendar-including-moving-paris-roubaix-to-autumn\/#primaryimage\",\"url\":\"https:\/\/d2p6e6u75xmxt8.cloudfront.net\/2\/2023\/11\/Paris-Roubaix-Peloton-profimedia-0683509237-CVR.webp\",\"contentUrl\":\"https:\/\/d2p6e6u75xmxt8.cloudfront.net\/2\/2023\/11\/Paris-Roubaix-Peloton-profimedia-0683509237-CVR.webp\",\"width\":990,\"height\":660},{\"@type\":\"BreadcrumbList\",\"@id\":\"https:\/\/www.welovecycling.com\/wide\/2023\/11\/20\/uci-considers-shifting-cycling-calendar-including-moving-paris-roubaix-to-autumn\/#breadcrumb\",\"itemListElement\":[{\"@type\":\"ListItem\",\"position\":1,\"name\":\"Home\",\"item\":\"https:\/\/www.welovecycling.com\/wide\/\"},{\"@type\":\"ListItem\",\"position\":2,\"name\":\"UCI Considers Shifting Cycling Calendar, Including Moving Paris-Roubaix to Autumn\"}]},{\"@type\":\"WebSite\",\"@id\":\"https:\/\/www.welovecycling.com\/wide\/#website\",\"url\":\"https:\/\/www.welovecycling.com\/wide\/\",\"name\":\"\u0160koda We Love Cycling\",\"description\":\"\u0160koda We Love Cycling magazine\",\"alternateName\":\"\u0160koda WLC\",\"potentialAction\":[{\"@type\":\"SearchAction\",\"target\":{\"@type\":\"EntryPoint\",\"urlTemplate\":\"https:\/\/www.welovecycling.com\/wide\/?s={search_term_string}\"},\"query-input\":{\"@type\":\"PropertyValueSpecification\",\"valueRequired\":true,\"valueName\":\"search_term_string\"}}],\"inLanguage\":\"en-US\"},{\"@type\":\"Person\",\"@id\":\"https:\/\/www.welovecycling.com\/wide\/#\/schema\/person\/50f01ecd18718d2333cf72e823c4f926\",\"name\":\"tereza\",\"image\":{\"@type\":\"ImageObject\",\"inLanguage\":\"en-US\",\"@id\":\"https:\/\/www.welovecycling.com\/wide\/#\/schema\/person\/image\/\",\"url\":\"https:\/\/secure.gravatar.com\/avatar\/1f9eb71be33845f0afabce3791bc1c58ecdb0a25c62964987e5dbcf7a20d2ec7?s=96&d=mm&r=g\",\"contentUrl\":\"https:\/\/secure.gravatar.com\/avatar\/1f9eb71be33845f0afabce3791bc1c58ecdb0a25c62964987e5dbcf7a20d2ec7?s=96&d=mm&r=g\",\"caption\":\"tereza\"},\"url\":\"https:\/\/www.welovecycling.com\/wide\/author\/tereza\/\"}]}<\/script>\n<!-- \/ Yoast SEO Premium plugin. -->","yoast_head_json":{"title":"UCI Considers Shifting Cycling Calendar, Including Paris-Roubaix","description":"In light of ongoing debates around the WorldTour cycling calendar, UCI President David Lappartient has voiced support for significant adjustments,","robots":{"index":"index","follow":"follow","max-snippet":"max-snippet:-1","max-image-preview":"max-image-preview:large","max-video-preview":"max-video-preview:-1"},"canonical":"https:\/\/www.welovecycling.com\/wide\/2023\/11\/20\/uci-considers-shifting-cycling-calendar-including-moving-paris-roubaix-to-autumn\/","og_locale":"en_US","og_type":"article","og_title":"UCI Considers Shifting Cycling Calendar, Including Moving Paris-Roubaix to Autumn","og_description":"In light of ongoing debates around the WorldTour cycling calendar, UCI President David Lappartient has voiced support for significant adjustments,","og_url":"https:\/\/www.welovecycling.com\/wide\/2023\/11\/20\/uci-considers-shifting-cycling-calendar-including-moving-paris-roubaix-to-autumn\/","og_site_name":"\u0160koda We Love Cycling","article_published_time":"2023-11-20T08:50:23+00:00","og_image":[{"width":990,"height":660,"url":"https:\/\/d2p6e6u75xmxt8.cloudfront.net\/2\/2023\/11\/Paris-Roubaix-Peloton-profimedia-0683509237-CVR.webp","type":"image\/webp"}],"author":"tereza","twitter_card":"summary_large_image","twitter_misc":{"Written by":"Monica Buck","Est. reading time":"3"},"schema":{"@context":"https:\/\/schema.org","@graph":[{"@type":"WebPage","@id":"https:\/\/www.welovecycling.com\/wide\/2023\/11\/20\/uci-considers-shifting-cycling-calendar-including-moving-paris-roubaix-to-autumn\/","url":"https:\/\/www.welovecycling.com\/wide\/2023\/11\/20\/uci-considers-shifting-cycling-calendar-including-moving-paris-roubaix-to-autumn\/","name":"UCI Considers Shifting Cycling Calendar, Including Paris-Roubaix","isPartOf":{"@id":"https:\/\/www.welovecycling.com\/wide\/#website"},"primaryImageOfPage":{"@id":"https:\/\/www.welovecycling.com\/wide\/2023\/11\/20\/uci-considers-shifting-cycling-calendar-including-moving-paris-roubaix-to-autumn\/#primaryimage"},"image":{"@id":"https:\/\/www.welovecycling.com\/wide\/2023\/11\/20\/uci-considers-shifting-cycling-calendar-including-moving-paris-roubaix-to-autumn\/#primaryimage"},"thumbnailUrl":"https:\/\/d2p6e6u75xmxt8.cloudfront.net\/2\/2023\/11\/Paris-Roubaix-Peloton-profimedia-0683509237-CVR.webp","datePublished":"2023-11-20T08:50:23+00:00","author":{"@id":"https:\/\/www.welovecycling.com\/wide\/#\/schema\/person\/50f01ecd18718d2333cf72e823c4f926"},"description":"In light of ongoing debates around the WorldTour cycling calendar, UCI President David Lappartient has voiced support for significant adjustments,","breadcrumb":{"@id":"https:\/\/www.welovecycling.com\/wide\/2023\/11\/20\/uci-considers-shifting-cycling-calendar-including-moving-paris-roubaix-to-autumn\/#breadcrumb"},"inLanguage":"en-US","potentialAction":[{"@type":"ReadAction","target":["https:\/\/www.welovecycling.com\/wide\/2023\/11\/20\/uci-considers-shifting-cycling-calendar-including-moving-paris-roubaix-to-autumn\/"]}]},{"@type":"ImageObject","inLanguage":"en-US","@id":"https:\/\/www.welovecycling.com\/wide\/2023\/11\/20\/uci-considers-shifting-cycling-calendar-including-moving-paris-roubaix-to-autumn\/#primaryimage","url":"https:\/\/d2p6e6u75xmxt8.cloudfront.net\/2\/2023\/11\/Paris-Roubaix-Peloton-profimedia-0683509237-CVR.webp","contentUrl":"https:\/\/d2p6e6u75xmxt8.cloudfront.net\/2\/2023\/11\/Paris-Roubaix-Peloton-profimedia-0683509237-CVR.webp","width":990,"height":660},{"@type":"BreadcrumbList","@id":"https:\/\/www.welovecycling.com\/wide\/2023\/11\/20\/uci-considers-shifting-cycling-calendar-including-moving-paris-roubaix-to-autumn\/#breadcrumb","itemListElement":[{"@type":"ListItem","position":1,"name":"Home","item":"https:\/\/www.welovecycling.com\/wide\/"},{"@type":"ListItem","position":2,"name":"UCI Considers Shifting Cycling Calendar, Including Moving Paris-Roubaix to Autumn"}]},{"@type":"WebSite","@id":"https:\/\/www.welovecycling.com\/wide\/#website","url":"https:\/\/www.welovecycling.com\/wide\/","name":"\u0160koda We Love Cycling","description":"\u0160koda We Love Cycling magazine","alternateName":"\u0160koda WLC","potentialAction":[{"@type":"SearchAction","target":{"@type":"EntryPoint","urlTemplate":"https:\/\/www.welovecycling.com\/wide\/?s={search_term_string}"},"query-input":{"@type":"PropertyValueSpecification","valueRequired":true,"valueName":"search_term_string"}}],"inLanguage":"en-US"},{"@type":"Person","@id":"https:\/\/www.welovecycling.com\/wide\/#\/schema\/person\/50f01ecd18718d2333cf72e823c4f926","name":"tereza","image":{"@type":"ImageObject","inLanguage":"en-US","@id":"https:\/\/www.welovecycling.com\/wide\/#\/schema\/person\/image\/","url":"https:\/\/secure.gravatar.com\/avatar\/1f9eb71be33845f0afabce3791bc1c58ecdb0a25c62964987e5dbcf7a20d2ec7?s=96&d=mm&r=g","contentUrl":"https:\/\/secure.gravatar.com\/avatar\/1f9eb71be33845f0afabce3791bc1c58ecdb0a25c62964987e5dbcf7a20d2ec7?s=96&d=mm&r=g","caption":"tereza"},"url":"https:\/\/www.welovecycling.com\/wide\/author\/tereza\/"}]}},"_links":{"self":[{"href":"https:\/\/www.welovecycling.com\/wide\/wp-json\/wp\/v2\/posts\/194468","targetHints":{"allow":["GET"]}}],"collection":[{"href":"https:\/\/www.welovecycling.com\/wide\/wp-json\/wp\/v2\/posts"}],"about":[{"href":"https:\/\/www.welovecycling.com\/wide\/wp-json\/wp\/v2\/types\/post"}],"author":[{"embeddable":true,"href":"https:\/\/www.welovecycling.com\/wide\/wp-json\/wp\/v2\/users\/99"}],"replies":[{"embeddable":true,"href":"https:\/\/www.welovecycling.com\/wide\/wp-json\/wp\/v2\/comments?post=194468"}],"version-history":[{"count":1,"href":"https:\/\/www.welovecycling.com\/wide\/wp-json\/wp\/v2\/posts\/194468\/revisions"}],"predecessor-version":[{"id":194471,"href":"https:\/\/www.welovecycling.com\/wide\/wp-json\/wp\/v2\/posts\/194468\/revisions\/194471"}],"wp:featuredmedia":[{"embeddable":true,"href":"https:\/\/www.welovecycling.com\/wide\/wp-json\/wp\/v2\/media\/194470"}],"wp:attachment":[{"href":"https:\/\/www.welovecycling.com\/wide\/wp-json\/wp\/v2\/media?parent=194468"}],"wp:term":[{"taxonomy":"category","embeddable":true,"href":"https:\/\/www.welovecycling.com\/wide\/wp-json\/wp\/v2\/categories?post=194468"},{"taxonomy":"post_tag","embeddable":true,"href":"https:\/\/www.welovecycling.com\/wide\/wp-json\/wp\/v2\/tags?post=194468"},{"taxonomy":"global-categories","embeddable":true,"href":"https:\/\/www.welovecycling.com\/wide\/wp-json\/wp\/v2\/global-categories?post=194468"}],"curies":[{"name":"wp","href":"https:\/\/api.w.org\/{rel}","templated":true}]}}