{"id":194452,"date":"2023-11-16T08:20:15","date_gmt":"2023-11-16T08:20:15","guid":{"rendered":"https:\/\/www.welovecycling.com\/wide\/?p=194452"},"modified":"2023-11-16T08:20:15","modified_gmt":"2023-11-16T08:20:15","slug":"cyclo-cross-season-erupts-in-controversy-and-doubts","status":"publish","type":"post","link":"https:\/\/www.welovecycling.com\/wide\/2023\/11\/16\/cyclo-cross-season-erupts-in-controversy-and-doubts\/","title":{"rendered":"Cyclo-cross Season Erupts in Controversy and Doubts"},"content":{"rendered":"<p><strong>The current cyclo-cross season has barely begun and already the discipline is awash in controversy. The crisis was sparked by an interview given by UCI president David Lappartient to the French cycling magazine DirectVelo. Stung by the large number of top riders skipping World Cup cyclo-cross competitions, he proposed several changes in both the cyclo-cross calendar and the discipline\u2019s rules, one of which grabbed everyone\u2019s attention.<\/strong><\/p>\n<p><!--more--><\/p>\n<p>\u201cIf a rider prefers to ride in a national competition during the World Cup [season], you will not take part in the subsequent World Cup races, and therefore not in the World Championships,\u201d Lappartient said. \u201cThe World Cup is not a competition in which you can pick and choose as you please. Every rider has to play the game.\u201d<\/p>\n<p>That declaration was provoked by the Belgian U23 world champion Thibau Nys skipping the Dencermonde World Cup race on November 12, saying he was tired, and racing instead in the Jaarmarktcross Niel the day before. \u201cHe had a bad result at the European Championships at Pontch\u00e2teau [Nys did not finish],\u201d the UCI head said. \u201cHe said he was tired. But why then race Saturday at Niel. When you are tired, you don\u2019t ride.\u201d<\/p>\n<p>The response from teams and riders was immediate. &#8220;If I start doing everything, if I continue to do everything, I think I will ultimately destroy myself completely,&#8221; <a href=\"https:\/\/www.wielerflits.be\/nieuws\/veldritwereld-reageert-verbaasd-op-uitspraken-lappartient-slaat-nergens-op\/\">said current<\/a> World Cup leader Lars van der Haar.<\/p>\n<p>Intermarch\u00e9-Circus-Wanty team manager Bart Wellens <a href=\"https:\/\/www.cyclingnews.com\/news\/cyclocross-riders-and-teams-hit-back-at-lappartients-world-cup-criticism\/\">told CyclingNews<\/a> the UCI was \u201cpanicking,\u201d and wondered: \u201cWould Mathieu van der Poel, Wout van Aert and Tom Pidcock suddenly no longer be allowed to compete in the World Championship? And not Fem van Empel either? That doesn&#8217;t make sense. We&#8217;ve been saying it for so long; the structure of the World Cup is not well put together. It&#8217;s way too busy now. We knew that from day one.\u201d<\/p>\n<p>The problem is that the cyclo-cross World Cup calendar was increased from nine races to 14 races after the 2020-21 season, so it may be a lot to ask of riders to ride in every World Cup race. The World Cup season began on October 15 and runs until January 28, 2024, with the World Championships to follow in early February in Tabor, Czech Republic. But Wellens made an interesting point. Van Aert recently announced that he will be riding in only six cyclo-cross races this season, apparently picking and choosing according to his future racing schedule.<\/p>\n<p>&nbsp;<\/p>\n<p>\u201cIt&#8217;s a conscious decision to do a shorter programme,&#8221; van Aert explained <a href=\"https:\/\/www.teamjumbovisma.com\/race-preview\/news\/van-aert-looking-forward-to-start-of-cyclocross-season-in-essen\/\">on the Jumbo-Visma website.<\/a> &#8220;Last year, I found it mentally difficult to focus on the cyclo-cross season and then move on to the spring. I didn&#8217;t want to leave anything to chance with the spring classics. That is why, with a heavy heart, I am riding a more limited programme.\u201d<\/p>\n<p>The three-time cyclo-cross world champion went on to lower fans\u2019 expectations of his performance in these races, saying: \u201cIt will definitely be difficult to reach a high level. I have a few races to get in shape, and then it will stop already. I hope to prove myself during these races. For the first time, it will be different from what I am used to, but with a higher goal in mind.\u201d That \u201chigher goal\u201d presumably is winning some spring road classics. Lappartient has so far said nothing about van Aert\u2019s plans, though it\u2019s hard to envisage him banning the 29-year-old Belgian from the World Cup if he skips a race after his initial competition on December 9, in Essen.<\/p>\n<p>Despite his limited schedule, van Aert will meet his arch-rival, current world champion <a href=\"https:\/\/twitter.com\/UCI_CX\/status\/1724796897603584022\">Mathieu van der Poel<\/a> six times in this cyclo-cross season, for the Dutch Alpecin-Deceuninck rider has packed his cyclo-cross programme with 15 races, not all of them on the World Cup schedule. Cycling fans from all disciplines will no doubt be eager to watch the two go head-to-head this season. Those who saw it will remember this year\u2019s world championship, when van Aert and van der Poel left the peloton behind early in the race and fought an exciting cat-and-mouse battle that was won by van der Poel in the sprint to the finish line.<\/p>\n<p>Having these two exciting racers, and the <a href=\"https:\/\/www.welovecycling.com\/wide\/2022\/01\/31\/pidcock-and-vos-win-cyclocross-world-titles-and-other-news-from-the-world-of-cycling\/\" target=\"_blank\" rel=\"noopener\">2022 world champion Tom Pidcock,<\/a> riding in cyclo-cross has brought many new fans to the sport, and will continue to do so. But the Cycling Weekly senior writer Adam Becket has put forward the bold opinion that the so-called \u201cBig Three\u201d are not good for the discipline. \u201cThe big three are undoubtedly good for raising the number of TV audiences and fans when they are introduced \u2013 hence the large appearance fees they get \u2013 but would the action not be more exciting if there was tighter competition when they appear?\u201d Becket asks.<\/p>\n<p>According to his calculations, of the 15 races that van der Poel took part in last year, he won seven, and of the eight races he didn\u2019t win, only one wasn\u2019t won by either van Aert or Pidcock. For his part, Van Aert won nine of the 14 cyclo-cross races he rode in; van der Poel won the five races the Belgian didn\u2019t win. The numbers were less remarkable for Pidcock, but close enough to confirm the pattern.<\/p>\n<p>Becket asks if this dominance is good for the sport, since it effectively divides the season in two: before the Big Three take part and after, since they don\u2019t join the cyclo-cross competition until December. \u201cThe problem with all this racing, while it has been fun, is that it very much feels like everyone is just playing around, waiting for the big boys to join in,\u201d Becket writes, and adds: \u201cNovember feels like tennis of the 2010s without Rafael Nadal, Novak Djokovic or Roger Federer, or Formula One without Red Bull and Mercedes.\u201d<\/p>\n<p>It&#8217;s an intriguing discussion, one I\u2019m sure Lappartient is aware of, but Becket ends it on an upbeat note, kind of: \u201cHaving multiple riders dominate is better than having one,\u201d as is the case in the women\u2019s cyclo-cross, where Fem van Empel has won each of the 12 races she has ridden in.<\/p>\n","protected":false},"excerpt":{"rendered":"<p>The current cyclo-cross season has barely begun and already the discipline is awash in controversy. The crisis was sparked by [&hellip;]<\/p>\n","protected":false},"author":99,"featured_media":194453,"comment_status":"closed","ping_status":"open","sticky":false,"template":"","format":"standard","meta":{"footnotes":""},"categories":[328],"tags":[631,2434,2933,3871,831],"global-categories":[3366],"class_list":["post-194452","post","type-post","status-publish","format-standard","has-post-thumbnail","hentry","category-outdoor-mountain","tag-cyclo-cross","tag-david-lappartient","tag-mathieu-van-der-poel","tag-tom-pidcock","tag-wout-van-aert","global-categories-cycling"],"yoast_head":"<!-- This site is optimized with the Yoast SEO Premium plugin v25.3 (Yoast SEO v25.9) - https:\/\/yoast.com\/wordpress\/plugins\/seo\/ -->\n<title>Cyclo-cross Season Erupts in Controversy and Doubts - \u0160koda We Love Cycling<\/title>\n<meta name=\"description\" content=\"The current cyclo-cross season has barely begun and already the discipline is awash in controversy. The crisis was sparked by an interview given by UCI\" \/>\n<meta name=\"robots\" content=\"index, follow, max-snippet:-1, max-image-preview:large, max-video-preview:-1\" \/>\n<link rel=\"canonical\" href=\"https:\/\/www.welovecycling.com\/wide\/2023\/11\/16\/cyclo-cross-season-erupts-in-controversy-and-doubts\/\" \/>\n<meta property=\"og:locale\" content=\"en_US\" \/>\n<meta property=\"og:type\" content=\"article\" \/>\n<meta property=\"og:title\" content=\"Cyclo-cross Season Erupts in Controversy and Doubts\" \/>\n<meta property=\"og:description\" content=\"The current cyclo-cross season has barely begun and already the discipline is awash in controversy. The crisis was sparked by an interview given by UCI\" \/>\n<meta property=\"og:url\" content=\"https:\/\/www.welovecycling.com\/wide\/2023\/11\/16\/cyclo-cross-season-erupts-in-controversy-and-doubts\/\" \/>\n<meta property=\"og:site_name\" content=\"\u0160koda We Love Cycling\" \/>\n<meta property=\"article:published_time\" content=\"2023-11-16T08:20:15+00:00\" \/>\n<meta property=\"og:image\" content=\"https:\/\/d2p6e6u75xmxt8.cloudfront.net\/2\/2023\/11\/Daan-Soete-Cyclo-cross-profimedia-0821356666-CVR.webp\" \/>\n\t<meta property=\"og:image:width\" content=\"990\" \/>\n\t<meta property=\"og:image:height\" content=\"660\" \/>\n\t<meta property=\"og:image:type\" content=\"image\/webp\" \/>\n<meta name=\"author\" content=\"tereza\" \/>\n<meta name=\"twitter:card\" content=\"summary_large_image\" \/>\n<meta name=\"twitter:label1\" content=\"Written by\" \/>\n\t<meta name=\"twitter:data1\" content=\"Siegfried Mortkowitz\" \/>\n\t<meta name=\"twitter:label2\" content=\"Est. reading time\" \/>\n\t<meta name=\"twitter:data2\" content=\"4\" \/>\n<script type=\"application\/ld+json\" class=\"yoast-schema-graph\">{\"@context\":\"https:\/\/schema.org\",\"@graph\":[{\"@type\":\"WebPage\",\"@id\":\"https:\/\/www.welovecycling.com\/wide\/2023\/11\/16\/cyclo-cross-season-erupts-in-controversy-and-doubts\/\",\"url\":\"https:\/\/www.welovecycling.com\/wide\/2023\/11\/16\/cyclo-cross-season-erupts-in-controversy-and-doubts\/\",\"name\":\"Cyclo-cross Season Erupts in Controversy and Doubts - \u0160koda We Love Cycling\",\"isPartOf\":{\"@id\":\"https:\/\/www.welovecycling.com\/wide\/#website\"},\"primaryImageOfPage\":{\"@id\":\"https:\/\/www.welovecycling.com\/wide\/2023\/11\/16\/cyclo-cross-season-erupts-in-controversy-and-doubts\/#primaryimage\"},\"image\":{\"@id\":\"https:\/\/www.welovecycling.com\/wide\/2023\/11\/16\/cyclo-cross-season-erupts-in-controversy-and-doubts\/#primaryimage\"},\"thumbnailUrl\":\"https:\/\/d2p6e6u75xmxt8.cloudfront.net\/2\/2023\/11\/Daan-Soete-Cyclo-cross-profimedia-0821356666-CVR.webp\",\"datePublished\":\"2023-11-16T08:20:15+00:00\",\"author\":{\"@id\":\"https:\/\/www.welovecycling.com\/wide\/#\/schema\/person\/50f01ecd18718d2333cf72e823c4f926\"},\"description\":\"The current cyclo-cross season has barely begun and already the discipline is awash in controversy. The crisis was sparked by an interview given by UCI\",\"breadcrumb\":{\"@id\":\"https:\/\/www.welovecycling.com\/wide\/2023\/11\/16\/cyclo-cross-season-erupts-in-controversy-and-doubts\/#breadcrumb\"},\"inLanguage\":\"en-US\",\"potentialAction\":[{\"@type\":\"ReadAction\",\"target\":[\"https:\/\/www.welovecycling.com\/wide\/2023\/11\/16\/cyclo-cross-season-erupts-in-controversy-and-doubts\/\"]}]},{\"@type\":\"ImageObject\",\"inLanguage\":\"en-US\",\"@id\":\"https:\/\/www.welovecycling.com\/wide\/2023\/11\/16\/cyclo-cross-season-erupts-in-controversy-and-doubts\/#primaryimage\",\"url\":\"https:\/\/d2p6e6u75xmxt8.cloudfront.net\/2\/2023\/11\/Daan-Soete-Cyclo-cross-profimedia-0821356666-CVR.webp\",\"contentUrl\":\"https:\/\/d2p6e6u75xmxt8.cloudfront.net\/2\/2023\/11\/Daan-Soete-Cyclo-cross-profimedia-0821356666-CVR.webp\",\"width\":990,\"height\":660,\"caption\":\"Daan Soete\"},{\"@type\":\"BreadcrumbList\",\"@id\":\"https:\/\/www.welovecycling.com\/wide\/2023\/11\/16\/cyclo-cross-season-erupts-in-controversy-and-doubts\/#breadcrumb\",\"itemListElement\":[{\"@type\":\"ListItem\",\"position\":1,\"name\":\"Home\",\"item\":\"https:\/\/www.welovecycling.com\/wide\/\"},{\"@type\":\"ListItem\",\"position\":2,\"name\":\"Cyclo-cross Season Erupts in Controversy and Doubts\"}]},{\"@type\":\"WebSite\",\"@id\":\"https:\/\/www.welovecycling.com\/wide\/#website\",\"url\":\"https:\/\/www.welovecycling.com\/wide\/\",\"name\":\"\u0160koda We Love Cycling\",\"description\":\"\u0160koda We Love Cycling magazine\",\"alternateName\":\"\u0160koda WLC\",\"potentialAction\":[{\"@type\":\"SearchAction\",\"target\":{\"@type\":\"EntryPoint\",\"urlTemplate\":\"https:\/\/www.welovecycling.com\/wide\/?s={search_term_string}\"},\"query-input\":{\"@type\":\"PropertyValueSpecification\",\"valueRequired\":true,\"valueName\":\"search_term_string\"}}],\"inLanguage\":\"en-US\"},{\"@type\":\"Person\",\"@id\":\"https:\/\/www.welovecycling.com\/wide\/#\/schema\/person\/50f01ecd18718d2333cf72e823c4f926\",\"name\":\"tereza\",\"image\":{\"@type\":\"ImageObject\",\"inLanguage\":\"en-US\",\"@id\":\"https:\/\/www.welovecycling.com\/wide\/#\/schema\/person\/image\/\",\"url\":\"https:\/\/secure.gravatar.com\/avatar\/1f9eb71be33845f0afabce3791bc1c58ecdb0a25c62964987e5dbcf7a20d2ec7?s=96&d=mm&r=g\",\"contentUrl\":\"https:\/\/secure.gravatar.com\/avatar\/1f9eb71be33845f0afabce3791bc1c58ecdb0a25c62964987e5dbcf7a20d2ec7?s=96&d=mm&r=g\",\"caption\":\"tereza\"},\"url\":\"https:\/\/www.welovecycling.com\/wide\/author\/tereza\/\"}]}<\/script>\n<!-- \/ Yoast SEO Premium plugin. -->","yoast_head_json":{"title":"Cyclo-cross Season Erupts in Controversy and Doubts - \u0160koda We Love Cycling","description":"The current cyclo-cross season has barely begun and already the discipline is awash in controversy. The crisis was sparked by an interview given by UCI","robots":{"index":"index","follow":"follow","max-snippet":"max-snippet:-1","max-image-preview":"max-image-preview:large","max-video-preview":"max-video-preview:-1"},"canonical":"https:\/\/www.welovecycling.com\/wide\/2023\/11\/16\/cyclo-cross-season-erupts-in-controversy-and-doubts\/","og_locale":"en_US","og_type":"article","og_title":"Cyclo-cross Season Erupts in Controversy and Doubts","og_description":"The current cyclo-cross season has barely begun and already the discipline is awash in controversy. The crisis was sparked by an interview given by UCI","og_url":"https:\/\/www.welovecycling.com\/wide\/2023\/11\/16\/cyclo-cross-season-erupts-in-controversy-and-doubts\/","og_site_name":"\u0160koda We Love Cycling","article_published_time":"2023-11-16T08:20:15+00:00","og_image":[{"width":990,"height":660,"url":"https:\/\/d2p6e6u75xmxt8.cloudfront.net\/2\/2023\/11\/Daan-Soete-Cyclo-cross-profimedia-0821356666-CVR.webp","type":"image\/webp"}],"author":"tereza","twitter_card":"summary_large_image","twitter_misc":{"Written by":"Siegfried Mortkowitz","Est. reading time":"4"},"schema":{"@context":"https:\/\/schema.org","@graph":[{"@type":"WebPage","@id":"https:\/\/www.welovecycling.com\/wide\/2023\/11\/16\/cyclo-cross-season-erupts-in-controversy-and-doubts\/","url":"https:\/\/www.welovecycling.com\/wide\/2023\/11\/16\/cyclo-cross-season-erupts-in-controversy-and-doubts\/","name":"Cyclo-cross Season Erupts in Controversy and Doubts - \u0160koda We Love Cycling","isPartOf":{"@id":"https:\/\/www.welovecycling.com\/wide\/#website"},"primaryImageOfPage":{"@id":"https:\/\/www.welovecycling.com\/wide\/2023\/11\/16\/cyclo-cross-season-erupts-in-controversy-and-doubts\/#primaryimage"},"image":{"@id":"https:\/\/www.welovecycling.com\/wide\/2023\/11\/16\/cyclo-cross-season-erupts-in-controversy-and-doubts\/#primaryimage"},"thumbnailUrl":"https:\/\/d2p6e6u75xmxt8.cloudfront.net\/2\/2023\/11\/Daan-Soete-Cyclo-cross-profimedia-0821356666-CVR.webp","datePublished":"2023-11-16T08:20:15+00:00","author":{"@id":"https:\/\/www.welovecycling.com\/wide\/#\/schema\/person\/50f01ecd18718d2333cf72e823c4f926"},"description":"The current cyclo-cross season has barely begun and already the discipline is awash in controversy. The crisis was sparked by an interview given by UCI","breadcrumb":{"@id":"https:\/\/www.welovecycling.com\/wide\/2023\/11\/16\/cyclo-cross-season-erupts-in-controversy-and-doubts\/#breadcrumb"},"inLanguage":"en-US","potentialAction":[{"@type":"ReadAction","target":["https:\/\/www.welovecycling.com\/wide\/2023\/11\/16\/cyclo-cross-season-erupts-in-controversy-and-doubts\/"]}]},{"@type":"ImageObject","inLanguage":"en-US","@id":"https:\/\/www.welovecycling.com\/wide\/2023\/11\/16\/cyclo-cross-season-erupts-in-controversy-and-doubts\/#primaryimage","url":"https:\/\/d2p6e6u75xmxt8.cloudfront.net\/2\/2023\/11\/Daan-Soete-Cyclo-cross-profimedia-0821356666-CVR.webp","contentUrl":"https:\/\/d2p6e6u75xmxt8.cloudfront.net\/2\/2023\/11\/Daan-Soete-Cyclo-cross-profimedia-0821356666-CVR.webp","width":990,"height":660,"caption":"Daan Soete"},{"@type":"BreadcrumbList","@id":"https:\/\/www.welovecycling.com\/wide\/2023\/11\/16\/cyclo-cross-season-erupts-in-controversy-and-doubts\/#breadcrumb","itemListElement":[{"@type":"ListItem","position":1,"name":"Home","item":"https:\/\/www.welovecycling.com\/wide\/"},{"@type":"ListItem","position":2,"name":"Cyclo-cross Season Erupts in Controversy and Doubts"}]},{"@type":"WebSite","@id":"https:\/\/www.welovecycling.com\/wide\/#website","url":"https:\/\/www.welovecycling.com\/wide\/","name":"\u0160koda We Love Cycling","description":"\u0160koda We Love Cycling magazine","alternateName":"\u0160koda WLC","potentialAction":[{"@type":"SearchAction","target":{"@type":"EntryPoint","urlTemplate":"https:\/\/www.welovecycling.com\/wide\/?s={search_term_string}"},"query-input":{"@type":"PropertyValueSpecification","valueRequired":true,"valueName":"search_term_string"}}],"inLanguage":"en-US"},{"@type":"Person","@id":"https:\/\/www.welovecycling.com\/wide\/#\/schema\/person\/50f01ecd18718d2333cf72e823c4f926","name":"tereza","image":{"@type":"ImageObject","inLanguage":"en-US","@id":"https:\/\/www.welovecycling.com\/wide\/#\/schema\/person\/image\/","url":"https:\/\/secure.gravatar.com\/avatar\/1f9eb71be33845f0afabce3791bc1c58ecdb0a25c62964987e5dbcf7a20d2ec7?s=96&d=mm&r=g","contentUrl":"https:\/\/secure.gravatar.com\/avatar\/1f9eb71be33845f0afabce3791bc1c58ecdb0a25c62964987e5dbcf7a20d2ec7?s=96&d=mm&r=g","caption":"tereza"},"url":"https:\/\/www.welovecycling.com\/wide\/author\/tereza\/"}]}},"_links":{"self":[{"href":"https:\/\/www.welovecycling.com\/wide\/wp-json\/wp\/v2\/posts\/194452","targetHints":{"allow":["GET"]}}],"collection":[{"href":"https:\/\/www.welovecycling.com\/wide\/wp-json\/wp\/v2\/posts"}],"about":[{"href":"https:\/\/www.welovecycling.com\/wide\/wp-json\/wp\/v2\/types\/post"}],"author":[{"embeddable":true,"href":"https:\/\/www.welovecycling.com\/wide\/wp-json\/wp\/v2\/users\/99"}],"replies":[{"embeddable":true,"href":"https:\/\/www.welovecycling.com\/wide\/wp-json\/wp\/v2\/comments?post=194452"}],"version-history":[{"count":1,"href":"https:\/\/www.welovecycling.com\/wide\/wp-json\/wp\/v2\/posts\/194452\/revisions"}],"predecessor-version":[{"id":194454,"href":"https:\/\/www.welovecycling.com\/wide\/wp-json\/wp\/v2\/posts\/194452\/revisions\/194454"}],"wp:featuredmedia":[{"embeddable":true,"href":"https:\/\/www.welovecycling.com\/wide\/wp-json\/wp\/v2\/media\/194453"}],"wp:attachment":[{"href":"https:\/\/www.welovecycling.com\/wide\/wp-json\/wp\/v2\/media?parent=194452"}],"wp:term":[{"taxonomy":"category","embeddable":true,"href":"https:\/\/www.welovecycling.com\/wide\/wp-json\/wp\/v2\/categories?post=194452"},{"taxonomy":"post_tag","embeddable":true,"href":"https:\/\/www.welovecycling.com\/wide\/wp-json\/wp\/v2\/tags?post=194452"},{"taxonomy":"global-categories","embeddable":true,"href":"https:\/\/www.welovecycling.com\/wide\/wp-json\/wp\/v2\/global-categories?post=194452"}],"curies":[{"name":"wp","href":"https:\/\/api.w.org\/{rel}","templated":true}]}}