{"id":194430,"date":"2023-11-13T10:22:43","date_gmt":"2023-11-13T10:22:43","guid":{"rendered":"https:\/\/www.welovecycling.com\/wide\/?p=194430"},"modified":"2023-12-10T17:51:22","modified_gmt":"2023-12-10T17:51:22","slug":"wout-van-aert-confirmed-for-five-cyclo-cross-events","status":"publish","type":"post","link":"https:\/\/www.welovecycling.com\/wide\/2023\/11\/13\/wout-van-aert-confirmed-for-five-cyclo-cross-events\/","title":{"rendered":"Wout van Aert Confirmed for Five Cyclo-cross Events"},"content":{"rendered":"<p class=\"-wm-MsoNormal\"><strong>As the three-time cyclo-cross world champion prepares for the upcoming 2024 road cycling season, Van Aert has announced a concise selection of cyclo-cross races he will participate in. The holiday season will see the three-time world champion compete in five events, with possible additions still under consideration.<\/strong><\/p>\n<p><!--more--><\/p>\n<p class=\"-wm-MsoNormal\">Van Aert, representing the Jumbo-Visma team, has strategically chosen not to overcommit to cyclo-cross to preserve his form for a demanding road schedule. His 2024 targets are the Spring Classics, the Giro d\u2019Italia, the Paris Olympic Games, and the Road World Championships set to take place in Z\u00fcrich.<\/p>\n<p class=\"-wm-MsoNormal\">The schedule, reported by <a href=\"https:\/\/myprivacy.dpgmedia.be\/consent?siteKey=Uqxf9TXhjmaG4pbQ&amp;callbackUrl=https%3A%2F%2Fwww.hln.be%2Fprivacy-gate%2Faccept-tcf2%3FredirectUri%3D%252Fveldrijden%252Fin-primeur-het-crossprogramma-van-wout-van-aert-en-waarom-het-de-uci-boos-maakt~a02f4fcf%252F\">Het Laatste Nieuws,<\/a> features races where van Aert previously excelled, including two Exact Cross races in Mol and Loenhout on December 22 and 29, respectively, and the Superprestige event in Diegem on December 28. He is also expected to ride in the World Cup of Antwerp and the X2O Trofee in Baal.<\/p>\n<figure id=\"attachment_190288\" aria-describedby=\"caption-attachment-190288\" style=\"width: 1250px\" class=\"wp-caption alignnone\"><a href=\"https:\/\/d2p6e6u75xmxt8.cloudfront.net\/2\/2022\/08\/Van-der-Poel-van-Aert-Beach-profimedia-0587567675.webp\"><img loading=\"lazy\" decoding=\"async\" class=\"size-full wp-image-190288\" src=\"https:\/\/d2p6e6u75xmxt8.cloudfront.net\/2\/2022\/08\/Van-der-Poel-van-Aert-Beach-profimedia-0587567675.webp\" alt=\"Van der Poel and Van Aert\" width=\"1250\" height=\"832\" srcset=\"https:\/\/d2p6e6u75xmxt8.cloudfront.net\/2\/2022\/08\/Van-der-Poel-van-Aert-Beach-profimedia-0587567675.webp 1250w, https:\/\/d2p6e6u75xmxt8.cloudfront.net\/2\/2022\/08\/Van-der-Poel-van-Aert-Beach-profimedia-0587567675-300x200.webp 300w, https:\/\/d2p6e6u75xmxt8.cloudfront.net\/2\/2022\/08\/Van-der-Poel-van-Aert-Beach-profimedia-0587567675-1024x682.webp 1024w, https:\/\/d2p6e6u75xmxt8.cloudfront.net\/2\/2022\/08\/Van-der-Poel-van-Aert-Beach-profimedia-0587567675-768x511.webp 768w, https:\/\/d2p6e6u75xmxt8.cloudfront.net\/2\/2022\/08\/Van-der-Poel-van-Aert-Beach-profimedia-0587567675-272x182.webp 272w\" sizes=\"auto, (max-width: 1250px) 100vw, 1250px\" \/><\/a><figcaption id=\"caption-attachment-190288\" class=\"wp-caption-text\">Van Der Poel and Wout Van Aert run at the start of the men&#8217;s elite race at the 2021 UCI Cyclocross World Championships. \u00a9 Profimedia<\/figcaption><\/figure>\n<p class=\"-wm-MsoNormal\">Despite his prominence in the sport, van Aert will not compete in four of the UCI World Cup events in Namur, Gavere, Hulst, and Zonhoven. This decision has sparked debate within the UCI, with President David Lappartient suggesting cyclo-cross riders who miss World Cup races could be barred from the World Championships. The suggestion follows the absence of U23 champion Thibau Nys from the Dendermonde World Cup.<\/p>\n<p class=\"-wm-MsoNormal\">Meanwhile, <a href=\"https:\/\/www.welovecycling.com\/wide\/2023\/04\/12\/van-aert-vs-van-der-poel-a-rivalry-for-the-ages\/\" target=\"_blank\" rel=\"noopener\">Mathieu van der Poel,<\/a> the current cyclo-cross world champion from the Alpecin-Deceuninck team, is set to race in the same events as van Aert in addition to a total of 15 races throughout the season.<\/p>\n<p class=\"-wm-MsoNormal\">The final racing calendar for van Aert will be confirmed shortly, which may introduce additional events. His participation in the World Championship in Tabor remains unconfirmed.<\/p>\n<p class=\"-wm-MsoNormal\">In related news, van Aert is visiting Colombia for the Giro del Rigo, hosted by Rigoberto Ur\u00e1n of EF Education-EasyPost. Ur\u00e1n, a Colombian cycling luminary, has announced his retirement post the 2024 Paris Olympics, drawing a close to his 18-year professional career.<\/p>\n","protected":false},"excerpt":{"rendered":"<p>As the three-time cyclo-cross world champion prepares for the upcoming 2024 road cycling season, Van Aert has announced a concise [&hellip;]<\/p>\n","protected":false},"author":99,"featured_media":194431,"comment_status":"closed","ping_status":"open","sticky":false,"template":"","format":"standard","meta":{"footnotes":""},"categories":[328],"tags":[631,2434,2933,831],"global-categories":[3366],"class_list":["post-194430","post","type-post","status-publish","format-standard","has-post-thumbnail","hentry","category-outdoor-mountain","tag-cyclo-cross","tag-david-lappartient","tag-mathieu-van-der-poel","tag-wout-van-aert","global-categories-cycling"],"yoast_head":"<!-- This site is optimized with the Yoast SEO Premium plugin v25.3 (Yoast SEO v25.9) - https:\/\/yoast.com\/wordpress\/plugins\/seo\/ -->\n<title>Wout van Aert Confirmed for Five Cyclo-cross Events - \u0160koda We Love Cycling<\/title>\n<meta name=\"description\" content=\"As the three-time cyclo-cross world champion prepares for the upcoming 2024 road cycling season, Van Aert has announced a concise selection of cyclo-cross\" \/>\n<meta name=\"robots\" content=\"index, follow, max-snippet:-1, max-image-preview:large, max-video-preview:-1\" \/>\n<link rel=\"canonical\" href=\"https:\/\/www.welovecycling.com\/wide\/2023\/11\/13\/wout-van-aert-confirmed-for-five-cyclo-cross-events\/\" \/>\n<meta property=\"og:locale\" content=\"en_US\" \/>\n<meta property=\"og:type\" content=\"article\" \/>\n<meta property=\"og:title\" content=\"Wout van Aert Confirmed for Five Cyclo-cross Events\" \/>\n<meta property=\"og:description\" content=\"As the three-time cyclo-cross world champion prepares for the upcoming 2024 road cycling season, Van Aert has announced a concise selection of cyclo-cross\" \/>\n<meta property=\"og:url\" content=\"https:\/\/www.welovecycling.com\/wide\/2023\/11\/13\/wout-van-aert-confirmed-for-five-cyclo-cross-events\/\" \/>\n<meta property=\"og:site_name\" content=\"\u0160koda We Love Cycling\" \/>\n<meta property=\"article:published_time\" content=\"2023-11-13T10:22:43+00:00\" \/>\n<meta property=\"article:modified_time\" content=\"2023-12-10T17:51:22+00:00\" \/>\n<meta property=\"og:image\" content=\"https:\/\/d2p6e6u75xmxt8.cloudfront.net\/2\/2023\/11\/Wout-van-Aert-profimedia-0812011278-CVR.webp\" \/>\n\t<meta property=\"og:image:width\" content=\"990\" \/>\n\t<meta property=\"og:image:height\" content=\"660\" \/>\n\t<meta property=\"og:image:type\" content=\"image\/webp\" \/>\n<meta name=\"author\" content=\"tereza\" \/>\n<meta name=\"twitter:card\" content=\"summary_large_image\" \/>\n<meta name=\"twitter:label1\" content=\"Written by\" \/>\n\t<meta name=\"twitter:data1\" content=\"Monica Buck\" \/>\n\t<meta name=\"twitter:label2\" content=\"Est. reading time\" \/>\n\t<meta name=\"twitter:data2\" content=\"3\" \/>\n<script type=\"application\/ld+json\" class=\"yoast-schema-graph\">{\"@context\":\"https:\/\/schema.org\",\"@graph\":[{\"@type\":\"WebPage\",\"@id\":\"https:\/\/www.welovecycling.com\/wide\/2023\/11\/13\/wout-van-aert-confirmed-for-five-cyclo-cross-events\/\",\"url\":\"https:\/\/www.welovecycling.com\/wide\/2023\/11\/13\/wout-van-aert-confirmed-for-five-cyclo-cross-events\/\",\"name\":\"Wout van Aert Confirmed for Five Cyclo-cross Events - \u0160koda We Love Cycling\",\"isPartOf\":{\"@id\":\"https:\/\/www.welovecycling.com\/wide\/#website\"},\"primaryImageOfPage\":{\"@id\":\"https:\/\/www.welovecycling.com\/wide\/2023\/11\/13\/wout-van-aert-confirmed-for-five-cyclo-cross-events\/#primaryimage\"},\"image\":{\"@id\":\"https:\/\/www.welovecycling.com\/wide\/2023\/11\/13\/wout-van-aert-confirmed-for-five-cyclo-cross-events\/#primaryimage\"},\"thumbnailUrl\":\"https:\/\/d2p6e6u75xmxt8.cloudfront.net\/2\/2023\/11\/Wout-van-Aert-profimedia-0812011278-CVR.webp\",\"datePublished\":\"2023-11-13T10:22:43+00:00\",\"dateModified\":\"2023-12-10T17:51:22+00:00\",\"author\":{\"@id\":\"https:\/\/www.welovecycling.com\/wide\/#\/schema\/person\/50f01ecd18718d2333cf72e823c4f926\"},\"description\":\"As the three-time cyclo-cross world champion prepares for the upcoming 2024 road cycling season, Van Aert has announced a concise selection of cyclo-cross\",\"breadcrumb\":{\"@id\":\"https:\/\/www.welovecycling.com\/wide\/2023\/11\/13\/wout-van-aert-confirmed-for-five-cyclo-cross-events\/#breadcrumb\"},\"inLanguage\":\"en-US\",\"potentialAction\":[{\"@type\":\"ReadAction\",\"target\":[\"https:\/\/www.welovecycling.com\/wide\/2023\/11\/13\/wout-van-aert-confirmed-for-five-cyclo-cross-events\/\"]}]},{\"@type\":\"ImageObject\",\"inLanguage\":\"en-US\",\"@id\":\"https:\/\/www.welovecycling.com\/wide\/2023\/11\/13\/wout-van-aert-confirmed-for-five-cyclo-cross-events\/#primaryimage\",\"url\":\"https:\/\/d2p6e6u75xmxt8.cloudfront.net\/2\/2023\/11\/Wout-van-Aert-profimedia-0812011278-CVR.webp\",\"contentUrl\":\"https:\/\/d2p6e6u75xmxt8.cloudfront.net\/2\/2023\/11\/Wout-van-Aert-profimedia-0812011278-CVR.webp\",\"width\":990,\"height\":660,\"caption\":\"Wout van Aert\"},{\"@type\":\"BreadcrumbList\",\"@id\":\"https:\/\/www.welovecycling.com\/wide\/2023\/11\/13\/wout-van-aert-confirmed-for-five-cyclo-cross-events\/#breadcrumb\",\"itemListElement\":[{\"@type\":\"ListItem\",\"position\":1,\"name\":\"Home\",\"item\":\"https:\/\/www.welovecycling.com\/wide\/\"},{\"@type\":\"ListItem\",\"position\":2,\"name\":\"Wout van Aert Confirmed for Five Cyclo-cross Events\"}]},{\"@type\":\"WebSite\",\"@id\":\"https:\/\/www.welovecycling.com\/wide\/#website\",\"url\":\"https:\/\/www.welovecycling.com\/wide\/\",\"name\":\"\u0160koda We Love Cycling\",\"description\":\"\u0160koda We Love Cycling magazine\",\"alternateName\":\"\u0160koda WLC\",\"potentialAction\":[{\"@type\":\"SearchAction\",\"target\":{\"@type\":\"EntryPoint\",\"urlTemplate\":\"https:\/\/www.welovecycling.com\/wide\/?s={search_term_string}\"},\"query-input\":{\"@type\":\"PropertyValueSpecification\",\"valueRequired\":true,\"valueName\":\"search_term_string\"}}],\"inLanguage\":\"en-US\"},{\"@type\":\"Person\",\"@id\":\"https:\/\/www.welovecycling.com\/wide\/#\/schema\/person\/50f01ecd18718d2333cf72e823c4f926\",\"name\":\"tereza\",\"image\":{\"@type\":\"ImageObject\",\"inLanguage\":\"en-US\",\"@id\":\"https:\/\/www.welovecycling.com\/wide\/#\/schema\/person\/image\/\",\"url\":\"https:\/\/secure.gravatar.com\/avatar\/1f9eb71be33845f0afabce3791bc1c58ecdb0a25c62964987e5dbcf7a20d2ec7?s=96&d=mm&r=g\",\"contentUrl\":\"https:\/\/secure.gravatar.com\/avatar\/1f9eb71be33845f0afabce3791bc1c58ecdb0a25c62964987e5dbcf7a20d2ec7?s=96&d=mm&r=g\",\"caption\":\"tereza\"},\"url\":\"https:\/\/www.welovecycling.com\/wide\/author\/tereza\/\"}]}<\/script>\n<!-- \/ Yoast SEO Premium plugin. -->","yoast_head_json":{"title":"Wout van Aert Confirmed for Five Cyclo-cross Events - \u0160koda We Love Cycling","description":"As the three-time cyclo-cross world champion prepares for the upcoming 2024 road cycling season, Van Aert has announced a concise selection of cyclo-cross","robots":{"index":"index","follow":"follow","max-snippet":"max-snippet:-1","max-image-preview":"max-image-preview:large","max-video-preview":"max-video-preview:-1"},"canonical":"https:\/\/www.welovecycling.com\/wide\/2023\/11\/13\/wout-van-aert-confirmed-for-five-cyclo-cross-events\/","og_locale":"en_US","og_type":"article","og_title":"Wout van Aert Confirmed for Five Cyclo-cross Events","og_description":"As the three-time cyclo-cross world champion prepares for the upcoming 2024 road cycling season, Van Aert has announced a concise selection of cyclo-cross","og_url":"https:\/\/www.welovecycling.com\/wide\/2023\/11\/13\/wout-van-aert-confirmed-for-five-cyclo-cross-events\/","og_site_name":"\u0160koda We Love Cycling","article_published_time":"2023-11-13T10:22:43+00:00","article_modified_time":"2023-12-10T17:51:22+00:00","og_image":[{"width":990,"height":660,"url":"https:\/\/d2p6e6u75xmxt8.cloudfront.net\/2\/2023\/11\/Wout-van-Aert-profimedia-0812011278-CVR.webp","type":"image\/webp"}],"author":"tereza","twitter_card":"summary_large_image","twitter_misc":{"Written by":"Monica Buck","Est. reading time":"3"},"schema":{"@context":"https:\/\/schema.org","@graph":[{"@type":"WebPage","@id":"https:\/\/www.welovecycling.com\/wide\/2023\/11\/13\/wout-van-aert-confirmed-for-five-cyclo-cross-events\/","url":"https:\/\/www.welovecycling.com\/wide\/2023\/11\/13\/wout-van-aert-confirmed-for-five-cyclo-cross-events\/","name":"Wout van Aert Confirmed for Five Cyclo-cross Events - \u0160koda We Love Cycling","isPartOf":{"@id":"https:\/\/www.welovecycling.com\/wide\/#website"},"primaryImageOfPage":{"@id":"https:\/\/www.welovecycling.com\/wide\/2023\/11\/13\/wout-van-aert-confirmed-for-five-cyclo-cross-events\/#primaryimage"},"image":{"@id":"https:\/\/www.welovecycling.com\/wide\/2023\/11\/13\/wout-van-aert-confirmed-for-five-cyclo-cross-events\/#primaryimage"},"thumbnailUrl":"https:\/\/d2p6e6u75xmxt8.cloudfront.net\/2\/2023\/11\/Wout-van-Aert-profimedia-0812011278-CVR.webp","datePublished":"2023-11-13T10:22:43+00:00","dateModified":"2023-12-10T17:51:22+00:00","author":{"@id":"https:\/\/www.welovecycling.com\/wide\/#\/schema\/person\/50f01ecd18718d2333cf72e823c4f926"},"description":"As the three-time cyclo-cross world champion prepares for the upcoming 2024 road cycling season, Van Aert has announced a concise selection of cyclo-cross","breadcrumb":{"@id":"https:\/\/www.welovecycling.com\/wide\/2023\/11\/13\/wout-van-aert-confirmed-for-five-cyclo-cross-events\/#breadcrumb"},"inLanguage":"en-US","potentialAction":[{"@type":"ReadAction","target":["https:\/\/www.welovecycling.com\/wide\/2023\/11\/13\/wout-van-aert-confirmed-for-five-cyclo-cross-events\/"]}]},{"@type":"ImageObject","inLanguage":"en-US","@id":"https:\/\/www.welovecycling.com\/wide\/2023\/11\/13\/wout-van-aert-confirmed-for-five-cyclo-cross-events\/#primaryimage","url":"https:\/\/d2p6e6u75xmxt8.cloudfront.net\/2\/2023\/11\/Wout-van-Aert-profimedia-0812011278-CVR.webp","contentUrl":"https:\/\/d2p6e6u75xmxt8.cloudfront.net\/2\/2023\/11\/Wout-van-Aert-profimedia-0812011278-CVR.webp","width":990,"height":660,"caption":"Wout van Aert"},{"@type":"BreadcrumbList","@id":"https:\/\/www.welovecycling.com\/wide\/2023\/11\/13\/wout-van-aert-confirmed-for-five-cyclo-cross-events\/#breadcrumb","itemListElement":[{"@type":"ListItem","position":1,"name":"Home","item":"https:\/\/www.welovecycling.com\/wide\/"},{"@type":"ListItem","position":2,"name":"Wout van Aert Confirmed for Five Cyclo-cross Events"}]},{"@type":"WebSite","@id":"https:\/\/www.welovecycling.com\/wide\/#website","url":"https:\/\/www.welovecycling.com\/wide\/","name":"\u0160koda We Love Cycling","description":"\u0160koda We Love Cycling magazine","alternateName":"\u0160koda WLC","potentialAction":[{"@type":"SearchAction","target":{"@type":"EntryPoint","urlTemplate":"https:\/\/www.welovecycling.com\/wide\/?s={search_term_string}"},"query-input":{"@type":"PropertyValueSpecification","valueRequired":true,"valueName":"search_term_string"}}],"inLanguage":"en-US"},{"@type":"Person","@id":"https:\/\/www.welovecycling.com\/wide\/#\/schema\/person\/50f01ecd18718d2333cf72e823c4f926","name":"tereza","image":{"@type":"ImageObject","inLanguage":"en-US","@id":"https:\/\/www.welovecycling.com\/wide\/#\/schema\/person\/image\/","url":"https:\/\/secure.gravatar.com\/avatar\/1f9eb71be33845f0afabce3791bc1c58ecdb0a25c62964987e5dbcf7a20d2ec7?s=96&d=mm&r=g","contentUrl":"https:\/\/secure.gravatar.com\/avatar\/1f9eb71be33845f0afabce3791bc1c58ecdb0a25c62964987e5dbcf7a20d2ec7?s=96&d=mm&r=g","caption":"tereza"},"url":"https:\/\/www.welovecycling.com\/wide\/author\/tereza\/"}]}},"_links":{"self":[{"href":"https:\/\/www.welovecycling.com\/wide\/wp-json\/wp\/v2\/posts\/194430","targetHints":{"allow":["GET"]}}],"collection":[{"href":"https:\/\/www.welovecycling.com\/wide\/wp-json\/wp\/v2\/posts"}],"about":[{"href":"https:\/\/www.welovecycling.com\/wide\/wp-json\/wp\/v2\/types\/post"}],"author":[{"embeddable":true,"href":"https:\/\/www.welovecycling.com\/wide\/wp-json\/wp\/v2\/users\/99"}],"replies":[{"embeddable":true,"href":"https:\/\/www.welovecycling.com\/wide\/wp-json\/wp\/v2\/comments?post=194430"}],"version-history":[{"count":2,"href":"https:\/\/www.welovecycling.com\/wide\/wp-json\/wp\/v2\/posts\/194430\/revisions"}],"predecessor-version":[{"id":194434,"href":"https:\/\/www.welovecycling.com\/wide\/wp-json\/wp\/v2\/posts\/194430\/revisions\/194434"}],"wp:featuredmedia":[{"embeddable":true,"href":"https:\/\/www.welovecycling.com\/wide\/wp-json\/wp\/v2\/media\/194431"}],"wp:attachment":[{"href":"https:\/\/www.welovecycling.com\/wide\/wp-json\/wp\/v2\/media?parent=194430"}],"wp:term":[{"taxonomy":"category","embeddable":true,"href":"https:\/\/www.welovecycling.com\/wide\/wp-json\/wp\/v2\/categories?post=194430"},{"taxonomy":"post_tag","embeddable":true,"href":"https:\/\/www.welovecycling.com\/wide\/wp-json\/wp\/v2\/tags?post=194430"},{"taxonomy":"global-categories","embeddable":true,"href":"https:\/\/www.welovecycling.com\/wide\/wp-json\/wp\/v2\/global-categories?post=194430"}],"curies":[{"name":"wp","href":"https:\/\/api.w.org\/{rel}","templated":true}]}}