{"id":194221,"date":"2023-11-03T14:59:33","date_gmt":"2023-11-03T14:59:33","guid":{"rendered":"https:\/\/www.welovecycling.com\/wide\/?p=194221"},"modified":"2023-11-03T14:59:33","modified_gmt":"2023-11-03T14:59:33","slug":"celebrating-the-professional-women-cyclists-we-bid-farewell-to-in-2023","status":"publish","type":"post","link":"https:\/\/www.welovecycling.com\/wide\/2023\/11\/03\/celebrating-the-professional-women-cyclists-we-bid-farewell-to-in-2023\/","title":{"rendered":"Celebrating the Professional Women Cyclists We Bid Farewell to in 2023"},"content":{"rendered":"<p><strong>As the cycling season winds down and the riders prepare for a well-deserved break, we&#8217;re taking a moment to celebrate the remarkable women who have decided to step away from their professional cycling careers in 2023. Women\u2019s cycling has undergone a tremendous burst of growth over the last decades \u2014 and these athletes have made significant contributions to the sport. Their retirements mark the closing of a meaningful chapter, and today, we\u2019d like to recognise their achievements while shedding light on a few of the challenges that professional women cyclists continue to face.<\/strong><\/p>\n<p><!--more--><\/p>\n<h2><strong>Jessica Allen (Jayco-AlUla)<\/strong><\/h2>\n<p><span style=\"font-weight: 400;\">Jessica Allen, who turned pro in 2013, recently surprised the cycling community with her retirement announcement. She has yet to confirm her post-retirement plans; however, it is expected that she will continue to contribute to the sport in some capacity. Allen&#8217;s journey began with a bang as she claimed the title of junior time trial world champion, surpassing formidable competitors like Elinor Barker and Mieke Kr\u00f6ger. She initially turned professional with the Vienne Futuroscope team in 2013 but took a brief hiatus from UCI racing at the end of that year. In 2016, she made a triumphant return to top-level racing and established herself as one of the most respected domestiques in the peloton.<\/span><\/p>\n<h2><strong>Rachel Neylan (Cofidis)<\/strong><\/h2>\n<p><span style=\"font-weight: 400;\">Australian cyclist Rachel Neylan, known for her versatility and adaptability, will bid farewell to her professional cycling career after the 2023 season. Her journey began in 2009 in the United States and continued with various UCI teams, with notable stints at Diadora-Pasta Zara and Orica-AIS\/Orica-Scott. Throughout her career, Neylan secured four victories, including stage wins at the 2015 Troph\u00e9e d\u2019Or F\u00e9minin and the 2019 Gracia Orlov\u00e1, as well as victories in the 2016 GP de Plumelec-Morbihan and the pre-UCI status Cadel Road Race. <\/span><\/p>\n<p><span style=\"font-weight: 400;\">Her most iconic moment was at the 2012 World Championships, where she finished just 10 seconds behind Marianne Vos. Despite challenges, Neylan&#8217;s resurgent 2021 season with Parkhotel Valkenburg led to her current contract with Cofidis. As she concludes her final season, Neylan leaves a lasting legacy of versatility and determination in professional cycling.<\/span><\/p>\n<h2><strong>Tayler Wiles (Lidl-Trek)<\/strong><\/h2>\n<p><span style=\"font-weight: 400;\">Tayler Wiles, a seasoned professional who turned pro in 2012, made the difficult decision to retire during the middle of the season. Her journey took an unexpected turn over two years ago when she began experiencing health issues. Last season, a diagnosis revealed that she was suffering from iliac artery endofibrosis, leading to surgery. While this condition is not uncommon for cyclists, and often manageable, Wiles continued to struggle with it. She reflected on her contemplation of retirement on Instagram during the summer. However, her physical condition forced her to accelerate those plans. Her final race took place in May at the Vuelta a Burgos Feminas. Wiles can look back on her career with pride, including her notable victory at the 2017 Tour of the Gila. In the latter part of her career, she focused on playing the crucial role of a domestique for Lidl-Trek (formerly Trek-Segafredo).<\/span><\/p>\n<figure id=\"attachment_194223\" aria-describedby=\"caption-attachment-194223\" style=\"width: 1250px\" class=\"wp-caption alignnone\"><a href=\"https:\/\/d2p6e6u75xmxt8.cloudfront.net\/2\/2023\/11\/Tayler-Wiles-profimedia-0749938580.webp\"><img loading=\"lazy\" decoding=\"async\" class=\"size-full wp-image-194223\" src=\"https:\/\/d2p6e6u75xmxt8.cloudfront.net\/2\/2023\/11\/Tayler-Wiles-profimedia-0749938580.webp\" alt=\"Tayler Wiles\" width=\"1250\" height=\"833\" srcset=\"https:\/\/d2p6e6u75xmxt8.cloudfront.net\/2\/2023\/11\/Tayler-Wiles-profimedia-0749938580.webp 1250w, https:\/\/d2p6e6u75xmxt8.cloudfront.net\/2\/2023\/11\/Tayler-Wiles-profimedia-0749938580-300x200.webp 300w, https:\/\/d2p6e6u75xmxt8.cloudfront.net\/2\/2023\/11\/Tayler-Wiles-profimedia-0749938580-1024x682.webp 1024w, https:\/\/d2p6e6u75xmxt8.cloudfront.net\/2\/2023\/11\/Tayler-Wiles-profimedia-0749938580-768x512.webp 768w, https:\/\/d2p6e6u75xmxt8.cloudfront.net\/2\/2023\/11\/Tayler-Wiles-profimedia-0749938580-400x267.webp 400w, https:\/\/d2p6e6u75xmxt8.cloudfront.net\/2\/2023\/11\/Tayler-Wiles-profimedia-0749938580-272x182.webp 272w\" sizes=\"auto, (max-width: 1250px) 100vw, 1250px\" \/><\/a><figcaption id=\"caption-attachment-194223\" class=\"wp-caption-text\">Wiles at the 2023 Tour Down Under. \u00a9 Profimedia<\/figcaption><\/figure>\n<h2><strong>Hannah Barnes (Uno-X)<\/strong><\/h2>\n<p><span style=\"font-weight: 400;\">Like Tayler Wiles, Hannah Barnes has chosen to retire due to lingering injuries. While her issues are not tied to a specific injury, she has been grappling with a series of injuries that have taken a toll on her physically and mentally. In a social media post at the end of July, she candidly expressed her struggle in coming to terms with no longer being a competitive part of the race. Throughout her career, Barnes achieved milestones such as becoming the British road race and time trial champion. She was also a part of the 2018 Canyon-SRAM team that secured the world title in the team time trial.<\/span><\/p>\n<h2><strong>Kim de Baat (Fenix-Deceuninck)<\/strong><\/h2>\n<p><span style=\"font-weight: 400;\">Kim de Baat has decided to retire this year due to physical issues, specifically, overtraining syndrome. She revealed that her mind was unable to keep up with the demands on her body, and recovery would require a significant amount of time. De Baat, originally from the Netherlands but later obtaining Belgian nationality after marriage, turned professional in 2013 with the Boels-Dolmans team (now SD Worx). She initially garnered attention by securing a podium finish at the Dwars Door de Westhoek one-day race, and a third-place finish in the U23 European road race the previous season. While her career may not have fully lived up to the early expectations, De Baat distinguished herself as an outstanding domestique. In a memorable moment, she clinched victory in the road race at the Belgian national championships last year.<\/span><\/p>\n<h2><strong>Georgia Williams (EF Education-TIBCO-SVB)<\/strong><\/h2>\n<p><span style=\"font-weight: 400;\">Georgia Williams, a four-time New Zealand national time trial champion and a two-time winner in the national road race, has decided to retire at the age of 30. Her impressive career includes a silver medal from the Commonwealth Games road race and a third-place finish at the Tour Down Under this year. Williams initially began her career on the track before transitioning to full-time road racing, where she spent most of her professional career with the Australian Mitchelton-Scott team (now Jayco-AlUla) before moving to EF Education-TIBCO-SVB this year.<\/span><\/p>\n<h2><strong>Annemiek van Vleuten (Movistar Team)<\/strong><\/h2>\n<p><span style=\"font-weight: 400;\">And last, but certainly not least \u2014\u00a0Annemiek van Vleuten, who is undoubtedly the most renowned and accomplished cyclist on this list. The Dutch rider announced her retirement at the end of the previous season, making this year a memorable farewell tour. Although she couldn&#8217;t replicate her remarkable 2022 season, which included winning all three grand tours and numerous other major victories, she leaves the sport on a high note. <\/span><\/p>\n<p><span style=\"font-weight: 400;\">Van Vleuten&#8217;s influence on women&#8217;s cycling over the past decade is undeniable. She took up cycling as a sport during her university years and swiftly rose through the ranks. Her most remarkable achievements came in the latter part of her career, including a dominant <a href=\"https:\/\/www.welovecycling.com\/wide\/2022\/07\/31\/van-vleuten-wins-tour-de-france-femmes-thats-actually-a-dream-that-comes-true\/\" target=\"_blank\" rel=\"noopener\">Tour de France victory<\/a> and a second world road race title despite a broken elbow. While Van Vleuten&#8217;s post-retirement plans remain unconfirmed, it is safe to assume that she will tackle her next adventure with the same dedication and determination that defined her illustrious cycling career.<\/span><\/p>\n<h2><strong>The triumphs and tribulations of professional women cyclists<\/strong><\/h2>\n<p><span style=\"font-weight: 400;\">While we celebrate the accomplishments and contributions of these remarkable women in professional cycling, it&#8217;s essential to acknowledge that the sport still faces issues that affect the careers of female cyclists. One prominent challenge is the issue of low pay and inadequate support. Many professional women cyclists continue to grapple with financial constraints, making it challenging to sustain a career in the sport and deal with the physical and mental toll it takes. This issue has seen notable improvements in recent years, but it remains a critical concern within the community, and we need to keep talking about it.<\/span><\/p>\n<p><span style=\"font-weight: 400;\">Despite these challenges, though, the women mentioned above deserve a lot of credit for the impact they\u2019ve made on the cycling world. Their dedication, talent, and unwavering commitment have not only inspired a new generation of female cyclists but have also propelled the sport forward. As we bid them farewell, we recognise their contributions and look forward to the future of women&#8217;s cycling, built upon the legacy they leave behind.\u00a0<\/span><\/p>\n","protected":false},"excerpt":{"rendered":"<p>As the cycling season winds down and the riders prepare for a well-deserved break, we&#8217;re taking a moment to celebrate [&hellip;]<\/p>\n","protected":false},"author":99,"featured_media":194222,"comment_status":"closed","ping_status":"open","sticky":false,"template":"","format":"standard","meta":{"footnotes":""},"categories":[329],"tags":[477,7441,2314,7445,7442,7444,7443,538,2264],"global-categories":[3366],"class_list":["post-194221","post","type-post","status-publish","format-standard","has-post-thumbnail","hentry","category-road-cycling","tag-annemiek-van-vleuten","tag-georgia-williams","tag-hannah-barnes","tag-jessica-allen","tag-kim-de-baat","tag-rachel-neylan","tag-tayler-wiles","tag-women-cycling","tag-womens-cycling","global-categories-cycling"],"yoast_head":"<!-- This site is optimized with the Yoast SEO Premium plugin v25.3 (Yoast SEO v25.9) - https:\/\/yoast.com\/wordpress\/plugins\/seo\/ -->\n<title>The Professional Women Cyclists We Bid Farewell to in 2023<\/title>\n<meta name=\"description\" content=\"As the cycling season winds down and the riders prepare for a well-deserved break, we&#039;re taking a moment to celebrate the remarkable women who have\" \/>\n<meta name=\"robots\" content=\"index, follow, max-snippet:-1, max-image-preview:large, max-video-preview:-1\" \/>\n<link rel=\"canonical\" href=\"https:\/\/www.welovecycling.com\/wide\/2023\/11\/03\/celebrating-the-professional-women-cyclists-we-bid-farewell-to-in-2023\/\" \/>\n<meta property=\"og:locale\" content=\"en_US\" \/>\n<meta property=\"og:type\" content=\"article\" \/>\n<meta property=\"og:title\" content=\"Celebrating the Professional Women Cyclists We Bid Farewell to in 2023\" \/>\n<meta property=\"og:description\" content=\"As the cycling season winds down and the riders prepare for a well-deserved break, we&#039;re taking a moment to celebrate the remarkable women who have\" \/>\n<meta property=\"og:url\" content=\"https:\/\/www.welovecycling.com\/wide\/2023\/11\/03\/celebrating-the-professional-women-cyclists-we-bid-farewell-to-in-2023\/\" \/>\n<meta property=\"og:site_name\" content=\"\u0160koda We Love Cycling\" \/>\n<meta property=\"article:published_time\" content=\"2023-11-03T14:59:33+00:00\" \/>\n<meta property=\"og:image\" content=\"https:\/\/d2p6e6u75xmxt8.cloudfront.net\/2\/2023\/11\/Annemiek-van-Vleuten-profimedia-0804351796-CVR.webp\" \/>\n\t<meta property=\"og:image:width\" content=\"990\" \/>\n\t<meta property=\"og:image:height\" content=\"660\" \/>\n\t<meta property=\"og:image:type\" content=\"image\/webp\" \/>\n<meta name=\"author\" content=\"tereza\" \/>\n<meta name=\"twitter:card\" content=\"summary_large_image\" \/>\n<meta name=\"twitter:label1\" content=\"Written by\" \/>\n\t<meta name=\"twitter:data1\" content=\"Megan Flottorp\" \/>\n\t<meta name=\"twitter:label2\" content=\"Est. reading time\" \/>\n\t<meta name=\"twitter:data2\" content=\"6\" \/>\n<script type=\"application\/ld+json\" class=\"yoast-schema-graph\">{\"@context\":\"https:\/\/schema.org\",\"@graph\":[{\"@type\":\"WebPage\",\"@id\":\"https:\/\/www.welovecycling.com\/wide\/2023\/11\/03\/celebrating-the-professional-women-cyclists-we-bid-farewell-to-in-2023\/\",\"url\":\"https:\/\/www.welovecycling.com\/wide\/2023\/11\/03\/celebrating-the-professional-women-cyclists-we-bid-farewell-to-in-2023\/\",\"name\":\"The Professional Women Cyclists We Bid Farewell to in 2023\",\"isPartOf\":{\"@id\":\"https:\/\/www.welovecycling.com\/wide\/#website\"},\"primaryImageOfPage\":{\"@id\":\"https:\/\/www.welovecycling.com\/wide\/2023\/11\/03\/celebrating-the-professional-women-cyclists-we-bid-farewell-to-in-2023\/#primaryimage\"},\"image\":{\"@id\":\"https:\/\/www.welovecycling.com\/wide\/2023\/11\/03\/celebrating-the-professional-women-cyclists-we-bid-farewell-to-in-2023\/#primaryimage\"},\"thumbnailUrl\":\"https:\/\/d2p6e6u75xmxt8.cloudfront.net\/2\/2023\/11\/Annemiek-van-Vleuten-profimedia-0804351796-CVR.webp\",\"datePublished\":\"2023-11-03T14:59:33+00:00\",\"author\":{\"@id\":\"https:\/\/www.welovecycling.com\/wide\/#\/schema\/person\/50f01ecd18718d2333cf72e823c4f926\"},\"description\":\"As the cycling season winds down and the riders prepare for a well-deserved break, we're taking a moment to celebrate the remarkable women who have\",\"breadcrumb\":{\"@id\":\"https:\/\/www.welovecycling.com\/wide\/2023\/11\/03\/celebrating-the-professional-women-cyclists-we-bid-farewell-to-in-2023\/#breadcrumb\"},\"inLanguage\":\"en-US\",\"potentialAction\":[{\"@type\":\"ReadAction\",\"target\":[\"https:\/\/www.welovecycling.com\/wide\/2023\/11\/03\/celebrating-the-professional-women-cyclists-we-bid-farewell-to-in-2023\/\"]}]},{\"@type\":\"ImageObject\",\"inLanguage\":\"en-US\",\"@id\":\"https:\/\/www.welovecycling.com\/wide\/2023\/11\/03\/celebrating-the-professional-women-cyclists-we-bid-farewell-to-in-2023\/#primaryimage\",\"url\":\"https:\/\/d2p6e6u75xmxt8.cloudfront.net\/2\/2023\/11\/Annemiek-van-Vleuten-profimedia-0804351796-CVR.webp\",\"contentUrl\":\"https:\/\/d2p6e6u75xmxt8.cloudfront.net\/2\/2023\/11\/Annemiek-van-Vleuten-profimedia-0804351796-CVR.webp\",\"width\":990,\"height\":660,\"caption\":\"Annemiek van Vleuten\"},{\"@type\":\"BreadcrumbList\",\"@id\":\"https:\/\/www.welovecycling.com\/wide\/2023\/11\/03\/celebrating-the-professional-women-cyclists-we-bid-farewell-to-in-2023\/#breadcrumb\",\"itemListElement\":[{\"@type\":\"ListItem\",\"position\":1,\"name\":\"Home\",\"item\":\"https:\/\/www.welovecycling.com\/wide\/\"},{\"@type\":\"ListItem\",\"position\":2,\"name\":\"Celebrating the Professional Women Cyclists We Bid Farewell to in 2023\"}]},{\"@type\":\"WebSite\",\"@id\":\"https:\/\/www.welovecycling.com\/wide\/#website\",\"url\":\"https:\/\/www.welovecycling.com\/wide\/\",\"name\":\"\u0160koda We Love Cycling\",\"description\":\"\u0160koda We Love Cycling magazine\",\"alternateName\":\"\u0160koda WLC\",\"potentialAction\":[{\"@type\":\"SearchAction\",\"target\":{\"@type\":\"EntryPoint\",\"urlTemplate\":\"https:\/\/www.welovecycling.com\/wide\/?s={search_term_string}\"},\"query-input\":{\"@type\":\"PropertyValueSpecification\",\"valueRequired\":true,\"valueName\":\"search_term_string\"}}],\"inLanguage\":\"en-US\"},{\"@type\":\"Person\",\"@id\":\"https:\/\/www.welovecycling.com\/wide\/#\/schema\/person\/50f01ecd18718d2333cf72e823c4f926\",\"name\":\"tereza\",\"image\":{\"@type\":\"ImageObject\",\"inLanguage\":\"en-US\",\"@id\":\"https:\/\/www.welovecycling.com\/wide\/#\/schema\/person\/image\/\",\"url\":\"https:\/\/secure.gravatar.com\/avatar\/1f9eb71be33845f0afabce3791bc1c58ecdb0a25c62964987e5dbcf7a20d2ec7?s=96&d=mm&r=g\",\"contentUrl\":\"https:\/\/secure.gravatar.com\/avatar\/1f9eb71be33845f0afabce3791bc1c58ecdb0a25c62964987e5dbcf7a20d2ec7?s=96&d=mm&r=g\",\"caption\":\"tereza\"},\"url\":\"https:\/\/www.welovecycling.com\/wide\/author\/tereza\/\"}]}<\/script>\n<!-- \/ Yoast SEO Premium plugin. -->","yoast_head_json":{"title":"The Professional Women Cyclists We Bid Farewell to in 2023","description":"As the cycling season winds down and the riders prepare for a well-deserved break, we're taking a moment to celebrate the remarkable women who have","robots":{"index":"index","follow":"follow","max-snippet":"max-snippet:-1","max-image-preview":"max-image-preview:large","max-video-preview":"max-video-preview:-1"},"canonical":"https:\/\/www.welovecycling.com\/wide\/2023\/11\/03\/celebrating-the-professional-women-cyclists-we-bid-farewell-to-in-2023\/","og_locale":"en_US","og_type":"article","og_title":"Celebrating the Professional Women Cyclists We Bid Farewell to in 2023","og_description":"As the cycling season winds down and the riders prepare for a well-deserved break, we're taking a moment to celebrate the remarkable women who have","og_url":"https:\/\/www.welovecycling.com\/wide\/2023\/11\/03\/celebrating-the-professional-women-cyclists-we-bid-farewell-to-in-2023\/","og_site_name":"\u0160koda We Love Cycling","article_published_time":"2023-11-03T14:59:33+00:00","og_image":[{"width":990,"height":660,"url":"https:\/\/d2p6e6u75xmxt8.cloudfront.net\/2\/2023\/11\/Annemiek-van-Vleuten-profimedia-0804351796-CVR.webp","type":"image\/webp"}],"author":"tereza","twitter_card":"summary_large_image","twitter_misc":{"Written by":"Megan Flottorp","Est. reading time":"6"},"schema":{"@context":"https:\/\/schema.org","@graph":[{"@type":"WebPage","@id":"https:\/\/www.welovecycling.com\/wide\/2023\/11\/03\/celebrating-the-professional-women-cyclists-we-bid-farewell-to-in-2023\/","url":"https:\/\/www.welovecycling.com\/wide\/2023\/11\/03\/celebrating-the-professional-women-cyclists-we-bid-farewell-to-in-2023\/","name":"The Professional Women Cyclists We Bid Farewell to in 2023","isPartOf":{"@id":"https:\/\/www.welovecycling.com\/wide\/#website"},"primaryImageOfPage":{"@id":"https:\/\/www.welovecycling.com\/wide\/2023\/11\/03\/celebrating-the-professional-women-cyclists-we-bid-farewell-to-in-2023\/#primaryimage"},"image":{"@id":"https:\/\/www.welovecycling.com\/wide\/2023\/11\/03\/celebrating-the-professional-women-cyclists-we-bid-farewell-to-in-2023\/#primaryimage"},"thumbnailUrl":"https:\/\/d2p6e6u75xmxt8.cloudfront.net\/2\/2023\/11\/Annemiek-van-Vleuten-profimedia-0804351796-CVR.webp","datePublished":"2023-11-03T14:59:33+00:00","author":{"@id":"https:\/\/www.welovecycling.com\/wide\/#\/schema\/person\/50f01ecd18718d2333cf72e823c4f926"},"description":"As the cycling season winds down and the riders prepare for a well-deserved break, we're taking a moment to celebrate the remarkable women who have","breadcrumb":{"@id":"https:\/\/www.welovecycling.com\/wide\/2023\/11\/03\/celebrating-the-professional-women-cyclists-we-bid-farewell-to-in-2023\/#breadcrumb"},"inLanguage":"en-US","potentialAction":[{"@type":"ReadAction","target":["https:\/\/www.welovecycling.com\/wide\/2023\/11\/03\/celebrating-the-professional-women-cyclists-we-bid-farewell-to-in-2023\/"]}]},{"@type":"ImageObject","inLanguage":"en-US","@id":"https:\/\/www.welovecycling.com\/wide\/2023\/11\/03\/celebrating-the-professional-women-cyclists-we-bid-farewell-to-in-2023\/#primaryimage","url":"https:\/\/d2p6e6u75xmxt8.cloudfront.net\/2\/2023\/11\/Annemiek-van-Vleuten-profimedia-0804351796-CVR.webp","contentUrl":"https:\/\/d2p6e6u75xmxt8.cloudfront.net\/2\/2023\/11\/Annemiek-van-Vleuten-profimedia-0804351796-CVR.webp","width":990,"height":660,"caption":"Annemiek van Vleuten"},{"@type":"BreadcrumbList","@id":"https:\/\/www.welovecycling.com\/wide\/2023\/11\/03\/celebrating-the-professional-women-cyclists-we-bid-farewell-to-in-2023\/#breadcrumb","itemListElement":[{"@type":"ListItem","position":1,"name":"Home","item":"https:\/\/www.welovecycling.com\/wide\/"},{"@type":"ListItem","position":2,"name":"Celebrating the Professional Women Cyclists We Bid Farewell to in 2023"}]},{"@type":"WebSite","@id":"https:\/\/www.welovecycling.com\/wide\/#website","url":"https:\/\/www.welovecycling.com\/wide\/","name":"\u0160koda We Love Cycling","description":"\u0160koda We Love Cycling magazine","alternateName":"\u0160koda WLC","potentialAction":[{"@type":"SearchAction","target":{"@type":"EntryPoint","urlTemplate":"https:\/\/www.welovecycling.com\/wide\/?s={search_term_string}"},"query-input":{"@type":"PropertyValueSpecification","valueRequired":true,"valueName":"search_term_string"}}],"inLanguage":"en-US"},{"@type":"Person","@id":"https:\/\/www.welovecycling.com\/wide\/#\/schema\/person\/50f01ecd18718d2333cf72e823c4f926","name":"tereza","image":{"@type":"ImageObject","inLanguage":"en-US","@id":"https:\/\/www.welovecycling.com\/wide\/#\/schema\/person\/image\/","url":"https:\/\/secure.gravatar.com\/avatar\/1f9eb71be33845f0afabce3791bc1c58ecdb0a25c62964987e5dbcf7a20d2ec7?s=96&d=mm&r=g","contentUrl":"https:\/\/secure.gravatar.com\/avatar\/1f9eb71be33845f0afabce3791bc1c58ecdb0a25c62964987e5dbcf7a20d2ec7?s=96&d=mm&r=g","caption":"tereza"},"url":"https:\/\/www.welovecycling.com\/wide\/author\/tereza\/"}]}},"_links":{"self":[{"href":"https:\/\/www.welovecycling.com\/wide\/wp-json\/wp\/v2\/posts\/194221","targetHints":{"allow":["GET"]}}],"collection":[{"href":"https:\/\/www.welovecycling.com\/wide\/wp-json\/wp\/v2\/posts"}],"about":[{"href":"https:\/\/www.welovecycling.com\/wide\/wp-json\/wp\/v2\/types\/post"}],"author":[{"embeddable":true,"href":"https:\/\/www.welovecycling.com\/wide\/wp-json\/wp\/v2\/users\/99"}],"replies":[{"embeddable":true,"href":"https:\/\/www.welovecycling.com\/wide\/wp-json\/wp\/v2\/comments?post=194221"}],"version-history":[{"count":1,"href":"https:\/\/www.welovecycling.com\/wide\/wp-json\/wp\/v2\/posts\/194221\/revisions"}],"predecessor-version":[{"id":194224,"href":"https:\/\/www.welovecycling.com\/wide\/wp-json\/wp\/v2\/posts\/194221\/revisions\/194224"}],"wp:featuredmedia":[{"embeddable":true,"href":"https:\/\/www.welovecycling.com\/wide\/wp-json\/wp\/v2\/media\/194222"}],"wp:attachment":[{"href":"https:\/\/www.welovecycling.com\/wide\/wp-json\/wp\/v2\/media?parent=194221"}],"wp:term":[{"taxonomy":"category","embeddable":true,"href":"https:\/\/www.welovecycling.com\/wide\/wp-json\/wp\/v2\/categories?post=194221"},{"taxonomy":"post_tag","embeddable":true,"href":"https:\/\/www.welovecycling.com\/wide\/wp-json\/wp\/v2\/tags?post=194221"},{"taxonomy":"global-categories","embeddable":true,"href":"https:\/\/www.welovecycling.com\/wide\/wp-json\/wp\/v2\/global-categories?post=194221"}],"curies":[{"name":"wp","href":"https:\/\/api.w.org\/{rel}","templated":true}]}}