{"id":194186,"date":"2023-10-30T08:29:26","date_gmt":"2023-10-30T08:29:26","guid":{"rendered":"https:\/\/www.welovecycling.com\/wide\/?p=194186"},"modified":"2023-10-30T08:29:26","modified_gmt":"2023-10-30T08:29:26","slug":"victory-for-philipsen-in-singapores-tour-de-france-criterium-showcase","status":"publish","type":"post","link":"https:\/\/www.welovecycling.com\/wide\/2023\/10\/30\/victory-for-philipsen-in-singapores-tour-de-france-criterium-showcase\/","title":{"rendered":"Victory for Philipsen in Singapore&#8217;s Tour de France Criterium Showcase"},"content":{"rendered":"<p><strong>In a thrilling finish, Jasper Philipsen from the Alpecin-Deceuninck team outpaced Mark Cavendish to secure first place in the Tour de France Prudential Singapore Criterium. This 60km race, unfolding over a 3km city circuit, showcased Singapore&#8217;s iconic landmarks in a spectacle more celebratory than competitive.<\/strong><\/p>\n<p><!--more--><\/p>\n<p>The event, though an exhibition, witnessed relentless efforts from cycling legends. Notably, Tadej Poga\u010dar, Peter Sagan, and Chris Froome from Israel-Premier Tech showcased their prowess, right from the outset. They engaged in riveting breaks and fiercely competed for intermediate sprints.<\/p>\n<p>Peter Sagan, the proud <a href=\"https:\/\/www.welovecycling.com\/wide\/2020\/09\/08\/the-story-of-the-skoda-green-jersey-and-the-legend-of-peter-sagan\/\" target=\"_blank\" rel=\"noopener\">owner of seven \u0160koda Green Jerseys<\/a> from the Tour de France, clinched the points classification title. This comes after his recent retirement from road racing, hinting at his plans to venture into off-road competitions in the forthcoming year.<\/p>\n<figure id=\"attachment_194188\" aria-describedby=\"caption-attachment-194188\" style=\"width: 1250px\" class=\"wp-caption alignnone\"><a href=\"https:\/\/d2p6e6u75xmxt8.cloudfront.net\/2\/2023\/10\/Philipsen-Singapore-Tour-de-France-Criterium-profimedia-0817802473.webp\"><img loading=\"lazy\" decoding=\"async\" class=\"wp-image-194188 size-full\" src=\"https:\/\/d2p6e6u75xmxt8.cloudfront.net\/2\/2023\/10\/Philipsen-Singapore-Tour-de-France-Criterium-profimedia-0817802473.webp\" alt=\"Tour de France Singapore Criterium\" width=\"1250\" height=\"833\" srcset=\"https:\/\/d2p6e6u75xmxt8.cloudfront.net\/2\/2023\/10\/Philipsen-Singapore-Tour-de-France-Criterium-profimedia-0817802473.webp 1250w, https:\/\/d2p6e6u75xmxt8.cloudfront.net\/2\/2023\/10\/Philipsen-Singapore-Tour-de-France-Criterium-profimedia-0817802473-300x200.webp 300w, https:\/\/d2p6e6u75xmxt8.cloudfront.net\/2\/2023\/10\/Philipsen-Singapore-Tour-de-France-Criterium-profimedia-0817802473-1024x682.webp 1024w, https:\/\/d2p6e6u75xmxt8.cloudfront.net\/2\/2023\/10\/Philipsen-Singapore-Tour-de-France-Criterium-profimedia-0817802473-768x512.webp 768w, https:\/\/d2p6e6u75xmxt8.cloudfront.net\/2\/2023\/10\/Philipsen-Singapore-Tour-de-France-Criterium-profimedia-0817802473-400x267.webp 400w, https:\/\/d2p6e6u75xmxt8.cloudfront.net\/2\/2023\/10\/Philipsen-Singapore-Tour-de-France-Criterium-profimedia-0817802473-272x182.webp 272w\" sizes=\"auto, (max-width: 1250px) 100vw, 1250px\" \/><\/a><figcaption id=\"caption-attachment-194188\" class=\"wp-caption-text\">Philipsen sprints to the finish line during the second Tour de France Singapore Criterium race in Singapore on October 29, 2023. \u00a9 Profimedia<\/figcaption><\/figure>\n<p>Post-race, Philipsen commented, &#8220;I&#8217;m still feeling good. It was only two weeks ago that I did my last race in Tour of Turkey and of course, it&#8217;s not an official race but maybe it counts as 20. The roads are really technical as always in a city centre circuit and the temperature was really hot here in Singapore, but my team did a great job to get back Tadej [Poga\u010dar] in the final lap and we were happy we could still take him.&#8221;<\/p>\n<p>The weekend in Singapore was abuzz with cycling activities. Leading up to the main event, there was a team time trial dominated by the UAE Team Emirates. Additionally, several fan-centric events, including amateur races and charity rides, amplified the festive atmosphere.<\/p>\n<p>Highlighting some of the eventful moments, Chris Froome, the four-time Tour de France champion, briefly led with three others before UAE Team Emirates intervened. Later, a significant break featured Victor Lafay from Cofidis and Brandon Rivera from Ineos Grenadiers. This group was overtaken with 13km left. Subsequently, Vuelta a Espa\u00f1a champion Sepp Kuss from Jumbo-Visma, Poga\u010dar, and Giulio Ciccone from Lidl-Trek took the lead.<\/p>\n<p>Poga\u010dar&#8217;s solo effort during the final laps was commendable, but he was eventually caught up. The climax saw Sagan assisting Cavendish in the last stretch. However, Philipsen&#8217;s final push proved unbeatable.<\/p>\n<p>Philipsen&#8217;s achievement in Singapore adds to his already impressive tally for 2023, with 19 wins, including four from <a href=\"http:\/\/letour.fr\">the Tour de France.<\/a> His consistency and prowess have solidified his reputation as the premier sprinter of the year.<\/p>\n","protected":false},"excerpt":{"rendered":"<p>In a thrilling finish, Jasper Philipsen from the Alpecin-Deceuninck team outpaced Mark Cavendish to secure first place in the Tour [&hellip;]<\/p>\n","protected":false},"author":99,"featured_media":194187,"comment_status":"closed","ping_status":"open","sticky":false,"template":"","format":"standard","meta":{"footnotes":""},"categories":[329],"tags":[5436,381,3415,7436],"global-categories":[3366],"class_list":["post-194186","post","type-post","status-publish","format-standard","has-post-thumbnail","hentry","category-road-cycling","tag-jasper-philipsen","tag-peter-sagan","tag-tadej-pogacar","tag-tour-de-france-prudential-singapore-criterium","global-categories-cycling"],"yoast_head":"<!-- This site is optimized with the Yoast SEO Premium plugin v25.3 (Yoast SEO v25.9) - https:\/\/yoast.com\/wordpress\/plugins\/seo\/ -->\n<title>Victory for Philipsen in Singapore&#039;s Tour de France Criterium<\/title>\n<meta name=\"description\" content=\"In a thrilling finish, Jasper Philipsen from the Alpecin-Deceuninck team outpaced Mark Cavendish to secure first place in the Tour de France Prudential\" \/>\n<meta name=\"robots\" content=\"index, follow, max-snippet:-1, max-image-preview:large, max-video-preview:-1\" \/>\n<link rel=\"canonical\" href=\"https:\/\/www.welovecycling.com\/wide\/2023\/10\/30\/victory-for-philipsen-in-singapores-tour-de-france-criterium-showcase\/\" \/>\n<meta property=\"og:locale\" content=\"en_US\" \/>\n<meta property=\"og:type\" content=\"article\" \/>\n<meta property=\"og:title\" content=\"Victory for Philipsen in Singapore&#039;s Tour de France Criterium Showcase\" \/>\n<meta property=\"og:description\" content=\"In a thrilling finish, Jasper Philipsen from the Alpecin-Deceuninck team outpaced Mark Cavendish to secure first place in the Tour de France Prudential\" \/>\n<meta property=\"og:url\" content=\"https:\/\/www.welovecycling.com\/wide\/2023\/10\/30\/victory-for-philipsen-in-singapores-tour-de-france-criterium-showcase\/\" \/>\n<meta property=\"og:site_name\" content=\"\u0160koda We Love Cycling\" \/>\n<meta property=\"article:published_time\" content=\"2023-10-30T08:29:26+00:00\" \/>\n<meta property=\"og:image\" content=\"https:\/\/d2p6e6u75xmxt8.cloudfront.net\/2\/2023\/10\/Jasper-Philipsen-profimedia-0817802472-CVR.webp\" \/>\n\t<meta property=\"og:image:width\" content=\"990\" \/>\n\t<meta property=\"og:image:height\" content=\"660\" \/>\n\t<meta property=\"og:image:type\" content=\"image\/webp\" \/>\n<meta name=\"author\" content=\"tereza\" \/>\n<meta name=\"twitter:card\" content=\"summary_large_image\" \/>\n<meta name=\"twitter:label1\" content=\"Written by\" \/>\n\t<meta name=\"twitter:data1\" content=\"Monica Buck\" \/>\n\t<meta name=\"twitter:label2\" content=\"Est. reading time\" \/>\n\t<meta name=\"twitter:data2\" content=\"3\" \/>\n<script type=\"application\/ld+json\" class=\"yoast-schema-graph\">{\"@context\":\"https:\/\/schema.org\",\"@graph\":[{\"@type\":\"WebPage\",\"@id\":\"https:\/\/www.welovecycling.com\/wide\/2023\/10\/30\/victory-for-philipsen-in-singapores-tour-de-france-criterium-showcase\/\",\"url\":\"https:\/\/www.welovecycling.com\/wide\/2023\/10\/30\/victory-for-philipsen-in-singapores-tour-de-france-criterium-showcase\/\",\"name\":\"Victory for Philipsen in Singapore's Tour de France Criterium\",\"isPartOf\":{\"@id\":\"https:\/\/www.welovecycling.com\/wide\/#website\"},\"primaryImageOfPage\":{\"@id\":\"https:\/\/www.welovecycling.com\/wide\/2023\/10\/30\/victory-for-philipsen-in-singapores-tour-de-france-criterium-showcase\/#primaryimage\"},\"image\":{\"@id\":\"https:\/\/www.welovecycling.com\/wide\/2023\/10\/30\/victory-for-philipsen-in-singapores-tour-de-france-criterium-showcase\/#primaryimage\"},\"thumbnailUrl\":\"https:\/\/d2p6e6u75xmxt8.cloudfront.net\/2\/2023\/10\/Jasper-Philipsen-profimedia-0817802472-CVR.webp\",\"datePublished\":\"2023-10-30T08:29:26+00:00\",\"author\":{\"@id\":\"https:\/\/www.welovecycling.com\/wide\/#\/schema\/person\/50f01ecd18718d2333cf72e823c4f926\"},\"description\":\"In a thrilling finish, Jasper Philipsen from the Alpecin-Deceuninck team outpaced Mark Cavendish to secure first place in the Tour de France Prudential\",\"breadcrumb\":{\"@id\":\"https:\/\/www.welovecycling.com\/wide\/2023\/10\/30\/victory-for-philipsen-in-singapores-tour-de-france-criterium-showcase\/#breadcrumb\"},\"inLanguage\":\"en-US\",\"potentialAction\":[{\"@type\":\"ReadAction\",\"target\":[\"https:\/\/www.welovecycling.com\/wide\/2023\/10\/30\/victory-for-philipsen-in-singapores-tour-de-france-criterium-showcase\/\"]}]},{\"@type\":\"ImageObject\",\"inLanguage\":\"en-US\",\"@id\":\"https:\/\/www.welovecycling.com\/wide\/2023\/10\/30\/victory-for-philipsen-in-singapores-tour-de-france-criterium-showcase\/#primaryimage\",\"url\":\"https:\/\/d2p6e6u75xmxt8.cloudfront.net\/2\/2023\/10\/Jasper-Philipsen-profimedia-0817802472-CVR.webp\",\"contentUrl\":\"https:\/\/d2p6e6u75xmxt8.cloudfront.net\/2\/2023\/10\/Jasper-Philipsen-profimedia-0817802472-CVR.webp\",\"width\":990,\"height\":660,\"caption\":\"Jasper Philipsen\"},{\"@type\":\"BreadcrumbList\",\"@id\":\"https:\/\/www.welovecycling.com\/wide\/2023\/10\/30\/victory-for-philipsen-in-singapores-tour-de-france-criterium-showcase\/#breadcrumb\",\"itemListElement\":[{\"@type\":\"ListItem\",\"position\":1,\"name\":\"Home\",\"item\":\"https:\/\/www.welovecycling.com\/wide\/\"},{\"@type\":\"ListItem\",\"position\":2,\"name\":\"Victory for Philipsen in Singapore&#8217;s Tour de France Criterium Showcase\"}]},{\"@type\":\"WebSite\",\"@id\":\"https:\/\/www.welovecycling.com\/wide\/#website\",\"url\":\"https:\/\/www.welovecycling.com\/wide\/\",\"name\":\"\u0160koda We Love Cycling\",\"description\":\"\u0160koda We Love Cycling magazine\",\"alternateName\":\"\u0160koda WLC\",\"potentialAction\":[{\"@type\":\"SearchAction\",\"target\":{\"@type\":\"EntryPoint\",\"urlTemplate\":\"https:\/\/www.welovecycling.com\/wide\/?s={search_term_string}\"},\"query-input\":{\"@type\":\"PropertyValueSpecification\",\"valueRequired\":true,\"valueName\":\"search_term_string\"}}],\"inLanguage\":\"en-US\"},{\"@type\":\"Person\",\"@id\":\"https:\/\/www.welovecycling.com\/wide\/#\/schema\/person\/50f01ecd18718d2333cf72e823c4f926\",\"name\":\"tereza\",\"image\":{\"@type\":\"ImageObject\",\"inLanguage\":\"en-US\",\"@id\":\"https:\/\/www.welovecycling.com\/wide\/#\/schema\/person\/image\/\",\"url\":\"https:\/\/secure.gravatar.com\/avatar\/1f9eb71be33845f0afabce3791bc1c58ecdb0a25c62964987e5dbcf7a20d2ec7?s=96&d=mm&r=g\",\"contentUrl\":\"https:\/\/secure.gravatar.com\/avatar\/1f9eb71be33845f0afabce3791bc1c58ecdb0a25c62964987e5dbcf7a20d2ec7?s=96&d=mm&r=g\",\"caption\":\"tereza\"},\"url\":\"https:\/\/www.welovecycling.com\/wide\/author\/tereza\/\"}]}<\/script>\n<!-- \/ Yoast SEO Premium plugin. -->","yoast_head_json":{"title":"Victory for Philipsen in Singapore's Tour de France Criterium","description":"In a thrilling finish, Jasper Philipsen from the Alpecin-Deceuninck team outpaced Mark Cavendish to secure first place in the Tour de France Prudential","robots":{"index":"index","follow":"follow","max-snippet":"max-snippet:-1","max-image-preview":"max-image-preview:large","max-video-preview":"max-video-preview:-1"},"canonical":"https:\/\/www.welovecycling.com\/wide\/2023\/10\/30\/victory-for-philipsen-in-singapores-tour-de-france-criterium-showcase\/","og_locale":"en_US","og_type":"article","og_title":"Victory for Philipsen in Singapore's Tour de France Criterium Showcase","og_description":"In a thrilling finish, Jasper Philipsen from the Alpecin-Deceuninck team outpaced Mark Cavendish to secure first place in the Tour de France Prudential","og_url":"https:\/\/www.welovecycling.com\/wide\/2023\/10\/30\/victory-for-philipsen-in-singapores-tour-de-france-criterium-showcase\/","og_site_name":"\u0160koda We Love Cycling","article_published_time":"2023-10-30T08:29:26+00:00","og_image":[{"width":990,"height":660,"url":"https:\/\/d2p6e6u75xmxt8.cloudfront.net\/2\/2023\/10\/Jasper-Philipsen-profimedia-0817802472-CVR.webp","type":"image\/webp"}],"author":"tereza","twitter_card":"summary_large_image","twitter_misc":{"Written by":"Monica Buck","Est. reading time":"3"},"schema":{"@context":"https:\/\/schema.org","@graph":[{"@type":"WebPage","@id":"https:\/\/www.welovecycling.com\/wide\/2023\/10\/30\/victory-for-philipsen-in-singapores-tour-de-france-criterium-showcase\/","url":"https:\/\/www.welovecycling.com\/wide\/2023\/10\/30\/victory-for-philipsen-in-singapores-tour-de-france-criterium-showcase\/","name":"Victory for Philipsen in Singapore's Tour de France Criterium","isPartOf":{"@id":"https:\/\/www.welovecycling.com\/wide\/#website"},"primaryImageOfPage":{"@id":"https:\/\/www.welovecycling.com\/wide\/2023\/10\/30\/victory-for-philipsen-in-singapores-tour-de-france-criterium-showcase\/#primaryimage"},"image":{"@id":"https:\/\/www.welovecycling.com\/wide\/2023\/10\/30\/victory-for-philipsen-in-singapores-tour-de-france-criterium-showcase\/#primaryimage"},"thumbnailUrl":"https:\/\/d2p6e6u75xmxt8.cloudfront.net\/2\/2023\/10\/Jasper-Philipsen-profimedia-0817802472-CVR.webp","datePublished":"2023-10-30T08:29:26+00:00","author":{"@id":"https:\/\/www.welovecycling.com\/wide\/#\/schema\/person\/50f01ecd18718d2333cf72e823c4f926"},"description":"In a thrilling finish, Jasper Philipsen from the Alpecin-Deceuninck team outpaced Mark Cavendish to secure first place in the Tour de France Prudential","breadcrumb":{"@id":"https:\/\/www.welovecycling.com\/wide\/2023\/10\/30\/victory-for-philipsen-in-singapores-tour-de-france-criterium-showcase\/#breadcrumb"},"inLanguage":"en-US","potentialAction":[{"@type":"ReadAction","target":["https:\/\/www.welovecycling.com\/wide\/2023\/10\/30\/victory-for-philipsen-in-singapores-tour-de-france-criterium-showcase\/"]}]},{"@type":"ImageObject","inLanguage":"en-US","@id":"https:\/\/www.welovecycling.com\/wide\/2023\/10\/30\/victory-for-philipsen-in-singapores-tour-de-france-criterium-showcase\/#primaryimage","url":"https:\/\/d2p6e6u75xmxt8.cloudfront.net\/2\/2023\/10\/Jasper-Philipsen-profimedia-0817802472-CVR.webp","contentUrl":"https:\/\/d2p6e6u75xmxt8.cloudfront.net\/2\/2023\/10\/Jasper-Philipsen-profimedia-0817802472-CVR.webp","width":990,"height":660,"caption":"Jasper Philipsen"},{"@type":"BreadcrumbList","@id":"https:\/\/www.welovecycling.com\/wide\/2023\/10\/30\/victory-for-philipsen-in-singapores-tour-de-france-criterium-showcase\/#breadcrumb","itemListElement":[{"@type":"ListItem","position":1,"name":"Home","item":"https:\/\/www.welovecycling.com\/wide\/"},{"@type":"ListItem","position":2,"name":"Victory for Philipsen in Singapore&#8217;s Tour de France Criterium Showcase"}]},{"@type":"WebSite","@id":"https:\/\/www.welovecycling.com\/wide\/#website","url":"https:\/\/www.welovecycling.com\/wide\/","name":"\u0160koda We Love Cycling","description":"\u0160koda We Love Cycling magazine","alternateName":"\u0160koda WLC","potentialAction":[{"@type":"SearchAction","target":{"@type":"EntryPoint","urlTemplate":"https:\/\/www.welovecycling.com\/wide\/?s={search_term_string}"},"query-input":{"@type":"PropertyValueSpecification","valueRequired":true,"valueName":"search_term_string"}}],"inLanguage":"en-US"},{"@type":"Person","@id":"https:\/\/www.welovecycling.com\/wide\/#\/schema\/person\/50f01ecd18718d2333cf72e823c4f926","name":"tereza","image":{"@type":"ImageObject","inLanguage":"en-US","@id":"https:\/\/www.welovecycling.com\/wide\/#\/schema\/person\/image\/","url":"https:\/\/secure.gravatar.com\/avatar\/1f9eb71be33845f0afabce3791bc1c58ecdb0a25c62964987e5dbcf7a20d2ec7?s=96&d=mm&r=g","contentUrl":"https:\/\/secure.gravatar.com\/avatar\/1f9eb71be33845f0afabce3791bc1c58ecdb0a25c62964987e5dbcf7a20d2ec7?s=96&d=mm&r=g","caption":"tereza"},"url":"https:\/\/www.welovecycling.com\/wide\/author\/tereza\/"}]}},"_links":{"self":[{"href":"https:\/\/www.welovecycling.com\/wide\/wp-json\/wp\/v2\/posts\/194186","targetHints":{"allow":["GET"]}}],"collection":[{"href":"https:\/\/www.welovecycling.com\/wide\/wp-json\/wp\/v2\/posts"}],"about":[{"href":"https:\/\/www.welovecycling.com\/wide\/wp-json\/wp\/v2\/types\/post"}],"author":[{"embeddable":true,"href":"https:\/\/www.welovecycling.com\/wide\/wp-json\/wp\/v2\/users\/99"}],"replies":[{"embeddable":true,"href":"https:\/\/www.welovecycling.com\/wide\/wp-json\/wp\/v2\/comments?post=194186"}],"version-history":[{"count":2,"href":"https:\/\/www.welovecycling.com\/wide\/wp-json\/wp\/v2\/posts\/194186\/revisions"}],"predecessor-version":[{"id":194190,"href":"https:\/\/www.welovecycling.com\/wide\/wp-json\/wp\/v2\/posts\/194186\/revisions\/194190"}],"wp:featuredmedia":[{"embeddable":true,"href":"https:\/\/www.welovecycling.com\/wide\/wp-json\/wp\/v2\/media\/194187"}],"wp:attachment":[{"href":"https:\/\/www.welovecycling.com\/wide\/wp-json\/wp\/v2\/media?parent=194186"}],"wp:term":[{"taxonomy":"category","embeddable":true,"href":"https:\/\/www.welovecycling.com\/wide\/wp-json\/wp\/v2\/categories?post=194186"},{"taxonomy":"post_tag","embeddable":true,"href":"https:\/\/www.welovecycling.com\/wide\/wp-json\/wp\/v2\/tags?post=194186"},{"taxonomy":"global-categories","embeddable":true,"href":"https:\/\/www.welovecycling.com\/wide\/wp-json\/wp\/v2\/global-categories?post=194186"}],"curies":[{"name":"wp","href":"https:\/\/api.w.org\/{rel}","templated":true}]}}