{"id":194100,"date":"2023-10-13T06:59:00","date_gmt":"2023-10-13T06:59:00","guid":{"rendered":"https:\/\/www.welovecycling.com\/wide\/?p=194100"},"modified":"2023-10-13T06:59:00","modified_gmt":"2023-10-13T06:59:00","slug":"adieu-thibaut-pinot","status":"publish","type":"post","link":"https:\/\/www.welovecycling.com\/wide\/2023\/10\/13\/adieu-thibaut-pinot\/","title":{"rendered":"Adieu, Thibaut Pinot!"},"content":{"rendered":"<p style=\"font-weight: 400;\"><strong>For many French cycling fans, and likely for many fans around the world, the highlight of the 2023 Tour de France took place on the slopes of the penultimate climb of stage 20, the <a href=\"https:\/\/www.youtube.com\/watch?app=desktop&amp;v=d0O7S5qATeA&amp;google_abuse=GOOGLE_ABUSE_EXEMPTION%3DID%3D52f6ff5c834f1599%3ATM%3D1695766749%3AC%3D%3E%3AIP%3D66.249.73.66-%3AS%3DMF8Znk3-KOoQ33ApK8CkNw%3B+path%3D%2F%3B+domain%3Dgoogle.com%3B+expires%3DWed%2C+27-Sep-2023+01%3A19%3A09+GMT\">Col du Petit Ballon<\/a>, when Frenchman Thibaut Pinot rode past with a lead of 26 seconds on his last-ever Tour mountain stage. <\/strong><\/p>\n<p><!--more--><\/p>\n<p style=\"font-weight: 400;\">Several thousand Pinot fans had packed both sides of the road, especially the section renamed \u201cthe Pinot curve\u201d for the occasion. Some of those adoring fans were probably his neighbours for he lives on a farm in the commune of Melisey, just 80 km from the summit. As he stormed past, they cheered, sang, shouted his name, waved French flags and hoisted placards bearing messages honouring their hero in a moving and loud tribute that brought tears to the eyes of Pinot\u2019s long-time Francais des Jeux coach Marc Madiot.<\/p>\n<p style=\"font-weight: 400;\">The 33-year-old Pinot could not hold his lead and eventually finished seventh in the stage, 33 seconds behind the winner, Tadej Poga\u010dar. But nobody seemed to mind because the Frenchman had again shown courage and daring and again reminded his fans, and all cycling fans, that the sport is not so much about winning as it is about drama. And though he never won a Grand Tour or a major multi-stage race, Pinot was a class act for his entire career, gaining fans around the world because he was a rare breed of athlete, authentic and straight-shooting. (As he said of himself and Madiot, \u201cWe speak only when we have something to say.\u201d)<\/p>\n<p style=\"font-weight: 400;\">Recall what was probably his darkest moment, when he was forced to abandon the 2019 Tour during stage 19 after injuring his left thigh when he collided with a handlebar. He struggled up a climb after the mishap, trying to ride through the pain, before finally stopping and abandoning the race in tears. Earlier in the race, he had won a stage on the iconic Col du Tourmalet and stood fifth in the GC, less than 2 minutes behind the leader, fellow Frenchman Julian Alaphilippe. For many fans and commentators, he seemed poised to finally fulfil his dream of winning the Tour and ending more than 40 years of French frustration. But it was not to be.<\/p>\n<figure id=\"attachment_194102\" aria-describedby=\"caption-attachment-194102\" style=\"width: 990px\" class=\"wp-caption alignnone\"><a href=\"https:\/\/d2p6e6u75xmxt8.cloudfront.net\/2\/2023\/10\/Thibaut-Pinot-profimedia-0811719163-CVR.webp\"><img loading=\"lazy\" decoding=\"async\" class=\"size-full wp-image-194102\" src=\"https:\/\/d2p6e6u75xmxt8.cloudfront.net\/2\/2023\/10\/Thibaut-Pinot-profimedia-0811719163-CVR.webp\" alt=\"Thibaut Pinot\" width=\"990\" height=\"660\" srcset=\"https:\/\/d2p6e6u75xmxt8.cloudfront.net\/2\/2023\/10\/Thibaut-Pinot-profimedia-0811719163-CVR.webp 990w, https:\/\/d2p6e6u75xmxt8.cloudfront.net\/2\/2023\/10\/Thibaut-Pinot-profimedia-0811719163-CVR-300x200.webp 300w, https:\/\/d2p6e6u75xmxt8.cloudfront.net\/2\/2023\/10\/Thibaut-Pinot-profimedia-0811719163-CVR-768x512.webp 768w, https:\/\/d2p6e6u75xmxt8.cloudfront.net\/2\/2023\/10\/Thibaut-Pinot-profimedia-0811719163-CVR-400x267.webp 400w, https:\/\/d2p6e6u75xmxt8.cloudfront.net\/2\/2023\/10\/Thibaut-Pinot-profimedia-0811719163-CVR-272x182.webp 272w\" sizes=\"auto, (max-width: 990px) 100vw, 990px\" \/><\/a><figcaption id=\"caption-attachment-194102\" class=\"wp-caption-text\">Thibaut Pinot before his last race the 2023 Il Lombardia.<\/figcaption><\/figure>\n<p style=\"font-weight: 400;\">But that show of despair was a moment that was moving and dramatic and endeared him to the cycling fans everywhere. Pinot never pretended to be anything but what he knew himself to be, \u201cnot a great champion, but a good rider,\u201d as <a href=\"https:\/\/www.lanouvellerepublique.fr\/sports\/tour-de-france-pinot-tire-sa-reverence-le-petit-ballon-en-transe\">he put it<\/a>. He also understood why he had so many fans despite his average record. \u201cPeople love the emotions we convey to them on TV,\u201d he said. \u201cI am a rider who gives that to them, without wanting to.\u201d<\/p>\n<p style=\"font-weight: 400;\">It could be said that he suffered a great deal of bad luck during his career, particularly at the Tour, a race all of France thought he would win and become the first French rider since Bernard Hinault, in 1985, to win the host country\u2019s greatest sporting event. Take for example stage 8 of last year\u2019s Tour, when Pinot crashed, remounted and caught up with the peloton, only to be struck in the face by a musette (a bag containing food and drink) handed to a Trek-Segafredo rider by a team soigneur as the Frenchman was riding through the feed zone. Misfortune seemed to follow him like a shadow.<\/p>\n<p style=\"font-weight: 400;\">He entered 10 Tours, finished six, won three stages plus the 2014 young rider classification. His best finish was third, in the 2014 Tour, which made him an instant favourite for the following year. But in 2015 he crashed, suffered mechanical problems and cracked in the Pyrenees, which left him far behind in the GC standings. But then he won the race\u2019s queen stage, with a finish on the iconic Alpe d\u2019Huez, and became a hero again. If his success in the Tour de France was limited, he certainly knew how to choose his victories: two of his three stage wins were on the most legendary mountains in the race.<\/p>\n<p style=\"font-weight: 400;\">It was fitting that Pinot\u2019s final professional race was Il Lombardia because his 2018 victory in that race remains \u201cthe best memory\u201d of his career, he said in a <a href=\"https:\/\/www.youtube.com\/watch?v=p1HHOYeGdSc\">recent interview<\/a>. \u201cBecause it\u2019s a Monument\u2026 and because I was able to take on the role of leader and favourite,\u201d he said, and added: \u201cAnd to beat [Vincenzo] Nibali in his house made the victory even more beautiful.\u201d<\/p>\n<p style=\"font-weight: 400;\">Though he was briefly prominent near the end of this year\u2019s Il Lombardia, Pinot finished 37th, 8:52 behind the winner, <a href=\"https:\/\/www.welovecycling.com\/wide\/2023\/10\/09\/bold-solo-ride-gives-pogacar-third-il-lombardia-win-in-a-row\/\" target=\"_blank\" rel=\"noopener\">Tadej Poga\u010dar.<\/a> But he crossed the finish line at his own pace and with two FDJ-Groupama teammates, in the manner of Grand Tour winners in the last stage of a race. And in many ways, though he didn\u2019t win often, Pinot exited the stage very much a winner. Just ask any French cycling fan.<\/p>\n","protected":false},"excerpt":{"rendered":"<p>For many French cycling fans, and likely for many fans around the world, the highlight of the 2023 Tour de [&hellip;]<\/p>\n","protected":false},"author":99,"featured_media":194101,"comment_status":"closed","ping_status":"open","sticky":false,"template":"","format":"standard","meta":{"footnotes":""},"categories":[329],"tags":[5755,1098],"global-categories":[3366],"class_list":["post-194100","post","type-post","status-publish","format-standard","has-post-thumbnail","hentry","category-road-cycling","tag-il-lombardia","tag-thibaut-pinot","global-categories-cycling"],"yoast_head":"<!-- This site is optimized with the Yoast SEO Premium plugin v25.3 (Yoast SEO v25.9) - https:\/\/yoast.com\/wordpress\/plugins\/seo\/ -->\n<title>Adieu, Thibaut Pinot! - \u0160koda We Love Cycling<\/title>\n<meta name=\"description\" content=\"For many French cycling fans, and likely for many fans around the world, the highlight of the 2023 Tour de France took place on the slopes of the\" \/>\n<meta name=\"robots\" content=\"index, follow, max-snippet:-1, max-image-preview:large, max-video-preview:-1\" \/>\n<link rel=\"canonical\" href=\"https:\/\/www.welovecycling.com\/wide\/2023\/10\/13\/adieu-thibaut-pinot\/\" \/>\n<meta property=\"og:locale\" content=\"en_US\" \/>\n<meta property=\"og:type\" content=\"article\" \/>\n<meta property=\"og:title\" content=\"Adieu, Thibaut Pinot!\" \/>\n<meta property=\"og:description\" content=\"For many French cycling fans, and likely for many fans around the world, the highlight of the 2023 Tour de France took place on the slopes of the\" \/>\n<meta property=\"og:url\" content=\"https:\/\/www.welovecycling.com\/wide\/2023\/10\/13\/adieu-thibaut-pinot\/\" \/>\n<meta property=\"og:site_name\" content=\"\u0160koda We Love Cycling\" \/>\n<meta property=\"article:published_time\" content=\"2023-10-13T06:59:00+00:00\" \/>\n<meta property=\"og:image\" content=\"https:\/\/d2p6e6u75xmxt8.cloudfront.net\/2\/2023\/10\/Thibaut-Pinot-profimedia-0811718469-CVR.webp\" \/>\n\t<meta property=\"og:image:width\" content=\"990\" \/>\n\t<meta property=\"og:image:height\" content=\"660\" \/>\n\t<meta property=\"og:image:type\" content=\"image\/webp\" \/>\n<meta name=\"author\" content=\"tereza\" \/>\n<meta name=\"twitter:card\" content=\"summary_large_image\" \/>\n<meta name=\"twitter:label1\" content=\"Written by\" \/>\n\t<meta name=\"twitter:data1\" content=\"Siegfried Mortkowitz\" \/>\n\t<meta name=\"twitter:label2\" content=\"Est. reading time\" \/>\n\t<meta name=\"twitter:data2\" content=\"4\" \/>\n<script type=\"application\/ld+json\" class=\"yoast-schema-graph\">{\"@context\":\"https:\/\/schema.org\",\"@graph\":[{\"@type\":\"WebPage\",\"@id\":\"https:\/\/www.welovecycling.com\/wide\/2023\/10\/13\/adieu-thibaut-pinot\/\",\"url\":\"https:\/\/www.welovecycling.com\/wide\/2023\/10\/13\/adieu-thibaut-pinot\/\",\"name\":\"Adieu, Thibaut Pinot! - \u0160koda We Love Cycling\",\"isPartOf\":{\"@id\":\"https:\/\/www.welovecycling.com\/wide\/#website\"},\"primaryImageOfPage\":{\"@id\":\"https:\/\/www.welovecycling.com\/wide\/2023\/10\/13\/adieu-thibaut-pinot\/#primaryimage\"},\"image\":{\"@id\":\"https:\/\/www.welovecycling.com\/wide\/2023\/10\/13\/adieu-thibaut-pinot\/#primaryimage\"},\"thumbnailUrl\":\"https:\/\/d2p6e6u75xmxt8.cloudfront.net\/2\/2023\/10\/Thibaut-Pinot-profimedia-0811718469-CVR.webp\",\"datePublished\":\"2023-10-13T06:59:00+00:00\",\"author\":{\"@id\":\"https:\/\/www.welovecycling.com\/wide\/#\/schema\/person\/50f01ecd18718d2333cf72e823c4f926\"},\"description\":\"For many French cycling fans, and likely for many fans around the world, the highlight of the 2023 Tour de France took place on the slopes of the\",\"breadcrumb\":{\"@id\":\"https:\/\/www.welovecycling.com\/wide\/2023\/10\/13\/adieu-thibaut-pinot\/#breadcrumb\"},\"inLanguage\":\"en-US\",\"potentialAction\":[{\"@type\":\"ReadAction\",\"target\":[\"https:\/\/www.welovecycling.com\/wide\/2023\/10\/13\/adieu-thibaut-pinot\/\"]}]},{\"@type\":\"ImageObject\",\"inLanguage\":\"en-US\",\"@id\":\"https:\/\/www.welovecycling.com\/wide\/2023\/10\/13\/adieu-thibaut-pinot\/#primaryimage\",\"url\":\"https:\/\/d2p6e6u75xmxt8.cloudfront.net\/2\/2023\/10\/Thibaut-Pinot-profimedia-0811718469-CVR.webp\",\"contentUrl\":\"https:\/\/d2p6e6u75xmxt8.cloudfront.net\/2\/2023\/10\/Thibaut-Pinot-profimedia-0811718469-CVR.webp\",\"width\":990,\"height\":660,\"caption\":\"Thibaut Pinot\"},{\"@type\":\"BreadcrumbList\",\"@id\":\"https:\/\/www.welovecycling.com\/wide\/2023\/10\/13\/adieu-thibaut-pinot\/#breadcrumb\",\"itemListElement\":[{\"@type\":\"ListItem\",\"position\":1,\"name\":\"Home\",\"item\":\"https:\/\/www.welovecycling.com\/wide\/\"},{\"@type\":\"ListItem\",\"position\":2,\"name\":\"Adieu, Thibaut Pinot!\"}]},{\"@type\":\"WebSite\",\"@id\":\"https:\/\/www.welovecycling.com\/wide\/#website\",\"url\":\"https:\/\/www.welovecycling.com\/wide\/\",\"name\":\"\u0160koda We Love Cycling\",\"description\":\"\u0160koda We Love Cycling magazine\",\"alternateName\":\"\u0160koda WLC\",\"potentialAction\":[{\"@type\":\"SearchAction\",\"target\":{\"@type\":\"EntryPoint\",\"urlTemplate\":\"https:\/\/www.welovecycling.com\/wide\/?s={search_term_string}\"},\"query-input\":{\"@type\":\"PropertyValueSpecification\",\"valueRequired\":true,\"valueName\":\"search_term_string\"}}],\"inLanguage\":\"en-US\"},{\"@type\":\"Person\",\"@id\":\"https:\/\/www.welovecycling.com\/wide\/#\/schema\/person\/50f01ecd18718d2333cf72e823c4f926\",\"name\":\"tereza\",\"image\":{\"@type\":\"ImageObject\",\"inLanguage\":\"en-US\",\"@id\":\"https:\/\/www.welovecycling.com\/wide\/#\/schema\/person\/image\/\",\"url\":\"https:\/\/secure.gravatar.com\/avatar\/1f9eb71be33845f0afabce3791bc1c58ecdb0a25c62964987e5dbcf7a20d2ec7?s=96&d=mm&r=g\",\"contentUrl\":\"https:\/\/secure.gravatar.com\/avatar\/1f9eb71be33845f0afabce3791bc1c58ecdb0a25c62964987e5dbcf7a20d2ec7?s=96&d=mm&r=g\",\"caption\":\"tereza\"},\"url\":\"https:\/\/www.welovecycling.com\/wide\/author\/tereza\/\"}]}<\/script>\n<!-- \/ Yoast SEO Premium plugin. -->","yoast_head_json":{"title":"Adieu, Thibaut Pinot! - \u0160koda We Love Cycling","description":"For many French cycling fans, and likely for many fans around the world, the highlight of the 2023 Tour de France took place on the slopes of the","robots":{"index":"index","follow":"follow","max-snippet":"max-snippet:-1","max-image-preview":"max-image-preview:large","max-video-preview":"max-video-preview:-1"},"canonical":"https:\/\/www.welovecycling.com\/wide\/2023\/10\/13\/adieu-thibaut-pinot\/","og_locale":"en_US","og_type":"article","og_title":"Adieu, Thibaut Pinot!","og_description":"For many French cycling fans, and likely for many fans around the world, the highlight of the 2023 Tour de France took place on the slopes of the","og_url":"https:\/\/www.welovecycling.com\/wide\/2023\/10\/13\/adieu-thibaut-pinot\/","og_site_name":"\u0160koda We Love Cycling","article_published_time":"2023-10-13T06:59:00+00:00","og_image":[{"width":990,"height":660,"url":"https:\/\/d2p6e6u75xmxt8.cloudfront.net\/2\/2023\/10\/Thibaut-Pinot-profimedia-0811718469-CVR.webp","type":"image\/webp"}],"author":"tereza","twitter_card":"summary_large_image","twitter_misc":{"Written by":"Siegfried Mortkowitz","Est. reading time":"4"},"schema":{"@context":"https:\/\/schema.org","@graph":[{"@type":"WebPage","@id":"https:\/\/www.welovecycling.com\/wide\/2023\/10\/13\/adieu-thibaut-pinot\/","url":"https:\/\/www.welovecycling.com\/wide\/2023\/10\/13\/adieu-thibaut-pinot\/","name":"Adieu, Thibaut Pinot! - \u0160koda We Love Cycling","isPartOf":{"@id":"https:\/\/www.welovecycling.com\/wide\/#website"},"primaryImageOfPage":{"@id":"https:\/\/www.welovecycling.com\/wide\/2023\/10\/13\/adieu-thibaut-pinot\/#primaryimage"},"image":{"@id":"https:\/\/www.welovecycling.com\/wide\/2023\/10\/13\/adieu-thibaut-pinot\/#primaryimage"},"thumbnailUrl":"https:\/\/d2p6e6u75xmxt8.cloudfront.net\/2\/2023\/10\/Thibaut-Pinot-profimedia-0811718469-CVR.webp","datePublished":"2023-10-13T06:59:00+00:00","author":{"@id":"https:\/\/www.welovecycling.com\/wide\/#\/schema\/person\/50f01ecd18718d2333cf72e823c4f926"},"description":"For many French cycling fans, and likely for many fans around the world, the highlight of the 2023 Tour de France took place on the slopes of the","breadcrumb":{"@id":"https:\/\/www.welovecycling.com\/wide\/2023\/10\/13\/adieu-thibaut-pinot\/#breadcrumb"},"inLanguage":"en-US","potentialAction":[{"@type":"ReadAction","target":["https:\/\/www.welovecycling.com\/wide\/2023\/10\/13\/adieu-thibaut-pinot\/"]}]},{"@type":"ImageObject","inLanguage":"en-US","@id":"https:\/\/www.welovecycling.com\/wide\/2023\/10\/13\/adieu-thibaut-pinot\/#primaryimage","url":"https:\/\/d2p6e6u75xmxt8.cloudfront.net\/2\/2023\/10\/Thibaut-Pinot-profimedia-0811718469-CVR.webp","contentUrl":"https:\/\/d2p6e6u75xmxt8.cloudfront.net\/2\/2023\/10\/Thibaut-Pinot-profimedia-0811718469-CVR.webp","width":990,"height":660,"caption":"Thibaut Pinot"},{"@type":"BreadcrumbList","@id":"https:\/\/www.welovecycling.com\/wide\/2023\/10\/13\/adieu-thibaut-pinot\/#breadcrumb","itemListElement":[{"@type":"ListItem","position":1,"name":"Home","item":"https:\/\/www.welovecycling.com\/wide\/"},{"@type":"ListItem","position":2,"name":"Adieu, Thibaut Pinot!"}]},{"@type":"WebSite","@id":"https:\/\/www.welovecycling.com\/wide\/#website","url":"https:\/\/www.welovecycling.com\/wide\/","name":"\u0160koda We Love Cycling","description":"\u0160koda We Love Cycling magazine","alternateName":"\u0160koda WLC","potentialAction":[{"@type":"SearchAction","target":{"@type":"EntryPoint","urlTemplate":"https:\/\/www.welovecycling.com\/wide\/?s={search_term_string}"},"query-input":{"@type":"PropertyValueSpecification","valueRequired":true,"valueName":"search_term_string"}}],"inLanguage":"en-US"},{"@type":"Person","@id":"https:\/\/www.welovecycling.com\/wide\/#\/schema\/person\/50f01ecd18718d2333cf72e823c4f926","name":"tereza","image":{"@type":"ImageObject","inLanguage":"en-US","@id":"https:\/\/www.welovecycling.com\/wide\/#\/schema\/person\/image\/","url":"https:\/\/secure.gravatar.com\/avatar\/1f9eb71be33845f0afabce3791bc1c58ecdb0a25c62964987e5dbcf7a20d2ec7?s=96&d=mm&r=g","contentUrl":"https:\/\/secure.gravatar.com\/avatar\/1f9eb71be33845f0afabce3791bc1c58ecdb0a25c62964987e5dbcf7a20d2ec7?s=96&d=mm&r=g","caption":"tereza"},"url":"https:\/\/www.welovecycling.com\/wide\/author\/tereza\/"}]}},"_links":{"self":[{"href":"https:\/\/www.welovecycling.com\/wide\/wp-json\/wp\/v2\/posts\/194100","targetHints":{"allow":["GET"]}}],"collection":[{"href":"https:\/\/www.welovecycling.com\/wide\/wp-json\/wp\/v2\/posts"}],"about":[{"href":"https:\/\/www.welovecycling.com\/wide\/wp-json\/wp\/v2\/types\/post"}],"author":[{"embeddable":true,"href":"https:\/\/www.welovecycling.com\/wide\/wp-json\/wp\/v2\/users\/99"}],"replies":[{"embeddable":true,"href":"https:\/\/www.welovecycling.com\/wide\/wp-json\/wp\/v2\/comments?post=194100"}],"version-history":[{"count":1,"href":"https:\/\/www.welovecycling.com\/wide\/wp-json\/wp\/v2\/posts\/194100\/revisions"}],"predecessor-version":[{"id":194103,"href":"https:\/\/www.welovecycling.com\/wide\/wp-json\/wp\/v2\/posts\/194100\/revisions\/194103"}],"wp:featuredmedia":[{"embeddable":true,"href":"https:\/\/www.welovecycling.com\/wide\/wp-json\/wp\/v2\/media\/194101"}],"wp:attachment":[{"href":"https:\/\/www.welovecycling.com\/wide\/wp-json\/wp\/v2\/media?parent=194100"}],"wp:term":[{"taxonomy":"category","embeddable":true,"href":"https:\/\/www.welovecycling.com\/wide\/wp-json\/wp\/v2\/categories?post=194100"},{"taxonomy":"post_tag","embeddable":true,"href":"https:\/\/www.welovecycling.com\/wide\/wp-json\/wp\/v2\/tags?post=194100"},{"taxonomy":"global-categories","embeddable":true,"href":"https:\/\/www.welovecycling.com\/wide\/wp-json\/wp\/v2\/global-categories?post=194100"}],"curies":[{"name":"wp","href":"https:\/\/api.w.org\/{rel}","templated":true}]}}