{"id":194066,"date":"2023-10-09T11:39:47","date_gmt":"2023-10-09T11:39:47","guid":{"rendered":"https:\/\/www.welovecycling.com\/wide\/?p=194066"},"modified":"2023-10-09T11:39:47","modified_gmt":"2023-10-09T11:39:47","slug":"kasia-niewiadoma-strikes-gold-in-uci-gravel-world-championships","status":"publish","type":"post","link":"https:\/\/www.welovecycling.com\/wide\/2023\/10\/09\/kasia-niewiadoma-strikes-gold-in-uci-gravel-world-championships\/","title":{"rendered":"Kasia Niewiadoma Strikes Gold in UCI Gravel World Championships"},"content":{"rendered":"<p><strong>Kasia Niewiadoma of Poland and Slovenia\u2019s Matej Mohori\u010d, two strong road race riders with excellent bike-handling skills, won gold in the second annual UCI Gravel World Championships, held Saturday and Sunday in and around the Italian town of Pieve di Soligo.<\/strong><\/p>\n<p><!--more--><\/p>\n<p>In the elite women\u2019s race, Niewiadoma used a daring 20 km solo ride to win her first-ever world champion\u2019s rainbow jersey in her first gravel bike race. Naturally, the 29-year-old rider was delighted. \u201cThis is so sweet!\u201d she said in a statement released by her professional team. \u201cI really don\u2019t have words for it. It\u2019s my first rainbow jersey. I\u2019m just so happy!\u201d<\/p>\n<p>The podium was completed by riders she knew very well from road racing. Italy\u2019s Silvia Persico finished second, 33 seconds behind, while this year\u2019s <a href=\"http:\/\/letourfemmes.fr\/en\/\">Tour de France Femmes avec Zwift<\/a>\u00a0winner Demi Vollering (Netherlands) came in third, at the same time as Persico.<\/p>\n<p>The elite women\u2019s course covered 140 km and included eight short climbs of varying gradients, with the most difficult being the Ca\u2019 del Poggio (1.2 km @ 12.3%). Niewiadoma said she sensed on the very first climb, the Collalto (2.4 km @ 4.8%) that she had a chance to win. \u201cFrom the first climb, I knew that today would be a great day,\u201d she said in a statement issued by the race organisers. \u201cIt is a victory that repays an entire season where I have always attacked and fought with the strongest athletes but without being able to win as much as I would have liked.\u201d<\/p>\n<figure id=\"attachment_194068\" aria-describedby=\"caption-attachment-194068\" style=\"width: 990px\" class=\"wp-caption alignnone\"><a href=\"https:\/\/d2p6e6u75xmxt8.cloudfront.net\/2\/2023\/10\/Kasia-Niewiadoma-UCI-Gravel-Championships.webp\"><img loading=\"lazy\" decoding=\"async\" class=\"size-full wp-image-194068\" src=\"https:\/\/d2p6e6u75xmxt8.cloudfront.net\/2\/2023\/10\/Kasia-Niewiadoma-UCI-Gravel-Championships.webp\" alt=\"Kasia Niewiadoma\" width=\"990\" height=\"660\" srcset=\"https:\/\/d2p6e6u75xmxt8.cloudfront.net\/2\/2023\/10\/Kasia-Niewiadoma-UCI-Gravel-Championships.webp 990w, https:\/\/d2p6e6u75xmxt8.cloudfront.net\/2\/2023\/10\/Kasia-Niewiadoma-UCI-Gravel-Championships-300x200.webp 300w, https:\/\/d2p6e6u75xmxt8.cloudfront.net\/2\/2023\/10\/Kasia-Niewiadoma-UCI-Gravel-Championships-768x512.webp 768w, https:\/\/d2p6e6u75xmxt8.cloudfront.net\/2\/2023\/10\/Kasia-Niewiadoma-UCI-Gravel-Championships-400x267.webp 400w, https:\/\/d2p6e6u75xmxt8.cloudfront.net\/2\/2023\/10\/Kasia-Niewiadoma-UCI-Gravel-Championships-272x182.webp 272w\" sizes=\"auto, (max-width: 990px) 100vw, 990px\" \/><\/a><figcaption id=\"caption-attachment-194068\" class=\"wp-caption-text\">The victorious Kasia.<\/figcaption><\/figure>\n<p>It has been a frustrating few seasons for Niewiadoma who finished third in this year\u2019s TdFF while winning that race\u2019s Queen of the Mountains jersey but had not won a race since 2019. Her climbing ability served her well on Saturday, as she began an important move on the Ca\u2019 del Poggio, where she broke away with three other riders from a large breakaway containing most of the favourites. The two groups eventually came together again, and the eventual winner used another climb, Le Tenade (0.9 km @ 6.5%), with 20 km left to race to ride away from Persico, Vollering and Yara Kastelijn (Netherlands).<\/p>\n<p>\u201cI didn&#8217;t think I would go alone,\u201d she said, \u201cbut I wanted to eliminate some numbers in the group. I knew the final lap from the course recon and that there were some technical parts, so I felt it was a good time for me to go at that moment.&#8221; With 1 km to go, Niewiadoma had increased her lead to 38 seconds and soon cruised across the finish line to record her first victory since the Amstel Gold Race in 2019. \u201cAfter such a long time of not winning a race, it&#8217;s so special to win this,\u201d Niewiadoma said.<\/p>\n<p>A big congratulations to Kasia from We Love Cycling!<\/p>\n","protected":false},"excerpt":{"rendered":"<p>Kasia Niewiadoma of Poland and Slovenia\u2019s Matej Mohori\u010d, two strong road race riders with excellent bike-handling skills, won gold in [&hellip;]<\/p>\n","protected":false},"author":99,"featured_media":194067,"comment_status":"closed","ping_status":"open","sticky":false,"template":"","format":"standard","meta":{"footnotes":""},"categories":[328],"tags":[7401,3771,2043,4453,7353],"global-categories":[3366],"class_list":["post-194066","post","type-post","status-publish","format-standard","has-post-thumbnail","hentry","category-outdoor-mountain","tag-2023-uci-gravel-world-championships","tag-demi-vollering","tag-kasia-niewiadoma","tag-matej-mohoric","tag-yara-kastelijn","global-categories-cycling"],"yoast_head":"<!-- This site is optimized with the Yoast SEO Premium plugin v25.3 (Yoast SEO v25.9) - https:\/\/yoast.com\/wordpress\/plugins\/seo\/ -->\n<title>Niewiadoma Strikes Gold in UCI Gravel World Championships<\/title>\n<meta name=\"description\" content=\"Kasia Niewiadoma of Poland and Slovenia\u2019s Matej Mohori\u010d, two strong road race riders with excellent bike-handling skills, won gold in the second annual\" \/>\n<meta name=\"robots\" content=\"index, follow, max-snippet:-1, max-image-preview:large, max-video-preview:-1\" \/>\n<link rel=\"canonical\" href=\"https:\/\/www.welovecycling.com\/wide\/2023\/10\/09\/kasia-niewiadoma-strikes-gold-in-uci-gravel-world-championships\/\" \/>\n<meta property=\"og:locale\" content=\"en_US\" \/>\n<meta property=\"og:type\" content=\"article\" \/>\n<meta property=\"og:title\" content=\"Kasia Niewiadoma Strikes Gold in UCI Gravel World Championships\" \/>\n<meta property=\"og:description\" content=\"Kasia Niewiadoma of Poland and Slovenia\u2019s Matej Mohori\u010d, two strong road race riders with excellent bike-handling skills, won gold in the second annual\" \/>\n<meta property=\"og:url\" content=\"https:\/\/www.welovecycling.com\/wide\/2023\/10\/09\/kasia-niewiadoma-strikes-gold-in-uci-gravel-world-championships\/\" \/>\n<meta property=\"og:site_name\" content=\"\u0160koda We Love Cycling\" \/>\n<meta property=\"article:published_time\" content=\"2023-10-09T11:39:47+00:00\" \/>\n<meta property=\"og:image\" content=\"https:\/\/d2p6e6u75xmxt8.cloudfront.net\/2\/2023\/10\/Kasia-Niewiadoma-UCI-Gravel-Champs-profimedia-0811767122-CVR.webp\" \/>\n\t<meta property=\"og:image:width\" content=\"990\" \/>\n\t<meta property=\"og:image:height\" content=\"660\" \/>\n\t<meta property=\"og:image:type\" content=\"image\/webp\" \/>\n<meta name=\"author\" content=\"tereza\" \/>\n<meta name=\"twitter:card\" content=\"summary_large_image\" \/>\n<meta name=\"twitter:label1\" content=\"Written by\" \/>\n\t<meta name=\"twitter:data1\" content=\"Siegfried Mortkowitz\" \/>\n\t<meta name=\"twitter:label2\" content=\"Est. reading time\" \/>\n\t<meta name=\"twitter:data2\" content=\"4\" \/>\n<script type=\"application\/ld+json\" class=\"yoast-schema-graph\">{\"@context\":\"https:\/\/schema.org\",\"@graph\":[{\"@type\":\"WebPage\",\"@id\":\"https:\/\/www.welovecycling.com\/wide\/2023\/10\/09\/kasia-niewiadoma-strikes-gold-in-uci-gravel-world-championships\/\",\"url\":\"https:\/\/www.welovecycling.com\/wide\/2023\/10\/09\/kasia-niewiadoma-strikes-gold-in-uci-gravel-world-championships\/\",\"name\":\"Niewiadoma Strikes Gold in UCI Gravel World Championships\",\"isPartOf\":{\"@id\":\"https:\/\/www.welovecycling.com\/wide\/#website\"},\"primaryImageOfPage\":{\"@id\":\"https:\/\/www.welovecycling.com\/wide\/2023\/10\/09\/kasia-niewiadoma-strikes-gold-in-uci-gravel-world-championships\/#primaryimage\"},\"image\":{\"@id\":\"https:\/\/www.welovecycling.com\/wide\/2023\/10\/09\/kasia-niewiadoma-strikes-gold-in-uci-gravel-world-championships\/#primaryimage\"},\"thumbnailUrl\":\"https:\/\/d2p6e6u75xmxt8.cloudfront.net\/2\/2023\/10\/Kasia-Niewiadoma-UCI-Gravel-Champs-profimedia-0811767122-CVR.webp\",\"datePublished\":\"2023-10-09T11:39:47+00:00\",\"author\":{\"@id\":\"https:\/\/www.welovecycling.com\/wide\/#\/schema\/person\/50f01ecd18718d2333cf72e823c4f926\"},\"description\":\"Kasia Niewiadoma of Poland and Slovenia\u2019s Matej Mohori\u010d, two strong road race riders with excellent bike-handling skills, won gold in the second annual\",\"breadcrumb\":{\"@id\":\"https:\/\/www.welovecycling.com\/wide\/2023\/10\/09\/kasia-niewiadoma-strikes-gold-in-uci-gravel-world-championships\/#breadcrumb\"},\"inLanguage\":\"en-US\",\"potentialAction\":[{\"@type\":\"ReadAction\",\"target\":[\"https:\/\/www.welovecycling.com\/wide\/2023\/10\/09\/kasia-niewiadoma-strikes-gold-in-uci-gravel-world-championships\/\"]}]},{\"@type\":\"ImageObject\",\"inLanguage\":\"en-US\",\"@id\":\"https:\/\/www.welovecycling.com\/wide\/2023\/10\/09\/kasia-niewiadoma-strikes-gold-in-uci-gravel-world-championships\/#primaryimage\",\"url\":\"https:\/\/d2p6e6u75xmxt8.cloudfront.net\/2\/2023\/10\/Kasia-Niewiadoma-UCI-Gravel-Champs-profimedia-0811767122-CVR.webp\",\"contentUrl\":\"https:\/\/d2p6e6u75xmxt8.cloudfront.net\/2\/2023\/10\/Kasia-Niewiadoma-UCI-Gravel-Champs-profimedia-0811767122-CVR.webp\",\"width\":990,\"height\":660,\"caption\":\"Kasia Niewiadoma\"},{\"@type\":\"BreadcrumbList\",\"@id\":\"https:\/\/www.welovecycling.com\/wide\/2023\/10\/09\/kasia-niewiadoma-strikes-gold-in-uci-gravel-world-championships\/#breadcrumb\",\"itemListElement\":[{\"@type\":\"ListItem\",\"position\":1,\"name\":\"Home\",\"item\":\"https:\/\/www.welovecycling.com\/wide\/\"},{\"@type\":\"ListItem\",\"position\":2,\"name\":\"Kasia Niewiadoma Strikes Gold in UCI Gravel World Championships\"}]},{\"@type\":\"WebSite\",\"@id\":\"https:\/\/www.welovecycling.com\/wide\/#website\",\"url\":\"https:\/\/www.welovecycling.com\/wide\/\",\"name\":\"\u0160koda We Love Cycling\",\"description\":\"\u0160koda We Love Cycling magazine\",\"alternateName\":\"\u0160koda WLC\",\"potentialAction\":[{\"@type\":\"SearchAction\",\"target\":{\"@type\":\"EntryPoint\",\"urlTemplate\":\"https:\/\/www.welovecycling.com\/wide\/?s={search_term_string}\"},\"query-input\":{\"@type\":\"PropertyValueSpecification\",\"valueRequired\":true,\"valueName\":\"search_term_string\"}}],\"inLanguage\":\"en-US\"},{\"@type\":\"Person\",\"@id\":\"https:\/\/www.welovecycling.com\/wide\/#\/schema\/person\/50f01ecd18718d2333cf72e823c4f926\",\"name\":\"tereza\",\"image\":{\"@type\":\"ImageObject\",\"inLanguage\":\"en-US\",\"@id\":\"https:\/\/www.welovecycling.com\/wide\/#\/schema\/person\/image\/\",\"url\":\"https:\/\/secure.gravatar.com\/avatar\/1f9eb71be33845f0afabce3791bc1c58ecdb0a25c62964987e5dbcf7a20d2ec7?s=96&d=mm&r=g\",\"contentUrl\":\"https:\/\/secure.gravatar.com\/avatar\/1f9eb71be33845f0afabce3791bc1c58ecdb0a25c62964987e5dbcf7a20d2ec7?s=96&d=mm&r=g\",\"caption\":\"tereza\"},\"url\":\"https:\/\/www.welovecycling.com\/wide\/author\/tereza\/\"}]}<\/script>\n<!-- \/ Yoast SEO Premium plugin. -->","yoast_head_json":{"title":"Niewiadoma Strikes Gold in UCI Gravel World Championships","description":"Kasia Niewiadoma of Poland and Slovenia\u2019s Matej Mohori\u010d, two strong road race riders with excellent bike-handling skills, won gold in the second annual","robots":{"index":"index","follow":"follow","max-snippet":"max-snippet:-1","max-image-preview":"max-image-preview:large","max-video-preview":"max-video-preview:-1"},"canonical":"https:\/\/www.welovecycling.com\/wide\/2023\/10\/09\/kasia-niewiadoma-strikes-gold-in-uci-gravel-world-championships\/","og_locale":"en_US","og_type":"article","og_title":"Kasia Niewiadoma Strikes Gold in UCI Gravel World Championships","og_description":"Kasia Niewiadoma of Poland and Slovenia\u2019s Matej Mohori\u010d, two strong road race riders with excellent bike-handling skills, won gold in the second annual","og_url":"https:\/\/www.welovecycling.com\/wide\/2023\/10\/09\/kasia-niewiadoma-strikes-gold-in-uci-gravel-world-championships\/","og_site_name":"\u0160koda We Love Cycling","article_published_time":"2023-10-09T11:39:47+00:00","og_image":[{"width":990,"height":660,"url":"https:\/\/d2p6e6u75xmxt8.cloudfront.net\/2\/2023\/10\/Kasia-Niewiadoma-UCI-Gravel-Champs-profimedia-0811767122-CVR.webp","type":"image\/webp"}],"author":"tereza","twitter_card":"summary_large_image","twitter_misc":{"Written by":"Siegfried Mortkowitz","Est. reading time":"4"},"schema":{"@context":"https:\/\/schema.org","@graph":[{"@type":"WebPage","@id":"https:\/\/www.welovecycling.com\/wide\/2023\/10\/09\/kasia-niewiadoma-strikes-gold-in-uci-gravel-world-championships\/","url":"https:\/\/www.welovecycling.com\/wide\/2023\/10\/09\/kasia-niewiadoma-strikes-gold-in-uci-gravel-world-championships\/","name":"Niewiadoma Strikes Gold in UCI Gravel World Championships","isPartOf":{"@id":"https:\/\/www.welovecycling.com\/wide\/#website"},"primaryImageOfPage":{"@id":"https:\/\/www.welovecycling.com\/wide\/2023\/10\/09\/kasia-niewiadoma-strikes-gold-in-uci-gravel-world-championships\/#primaryimage"},"image":{"@id":"https:\/\/www.welovecycling.com\/wide\/2023\/10\/09\/kasia-niewiadoma-strikes-gold-in-uci-gravel-world-championships\/#primaryimage"},"thumbnailUrl":"https:\/\/d2p6e6u75xmxt8.cloudfront.net\/2\/2023\/10\/Kasia-Niewiadoma-UCI-Gravel-Champs-profimedia-0811767122-CVR.webp","datePublished":"2023-10-09T11:39:47+00:00","author":{"@id":"https:\/\/www.welovecycling.com\/wide\/#\/schema\/person\/50f01ecd18718d2333cf72e823c4f926"},"description":"Kasia Niewiadoma of Poland and Slovenia\u2019s Matej Mohori\u010d, two strong road race riders with excellent bike-handling skills, won gold in the second annual","breadcrumb":{"@id":"https:\/\/www.welovecycling.com\/wide\/2023\/10\/09\/kasia-niewiadoma-strikes-gold-in-uci-gravel-world-championships\/#breadcrumb"},"inLanguage":"en-US","potentialAction":[{"@type":"ReadAction","target":["https:\/\/www.welovecycling.com\/wide\/2023\/10\/09\/kasia-niewiadoma-strikes-gold-in-uci-gravel-world-championships\/"]}]},{"@type":"ImageObject","inLanguage":"en-US","@id":"https:\/\/www.welovecycling.com\/wide\/2023\/10\/09\/kasia-niewiadoma-strikes-gold-in-uci-gravel-world-championships\/#primaryimage","url":"https:\/\/d2p6e6u75xmxt8.cloudfront.net\/2\/2023\/10\/Kasia-Niewiadoma-UCI-Gravel-Champs-profimedia-0811767122-CVR.webp","contentUrl":"https:\/\/d2p6e6u75xmxt8.cloudfront.net\/2\/2023\/10\/Kasia-Niewiadoma-UCI-Gravel-Champs-profimedia-0811767122-CVR.webp","width":990,"height":660,"caption":"Kasia Niewiadoma"},{"@type":"BreadcrumbList","@id":"https:\/\/www.welovecycling.com\/wide\/2023\/10\/09\/kasia-niewiadoma-strikes-gold-in-uci-gravel-world-championships\/#breadcrumb","itemListElement":[{"@type":"ListItem","position":1,"name":"Home","item":"https:\/\/www.welovecycling.com\/wide\/"},{"@type":"ListItem","position":2,"name":"Kasia Niewiadoma Strikes Gold in UCI Gravel World Championships"}]},{"@type":"WebSite","@id":"https:\/\/www.welovecycling.com\/wide\/#website","url":"https:\/\/www.welovecycling.com\/wide\/","name":"\u0160koda We Love Cycling","description":"\u0160koda We Love Cycling magazine","alternateName":"\u0160koda WLC","potentialAction":[{"@type":"SearchAction","target":{"@type":"EntryPoint","urlTemplate":"https:\/\/www.welovecycling.com\/wide\/?s={search_term_string}"},"query-input":{"@type":"PropertyValueSpecification","valueRequired":true,"valueName":"search_term_string"}}],"inLanguage":"en-US"},{"@type":"Person","@id":"https:\/\/www.welovecycling.com\/wide\/#\/schema\/person\/50f01ecd18718d2333cf72e823c4f926","name":"tereza","image":{"@type":"ImageObject","inLanguage":"en-US","@id":"https:\/\/www.welovecycling.com\/wide\/#\/schema\/person\/image\/","url":"https:\/\/secure.gravatar.com\/avatar\/1f9eb71be33845f0afabce3791bc1c58ecdb0a25c62964987e5dbcf7a20d2ec7?s=96&d=mm&r=g","contentUrl":"https:\/\/secure.gravatar.com\/avatar\/1f9eb71be33845f0afabce3791bc1c58ecdb0a25c62964987e5dbcf7a20d2ec7?s=96&d=mm&r=g","caption":"tereza"},"url":"https:\/\/www.welovecycling.com\/wide\/author\/tereza\/"}]}},"_links":{"self":[{"href":"https:\/\/www.welovecycling.com\/wide\/wp-json\/wp\/v2\/posts\/194066","targetHints":{"allow":["GET"]}}],"collection":[{"href":"https:\/\/www.welovecycling.com\/wide\/wp-json\/wp\/v2\/posts"}],"about":[{"href":"https:\/\/www.welovecycling.com\/wide\/wp-json\/wp\/v2\/types\/post"}],"author":[{"embeddable":true,"href":"https:\/\/www.welovecycling.com\/wide\/wp-json\/wp\/v2\/users\/99"}],"replies":[{"embeddable":true,"href":"https:\/\/www.welovecycling.com\/wide\/wp-json\/wp\/v2\/comments?post=194066"}],"version-history":[{"count":1,"href":"https:\/\/www.welovecycling.com\/wide\/wp-json\/wp\/v2\/posts\/194066\/revisions"}],"predecessor-version":[{"id":194069,"href":"https:\/\/www.welovecycling.com\/wide\/wp-json\/wp\/v2\/posts\/194066\/revisions\/194069"}],"wp:featuredmedia":[{"embeddable":true,"href":"https:\/\/www.welovecycling.com\/wide\/wp-json\/wp\/v2\/media\/194067"}],"wp:attachment":[{"href":"https:\/\/www.welovecycling.com\/wide\/wp-json\/wp\/v2\/media?parent=194066"}],"wp:term":[{"taxonomy":"category","embeddable":true,"href":"https:\/\/www.welovecycling.com\/wide\/wp-json\/wp\/v2\/categories?post=194066"},{"taxonomy":"post_tag","embeddable":true,"href":"https:\/\/www.welovecycling.com\/wide\/wp-json\/wp\/v2\/tags?post=194066"},{"taxonomy":"global-categories","embeddable":true,"href":"https:\/\/www.welovecycling.com\/wide\/wp-json\/wp\/v2\/global-categories?post=194066"}],"curies":[{"name":"wp","href":"https:\/\/api.w.org\/{rel}","templated":true}]}}