{"id":194038,"date":"2023-10-04T13:48:23","date_gmt":"2023-10-04T13:48:23","guid":{"rendered":"https:\/\/www.welovecycling.com\/wide\/?p=194038"},"modified":"2023-10-04T13:48:23","modified_gmt":"2023-10-04T13:48:23","slug":"van-wilder-stuns-favourites-in-tre-valli-varesine-then-slams-soudal-jumbo-merger","status":"publish","type":"post","link":"https:\/\/www.welovecycling.com\/wide\/2023\/10\/04\/van-wilder-stuns-favourites-in-tre-valli-varesine-then-slams-soudal-jumbo-merger\/","title":{"rendered":"Van Wilder Stuns Favourites in Tre Valli Varesine, then Slams Soudal-Jumbo Merger"},"content":{"rendered":"<p><strong>Soudal-QuickStep\u2019s 23-year-old Belgian Ilan Van Wilder surprised the likes of Tadej Poga\u010dar\u00a0(UAE Team Emirates), Primo\u017e Rogli\u010d\u00a0and Richard Carapaz (EF Education-EasyPost) with a bold solo move on the final climb of Tuesday\u2019s Tre Valli Varesine to spring an enormous upset. He then used the victory as a platform to voice his strong disagreement with the imminent merger of his team with Jumbo-Visma.<\/strong><\/p>\n<p><!--more--><\/p>\n<p>Speaking to Italian television after the race, Van Wilder said that his winning move was merely intended to put some tempo into the leading group of 10 top riders, which included the two big favourites. \u201cThen I had a gap, so I went full gas. With also my sports director [Davide] Bramati going crazy in the car, saying I have to do a TT to the finish. So I did.\u201d<\/p>\n<p>He added that the weeks since the announcement of the merger had been \u201cdifficult for us [Soudal riders]. So this victory was for my teammates to say we don\u2019t agree with all this [obscenity] and we want to continue with Soudal-QuickStep. We are strong enough and I hope it will be like this.\u201d This was the first prominent voice of dissent against the merger, which could put Jumbo\u2019s <a href=\"https:\/\/www.welovecycling.com\/wide\/2023\/07\/23\/vingegaard-on-winning-the-tour-its-been-a-long-journey-but-it-also-went-by-so-fast\/\" target=\"_blank\" rel=\"noopener\">Jonas Vingegaard<\/a>, Wout van Aert and Sepp Kuss on the same team as Soudal\u2019s Remco Evenepoel, Julian Alaphilippe and Van Wilder, assuming they remain with the team. Though cycling\u2019s governing body UCI has officially announced the intent of the two teams to join forces, the merger has not been finalised.<\/p>\n<p>Carapaz finished second in the race, 16 seconds behind the winner, while Aleksandr Vlasov (BORA-Hansgrohe) finished third at 18 seconds. The 196.5 km race from Busto Arsizio to Varese kicked into gear after about 50 km when a group of nine riders formed a successful breakaway and quickly built a gap of more than 5 minutes to the peloton. A succession of unsuccessful chase attempts began with 65 km to go when Julian Alaphilippe (Soudal-QuickStep), Pavel Sivakov (Ineos Grenadiers) and eventually Vlasov made a promising move. But all the breakaway attempts were chased down by the peloton, under the impetus of \u00a0Poga\u010dar\u2019s UAE Team Emirates and Rogli\u010d\u2019s Jumbo-Visma.<\/p>\n<div class=\"embed-controller-wrapper\">\n<blockquote class=\"twitter-tweet\" data-width=\"500\" data-dnt=\"true\">\n<p lang=\"en\" dir=\"ltr\">\ud83c\uddee\ud83c\uddf9 RESULT: Tre Valli Varesine <a href=\"https:\/\/twitter.com\/simovelasco?ref_src=twsrc%5Etfw\">@simovelasco<\/a> finished 29th, 45\u201d behind winner Van Wilder, <a href=\"https:\/\/twitter.com\/iamdlax?ref_src=twsrc%5Etfw\">@iamdlax<\/a> was 41st. <a href=\"https:\/\/twitter.com\/hashtag\/TreValliVaresine?src=hash&amp;ref_src=twsrc%5Etfw\">#TreValliVaresine<\/a> <a href=\"https:\/\/twitter.com\/hashtag\/AstanaQazaqstanTeam?src=hash&amp;ref_src=twsrc%5Etfw\">#AstanaQazaqstanTeam<\/a> <a href=\"https:\/\/t.co\/zPN4mUy4zN\">pic.twitter.com\/zPN4mUy4zN<\/a><\/p>\n<p>&mdash; Astana Qazaqstan Team (@AstanaQazTeam) <a href=\"https:\/\/twitter.com\/AstanaQazTeam\/status\/1709229788873806165?ref_src=twsrc%5Etfw\">October 3, 2023<\/a><\/p><\/blockquote>\n<p><script async data-src=\"https:\/\/platform.twitter.com\/widgets.js\" charset=\"utf-8\"><\/script><\/div>\n<p>In the final breakaway attempt, Italy\u2019s Walter Calzoni (Q36.5 Pro Cycling), the only rider remaining from the original breakaway, was joined by Wilco Kelderman (Jumbo-Visma) and Warren Barguil (Ark\u00e9a Samsic). When his two road companions faded, Calzoni continued on his own, completing a bravura performance that, however, was doomed once the group of favourites joined the fray with about 12 km remaining in the race. From then on, it looked very much as if the race would come down to a contest between last year\u2019s Tre Valli winner, Poga\u010dar, and Rogli\u010d who won the first of the three Italian autumn one-day races on September 30, the Giro dell&#8217;Emilia. But Van Wilder had a better idea, and took advantage of a lack of resolution on the part of the pursuing group to score a historic victory \u2013 he is the first Belgian to win the Tre Valli since Eddy Merckx, in 1968 \u2013 and stamp himself as a young rider with a big future. Rogli\u010d\u00a0finished fourth, just ahead of fellow Slovenian Poga\u010dar, both 18 seconds behind the winner.<\/p>\n<p>The final and most important Italian autumn one-day race, the Il Lombardia, will be held on Saturday, with most of the same stellar riders taking part. They will be joined by Remco Evenepoel who long ago announced it as one of his late-year targets. The only road superstar missing will be Vingegaard. The Lombardia could be Rogli\u010d\u2019s last race for Jumbo-Visma. Before the Giro dell&#8217;Emilia, he announced that he would be leaving the team and\u00a0has since said that he would divulge the name of his future team after Saturday\u2019s race. According to a story in Monday\u2019s <a href=\"https:\/\/www.gazzetta.it\/Ciclismo\/02-10-2023\/ciclismo-roglic-ci-siamo-dopo-la-jumbo-visma-c-e-la-bora-hansgrohe-per-la-maglia-rosa.shtml\">Gazzetta dello Sport,<\/a> that team will be BORA-Hansgrohe where he could have the support of Vlasov and Jay Hindley if they agree to work as his super-domestiques.<\/p>\n","protected":false},"excerpt":{"rendered":"<p>Soudal-QuickStep\u2019s 23-year-old Belgian Ilan Van Wilder surprised the likes of Tadej Poga\u010dar\u00a0(UAE Team Emirates), Primo\u017e Rogli\u010d\u00a0and Richard Carapaz (EF Education-EasyPost) [&hellip;]<\/p>\n","protected":false},"author":99,"featured_media":194040,"comment_status":"closed","ping_status":"open","sticky":false,"template":"","format":"standard","meta":{"footnotes":""},"categories":[329],"tags":[2718,7148,3415,7398,7396],"global-categories":[3366],"class_list":["post-194038","post","type-post","status-publish","format-standard","has-post-thumbnail","hentry","category-road-cycling","tag-jumbo-visma","tag-soudal-quick-step","tag-tadej-pogacar","tag-tre-valli-varesine","tag-van-wilder","global-categories-cycling"],"yoast_head":"<!-- This site is optimized with the Yoast SEO Premium plugin v25.3 (Yoast SEO v25.9) - https:\/\/yoast.com\/wordpress\/plugins\/seo\/ -->\n<title>Van Wilder Stuns Favourites in Tre Valli Varesine<\/title>\n<meta name=\"description\" content=\"Soudal-QuickStep\u2019s 23-year-old Belgian Ilan Van Wilder surprised the likes of Tadej Poga\u010dar\u00a0(UAE Team Emirates), Primo\u017e Rogli\u010d\u00a0and Richard Carapaz (EF\" \/>\n<meta name=\"robots\" content=\"index, follow, max-snippet:-1, max-image-preview:large, max-video-preview:-1\" \/>\n<link rel=\"canonical\" href=\"https:\/\/www.welovecycling.com\/wide\/2023\/10\/04\/van-wilder-stuns-favourites-in-tre-valli-varesine-then-slams-soudal-jumbo-merger\/\" \/>\n<meta property=\"og:locale\" content=\"en_US\" \/>\n<meta property=\"og:type\" content=\"article\" \/>\n<meta property=\"og:title\" content=\"Van Wilder Stuns Favourites in Tre Valli Varesine, then Slams Soudal-Jumbo Merger\" \/>\n<meta property=\"og:description\" content=\"Soudal-QuickStep\u2019s 23-year-old Belgian Ilan Van Wilder surprised the likes of Tadej Poga\u010dar\u00a0(UAE Team Emirates), Primo\u017e Rogli\u010d\u00a0and Richard Carapaz (EF\" \/>\n<meta property=\"og:url\" content=\"https:\/\/www.welovecycling.com\/wide\/2023\/10\/04\/van-wilder-stuns-favourites-in-tre-valli-varesine-then-slams-soudal-jumbo-merger\/\" \/>\n<meta property=\"og:site_name\" content=\"\u0160koda We Love Cycling\" \/>\n<meta property=\"article:published_time\" content=\"2023-10-04T13:48:23+00:00\" \/>\n<meta property=\"og:image\" content=\"https:\/\/d2p6e6u75xmxt8.cloudfront.net\/2\/2023\/10\/Ilan-van-Wilder-profimedia-0799751191-CVR.webp\" \/>\n\t<meta property=\"og:image:width\" content=\"990\" \/>\n\t<meta property=\"og:image:height\" content=\"660\" \/>\n\t<meta property=\"og:image:type\" content=\"image\/webp\" \/>\n<meta name=\"author\" content=\"tereza\" \/>\n<meta name=\"twitter:card\" content=\"summary_large_image\" \/>\n<meta name=\"twitter:label1\" content=\"Written by\" \/>\n\t<meta name=\"twitter:data1\" content=\"Siegfried Mortkowitz\" \/>\n\t<meta name=\"twitter:label2\" content=\"Est. reading time\" \/>\n\t<meta name=\"twitter:data2\" content=\"4\" \/>\n<script type=\"application\/ld+json\" class=\"yoast-schema-graph\">{\"@context\":\"https:\/\/schema.org\",\"@graph\":[{\"@type\":\"WebPage\",\"@id\":\"https:\/\/www.welovecycling.com\/wide\/2023\/10\/04\/van-wilder-stuns-favourites-in-tre-valli-varesine-then-slams-soudal-jumbo-merger\/\",\"url\":\"https:\/\/www.welovecycling.com\/wide\/2023\/10\/04\/van-wilder-stuns-favourites-in-tre-valli-varesine-then-slams-soudal-jumbo-merger\/\",\"name\":\"Van Wilder Stuns Favourites in Tre Valli Varesine\",\"isPartOf\":{\"@id\":\"https:\/\/www.welovecycling.com\/wide\/#website\"},\"primaryImageOfPage\":{\"@id\":\"https:\/\/www.welovecycling.com\/wide\/2023\/10\/04\/van-wilder-stuns-favourites-in-tre-valli-varesine-then-slams-soudal-jumbo-merger\/#primaryimage\"},\"image\":{\"@id\":\"https:\/\/www.welovecycling.com\/wide\/2023\/10\/04\/van-wilder-stuns-favourites-in-tre-valli-varesine-then-slams-soudal-jumbo-merger\/#primaryimage\"},\"thumbnailUrl\":\"https:\/\/d2p6e6u75xmxt8.cloudfront.net\/2\/2023\/10\/Ilan-van-Wilder-profimedia-0799751191-CVR.webp\",\"datePublished\":\"2023-10-04T13:48:23+00:00\",\"author\":{\"@id\":\"https:\/\/www.welovecycling.com\/wide\/#\/schema\/person\/50f01ecd18718d2333cf72e823c4f926\"},\"description\":\"Soudal-QuickStep\u2019s 23-year-old Belgian Ilan Van Wilder surprised the likes of Tadej Poga\u010dar\u00a0(UAE Team Emirates), Primo\u017e Rogli\u010d\u00a0and Richard Carapaz (EF\",\"breadcrumb\":{\"@id\":\"https:\/\/www.welovecycling.com\/wide\/2023\/10\/04\/van-wilder-stuns-favourites-in-tre-valli-varesine-then-slams-soudal-jumbo-merger\/#breadcrumb\"},\"inLanguage\":\"en-US\",\"potentialAction\":[{\"@type\":\"ReadAction\",\"target\":[\"https:\/\/www.welovecycling.com\/wide\/2023\/10\/04\/van-wilder-stuns-favourites-in-tre-valli-varesine-then-slams-soudal-jumbo-merger\/\"]}]},{\"@type\":\"ImageObject\",\"inLanguage\":\"en-US\",\"@id\":\"https:\/\/www.welovecycling.com\/wide\/2023\/10\/04\/van-wilder-stuns-favourites-in-tre-valli-varesine-then-slams-soudal-jumbo-merger\/#primaryimage\",\"url\":\"https:\/\/d2p6e6u75xmxt8.cloudfront.net\/2\/2023\/10\/Ilan-van-Wilder-profimedia-0799751191-CVR.webp\",\"contentUrl\":\"https:\/\/d2p6e6u75xmxt8.cloudfront.net\/2\/2023\/10\/Ilan-van-Wilder-profimedia-0799751191-CVR.webp\",\"width\":990,\"height\":660,\"caption\":\"Ilan Van Wilder\"},{\"@type\":\"BreadcrumbList\",\"@id\":\"https:\/\/www.welovecycling.com\/wide\/2023\/10\/04\/van-wilder-stuns-favourites-in-tre-valli-varesine-then-slams-soudal-jumbo-merger\/#breadcrumb\",\"itemListElement\":[{\"@type\":\"ListItem\",\"position\":1,\"name\":\"Home\",\"item\":\"https:\/\/www.welovecycling.com\/wide\/\"},{\"@type\":\"ListItem\",\"position\":2,\"name\":\"Van Wilder Stuns Favourites in Tre Valli Varesine, then Slams Soudal-Jumbo Merger\"}]},{\"@type\":\"WebSite\",\"@id\":\"https:\/\/www.welovecycling.com\/wide\/#website\",\"url\":\"https:\/\/www.welovecycling.com\/wide\/\",\"name\":\"\u0160koda We Love Cycling\",\"description\":\"\u0160koda We Love Cycling magazine\",\"alternateName\":\"\u0160koda WLC\",\"potentialAction\":[{\"@type\":\"SearchAction\",\"target\":{\"@type\":\"EntryPoint\",\"urlTemplate\":\"https:\/\/www.welovecycling.com\/wide\/?s={search_term_string}\"},\"query-input\":{\"@type\":\"PropertyValueSpecification\",\"valueRequired\":true,\"valueName\":\"search_term_string\"}}],\"inLanguage\":\"en-US\"},{\"@type\":\"Person\",\"@id\":\"https:\/\/www.welovecycling.com\/wide\/#\/schema\/person\/50f01ecd18718d2333cf72e823c4f926\",\"name\":\"tereza\",\"image\":{\"@type\":\"ImageObject\",\"inLanguage\":\"en-US\",\"@id\":\"https:\/\/www.welovecycling.com\/wide\/#\/schema\/person\/image\/\",\"url\":\"https:\/\/secure.gravatar.com\/avatar\/1f9eb71be33845f0afabce3791bc1c58ecdb0a25c62964987e5dbcf7a20d2ec7?s=96&d=mm&r=g\",\"contentUrl\":\"https:\/\/secure.gravatar.com\/avatar\/1f9eb71be33845f0afabce3791bc1c58ecdb0a25c62964987e5dbcf7a20d2ec7?s=96&d=mm&r=g\",\"caption\":\"tereza\"},\"url\":\"https:\/\/www.welovecycling.com\/wide\/author\/tereza\/\"}]}<\/script>\n<!-- \/ Yoast SEO Premium plugin. -->","yoast_head_json":{"title":"Van Wilder Stuns Favourites in Tre Valli Varesine","description":"Soudal-QuickStep\u2019s 23-year-old Belgian Ilan Van Wilder surprised the likes of Tadej Poga\u010dar\u00a0(UAE Team Emirates), Primo\u017e Rogli\u010d\u00a0and Richard Carapaz (EF","robots":{"index":"index","follow":"follow","max-snippet":"max-snippet:-1","max-image-preview":"max-image-preview:large","max-video-preview":"max-video-preview:-1"},"canonical":"https:\/\/www.welovecycling.com\/wide\/2023\/10\/04\/van-wilder-stuns-favourites-in-tre-valli-varesine-then-slams-soudal-jumbo-merger\/","og_locale":"en_US","og_type":"article","og_title":"Van Wilder Stuns Favourites in Tre Valli Varesine, then Slams Soudal-Jumbo Merger","og_description":"Soudal-QuickStep\u2019s 23-year-old Belgian Ilan Van Wilder surprised the likes of Tadej Poga\u010dar\u00a0(UAE Team Emirates), Primo\u017e Rogli\u010d\u00a0and Richard Carapaz (EF","og_url":"https:\/\/www.welovecycling.com\/wide\/2023\/10\/04\/van-wilder-stuns-favourites-in-tre-valli-varesine-then-slams-soudal-jumbo-merger\/","og_site_name":"\u0160koda We Love Cycling","article_published_time":"2023-10-04T13:48:23+00:00","og_image":[{"width":990,"height":660,"url":"https:\/\/d2p6e6u75xmxt8.cloudfront.net\/2\/2023\/10\/Ilan-van-Wilder-profimedia-0799751191-CVR.webp","type":"image\/webp"}],"author":"tereza","twitter_card":"summary_large_image","twitter_misc":{"Written by":"Siegfried Mortkowitz","Est. reading time":"4"},"schema":{"@context":"https:\/\/schema.org","@graph":[{"@type":"WebPage","@id":"https:\/\/www.welovecycling.com\/wide\/2023\/10\/04\/van-wilder-stuns-favourites-in-tre-valli-varesine-then-slams-soudal-jumbo-merger\/","url":"https:\/\/www.welovecycling.com\/wide\/2023\/10\/04\/van-wilder-stuns-favourites-in-tre-valli-varesine-then-slams-soudal-jumbo-merger\/","name":"Van Wilder Stuns Favourites in Tre Valli Varesine","isPartOf":{"@id":"https:\/\/www.welovecycling.com\/wide\/#website"},"primaryImageOfPage":{"@id":"https:\/\/www.welovecycling.com\/wide\/2023\/10\/04\/van-wilder-stuns-favourites-in-tre-valli-varesine-then-slams-soudal-jumbo-merger\/#primaryimage"},"image":{"@id":"https:\/\/www.welovecycling.com\/wide\/2023\/10\/04\/van-wilder-stuns-favourites-in-tre-valli-varesine-then-slams-soudal-jumbo-merger\/#primaryimage"},"thumbnailUrl":"https:\/\/d2p6e6u75xmxt8.cloudfront.net\/2\/2023\/10\/Ilan-van-Wilder-profimedia-0799751191-CVR.webp","datePublished":"2023-10-04T13:48:23+00:00","author":{"@id":"https:\/\/www.welovecycling.com\/wide\/#\/schema\/person\/50f01ecd18718d2333cf72e823c4f926"},"description":"Soudal-QuickStep\u2019s 23-year-old Belgian Ilan Van Wilder surprised the likes of Tadej Poga\u010dar\u00a0(UAE Team Emirates), Primo\u017e Rogli\u010d\u00a0and Richard Carapaz (EF","breadcrumb":{"@id":"https:\/\/www.welovecycling.com\/wide\/2023\/10\/04\/van-wilder-stuns-favourites-in-tre-valli-varesine-then-slams-soudal-jumbo-merger\/#breadcrumb"},"inLanguage":"en-US","potentialAction":[{"@type":"ReadAction","target":["https:\/\/www.welovecycling.com\/wide\/2023\/10\/04\/van-wilder-stuns-favourites-in-tre-valli-varesine-then-slams-soudal-jumbo-merger\/"]}]},{"@type":"ImageObject","inLanguage":"en-US","@id":"https:\/\/www.welovecycling.com\/wide\/2023\/10\/04\/van-wilder-stuns-favourites-in-tre-valli-varesine-then-slams-soudal-jumbo-merger\/#primaryimage","url":"https:\/\/d2p6e6u75xmxt8.cloudfront.net\/2\/2023\/10\/Ilan-van-Wilder-profimedia-0799751191-CVR.webp","contentUrl":"https:\/\/d2p6e6u75xmxt8.cloudfront.net\/2\/2023\/10\/Ilan-van-Wilder-profimedia-0799751191-CVR.webp","width":990,"height":660,"caption":"Ilan Van Wilder"},{"@type":"BreadcrumbList","@id":"https:\/\/www.welovecycling.com\/wide\/2023\/10\/04\/van-wilder-stuns-favourites-in-tre-valli-varesine-then-slams-soudal-jumbo-merger\/#breadcrumb","itemListElement":[{"@type":"ListItem","position":1,"name":"Home","item":"https:\/\/www.welovecycling.com\/wide\/"},{"@type":"ListItem","position":2,"name":"Van Wilder Stuns Favourites in Tre Valli Varesine, then Slams Soudal-Jumbo Merger"}]},{"@type":"WebSite","@id":"https:\/\/www.welovecycling.com\/wide\/#website","url":"https:\/\/www.welovecycling.com\/wide\/","name":"\u0160koda We Love Cycling","description":"\u0160koda We Love Cycling magazine","alternateName":"\u0160koda WLC","potentialAction":[{"@type":"SearchAction","target":{"@type":"EntryPoint","urlTemplate":"https:\/\/www.welovecycling.com\/wide\/?s={search_term_string}"},"query-input":{"@type":"PropertyValueSpecification","valueRequired":true,"valueName":"search_term_string"}}],"inLanguage":"en-US"},{"@type":"Person","@id":"https:\/\/www.welovecycling.com\/wide\/#\/schema\/person\/50f01ecd18718d2333cf72e823c4f926","name":"tereza","image":{"@type":"ImageObject","inLanguage":"en-US","@id":"https:\/\/www.welovecycling.com\/wide\/#\/schema\/person\/image\/","url":"https:\/\/secure.gravatar.com\/avatar\/1f9eb71be33845f0afabce3791bc1c58ecdb0a25c62964987e5dbcf7a20d2ec7?s=96&d=mm&r=g","contentUrl":"https:\/\/secure.gravatar.com\/avatar\/1f9eb71be33845f0afabce3791bc1c58ecdb0a25c62964987e5dbcf7a20d2ec7?s=96&d=mm&r=g","caption":"tereza"},"url":"https:\/\/www.welovecycling.com\/wide\/author\/tereza\/"}]}},"_links":{"self":[{"href":"https:\/\/www.welovecycling.com\/wide\/wp-json\/wp\/v2\/posts\/194038","targetHints":{"allow":["GET"]}}],"collection":[{"href":"https:\/\/www.welovecycling.com\/wide\/wp-json\/wp\/v2\/posts"}],"about":[{"href":"https:\/\/www.welovecycling.com\/wide\/wp-json\/wp\/v2\/types\/post"}],"author":[{"embeddable":true,"href":"https:\/\/www.welovecycling.com\/wide\/wp-json\/wp\/v2\/users\/99"}],"replies":[{"embeddable":true,"href":"https:\/\/www.welovecycling.com\/wide\/wp-json\/wp\/v2\/comments?post=194038"}],"version-history":[{"count":2,"href":"https:\/\/www.welovecycling.com\/wide\/wp-json\/wp\/v2\/posts\/194038\/revisions"}],"predecessor-version":[{"id":194041,"href":"https:\/\/www.welovecycling.com\/wide\/wp-json\/wp\/v2\/posts\/194038\/revisions\/194041"}],"wp:featuredmedia":[{"embeddable":true,"href":"https:\/\/www.welovecycling.com\/wide\/wp-json\/wp\/v2\/media\/194040"}],"wp:attachment":[{"href":"https:\/\/www.welovecycling.com\/wide\/wp-json\/wp\/v2\/media?parent=194038"}],"wp:term":[{"taxonomy":"category","embeddable":true,"href":"https:\/\/www.welovecycling.com\/wide\/wp-json\/wp\/v2\/categories?post=194038"},{"taxonomy":"post_tag","embeddable":true,"href":"https:\/\/www.welovecycling.com\/wide\/wp-json\/wp\/v2\/tags?post=194038"},{"taxonomy":"global-categories","embeddable":true,"href":"https:\/\/www.welovecycling.com\/wide\/wp-json\/wp\/v2\/global-categories?post=194038"}],"curies":[{"name":"wp","href":"https:\/\/api.w.org\/{rel}","templated":true}]}}