{"id":194018,"date":"2023-10-02T07:24:31","date_gmt":"2023-10-02T07:24:31","guid":{"rendered":"https:\/\/www.welovecycling.com\/wide\/?p=194018"},"modified":"2023-10-02T07:24:55","modified_gmt":"2023-10-02T07:24:55","slug":"jumbo-visma-gives-roglic-green-light-for-transfer-according-to-plugge","status":"publish","type":"post","link":"https:\/\/www.welovecycling.com\/wide\/2023\/10\/02\/jumbo-visma-gives-roglic-green-light-for-transfer-according-to-plugge\/","title":{"rendered":"Jumbo-Visma Gives Rogli\u010d &#8216;Green Light&#8217; for Transfer, According to Plugge"},"content":{"rendered":"<p><strong>Richard Plugge, the manager of Jumbo-Visma, has verified the approval of Primo\u017e Rogli\u010d\u2019s petition to exit the team post this season.<\/strong><\/p>\n<p><!--more--><\/p>\n<p>Prior to the initiation of the Giro dell\u2019Emilia on Saturday, a disclosure was made by Rogli\u010d regarding his decision to leave Jumbo-Visma subsequent to the current season. It is surmised that Ineos and Bora-Hansgrohe are his probable future teams.<\/p>\n<p>Despite having a contractual commitment with Jumbo-Visma till the conclusion of 2024, and prior refutation by Plugge of any shift, he reaffirmed Rogli\u010d\u2019s upcoming departure from the team post an eight-season tenure, which included triumphs in the Vuelta a Espa\u00f1a (three times) and a comprehensive victory in this year\u2019s Giro d\u2019Italia.<\/p>\n<p>Plugge, in a formal proclamation by Jumbo-Visma, articulated: \u201cPrimo\u017e will always be in my heart as our king. We are very grateful to him for finding the way to the top together. I will always admire him on a personal level.\u201d He continued, acknowledging the necessity for separation, \u201cBut there comes a time when it is best to part ways. Recently, he asked for a transfer. We understood his request, and we have too much respect for each other to stand in each other&#8217;s way. We gave him the green light, just like we did with Dylan Groenewegen.\u201d<\/p>\n<figure id=\"attachment_194000\" aria-describedby=\"caption-attachment-194000\" style=\"width: 990px\" class=\"wp-caption alignnone\"><a href=\"https:\/\/d2p6e6u75xmxt8.cloudfront.net\/2\/2023\/09\/Jumbo-Visma-profimedia-0806225092-CVR.webp\"><img loading=\"lazy\" decoding=\"async\" class=\"wp-image-194000 size-full\" src=\"https:\/\/d2p6e6u75xmxt8.cloudfront.net\/2\/2023\/09\/Jumbo-Visma-profimedia-0806225092-CVR.webp\" alt=\"Team Jumbo Visma\" width=\"990\" height=\"660\" srcset=\"https:\/\/d2p6e6u75xmxt8.cloudfront.net\/2\/2023\/09\/Jumbo-Visma-profimedia-0806225092-CVR.webp 990w, https:\/\/d2p6e6u75xmxt8.cloudfront.net\/2\/2023\/09\/Jumbo-Visma-profimedia-0806225092-CVR-300x200.webp 300w, https:\/\/d2p6e6u75xmxt8.cloudfront.net\/2\/2023\/09\/Jumbo-Visma-profimedia-0806225092-CVR-768x512.webp 768w, https:\/\/d2p6e6u75xmxt8.cloudfront.net\/2\/2023\/09\/Jumbo-Visma-profimedia-0806225092-CVR-400x267.webp 400w, https:\/\/d2p6e6u75xmxt8.cloudfront.net\/2\/2023\/09\/Jumbo-Visma-profimedia-0806225092-CVR-272x182.webp 272w\" sizes=\"auto, (max-width: 990px) 100vw, 990px\" \/><\/a><figcaption id=\"caption-attachment-194000\" class=\"wp-caption-text\">Team Jumbo-Visma is losing their king, as Richard Plugge called Rogli\u010d. \u00a9 Profimedia<\/figcaption><\/figure>\n<p>Groenewegen, akin to Rogli\u010d, also left Jumbo-Visma prior to his contract conclusion, aligning with Jayco in anticipation of the 2022 season.<\/p>\n<p>Post his Giro victory this year, Rogli\u010d did not participate in the Tour de France. Jumbo-Visma elected to assign exclusive leadership to Jonas Vingegaard, who retained his title in Paris. The emergence of <a href=\"https:\/\/www.welovecycling.com\/wide\/2023\/09\/18\/kuss-on-winning-la-vuelta-this-is-like-a-fairytale\/\" target=\"_blank\" rel=\"noopener\">Vuelta a Espa\u00f1a champion Sepp Kuss<\/a> and potential addition of Remco Evenepoel in a speculated merger with Soudal-QuickStep have evidently accentuated the internal rivalry.<\/p>\n<p>In relation to the proposed merger, Patrick Lefevere, the Soudal-QuickStep manager, hinted at forthcoming details by Monday. Concurrently, Rogli\u010d has refrained from disclosing his future team alignment until the completion of his season at Il Lombardia the succeeding weekend. Rogli\u010d mentioned, \u201cI can just definitely confirm that I will leave the team, but we want to tell all the details to where after the races that I do.\u201d His statement was made at the beginning of the Giro dell\u2019Emilia, a race he clinched victory in, surpassing fellow countryman Tadej Poga\u010dar.<\/p>\n","protected":false},"excerpt":{"rendered":"<p>Richard Plugge, the manager of Jumbo-Visma, has verified the approval of Primo\u017e Rogli\u010d\u2019s petition to exit the team post this [&hellip;]<\/p>\n","protected":false},"author":99,"featured_media":194019,"comment_status":"closed","ping_status":"open","sticky":false,"template":"","format":"standard","meta":{"footnotes":""},"categories":[329],"tags":[1757,7389,2718,381,1221,3444],"global-categories":[3366],"class_list":["post-194018","post","type-post","status-publish","format-standard","has-post-thumbnail","hentry","category-road-cycling","tag-dylan-groenewegen","tag-giro-dellemilia","tag-jumbo-visma","tag-peter-sagan","tag-primoz-roglic","tag-richard-plugge","global-categories-cycling"],"yoast_head":"<!-- This site is optimized with the Yoast SEO Premium plugin v25.3 (Yoast SEO v25.9) - https:\/\/yoast.com\/wordpress\/plugins\/seo\/ -->\n<title>Jumbo-Visma Gives Rogli\u010d &#039;Green Light&#039; for Transfer<\/title>\n<meta name=\"description\" content=\"Richard Plugge, the manager of Jumbo-Visma, has verified the approval of Primo\u017e Rogli\u010d\u2019s petition to exit the team post this season. Prior to the\" \/>\n<meta name=\"robots\" content=\"index, follow, max-snippet:-1, max-image-preview:large, max-video-preview:-1\" \/>\n<link rel=\"canonical\" href=\"https:\/\/www.welovecycling.com\/wide\/2023\/10\/02\/jumbo-visma-gives-roglic-green-light-for-transfer-according-to-plugge\/\" \/>\n<meta property=\"og:locale\" content=\"en_US\" \/>\n<meta property=\"og:type\" content=\"article\" \/>\n<meta property=\"og:title\" content=\"Jumbo-Visma Gives Rogli\u010d &#039;Green Light&#039; for Transfer, According to Plugge\" \/>\n<meta property=\"og:description\" content=\"Richard Plugge, the manager of Jumbo-Visma, has verified the approval of Primo\u017e Rogli\u010d\u2019s petition to exit the team post this season. Prior to the\" \/>\n<meta property=\"og:url\" content=\"https:\/\/www.welovecycling.com\/wide\/2023\/10\/02\/jumbo-visma-gives-roglic-green-light-for-transfer-according-to-plugge\/\" \/>\n<meta property=\"og:site_name\" content=\"\u0160koda We Love Cycling\" \/>\n<meta property=\"article:published_time\" content=\"2023-10-02T07:24:31+00:00\" \/>\n<meta property=\"article:modified_time\" content=\"2023-10-02T07:24:55+00:00\" \/>\n<meta property=\"og:image\" content=\"https:\/\/d2p6e6u75xmxt8.cloudfront.net\/2\/2023\/10\/Primoz-Roglic-profimedia-0806223229-CVR.webp\" \/>\n\t<meta property=\"og:image:width\" content=\"990\" \/>\n\t<meta property=\"og:image:height\" content=\"660\" \/>\n\t<meta property=\"og:image:type\" content=\"image\/webp\" \/>\n<meta name=\"author\" content=\"tereza\" \/>\n<meta name=\"twitter:card\" content=\"summary_large_image\" \/>\n<meta name=\"twitter:label1\" content=\"Written by\" \/>\n\t<meta name=\"twitter:data1\" content=\"Monica Buck\" \/>\n\t<meta name=\"twitter:label2\" content=\"Est. reading time\" \/>\n\t<meta name=\"twitter:data2\" content=\"3\" \/>\n<script type=\"application\/ld+json\" class=\"yoast-schema-graph\">{\"@context\":\"https:\/\/schema.org\",\"@graph\":[{\"@type\":\"WebPage\",\"@id\":\"https:\/\/www.welovecycling.com\/wide\/2023\/10\/02\/jumbo-visma-gives-roglic-green-light-for-transfer-according-to-plugge\/\",\"url\":\"https:\/\/www.welovecycling.com\/wide\/2023\/10\/02\/jumbo-visma-gives-roglic-green-light-for-transfer-according-to-plugge\/\",\"name\":\"Jumbo-Visma Gives Rogli\u010d 'Green Light' for Transfer\",\"isPartOf\":{\"@id\":\"https:\/\/www.welovecycling.com\/wide\/#website\"},\"primaryImageOfPage\":{\"@id\":\"https:\/\/www.welovecycling.com\/wide\/2023\/10\/02\/jumbo-visma-gives-roglic-green-light-for-transfer-according-to-plugge\/#primaryimage\"},\"image\":{\"@id\":\"https:\/\/www.welovecycling.com\/wide\/2023\/10\/02\/jumbo-visma-gives-roglic-green-light-for-transfer-according-to-plugge\/#primaryimage\"},\"thumbnailUrl\":\"https:\/\/d2p6e6u75xmxt8.cloudfront.net\/2\/2023\/10\/Primoz-Roglic-profimedia-0806223229-CVR.webp\",\"datePublished\":\"2023-10-02T07:24:31+00:00\",\"dateModified\":\"2023-10-02T07:24:55+00:00\",\"author\":{\"@id\":\"https:\/\/www.welovecycling.com\/wide\/#\/schema\/person\/50f01ecd18718d2333cf72e823c4f926\"},\"description\":\"Richard Plugge, the manager of Jumbo-Visma, has verified the approval of Primo\u017e Rogli\u010d\u2019s petition to exit the team post this season. Prior to the\",\"breadcrumb\":{\"@id\":\"https:\/\/www.welovecycling.com\/wide\/2023\/10\/02\/jumbo-visma-gives-roglic-green-light-for-transfer-according-to-plugge\/#breadcrumb\"},\"inLanguage\":\"en-US\",\"potentialAction\":[{\"@type\":\"ReadAction\",\"target\":[\"https:\/\/www.welovecycling.com\/wide\/2023\/10\/02\/jumbo-visma-gives-roglic-green-light-for-transfer-according-to-plugge\/\"]}]},{\"@type\":\"ImageObject\",\"inLanguage\":\"en-US\",\"@id\":\"https:\/\/www.welovecycling.com\/wide\/2023\/10\/02\/jumbo-visma-gives-roglic-green-light-for-transfer-according-to-plugge\/#primaryimage\",\"url\":\"https:\/\/d2p6e6u75xmxt8.cloudfront.net\/2\/2023\/10\/Primoz-Roglic-profimedia-0806223229-CVR.webp\",\"contentUrl\":\"https:\/\/d2p6e6u75xmxt8.cloudfront.net\/2\/2023\/10\/Primoz-Roglic-profimedia-0806223229-CVR.webp\",\"width\":990,\"height\":660,\"caption\":\"Primoz Roglic\"},{\"@type\":\"BreadcrumbList\",\"@id\":\"https:\/\/www.welovecycling.com\/wide\/2023\/10\/02\/jumbo-visma-gives-roglic-green-light-for-transfer-according-to-plugge\/#breadcrumb\",\"itemListElement\":[{\"@type\":\"ListItem\",\"position\":1,\"name\":\"Home\",\"item\":\"https:\/\/www.welovecycling.com\/wide\/\"},{\"@type\":\"ListItem\",\"position\":2,\"name\":\"Jumbo-Visma Gives Rogli\u010d &#8216;Green Light&#8217; for Transfer, According to Plugge\"}]},{\"@type\":\"WebSite\",\"@id\":\"https:\/\/www.welovecycling.com\/wide\/#website\",\"url\":\"https:\/\/www.welovecycling.com\/wide\/\",\"name\":\"\u0160koda We Love Cycling\",\"description\":\"\u0160koda We Love Cycling magazine\",\"alternateName\":\"\u0160koda WLC\",\"potentialAction\":[{\"@type\":\"SearchAction\",\"target\":{\"@type\":\"EntryPoint\",\"urlTemplate\":\"https:\/\/www.welovecycling.com\/wide\/?s={search_term_string}\"},\"query-input\":{\"@type\":\"PropertyValueSpecification\",\"valueRequired\":true,\"valueName\":\"search_term_string\"}}],\"inLanguage\":\"en-US\"},{\"@type\":\"Person\",\"@id\":\"https:\/\/www.welovecycling.com\/wide\/#\/schema\/person\/50f01ecd18718d2333cf72e823c4f926\",\"name\":\"tereza\",\"image\":{\"@type\":\"ImageObject\",\"inLanguage\":\"en-US\",\"@id\":\"https:\/\/www.welovecycling.com\/wide\/#\/schema\/person\/image\/\",\"url\":\"https:\/\/secure.gravatar.com\/avatar\/1f9eb71be33845f0afabce3791bc1c58ecdb0a25c62964987e5dbcf7a20d2ec7?s=96&d=mm&r=g\",\"contentUrl\":\"https:\/\/secure.gravatar.com\/avatar\/1f9eb71be33845f0afabce3791bc1c58ecdb0a25c62964987e5dbcf7a20d2ec7?s=96&d=mm&r=g\",\"caption\":\"tereza\"},\"url\":\"https:\/\/www.welovecycling.com\/wide\/author\/tereza\/\"}]}<\/script>\n<!-- \/ Yoast SEO Premium plugin. -->","yoast_head_json":{"title":"Jumbo-Visma Gives Rogli\u010d 'Green Light' for Transfer","description":"Richard Plugge, the manager of Jumbo-Visma, has verified the approval of Primo\u017e Rogli\u010d\u2019s petition to exit the team post this season. Prior to the","robots":{"index":"index","follow":"follow","max-snippet":"max-snippet:-1","max-image-preview":"max-image-preview:large","max-video-preview":"max-video-preview:-1"},"canonical":"https:\/\/www.welovecycling.com\/wide\/2023\/10\/02\/jumbo-visma-gives-roglic-green-light-for-transfer-according-to-plugge\/","og_locale":"en_US","og_type":"article","og_title":"Jumbo-Visma Gives Rogli\u010d 'Green Light' for Transfer, According to Plugge","og_description":"Richard Plugge, the manager of Jumbo-Visma, has verified the approval of Primo\u017e Rogli\u010d\u2019s petition to exit the team post this season. Prior to the","og_url":"https:\/\/www.welovecycling.com\/wide\/2023\/10\/02\/jumbo-visma-gives-roglic-green-light-for-transfer-according-to-plugge\/","og_site_name":"\u0160koda We Love Cycling","article_published_time":"2023-10-02T07:24:31+00:00","article_modified_time":"2023-10-02T07:24:55+00:00","og_image":[{"width":990,"height":660,"url":"https:\/\/d2p6e6u75xmxt8.cloudfront.net\/2\/2023\/10\/Primoz-Roglic-profimedia-0806223229-CVR.webp","type":"image\/webp"}],"author":"tereza","twitter_card":"summary_large_image","twitter_misc":{"Written by":"Monica Buck","Est. reading time":"3"},"schema":{"@context":"https:\/\/schema.org","@graph":[{"@type":"WebPage","@id":"https:\/\/www.welovecycling.com\/wide\/2023\/10\/02\/jumbo-visma-gives-roglic-green-light-for-transfer-according-to-plugge\/","url":"https:\/\/www.welovecycling.com\/wide\/2023\/10\/02\/jumbo-visma-gives-roglic-green-light-for-transfer-according-to-plugge\/","name":"Jumbo-Visma Gives Rogli\u010d 'Green Light' for Transfer","isPartOf":{"@id":"https:\/\/www.welovecycling.com\/wide\/#website"},"primaryImageOfPage":{"@id":"https:\/\/www.welovecycling.com\/wide\/2023\/10\/02\/jumbo-visma-gives-roglic-green-light-for-transfer-according-to-plugge\/#primaryimage"},"image":{"@id":"https:\/\/www.welovecycling.com\/wide\/2023\/10\/02\/jumbo-visma-gives-roglic-green-light-for-transfer-according-to-plugge\/#primaryimage"},"thumbnailUrl":"https:\/\/d2p6e6u75xmxt8.cloudfront.net\/2\/2023\/10\/Primoz-Roglic-profimedia-0806223229-CVR.webp","datePublished":"2023-10-02T07:24:31+00:00","dateModified":"2023-10-02T07:24:55+00:00","author":{"@id":"https:\/\/www.welovecycling.com\/wide\/#\/schema\/person\/50f01ecd18718d2333cf72e823c4f926"},"description":"Richard Plugge, the manager of Jumbo-Visma, has verified the approval of Primo\u017e Rogli\u010d\u2019s petition to exit the team post this season. Prior to the","breadcrumb":{"@id":"https:\/\/www.welovecycling.com\/wide\/2023\/10\/02\/jumbo-visma-gives-roglic-green-light-for-transfer-according-to-plugge\/#breadcrumb"},"inLanguage":"en-US","potentialAction":[{"@type":"ReadAction","target":["https:\/\/www.welovecycling.com\/wide\/2023\/10\/02\/jumbo-visma-gives-roglic-green-light-for-transfer-according-to-plugge\/"]}]},{"@type":"ImageObject","inLanguage":"en-US","@id":"https:\/\/www.welovecycling.com\/wide\/2023\/10\/02\/jumbo-visma-gives-roglic-green-light-for-transfer-according-to-plugge\/#primaryimage","url":"https:\/\/d2p6e6u75xmxt8.cloudfront.net\/2\/2023\/10\/Primoz-Roglic-profimedia-0806223229-CVR.webp","contentUrl":"https:\/\/d2p6e6u75xmxt8.cloudfront.net\/2\/2023\/10\/Primoz-Roglic-profimedia-0806223229-CVR.webp","width":990,"height":660,"caption":"Primoz Roglic"},{"@type":"BreadcrumbList","@id":"https:\/\/www.welovecycling.com\/wide\/2023\/10\/02\/jumbo-visma-gives-roglic-green-light-for-transfer-according-to-plugge\/#breadcrumb","itemListElement":[{"@type":"ListItem","position":1,"name":"Home","item":"https:\/\/www.welovecycling.com\/wide\/"},{"@type":"ListItem","position":2,"name":"Jumbo-Visma Gives Rogli\u010d &#8216;Green Light&#8217; for Transfer, According to Plugge"}]},{"@type":"WebSite","@id":"https:\/\/www.welovecycling.com\/wide\/#website","url":"https:\/\/www.welovecycling.com\/wide\/","name":"\u0160koda We Love Cycling","description":"\u0160koda We Love Cycling magazine","alternateName":"\u0160koda WLC","potentialAction":[{"@type":"SearchAction","target":{"@type":"EntryPoint","urlTemplate":"https:\/\/www.welovecycling.com\/wide\/?s={search_term_string}"},"query-input":{"@type":"PropertyValueSpecification","valueRequired":true,"valueName":"search_term_string"}}],"inLanguage":"en-US"},{"@type":"Person","@id":"https:\/\/www.welovecycling.com\/wide\/#\/schema\/person\/50f01ecd18718d2333cf72e823c4f926","name":"tereza","image":{"@type":"ImageObject","inLanguage":"en-US","@id":"https:\/\/www.welovecycling.com\/wide\/#\/schema\/person\/image\/","url":"https:\/\/secure.gravatar.com\/avatar\/1f9eb71be33845f0afabce3791bc1c58ecdb0a25c62964987e5dbcf7a20d2ec7?s=96&d=mm&r=g","contentUrl":"https:\/\/secure.gravatar.com\/avatar\/1f9eb71be33845f0afabce3791bc1c58ecdb0a25c62964987e5dbcf7a20d2ec7?s=96&d=mm&r=g","caption":"tereza"},"url":"https:\/\/www.welovecycling.com\/wide\/author\/tereza\/"}]}},"_links":{"self":[{"href":"https:\/\/www.welovecycling.com\/wide\/wp-json\/wp\/v2\/posts\/194018","targetHints":{"allow":["GET"]}}],"collection":[{"href":"https:\/\/www.welovecycling.com\/wide\/wp-json\/wp\/v2\/posts"}],"about":[{"href":"https:\/\/www.welovecycling.com\/wide\/wp-json\/wp\/v2\/types\/post"}],"author":[{"embeddable":true,"href":"https:\/\/www.welovecycling.com\/wide\/wp-json\/wp\/v2\/users\/99"}],"replies":[{"embeddable":true,"href":"https:\/\/www.welovecycling.com\/wide\/wp-json\/wp\/v2\/comments?post=194018"}],"version-history":[{"count":1,"href":"https:\/\/www.welovecycling.com\/wide\/wp-json\/wp\/v2\/posts\/194018\/revisions"}],"predecessor-version":[{"id":194020,"href":"https:\/\/www.welovecycling.com\/wide\/wp-json\/wp\/v2\/posts\/194018\/revisions\/194020"}],"wp:featuredmedia":[{"embeddable":true,"href":"https:\/\/www.welovecycling.com\/wide\/wp-json\/wp\/v2\/media\/194019"}],"wp:attachment":[{"href":"https:\/\/www.welovecycling.com\/wide\/wp-json\/wp\/v2\/media?parent=194018"}],"wp:term":[{"taxonomy":"category","embeddable":true,"href":"https:\/\/www.welovecycling.com\/wide\/wp-json\/wp\/v2\/categories?post=194018"},{"taxonomy":"post_tag","embeddable":true,"href":"https:\/\/www.welovecycling.com\/wide\/wp-json\/wp\/v2\/tags?post=194018"},{"taxonomy":"global-categories","embeddable":true,"href":"https:\/\/www.welovecycling.com\/wide\/wp-json\/wp\/v2\/global-categories?post=194018"}],"curies":[{"name":"wp","href":"https:\/\/api.w.org\/{rel}","templated":true}]}}