{"id":194003,"date":"2023-09-27T16:24:23","date_gmt":"2023-09-27T16:24:23","guid":{"rendered":"https:\/\/www.welovecycling.com\/wide\/?p=194003"},"modified":"2023-09-27T16:24:23","modified_gmt":"2023-09-27T16:24:23","slug":"jumbo-visma-soudal-quickstep-merger-would-transform-worldtour","status":"publish","type":"post","link":"https:\/\/www.welovecycling.com\/wide\/2023\/09\/27\/jumbo-visma-soudal-quickstep-merger-would-transform-worldtour\/","title":{"rendered":"Jumbo-Visma, Soudal-QuickStep Merger Would Transform WorldTour"},"content":{"rendered":"<p style=\"font-weight: 400;\"><strong>The cycling transfer market, and the entire sport as well, has been shaken in recent days by reports in multiple publications of a possible merger between the WorldTour teams Jumbo-Visma and Soudal-QuickStep, to create what would be a super-team capable, at first glance, of monopolizing both Grand Tours and one-day Classics. <\/strong><\/p>\n<p><!--more--><\/p>\n<p style=\"font-weight: 400;\">The rumors were confirmed Sunday in <a href=\"https:\/\/www.wielerflits.nl\/nieuws\/jumbo-visma-werkt-aan-fusie-met-soudal-quick-step\/\">a report<\/a> in <em>WielerFlits<\/em> that relied on several anonymous sources, according to whom current Jumbo-Visma head Richard Plugge will become CEO of the new team, Jumbo\u2019s sports director Merijn Zeeman becomes head coach and Soudal\u2019s chief Patrick Levefere is to be a member of the team\u2019s Supervisory Board.<\/p>\n<p style=\"font-weight: 400;\">But it is the fates of the two team\u2019s 50 combined riders that is of even greater interest, especially those of this year\u2019s Giro d\u2019Italia winner Primo\u017e Rogli\u010d, who has reportedly been wooed by several teams, and Soudal\u2019s young superstar Remco Evenepoel. Should the merger be finalized \u2013 and <em>WielerFlits<\/em> reported that it is just a matter of time and ironing out a few details \u2013 then Rogli\u010d would almost surely leave Soudal-Visma (or Visma-Soudal).<\/p>\n<p style=\"font-weight: 400;\">According to <a href=\"https:\/\/ciclismoaldia.es\/ciclismo\/mercado-ciclista-los-4-equipos-que-estan-intentando-fichar-a-primoz-roglic\"><em>CyclingUptoDate<\/em><\/a>, four teams have already lined up with offers for the 33-year-old Slovenian and approached him during the recent Vuelta: Bahrain Victorious, Jayco AlUla, Lidl Trek and Movistar. Each of these teams is looking for a marquee rider who can bring them to the next level in Grand Tour racing, and Rogli\u010d certainly fits that bill, despite his age. His performance in the Giro and in the Vuelta this year, in which he finished a very strong third, proves that he is as good as he has ever been.<\/p>\n<figure id=\"attachment_193838\" aria-describedby=\"caption-attachment-193838\" style=\"width: 990px\" class=\"wp-caption alignnone\"><a href=\"https:\/\/d2p6e6u75xmxt8.cloudfront.net\/2\/2023\/09\/Primoz-Roglic-profimedia-0801682548-CVR.webp\"><img loading=\"lazy\" decoding=\"async\" class=\"wp-image-193838 size-full\" src=\"https:\/\/d2p6e6u75xmxt8.cloudfront.net\/2\/2023\/09\/Primoz-Roglic-profimedia-0801682548-CVR.webp\" alt=\"Primo\u017e Rogli\u010d\" width=\"990\" height=\"660\" srcset=\"https:\/\/d2p6e6u75xmxt8.cloudfront.net\/2\/2023\/09\/Primoz-Roglic-profimedia-0801682548-CVR.webp 990w, https:\/\/d2p6e6u75xmxt8.cloudfront.net\/2\/2023\/09\/Primoz-Roglic-profimedia-0801682548-CVR-300x200.webp 300w, https:\/\/d2p6e6u75xmxt8.cloudfront.net\/2\/2023\/09\/Primoz-Roglic-profimedia-0801682548-CVR-768x512.webp 768w, https:\/\/d2p6e6u75xmxt8.cloudfront.net\/2\/2023\/09\/Primoz-Roglic-profimedia-0801682548-CVR-400x267.webp 400w, https:\/\/d2p6e6u75xmxt8.cloudfront.net\/2\/2023\/09\/Primoz-Roglic-profimedia-0801682548-CVR-272x182.webp 272w\" sizes=\"auto, (max-width: 990px) 100vw, 990px\" \/><\/a><figcaption id=\"caption-attachment-193838\" class=\"wp-caption-text\">Where will Rogli\u010d be next year? \u00a9 Profimedia<\/figcaption><\/figure>\n<p style=\"font-weight: 400;\">As for Evenepoel, if Soudal is swallowed up by Visma, it is also much more likely that this year\u2019s world time trial champion will jump ship as well. Frustrated in the two Grand Tours he entered in 2023 and not entirely happy with Soudal-QuickStep\u2019s lack of experienced Tour de France domestiques, the 23-year-old has reportedly been flirting with several teams. But he has been most strongly linked to an eventual move to Ineos Grenadiers, whose Grand Tour experience and deep pockets would be a great fit.<\/p>\n<p style=\"font-weight: 400;\">In addition, it\u2019s difficult to see how a super-ambitious rider like Evenepoel could accept sharing the spotlight and the spoils with several teammates. He is currently the heart, soul and engine of Soudal-QuickStep. Could he really ride on a team that includes the two-time Tour champion Jonas Vingegaard and a strong Classics rival in Wout van Aert? Put another way, would Vingegaard give up his Tour de France ambitions for Evenepoel, or vice versa? \u00a0No and no. As his father, Patrick Evenepoel, put <a href=\"https:\/\/sporza.be\/nl\/2023\/09\/24\/-maak-ervan-wat-je-wilt-lefevere-en-evenepoel-reageren-op-fusiegeruchten-met-jumbo-visma~1695580482513\/\">it to <em>Sporza<\/em><\/a>, \u201cWe are shocked, and so is Remco. We don\u2019t know anything. Remco Evenepoel together with Jonas Vingegaard, Primo\u017e Rogli\u010d, Sepp Kuss and Wout van Aert would be many leaders in one team.\u201d <em>Too many<\/em> leaders is what he probably meant to say. I wouldn\u2019t be surprised if Evenepoel had already started packing his bags.<\/p>\n<p style=\"font-weight: 400;\">One of the big transfers of this season so far has been the move by the 33-year-old Spaniard Mikel Landa from Bahrain Victorious to Soudal, brought in by Lefevere to give Evenepoel a top climber and experienced Grand Tour rider to support his Tour de France ambitions. This move made Bahrain Victorious immediately in need of a top rider and especially eager to sign Rogli\u010d. And a future Soudal-Visma team would have in Landa a very strong domestique to aid Vingegaard and Kuss, if the American wants to continue on his Grand Tour journey, started almost accidentally with his victory in this year\u2019s Vuelta.<\/p>\n<p style=\"font-weight: 400;\">There are many questions that need to be answered before anything definitive can be said about next year\u2019s road racing competition. But it certainly looks as if the next few months will be busy ones for riders\u2019 agents and cycling journalists.<\/p>\n","protected":false},"excerpt":{"rendered":"<p>The cycling transfer market, and the entire sport as well, has been shaken in recent days by reports in multiple [&hellip;]<\/p>\n","protected":false},"author":99,"featured_media":194004,"comment_status":"closed","ping_status":"open","sticky":false,"template":"","format":"standard","meta":{"footnotes":""},"categories":[329],"tags":[2718,794,648,1221,3544,7380],"global-categories":[3366],"class_list":["post-194003","post","type-post","status-publish","format-standard","has-post-thumbnail","hentry","category-road-cycling","tag-jumbo-visma","tag-mikel-landa","tag-patrick-lefevere","tag-primoz-roglic","tag-remco-evenepoel","tag-soudal-quickstep","global-categories-cycling"],"yoast_head":"<!-- This site is optimized with the Yoast SEO Premium plugin v25.3 (Yoast SEO v25.9) - https:\/\/yoast.com\/wordpress\/plugins\/seo\/ -->\n<title>Jumbo-Visma, Soudal-QuickStep Merger Would Transform WorldTour<\/title>\n<meta name=\"description\" content=\"The cycling transfer market, and the entire sport as well, has been shaken in recent days by reports in multiple publications of a possible merger between\" \/>\n<meta name=\"robots\" content=\"index, follow, max-snippet:-1, max-image-preview:large, max-video-preview:-1\" \/>\n<link rel=\"canonical\" href=\"https:\/\/www.welovecycling.com\/wide\/2023\/09\/27\/jumbo-visma-soudal-quickstep-merger-would-transform-worldtour\/\" \/>\n<meta property=\"og:locale\" content=\"en_US\" \/>\n<meta property=\"og:type\" content=\"article\" \/>\n<meta property=\"og:title\" content=\"Jumbo-Visma, Soudal-QuickStep Merger Would Transform WorldTour\" \/>\n<meta property=\"og:description\" content=\"The cycling transfer market, and the entire sport as well, has been shaken in recent days by reports in multiple publications of a possible merger between\" \/>\n<meta property=\"og:url\" content=\"https:\/\/www.welovecycling.com\/wide\/2023\/09\/27\/jumbo-visma-soudal-quickstep-merger-would-transform-worldtour\/\" \/>\n<meta property=\"og:site_name\" content=\"\u0160koda We Love Cycling\" \/>\n<meta property=\"article:published_time\" content=\"2023-09-27T16:24:23+00:00\" \/>\n<meta property=\"og:image\" content=\"https:\/\/d2p6e6u75xmxt8.cloudfront.net\/2\/2023\/09\/Soudal-Quickstep-profimedia-0804555622-CVR.webp\" \/>\n\t<meta property=\"og:image:width\" content=\"990\" \/>\n\t<meta property=\"og:image:height\" content=\"660\" \/>\n\t<meta property=\"og:image:type\" content=\"image\/webp\" \/>\n<meta name=\"author\" content=\"tereza\" \/>\n<meta name=\"twitter:card\" content=\"summary_large_image\" \/>\n<meta name=\"twitter:label1\" content=\"Written by\" \/>\n\t<meta name=\"twitter:data1\" content=\"Siegfried Mortkowitz\" \/>\n\t<meta name=\"twitter:label2\" content=\"Est. reading time\" \/>\n\t<meta name=\"twitter:data2\" content=\"4\" \/>\n<script type=\"application\/ld+json\" class=\"yoast-schema-graph\">{\"@context\":\"https:\/\/schema.org\",\"@graph\":[{\"@type\":\"WebPage\",\"@id\":\"https:\/\/www.welovecycling.com\/wide\/2023\/09\/27\/jumbo-visma-soudal-quickstep-merger-would-transform-worldtour\/\",\"url\":\"https:\/\/www.welovecycling.com\/wide\/2023\/09\/27\/jumbo-visma-soudal-quickstep-merger-would-transform-worldtour\/\",\"name\":\"Jumbo-Visma, Soudal-QuickStep Merger Would Transform WorldTour\",\"isPartOf\":{\"@id\":\"https:\/\/www.welovecycling.com\/wide\/#website\"},\"primaryImageOfPage\":{\"@id\":\"https:\/\/www.welovecycling.com\/wide\/2023\/09\/27\/jumbo-visma-soudal-quickstep-merger-would-transform-worldtour\/#primaryimage\"},\"image\":{\"@id\":\"https:\/\/www.welovecycling.com\/wide\/2023\/09\/27\/jumbo-visma-soudal-quickstep-merger-would-transform-worldtour\/#primaryimage\"},\"thumbnailUrl\":\"https:\/\/d2p6e6u75xmxt8.cloudfront.net\/2\/2023\/09\/Soudal-Quickstep-profimedia-0804555622-CVR.webp\",\"datePublished\":\"2023-09-27T16:24:23+00:00\",\"author\":{\"@id\":\"https:\/\/www.welovecycling.com\/wide\/#\/schema\/person\/50f01ecd18718d2333cf72e823c4f926\"},\"description\":\"The cycling transfer market, and the entire sport as well, has been shaken in recent days by reports in multiple publications of a possible merger between\",\"breadcrumb\":{\"@id\":\"https:\/\/www.welovecycling.com\/wide\/2023\/09\/27\/jumbo-visma-soudal-quickstep-merger-would-transform-worldtour\/#breadcrumb\"},\"inLanguage\":\"en-US\",\"potentialAction\":[{\"@type\":\"ReadAction\",\"target\":[\"https:\/\/www.welovecycling.com\/wide\/2023\/09\/27\/jumbo-visma-soudal-quickstep-merger-would-transform-worldtour\/\"]}]},{\"@type\":\"ImageObject\",\"inLanguage\":\"en-US\",\"@id\":\"https:\/\/www.welovecycling.com\/wide\/2023\/09\/27\/jumbo-visma-soudal-quickstep-merger-would-transform-worldtour\/#primaryimage\",\"url\":\"https:\/\/d2p6e6u75xmxt8.cloudfront.net\/2\/2023\/09\/Soudal-Quickstep-profimedia-0804555622-CVR.webp\",\"contentUrl\":\"https:\/\/d2p6e6u75xmxt8.cloudfront.net\/2\/2023\/09\/Soudal-Quickstep-profimedia-0804555622-CVR.webp\",\"width\":990,\"height\":660,\"caption\":\"Soudal QuickStep Team\"},{\"@type\":\"BreadcrumbList\",\"@id\":\"https:\/\/www.welovecycling.com\/wide\/2023\/09\/27\/jumbo-visma-soudal-quickstep-merger-would-transform-worldtour\/#breadcrumb\",\"itemListElement\":[{\"@type\":\"ListItem\",\"position\":1,\"name\":\"Home\",\"item\":\"https:\/\/www.welovecycling.com\/wide\/\"},{\"@type\":\"ListItem\",\"position\":2,\"name\":\"Jumbo-Visma, Soudal-QuickStep Merger Would Transform WorldTour\"}]},{\"@type\":\"WebSite\",\"@id\":\"https:\/\/www.welovecycling.com\/wide\/#website\",\"url\":\"https:\/\/www.welovecycling.com\/wide\/\",\"name\":\"\u0160koda We Love Cycling\",\"description\":\"\u0160koda We Love Cycling magazine\",\"alternateName\":\"\u0160koda WLC\",\"potentialAction\":[{\"@type\":\"SearchAction\",\"target\":{\"@type\":\"EntryPoint\",\"urlTemplate\":\"https:\/\/www.welovecycling.com\/wide\/?s={search_term_string}\"},\"query-input\":{\"@type\":\"PropertyValueSpecification\",\"valueRequired\":true,\"valueName\":\"search_term_string\"}}],\"inLanguage\":\"en-US\"},{\"@type\":\"Person\",\"@id\":\"https:\/\/www.welovecycling.com\/wide\/#\/schema\/person\/50f01ecd18718d2333cf72e823c4f926\",\"name\":\"tereza\",\"image\":{\"@type\":\"ImageObject\",\"inLanguage\":\"en-US\",\"@id\":\"https:\/\/www.welovecycling.com\/wide\/#\/schema\/person\/image\/\",\"url\":\"https:\/\/secure.gravatar.com\/avatar\/1f9eb71be33845f0afabce3791bc1c58ecdb0a25c62964987e5dbcf7a20d2ec7?s=96&d=mm&r=g\",\"contentUrl\":\"https:\/\/secure.gravatar.com\/avatar\/1f9eb71be33845f0afabce3791bc1c58ecdb0a25c62964987e5dbcf7a20d2ec7?s=96&d=mm&r=g\",\"caption\":\"tereza\"},\"url\":\"https:\/\/www.welovecycling.com\/wide\/author\/tereza\/\"}]}<\/script>\n<!-- \/ Yoast SEO Premium plugin. -->","yoast_head_json":{"title":"Jumbo-Visma, Soudal-QuickStep Merger Would Transform WorldTour","description":"The cycling transfer market, and the entire sport as well, has been shaken in recent days by reports in multiple publications of a possible merger between","robots":{"index":"index","follow":"follow","max-snippet":"max-snippet:-1","max-image-preview":"max-image-preview:large","max-video-preview":"max-video-preview:-1"},"canonical":"https:\/\/www.welovecycling.com\/wide\/2023\/09\/27\/jumbo-visma-soudal-quickstep-merger-would-transform-worldtour\/","og_locale":"en_US","og_type":"article","og_title":"Jumbo-Visma, Soudal-QuickStep Merger Would Transform WorldTour","og_description":"The cycling transfer market, and the entire sport as well, has been shaken in recent days by reports in multiple publications of a possible merger between","og_url":"https:\/\/www.welovecycling.com\/wide\/2023\/09\/27\/jumbo-visma-soudal-quickstep-merger-would-transform-worldtour\/","og_site_name":"\u0160koda We Love Cycling","article_published_time":"2023-09-27T16:24:23+00:00","og_image":[{"width":990,"height":660,"url":"https:\/\/d2p6e6u75xmxt8.cloudfront.net\/2\/2023\/09\/Soudal-Quickstep-profimedia-0804555622-CVR.webp","type":"image\/webp"}],"author":"tereza","twitter_card":"summary_large_image","twitter_misc":{"Written by":"Siegfried Mortkowitz","Est. reading time":"4"},"schema":{"@context":"https:\/\/schema.org","@graph":[{"@type":"WebPage","@id":"https:\/\/www.welovecycling.com\/wide\/2023\/09\/27\/jumbo-visma-soudal-quickstep-merger-would-transform-worldtour\/","url":"https:\/\/www.welovecycling.com\/wide\/2023\/09\/27\/jumbo-visma-soudal-quickstep-merger-would-transform-worldtour\/","name":"Jumbo-Visma, Soudal-QuickStep Merger Would Transform WorldTour","isPartOf":{"@id":"https:\/\/www.welovecycling.com\/wide\/#website"},"primaryImageOfPage":{"@id":"https:\/\/www.welovecycling.com\/wide\/2023\/09\/27\/jumbo-visma-soudal-quickstep-merger-would-transform-worldtour\/#primaryimage"},"image":{"@id":"https:\/\/www.welovecycling.com\/wide\/2023\/09\/27\/jumbo-visma-soudal-quickstep-merger-would-transform-worldtour\/#primaryimage"},"thumbnailUrl":"https:\/\/d2p6e6u75xmxt8.cloudfront.net\/2\/2023\/09\/Soudal-Quickstep-profimedia-0804555622-CVR.webp","datePublished":"2023-09-27T16:24:23+00:00","author":{"@id":"https:\/\/www.welovecycling.com\/wide\/#\/schema\/person\/50f01ecd18718d2333cf72e823c4f926"},"description":"The cycling transfer market, and the entire sport as well, has been shaken in recent days by reports in multiple publications of a possible merger between","breadcrumb":{"@id":"https:\/\/www.welovecycling.com\/wide\/2023\/09\/27\/jumbo-visma-soudal-quickstep-merger-would-transform-worldtour\/#breadcrumb"},"inLanguage":"en-US","potentialAction":[{"@type":"ReadAction","target":["https:\/\/www.welovecycling.com\/wide\/2023\/09\/27\/jumbo-visma-soudal-quickstep-merger-would-transform-worldtour\/"]}]},{"@type":"ImageObject","inLanguage":"en-US","@id":"https:\/\/www.welovecycling.com\/wide\/2023\/09\/27\/jumbo-visma-soudal-quickstep-merger-would-transform-worldtour\/#primaryimage","url":"https:\/\/d2p6e6u75xmxt8.cloudfront.net\/2\/2023\/09\/Soudal-Quickstep-profimedia-0804555622-CVR.webp","contentUrl":"https:\/\/d2p6e6u75xmxt8.cloudfront.net\/2\/2023\/09\/Soudal-Quickstep-profimedia-0804555622-CVR.webp","width":990,"height":660,"caption":"Soudal QuickStep Team"},{"@type":"BreadcrumbList","@id":"https:\/\/www.welovecycling.com\/wide\/2023\/09\/27\/jumbo-visma-soudal-quickstep-merger-would-transform-worldtour\/#breadcrumb","itemListElement":[{"@type":"ListItem","position":1,"name":"Home","item":"https:\/\/www.welovecycling.com\/wide\/"},{"@type":"ListItem","position":2,"name":"Jumbo-Visma, Soudal-QuickStep Merger Would Transform WorldTour"}]},{"@type":"WebSite","@id":"https:\/\/www.welovecycling.com\/wide\/#website","url":"https:\/\/www.welovecycling.com\/wide\/","name":"\u0160koda We Love Cycling","description":"\u0160koda We Love Cycling magazine","alternateName":"\u0160koda WLC","potentialAction":[{"@type":"SearchAction","target":{"@type":"EntryPoint","urlTemplate":"https:\/\/www.welovecycling.com\/wide\/?s={search_term_string}"},"query-input":{"@type":"PropertyValueSpecification","valueRequired":true,"valueName":"search_term_string"}}],"inLanguage":"en-US"},{"@type":"Person","@id":"https:\/\/www.welovecycling.com\/wide\/#\/schema\/person\/50f01ecd18718d2333cf72e823c4f926","name":"tereza","image":{"@type":"ImageObject","inLanguage":"en-US","@id":"https:\/\/www.welovecycling.com\/wide\/#\/schema\/person\/image\/","url":"https:\/\/secure.gravatar.com\/avatar\/1f9eb71be33845f0afabce3791bc1c58ecdb0a25c62964987e5dbcf7a20d2ec7?s=96&d=mm&r=g","contentUrl":"https:\/\/secure.gravatar.com\/avatar\/1f9eb71be33845f0afabce3791bc1c58ecdb0a25c62964987e5dbcf7a20d2ec7?s=96&d=mm&r=g","caption":"tereza"},"url":"https:\/\/www.welovecycling.com\/wide\/author\/tereza\/"}]}},"_links":{"self":[{"href":"https:\/\/www.welovecycling.com\/wide\/wp-json\/wp\/v2\/posts\/194003","targetHints":{"allow":["GET"]}}],"collection":[{"href":"https:\/\/www.welovecycling.com\/wide\/wp-json\/wp\/v2\/posts"}],"about":[{"href":"https:\/\/www.welovecycling.com\/wide\/wp-json\/wp\/v2\/types\/post"}],"author":[{"embeddable":true,"href":"https:\/\/www.welovecycling.com\/wide\/wp-json\/wp\/v2\/users\/99"}],"replies":[{"embeddable":true,"href":"https:\/\/www.welovecycling.com\/wide\/wp-json\/wp\/v2\/comments?post=194003"}],"version-history":[{"count":1,"href":"https:\/\/www.welovecycling.com\/wide\/wp-json\/wp\/v2\/posts\/194003\/revisions"}],"predecessor-version":[{"id":194005,"href":"https:\/\/www.welovecycling.com\/wide\/wp-json\/wp\/v2\/posts\/194003\/revisions\/194005"}],"wp:featuredmedia":[{"embeddable":true,"href":"https:\/\/www.welovecycling.com\/wide\/wp-json\/wp\/v2\/media\/194004"}],"wp:attachment":[{"href":"https:\/\/www.welovecycling.com\/wide\/wp-json\/wp\/v2\/media?parent=194003"}],"wp:term":[{"taxonomy":"category","embeddable":true,"href":"https:\/\/www.welovecycling.com\/wide\/wp-json\/wp\/v2\/categories?post=194003"},{"taxonomy":"post_tag","embeddable":true,"href":"https:\/\/www.welovecycling.com\/wide\/wp-json\/wp\/v2\/tags?post=194003"},{"taxonomy":"global-categories","embeddable":true,"href":"https:\/\/www.welovecycling.com\/wide\/wp-json\/wp\/v2\/global-categories?post=194003"}],"curies":[{"name":"wp","href":"https:\/\/api.w.org\/{rel}","templated":true}]}}