{"id":193995,"date":"2023-09-26T21:23:08","date_gmt":"2023-09-26T21:23:08","guid":{"rendered":"https:\/\/www.welovecycling.com\/wide\/?p=193995"},"modified":"2023-09-26T21:23:08","modified_gmt":"2023-09-26T21:23:08","slug":"power-numbers-in-grand-tours-femmes","status":"publish","type":"post","link":"https:\/\/www.welovecycling.com\/wide\/2023\/09\/26\/power-numbers-in-grand-tours-femmes\/","title":{"rendered":"Power Numbers in Grand Tours \u2013 Femmes"},"content":{"rendered":"<p style=\"font-weight: 400;\"><strong>Tour de France Femmes avec Zwift 2023 showed us that women are also putting out incredible power numbers this year. Let\u2019s take a look at some of the amazing performances in breakaways, time trials, and climbs.<\/strong><\/p>\n<p><!--more--><\/p>\n<h2><strong>Breakaway<\/strong><\/h2>\n<p style=\"font-weight: 400;\">After only 24 km in stage 3 of this year\u2019s <a href=\"https:\/\/www.letourfemmes.fr\/en\/\">Tour de France Femmes avec Zwift<\/a> we saw 14 riders form a breakaway that gradually gained about 10 minutes on the peloton. With 28 km remaining in the stage, Yara Kastelijn battled Audrey Cordon-Ragot for bonus points at the intermediate sprint. She lost the sprint but decided to keep going and was able to distance herself from the breakaway.<\/p>\n<p style=\"font-weight: 400;\">Back in the peloton, <a href=\"https:\/\/www.welovecycling.com\/wide\/2023\/09\/01\/annemiek-van-vleutens-remarkable-cycling-career\/\" target=\"_blank\" rel=\"noopener\">Annemiek van Vleuten<\/a> and Demi Vollering were attacking each other, thinning out the pack. The GC duo managed to catch the breakaway, but Yara Kastelijn was still more than 1 minute ahead when she crossed the finish line. Here are the impressive power numbers that Kastelijn put out during her 37 minutes of riding solo where she had to climb C\u00f4te de Moyrazes and C\u00f4te de Lavernhe to win the stage.<\/p>\n<p style=\"font-weight: 400;\"><strong>Kastelijn (37 minutes solo to the finish)<\/strong>: average power 238W (~4.6W\/kg)<\/p>\n<p style=\"font-weight: 400;\"><strong>Kastelijn (C\u00f4te de Moyrazes):<\/strong> time 13:21; average power 265W (~5.1W\/kg)<\/p>\n<figure id=\"attachment_193997\" aria-describedby=\"caption-attachment-193997\" style=\"width: 1250px\" class=\"wp-caption alignnone\"><a href=\"https:\/\/d2p6e6u75xmxt8.cloudfront.net\/2\/2023\/09\/Tour-de-France-Femmes-profimedia-0793396485.webp\"><img loading=\"lazy\" decoding=\"async\" class=\"size-full wp-image-193997\" src=\"https:\/\/d2p6e6u75xmxt8.cloudfront.net\/2\/2023\/09\/Tour-de-France-Femmes-profimedia-0793396485.webp\" alt=\"\" width=\"1250\" height=\"833\" srcset=\"https:\/\/d2p6e6u75xmxt8.cloudfront.net\/2\/2023\/09\/Tour-de-France-Femmes-profimedia-0793396485.webp 1250w, https:\/\/d2p6e6u75xmxt8.cloudfront.net\/2\/2023\/09\/Tour-de-France-Femmes-profimedia-0793396485-300x200.webp 300w, https:\/\/d2p6e6u75xmxt8.cloudfront.net\/2\/2023\/09\/Tour-de-France-Femmes-profimedia-0793396485-1024x682.webp 1024w, https:\/\/d2p6e6u75xmxt8.cloudfront.net\/2\/2023\/09\/Tour-de-France-Femmes-profimedia-0793396485-768x512.webp 768w, https:\/\/d2p6e6u75xmxt8.cloudfront.net\/2\/2023\/09\/Tour-de-France-Femmes-profimedia-0793396485-400x267.webp 400w, https:\/\/d2p6e6u75xmxt8.cloudfront.net\/2\/2023\/09\/Tour-de-France-Femmes-profimedia-0793396485-272x182.webp 272w\" sizes=\"auto, (max-width: 1250px) 100vw, 1250px\" \/><\/a><figcaption id=\"caption-attachment-193997\" class=\"wp-caption-text\">Cedrine Kerbaol, Lotte Kopecky, Ashleigh Moolman and Yara Kastelijn at the start of stage 6 of the Tour de France Femmes avec Zwift. \u00a9 Profimedia<\/figcaption><\/figure>\n<h2><strong>Col d\u2019Aspin<\/strong><\/h2>\n<p style=\"font-weight: 400;\">Stage 7 was definitely the most demanding and exciting stage of the Tour de France Femmes, with two epic climbs Col d\u2019Aspin (12 km with a gradient of 6.6%) and Col du Tourmalet (17.2 km with a gradient of 7.3%). The GC teams didn\u2019t hold back and started pushing on Col d\u2019Aspin already. Annemiek van Vleuten attacked 5 km before the top of Col d\u2019Aspin and only Demi Vollering and Kasia Niewiadoma were able to follow.<\/p>\n<p style=\"font-weight: 400;\"><strong>Niewiadoma (Col d\u2019Aspin):<\/strong> time 34:51; average power 255W (~5.2W\/kg)<\/p>\n<h2><strong>Col du Tourmalet<\/strong><\/h2>\n<p style=\"font-weight: 400;\">Kasia Niewiadoma was able to break away from Van Vleuten and Vollering on the descent from Col d\u2019Aspin and built a lead of 58 seconds going into Col du Tourmalet. She paced her climb perfectly at around 255W despite the increasing altitude and dramatic foggy weather. Demi Vollering attacked with 5.7 km to go and showed the climbing performance of her life. She swiftly closed the gap to Niewiadoma and flew by to stage win nearly 2 minutes ahead of Kasia. Vollering was able to increase her effort by almost 0.5W\/kg during her attack when everyone else was maxing out, truly incredible climbing.<\/p>\n<p style=\"font-weight: 400;\"><strong>Vollering (Col du Tourmalet):<\/strong> time 53:42; average power ~5.1W\/kg; Last 5.7 km time 20:06; average power ~5.5W\/kg<\/p>\n<h2><strong>Time trial<\/strong><\/h2>\n<p style=\"font-weight: 400;\">The last stage of Tour de France Femmes was a 22.6 km long individual time trial that included a stinging climb (1.4 km at a 7.4% gradient) in the middle. Kasia Niewiadoma was fighting for a spot on the GC podium and showed one of the best time-trial performances of her career. She blew past the first half of the course averaging 270W (5.5W\/kg). She didn\u2019t keep the same power in the second half but still managed to finish 9th in the stage beating Annemiek van Vleuten, the time trial world champion, by 18 seconds. This performance secured her 3<sup>rd<\/sup> place in the GC.<\/p>\n<p style=\"font-weight: 400;\"><strong>Niewiadoma (time trial):<\/strong> time 29:33; average power 259W (5.3W\/kg); peak 5-minute power 289W (5.9W\/kg<\/p>\n","protected":false},"excerpt":{"rendered":"<p>Tour de France Femmes avec Zwift 2023 showed us that women are also putting out incredible power numbers this year. [&hellip;]<\/p>\n","protected":false},"author":99,"featured_media":193996,"comment_status":"closed","ping_status":"open","sticky":false,"template":"","format":"standard","meta":{"footnotes":""},"categories":[329],"tags":[7143,3771,2043,5523,7353],"global-categories":[3366],"class_list":["post-193995","post","type-post","status-publish","format-standard","has-post-thumbnail","hentry","category-road-cycling","tag-2023-tour-de-france-femmes-avec-zwift","tag-demi-vollering","tag-kasia-niewiadoma","tag-tour-de-france-femmes-avec-zwift","tag-yara-kastelijn","global-categories-cycling"],"yoast_head":"<!-- This site is optimized with the Yoast SEO Premium plugin v25.3 (Yoast SEO v25.9) - https:\/\/yoast.com\/wordpress\/plugins\/seo\/ -->\n<title>Power Numbers in Grand Tours \u2013 Femmes - \u0160koda We Love Cycling<\/title>\n<meta name=\"description\" content=\"Tour de France Femmes avec Zwift 2023 showed us that women are also putting out incredible power numbers this year. Let\u2019s take a look at some of the\" \/>\n<meta name=\"robots\" content=\"index, follow, max-snippet:-1, max-image-preview:large, max-video-preview:-1\" \/>\n<link rel=\"canonical\" href=\"https:\/\/www.welovecycling.com\/wide\/2023\/09\/26\/power-numbers-in-grand-tours-femmes\/\" \/>\n<meta property=\"og:locale\" content=\"en_US\" \/>\n<meta property=\"og:type\" content=\"article\" \/>\n<meta property=\"og:title\" content=\"Power Numbers in Grand Tours \u2013 Femmes\" \/>\n<meta property=\"og:description\" content=\"Tour de France Femmes avec Zwift 2023 showed us that women are also putting out incredible power numbers this year. Let\u2019s take a look at some of the\" \/>\n<meta property=\"og:url\" content=\"https:\/\/www.welovecycling.com\/wide\/2023\/09\/26\/power-numbers-in-grand-tours-femmes\/\" \/>\n<meta property=\"og:site_name\" content=\"\u0160koda We Love Cycling\" \/>\n<meta property=\"article:published_time\" content=\"2023-09-26T21:23:08+00:00\" \/>\n<meta property=\"og:image\" content=\"https:\/\/d2p6e6u75xmxt8.cloudfront.net\/2\/2023\/09\/Tour-de-France-Femmes-profimedia-0792141696-CVR.webp\" \/>\n\t<meta property=\"og:image:width\" content=\"990\" \/>\n\t<meta property=\"og:image:height\" content=\"660\" \/>\n\t<meta property=\"og:image:type\" content=\"image\/webp\" \/>\n<meta name=\"author\" content=\"tereza\" \/>\n<meta name=\"twitter:card\" content=\"summary_large_image\" \/>\n<meta name=\"twitter:label1\" content=\"Written by\" \/>\n\t<meta name=\"twitter:data1\" content=\"Jiri Kaloc\" \/>\n\t<meta name=\"twitter:label2\" content=\"Est. reading time\" \/>\n\t<meta name=\"twitter:data2\" content=\"3\" \/>\n<script type=\"application\/ld+json\" class=\"yoast-schema-graph\">{\"@context\":\"https:\/\/schema.org\",\"@graph\":[{\"@type\":\"WebPage\",\"@id\":\"https:\/\/www.welovecycling.com\/wide\/2023\/09\/26\/power-numbers-in-grand-tours-femmes\/\",\"url\":\"https:\/\/www.welovecycling.com\/wide\/2023\/09\/26\/power-numbers-in-grand-tours-femmes\/\",\"name\":\"Power Numbers in Grand Tours \u2013 Femmes - \u0160koda We Love Cycling\",\"isPartOf\":{\"@id\":\"https:\/\/www.welovecycling.com\/wide\/#website\"},\"primaryImageOfPage\":{\"@id\":\"https:\/\/www.welovecycling.com\/wide\/2023\/09\/26\/power-numbers-in-grand-tours-femmes\/#primaryimage\"},\"image\":{\"@id\":\"https:\/\/www.welovecycling.com\/wide\/2023\/09\/26\/power-numbers-in-grand-tours-femmes\/#primaryimage\"},\"thumbnailUrl\":\"https:\/\/d2p6e6u75xmxt8.cloudfront.net\/2\/2023\/09\/Tour-de-France-Femmes-profimedia-0792141696-CVR.webp\",\"datePublished\":\"2023-09-26T21:23:08+00:00\",\"author\":{\"@id\":\"https:\/\/www.welovecycling.com\/wide\/#\/schema\/person\/50f01ecd18718d2333cf72e823c4f926\"},\"description\":\"Tour de France Femmes avec Zwift 2023 showed us that women are also putting out incredible power numbers this year. Let\u2019s take a look at some of the\",\"breadcrumb\":{\"@id\":\"https:\/\/www.welovecycling.com\/wide\/2023\/09\/26\/power-numbers-in-grand-tours-femmes\/#breadcrumb\"},\"inLanguage\":\"en-US\",\"potentialAction\":[{\"@type\":\"ReadAction\",\"target\":[\"https:\/\/www.welovecycling.com\/wide\/2023\/09\/26\/power-numbers-in-grand-tours-femmes\/\"]}]},{\"@type\":\"ImageObject\",\"inLanguage\":\"en-US\",\"@id\":\"https:\/\/www.welovecycling.com\/wide\/2023\/09\/26\/power-numbers-in-grand-tours-femmes\/#primaryimage\",\"url\":\"https:\/\/d2p6e6u75xmxt8.cloudfront.net\/2\/2023\/09\/Tour-de-France-Femmes-profimedia-0792141696-CVR.webp\",\"contentUrl\":\"https:\/\/d2p6e6u75xmxt8.cloudfront.net\/2\/2023\/09\/Tour-de-France-Femmes-profimedia-0792141696-CVR.webp\",\"width\":990,\"height\":660,\"caption\":\"Tour de France Femmes\"},{\"@type\":\"BreadcrumbList\",\"@id\":\"https:\/\/www.welovecycling.com\/wide\/2023\/09\/26\/power-numbers-in-grand-tours-femmes\/#breadcrumb\",\"itemListElement\":[{\"@type\":\"ListItem\",\"position\":1,\"name\":\"Home\",\"item\":\"https:\/\/www.welovecycling.com\/wide\/\"},{\"@type\":\"ListItem\",\"position\":2,\"name\":\"Power Numbers in Grand Tours \u2013 Femmes\"}]},{\"@type\":\"WebSite\",\"@id\":\"https:\/\/www.welovecycling.com\/wide\/#website\",\"url\":\"https:\/\/www.welovecycling.com\/wide\/\",\"name\":\"\u0160koda We Love Cycling\",\"description\":\"\u0160koda We Love Cycling magazine\",\"alternateName\":\"\u0160koda WLC\",\"potentialAction\":[{\"@type\":\"SearchAction\",\"target\":{\"@type\":\"EntryPoint\",\"urlTemplate\":\"https:\/\/www.welovecycling.com\/wide\/?s={search_term_string}\"},\"query-input\":{\"@type\":\"PropertyValueSpecification\",\"valueRequired\":true,\"valueName\":\"search_term_string\"}}],\"inLanguage\":\"en-US\"},{\"@type\":\"Person\",\"@id\":\"https:\/\/www.welovecycling.com\/wide\/#\/schema\/person\/50f01ecd18718d2333cf72e823c4f926\",\"name\":\"tereza\",\"image\":{\"@type\":\"ImageObject\",\"inLanguage\":\"en-US\",\"@id\":\"https:\/\/www.welovecycling.com\/wide\/#\/schema\/person\/image\/\",\"url\":\"https:\/\/secure.gravatar.com\/avatar\/1f9eb71be33845f0afabce3791bc1c58ecdb0a25c62964987e5dbcf7a20d2ec7?s=96&d=mm&r=g\",\"contentUrl\":\"https:\/\/secure.gravatar.com\/avatar\/1f9eb71be33845f0afabce3791bc1c58ecdb0a25c62964987e5dbcf7a20d2ec7?s=96&d=mm&r=g\",\"caption\":\"tereza\"},\"url\":\"https:\/\/www.welovecycling.com\/wide\/author\/tereza\/\"}]}<\/script>\n<!-- \/ Yoast SEO Premium plugin. -->","yoast_head_json":{"title":"Power Numbers in Grand Tours \u2013 Femmes - \u0160koda We Love Cycling","description":"Tour de France Femmes avec Zwift 2023 showed us that women are also putting out incredible power numbers this year. Let\u2019s take a look at some of the","robots":{"index":"index","follow":"follow","max-snippet":"max-snippet:-1","max-image-preview":"max-image-preview:large","max-video-preview":"max-video-preview:-1"},"canonical":"https:\/\/www.welovecycling.com\/wide\/2023\/09\/26\/power-numbers-in-grand-tours-femmes\/","og_locale":"en_US","og_type":"article","og_title":"Power Numbers in Grand Tours \u2013 Femmes","og_description":"Tour de France Femmes avec Zwift 2023 showed us that women are also putting out incredible power numbers this year. Let\u2019s take a look at some of the","og_url":"https:\/\/www.welovecycling.com\/wide\/2023\/09\/26\/power-numbers-in-grand-tours-femmes\/","og_site_name":"\u0160koda We Love Cycling","article_published_time":"2023-09-26T21:23:08+00:00","og_image":[{"width":990,"height":660,"url":"https:\/\/d2p6e6u75xmxt8.cloudfront.net\/2\/2023\/09\/Tour-de-France-Femmes-profimedia-0792141696-CVR.webp","type":"image\/webp"}],"author":"tereza","twitter_card":"summary_large_image","twitter_misc":{"Written by":"Jiri Kaloc","Est. reading time":"3"},"schema":{"@context":"https:\/\/schema.org","@graph":[{"@type":"WebPage","@id":"https:\/\/www.welovecycling.com\/wide\/2023\/09\/26\/power-numbers-in-grand-tours-femmes\/","url":"https:\/\/www.welovecycling.com\/wide\/2023\/09\/26\/power-numbers-in-grand-tours-femmes\/","name":"Power Numbers in Grand Tours \u2013 Femmes - \u0160koda We Love Cycling","isPartOf":{"@id":"https:\/\/www.welovecycling.com\/wide\/#website"},"primaryImageOfPage":{"@id":"https:\/\/www.welovecycling.com\/wide\/2023\/09\/26\/power-numbers-in-grand-tours-femmes\/#primaryimage"},"image":{"@id":"https:\/\/www.welovecycling.com\/wide\/2023\/09\/26\/power-numbers-in-grand-tours-femmes\/#primaryimage"},"thumbnailUrl":"https:\/\/d2p6e6u75xmxt8.cloudfront.net\/2\/2023\/09\/Tour-de-France-Femmes-profimedia-0792141696-CVR.webp","datePublished":"2023-09-26T21:23:08+00:00","author":{"@id":"https:\/\/www.welovecycling.com\/wide\/#\/schema\/person\/50f01ecd18718d2333cf72e823c4f926"},"description":"Tour de France Femmes avec Zwift 2023 showed us that women are also putting out incredible power numbers this year. Let\u2019s take a look at some of the","breadcrumb":{"@id":"https:\/\/www.welovecycling.com\/wide\/2023\/09\/26\/power-numbers-in-grand-tours-femmes\/#breadcrumb"},"inLanguage":"en-US","potentialAction":[{"@type":"ReadAction","target":["https:\/\/www.welovecycling.com\/wide\/2023\/09\/26\/power-numbers-in-grand-tours-femmes\/"]}]},{"@type":"ImageObject","inLanguage":"en-US","@id":"https:\/\/www.welovecycling.com\/wide\/2023\/09\/26\/power-numbers-in-grand-tours-femmes\/#primaryimage","url":"https:\/\/d2p6e6u75xmxt8.cloudfront.net\/2\/2023\/09\/Tour-de-France-Femmes-profimedia-0792141696-CVR.webp","contentUrl":"https:\/\/d2p6e6u75xmxt8.cloudfront.net\/2\/2023\/09\/Tour-de-France-Femmes-profimedia-0792141696-CVR.webp","width":990,"height":660,"caption":"Tour de France Femmes"},{"@type":"BreadcrumbList","@id":"https:\/\/www.welovecycling.com\/wide\/2023\/09\/26\/power-numbers-in-grand-tours-femmes\/#breadcrumb","itemListElement":[{"@type":"ListItem","position":1,"name":"Home","item":"https:\/\/www.welovecycling.com\/wide\/"},{"@type":"ListItem","position":2,"name":"Power Numbers in Grand Tours \u2013 Femmes"}]},{"@type":"WebSite","@id":"https:\/\/www.welovecycling.com\/wide\/#website","url":"https:\/\/www.welovecycling.com\/wide\/","name":"\u0160koda We Love Cycling","description":"\u0160koda We Love Cycling magazine","alternateName":"\u0160koda WLC","potentialAction":[{"@type":"SearchAction","target":{"@type":"EntryPoint","urlTemplate":"https:\/\/www.welovecycling.com\/wide\/?s={search_term_string}"},"query-input":{"@type":"PropertyValueSpecification","valueRequired":true,"valueName":"search_term_string"}}],"inLanguage":"en-US"},{"@type":"Person","@id":"https:\/\/www.welovecycling.com\/wide\/#\/schema\/person\/50f01ecd18718d2333cf72e823c4f926","name":"tereza","image":{"@type":"ImageObject","inLanguage":"en-US","@id":"https:\/\/www.welovecycling.com\/wide\/#\/schema\/person\/image\/","url":"https:\/\/secure.gravatar.com\/avatar\/1f9eb71be33845f0afabce3791bc1c58ecdb0a25c62964987e5dbcf7a20d2ec7?s=96&d=mm&r=g","contentUrl":"https:\/\/secure.gravatar.com\/avatar\/1f9eb71be33845f0afabce3791bc1c58ecdb0a25c62964987e5dbcf7a20d2ec7?s=96&d=mm&r=g","caption":"tereza"},"url":"https:\/\/www.welovecycling.com\/wide\/author\/tereza\/"}]}},"_links":{"self":[{"href":"https:\/\/www.welovecycling.com\/wide\/wp-json\/wp\/v2\/posts\/193995","targetHints":{"allow":["GET"]}}],"collection":[{"href":"https:\/\/www.welovecycling.com\/wide\/wp-json\/wp\/v2\/posts"}],"about":[{"href":"https:\/\/www.welovecycling.com\/wide\/wp-json\/wp\/v2\/types\/post"}],"author":[{"embeddable":true,"href":"https:\/\/www.welovecycling.com\/wide\/wp-json\/wp\/v2\/users\/99"}],"replies":[{"embeddable":true,"href":"https:\/\/www.welovecycling.com\/wide\/wp-json\/wp\/v2\/comments?post=193995"}],"version-history":[{"count":1,"href":"https:\/\/www.welovecycling.com\/wide\/wp-json\/wp\/v2\/posts\/193995\/revisions"}],"predecessor-version":[{"id":193998,"href":"https:\/\/www.welovecycling.com\/wide\/wp-json\/wp\/v2\/posts\/193995\/revisions\/193998"}],"wp:featuredmedia":[{"embeddable":true,"href":"https:\/\/www.welovecycling.com\/wide\/wp-json\/wp\/v2\/media\/193996"}],"wp:attachment":[{"href":"https:\/\/www.welovecycling.com\/wide\/wp-json\/wp\/v2\/media?parent=193995"}],"wp:term":[{"taxonomy":"category","embeddable":true,"href":"https:\/\/www.welovecycling.com\/wide\/wp-json\/wp\/v2\/categories?post=193995"},{"taxonomy":"post_tag","embeddable":true,"href":"https:\/\/www.welovecycling.com\/wide\/wp-json\/wp\/v2\/tags?post=193995"},{"taxonomy":"global-categories","embeddable":true,"href":"https:\/\/www.welovecycling.com\/wide\/wp-json\/wp\/v2\/global-categories?post=193995"}],"curies":[{"name":"wp","href":"https:\/\/api.w.org\/{rel}","templated":true}]}}