{"id":193973,"date":"2023-09-21T11:23:31","date_gmt":"2023-09-21T11:23:31","guid":{"rendered":"https:\/\/www.welovecycling.com\/wide\/?p=193973"},"modified":"2023-09-21T11:23:31","modified_gmt":"2023-09-21T11:23:31","slug":"reusser-and-tarling-dominate-european-itt-championships","status":"publish","type":"post","link":"https:\/\/www.welovecycling.com\/wide\/2023\/09\/21\/reusser-and-tarling-dominate-european-itt-championships\/","title":{"rendered":"Reusser and Tarling Dominate European ITT Championships"},"content":{"rendered":"<p><strong>Switzerland\u2019s Marlen Reusser and 19-year-old Josh Tarling of Great Britain dominated their respective 2023 European time trial championship races on a windy course in the Dutch town of Emmen.<\/strong><\/p>\n<p><!--more--><\/p>\n<p>In Wednesday\u2019s <a href=\"https:\/\/www.uec.ch\/en\/Trials\">Elite Women\u2019s ITT,<\/a> Reusser lived up to her reputation as the best female time trial rider in the world with an impressive display of power riding. In winning her third European time trial championship in succession, the 32-year-old Swiss rider covered the flat and mostly straight 28.6 km course in 35\u201d 53\u2019, an average speed of 48.3 kph. And best of all, she did it on her birthday. \u201cIt\u2019s really special to win it a third time,\u201d she told Eurosport. \u201cAnd today is my birthday, so it is really a special day.\u201d Asked how she liked riding on the uncomplicated course, she said, \u201cIt was nice, but I prefer a more interesting [course].\u201d<\/p>\n<p>The SD Worx rider is having an excellent year, having won the Tour de France ITT and the Tour de Suisse GC and ITT earlier in the season. Reusser beat the second-place finisher, Anna Henderson of Great Britain, by a whopping 43 seconds, the equivalent of a trouncing on such a short course. <a href=\"https:\/\/www.welovecycling.com\/wide\/2023\/08\/10\/opinion-is-lotte-kopecky-the-best-female-cyclist-in-the-world\/\" target=\"_blank\" rel=\"noopener\">Lotte Kopecky,<\/a> the reigning world road race champion, finished fifth, 49 seconds adrift.<\/p>\n<p>Later on the same day, and riding on the same roads, Tarling matched Reusser\u2019s performance in the men\u2019s ITT, racing the 29.8 km course in 31\u201d 30\u2019, 42 seconds ahead of defending champion Stefan Bissiger of Switzerland. The Belgian all-rounder Wout van Aert finished 1 second farther back in third. The winner\u2019s average speed was 56.76 kph. In August, Tarling placed third in the UCI World Championship ITT, behind Filippo Ganna and Remco Evenepoel, and earlier in the year, he became the youngest-ever rider to win the British national time trial championship.<\/p>\n<figure id=\"attachment_193975\" aria-describedby=\"caption-attachment-193975\" style=\"width: 1250px\" class=\"wp-caption alignnone\"><a href=\"https:\/\/d2p6e6u75xmxt8.cloudfront.net\/2\/2023\/09\/Bissegger-Tarling-Van-Aert-ITT-profimedia-0806856747.webp\"><img loading=\"lazy\" decoding=\"async\" class=\"wp-image-193975 size-full\" src=\"https:\/\/d2p6e6u75xmxt8.cloudfront.net\/2\/2023\/09\/Bissegger-Tarling-Van-Aert-ITT-profimedia-0806856747.webp\" alt=\"European Championships ITT\" width=\"1250\" height=\"833\" srcset=\"https:\/\/d2p6e6u75xmxt8.cloudfront.net\/2\/2023\/09\/Bissegger-Tarling-Van-Aert-ITT-profimedia-0806856747.webp 1250w, https:\/\/d2p6e6u75xmxt8.cloudfront.net\/2\/2023\/09\/Bissegger-Tarling-Van-Aert-ITT-profimedia-0806856747-300x200.webp 300w, https:\/\/d2p6e6u75xmxt8.cloudfront.net\/2\/2023\/09\/Bissegger-Tarling-Van-Aert-ITT-profimedia-0806856747-1024x682.webp 1024w, https:\/\/d2p6e6u75xmxt8.cloudfront.net\/2\/2023\/09\/Bissegger-Tarling-Van-Aert-ITT-profimedia-0806856747-768x512.webp 768w, https:\/\/d2p6e6u75xmxt8.cloudfront.net\/2\/2023\/09\/Bissegger-Tarling-Van-Aert-ITT-profimedia-0806856747-400x267.webp 400w, https:\/\/d2p6e6u75xmxt8.cloudfront.net\/2\/2023\/09\/Bissegger-Tarling-Van-Aert-ITT-profimedia-0806856747-272x182.webp 272w\" sizes=\"auto, (max-width: 1250px) 100vw, 1250px\" \/><\/a><figcaption id=\"caption-attachment-193975\" class=\"wp-caption-text\">Stefan Bissegger (L) of EF Education-EasyPost, Josh Tarling (C) of Ineos Grenadiers and Wout van Aert (R) celebrate on the podium of the elite men individual time trial at the UEC Road European Championships. \u00a9 Profimedia<\/figcaption><\/figure>\n<p>One of the big pre-race favourites, Stefan K\u00fcng of Switzerland, crashed late in the race when he lost concentration and rode into a side barrier. He managed to get back on his bike and finish the race, his face and arms covered with blood, in 11th place. \u201cIt was hard,\u201d Tarling said after his victory. \u201cI felt weaker today than I did in the Worlds. And the wind was really hard. Originally, it was a lot of over and under with the crosswind, but it changed to a more steady crosswind both ways and no headwind or tailwind. It was just about holding a high power all day.\u201d<\/p>\n<p>The young neo-pro rides for the Ineos Grenadiers team and would appear to have an interesting future, at least as a time trial specialist. After his impressive showing in the world championships, Ineos teammate and fellow Welshman Geraint Thomas said, \u201cHe\u2019s a big boy. He\u2019s got power and this is his forte. It\u2019s unbelievable to see him riding so well so early in his career and he\u2019s got a bright future.\u201d<\/p>\n<p>The third-place finish will have been a disappointment for van Aert who fell ill after winning the Tour of Britain earlier in September. \u201cI don&#8217;t think a better result was possible today,\u201d he said. \u201cI started the way I wanted to. The first 20 kilometres went well, but then I lacked the power to fight for more. I am usually strong in the last part of a time trial but I was completely spent today. It&#8217;s a shame.\u201d<\/p>\n","protected":false},"excerpt":{"rendered":"<p>Switzerland\u2019s Marlen Reusser and 19-year-old Josh Tarling of Great Britain dominated their respective 2023 European time trial championship races on [&hellip;]<\/p>\n","protected":false},"author":99,"featured_media":193974,"comment_status":"closed","ping_status":"open","sticky":false,"template":"","format":"standard","meta":{"footnotes":""},"categories":[329],"tags":[7373,7374,5724,5518],"global-categories":[3366],"class_list":["post-193973","post","type-post","status-publish","format-standard","has-post-thumbnail","hentry","category-road-cycling","tag-european-itt-championships","tag-josh-tarling","tag-lotte-kopecky","tag-marlen-reusser","global-categories-cycling"],"yoast_head":"<!-- This site is optimized with the Yoast SEO Premium plugin v25.3 (Yoast SEO v25.9) - https:\/\/yoast.com\/wordpress\/plugins\/seo\/ -->\n<title>Reusser and Tarling Dominate European ITT Championships - \u0160koda We Love Cycling<\/title>\n<meta name=\"description\" content=\"Switzerland\u2019s Marlen Reusser and 19-year-old Josh Tarling of Great Britain dominated their respective 2023 European time trial championship races on a\" \/>\n<meta name=\"robots\" content=\"index, follow, max-snippet:-1, max-image-preview:large, max-video-preview:-1\" \/>\n<link rel=\"canonical\" href=\"https:\/\/www.welovecycling.com\/wide\/2023\/09\/21\/reusser-and-tarling-dominate-european-itt-championships\/\" \/>\n<meta property=\"og:locale\" content=\"en_US\" \/>\n<meta property=\"og:type\" content=\"article\" \/>\n<meta property=\"og:title\" content=\"Reusser and Tarling Dominate European ITT Championships\" \/>\n<meta property=\"og:description\" content=\"Switzerland\u2019s Marlen Reusser and 19-year-old Josh Tarling of Great Britain dominated their respective 2023 European time trial championship races on a\" \/>\n<meta property=\"og:url\" content=\"https:\/\/www.welovecycling.com\/wide\/2023\/09\/21\/reusser-and-tarling-dominate-european-itt-championships\/\" \/>\n<meta property=\"og:site_name\" content=\"\u0160koda We Love Cycling\" \/>\n<meta property=\"article:published_time\" content=\"2023-09-21T11:23:31+00:00\" \/>\n<meta property=\"og:image\" content=\"https:\/\/d2p6e6u75xmxt8.cloudfront.net\/2\/2023\/09\/Marlen-Reusser-ITT-profimedia-0806848043-CVR.webp\" \/>\n\t<meta property=\"og:image:width\" content=\"990\" \/>\n\t<meta property=\"og:image:height\" content=\"660\" \/>\n\t<meta property=\"og:image:type\" content=\"image\/webp\" \/>\n<meta name=\"author\" content=\"tereza\" \/>\n<meta name=\"twitter:card\" content=\"summary_large_image\" \/>\n<meta name=\"twitter:label1\" content=\"Written by\" \/>\n\t<meta name=\"twitter:data1\" content=\"Siegfried Mortkowitz\" \/>\n\t<meta name=\"twitter:label2\" content=\"Est. reading time\" \/>\n\t<meta name=\"twitter:data2\" content=\"4\" \/>\n<script type=\"application\/ld+json\" class=\"yoast-schema-graph\">{\"@context\":\"https:\/\/schema.org\",\"@graph\":[{\"@type\":\"WebPage\",\"@id\":\"https:\/\/www.welovecycling.com\/wide\/2023\/09\/21\/reusser-and-tarling-dominate-european-itt-championships\/\",\"url\":\"https:\/\/www.welovecycling.com\/wide\/2023\/09\/21\/reusser-and-tarling-dominate-european-itt-championships\/\",\"name\":\"Reusser and Tarling Dominate European ITT Championships - \u0160koda We Love Cycling\",\"isPartOf\":{\"@id\":\"https:\/\/www.welovecycling.com\/wide\/#website\"},\"primaryImageOfPage\":{\"@id\":\"https:\/\/www.welovecycling.com\/wide\/2023\/09\/21\/reusser-and-tarling-dominate-european-itt-championships\/#primaryimage\"},\"image\":{\"@id\":\"https:\/\/www.welovecycling.com\/wide\/2023\/09\/21\/reusser-and-tarling-dominate-european-itt-championships\/#primaryimage\"},\"thumbnailUrl\":\"https:\/\/d2p6e6u75xmxt8.cloudfront.net\/2\/2023\/09\/Marlen-Reusser-ITT-profimedia-0806848043-CVR.webp\",\"datePublished\":\"2023-09-21T11:23:31+00:00\",\"author\":{\"@id\":\"https:\/\/www.welovecycling.com\/wide\/#\/schema\/person\/50f01ecd18718d2333cf72e823c4f926\"},\"description\":\"Switzerland\u2019s Marlen Reusser and 19-year-old Josh Tarling of Great Britain dominated their respective 2023 European time trial championship races on a\",\"breadcrumb\":{\"@id\":\"https:\/\/www.welovecycling.com\/wide\/2023\/09\/21\/reusser-and-tarling-dominate-european-itt-championships\/#breadcrumb\"},\"inLanguage\":\"en-US\",\"potentialAction\":[{\"@type\":\"ReadAction\",\"target\":[\"https:\/\/www.welovecycling.com\/wide\/2023\/09\/21\/reusser-and-tarling-dominate-european-itt-championships\/\"]}]},{\"@type\":\"ImageObject\",\"inLanguage\":\"en-US\",\"@id\":\"https:\/\/www.welovecycling.com\/wide\/2023\/09\/21\/reusser-and-tarling-dominate-european-itt-championships\/#primaryimage\",\"url\":\"https:\/\/d2p6e6u75xmxt8.cloudfront.net\/2\/2023\/09\/Marlen-Reusser-ITT-profimedia-0806848043-CVR.webp\",\"contentUrl\":\"https:\/\/d2p6e6u75xmxt8.cloudfront.net\/2\/2023\/09\/Marlen-Reusser-ITT-profimedia-0806848043-CVR.webp\",\"width\":990,\"height\":660,\"caption\":\"Marlen Reusser\"},{\"@type\":\"BreadcrumbList\",\"@id\":\"https:\/\/www.welovecycling.com\/wide\/2023\/09\/21\/reusser-and-tarling-dominate-european-itt-championships\/#breadcrumb\",\"itemListElement\":[{\"@type\":\"ListItem\",\"position\":1,\"name\":\"Home\",\"item\":\"https:\/\/www.welovecycling.com\/wide\/\"},{\"@type\":\"ListItem\",\"position\":2,\"name\":\"Reusser and Tarling Dominate European ITT Championships\"}]},{\"@type\":\"WebSite\",\"@id\":\"https:\/\/www.welovecycling.com\/wide\/#website\",\"url\":\"https:\/\/www.welovecycling.com\/wide\/\",\"name\":\"\u0160koda We Love Cycling\",\"description\":\"\u0160koda We Love Cycling magazine\",\"alternateName\":\"\u0160koda WLC\",\"potentialAction\":[{\"@type\":\"SearchAction\",\"target\":{\"@type\":\"EntryPoint\",\"urlTemplate\":\"https:\/\/www.welovecycling.com\/wide\/?s={search_term_string}\"},\"query-input\":{\"@type\":\"PropertyValueSpecification\",\"valueRequired\":true,\"valueName\":\"search_term_string\"}}],\"inLanguage\":\"en-US\"},{\"@type\":\"Person\",\"@id\":\"https:\/\/www.welovecycling.com\/wide\/#\/schema\/person\/50f01ecd18718d2333cf72e823c4f926\",\"name\":\"tereza\",\"image\":{\"@type\":\"ImageObject\",\"inLanguage\":\"en-US\",\"@id\":\"https:\/\/www.welovecycling.com\/wide\/#\/schema\/person\/image\/\",\"url\":\"https:\/\/secure.gravatar.com\/avatar\/1f9eb71be33845f0afabce3791bc1c58ecdb0a25c62964987e5dbcf7a20d2ec7?s=96&d=mm&r=g\",\"contentUrl\":\"https:\/\/secure.gravatar.com\/avatar\/1f9eb71be33845f0afabce3791bc1c58ecdb0a25c62964987e5dbcf7a20d2ec7?s=96&d=mm&r=g\",\"caption\":\"tereza\"},\"url\":\"https:\/\/www.welovecycling.com\/wide\/author\/tereza\/\"}]}<\/script>\n<!-- \/ Yoast SEO Premium plugin. -->","yoast_head_json":{"title":"Reusser and Tarling Dominate European ITT Championships - \u0160koda We Love Cycling","description":"Switzerland\u2019s Marlen Reusser and 19-year-old Josh Tarling of Great Britain dominated their respective 2023 European time trial championship races on a","robots":{"index":"index","follow":"follow","max-snippet":"max-snippet:-1","max-image-preview":"max-image-preview:large","max-video-preview":"max-video-preview:-1"},"canonical":"https:\/\/www.welovecycling.com\/wide\/2023\/09\/21\/reusser-and-tarling-dominate-european-itt-championships\/","og_locale":"en_US","og_type":"article","og_title":"Reusser and Tarling Dominate European ITT Championships","og_description":"Switzerland\u2019s Marlen Reusser and 19-year-old Josh Tarling of Great Britain dominated their respective 2023 European time trial championship races on a","og_url":"https:\/\/www.welovecycling.com\/wide\/2023\/09\/21\/reusser-and-tarling-dominate-european-itt-championships\/","og_site_name":"\u0160koda We Love Cycling","article_published_time":"2023-09-21T11:23:31+00:00","og_image":[{"width":990,"height":660,"url":"https:\/\/d2p6e6u75xmxt8.cloudfront.net\/2\/2023\/09\/Marlen-Reusser-ITT-profimedia-0806848043-CVR.webp","type":"image\/webp"}],"author":"tereza","twitter_card":"summary_large_image","twitter_misc":{"Written by":"Siegfried Mortkowitz","Est. reading time":"4"},"schema":{"@context":"https:\/\/schema.org","@graph":[{"@type":"WebPage","@id":"https:\/\/www.welovecycling.com\/wide\/2023\/09\/21\/reusser-and-tarling-dominate-european-itt-championships\/","url":"https:\/\/www.welovecycling.com\/wide\/2023\/09\/21\/reusser-and-tarling-dominate-european-itt-championships\/","name":"Reusser and Tarling Dominate European ITT Championships - \u0160koda We Love Cycling","isPartOf":{"@id":"https:\/\/www.welovecycling.com\/wide\/#website"},"primaryImageOfPage":{"@id":"https:\/\/www.welovecycling.com\/wide\/2023\/09\/21\/reusser-and-tarling-dominate-european-itt-championships\/#primaryimage"},"image":{"@id":"https:\/\/www.welovecycling.com\/wide\/2023\/09\/21\/reusser-and-tarling-dominate-european-itt-championships\/#primaryimage"},"thumbnailUrl":"https:\/\/d2p6e6u75xmxt8.cloudfront.net\/2\/2023\/09\/Marlen-Reusser-ITT-profimedia-0806848043-CVR.webp","datePublished":"2023-09-21T11:23:31+00:00","author":{"@id":"https:\/\/www.welovecycling.com\/wide\/#\/schema\/person\/50f01ecd18718d2333cf72e823c4f926"},"description":"Switzerland\u2019s Marlen Reusser and 19-year-old Josh Tarling of Great Britain dominated their respective 2023 European time trial championship races on a","breadcrumb":{"@id":"https:\/\/www.welovecycling.com\/wide\/2023\/09\/21\/reusser-and-tarling-dominate-european-itt-championships\/#breadcrumb"},"inLanguage":"en-US","potentialAction":[{"@type":"ReadAction","target":["https:\/\/www.welovecycling.com\/wide\/2023\/09\/21\/reusser-and-tarling-dominate-european-itt-championships\/"]}]},{"@type":"ImageObject","inLanguage":"en-US","@id":"https:\/\/www.welovecycling.com\/wide\/2023\/09\/21\/reusser-and-tarling-dominate-european-itt-championships\/#primaryimage","url":"https:\/\/d2p6e6u75xmxt8.cloudfront.net\/2\/2023\/09\/Marlen-Reusser-ITT-profimedia-0806848043-CVR.webp","contentUrl":"https:\/\/d2p6e6u75xmxt8.cloudfront.net\/2\/2023\/09\/Marlen-Reusser-ITT-profimedia-0806848043-CVR.webp","width":990,"height":660,"caption":"Marlen Reusser"},{"@type":"BreadcrumbList","@id":"https:\/\/www.welovecycling.com\/wide\/2023\/09\/21\/reusser-and-tarling-dominate-european-itt-championships\/#breadcrumb","itemListElement":[{"@type":"ListItem","position":1,"name":"Home","item":"https:\/\/www.welovecycling.com\/wide\/"},{"@type":"ListItem","position":2,"name":"Reusser and Tarling Dominate European ITT Championships"}]},{"@type":"WebSite","@id":"https:\/\/www.welovecycling.com\/wide\/#website","url":"https:\/\/www.welovecycling.com\/wide\/","name":"\u0160koda We Love Cycling","description":"\u0160koda We Love Cycling magazine","alternateName":"\u0160koda WLC","potentialAction":[{"@type":"SearchAction","target":{"@type":"EntryPoint","urlTemplate":"https:\/\/www.welovecycling.com\/wide\/?s={search_term_string}"},"query-input":{"@type":"PropertyValueSpecification","valueRequired":true,"valueName":"search_term_string"}}],"inLanguage":"en-US"},{"@type":"Person","@id":"https:\/\/www.welovecycling.com\/wide\/#\/schema\/person\/50f01ecd18718d2333cf72e823c4f926","name":"tereza","image":{"@type":"ImageObject","inLanguage":"en-US","@id":"https:\/\/www.welovecycling.com\/wide\/#\/schema\/person\/image\/","url":"https:\/\/secure.gravatar.com\/avatar\/1f9eb71be33845f0afabce3791bc1c58ecdb0a25c62964987e5dbcf7a20d2ec7?s=96&d=mm&r=g","contentUrl":"https:\/\/secure.gravatar.com\/avatar\/1f9eb71be33845f0afabce3791bc1c58ecdb0a25c62964987e5dbcf7a20d2ec7?s=96&d=mm&r=g","caption":"tereza"},"url":"https:\/\/www.welovecycling.com\/wide\/author\/tereza\/"}]}},"_links":{"self":[{"href":"https:\/\/www.welovecycling.com\/wide\/wp-json\/wp\/v2\/posts\/193973","targetHints":{"allow":["GET"]}}],"collection":[{"href":"https:\/\/www.welovecycling.com\/wide\/wp-json\/wp\/v2\/posts"}],"about":[{"href":"https:\/\/www.welovecycling.com\/wide\/wp-json\/wp\/v2\/types\/post"}],"author":[{"embeddable":true,"href":"https:\/\/www.welovecycling.com\/wide\/wp-json\/wp\/v2\/users\/99"}],"replies":[{"embeddable":true,"href":"https:\/\/www.welovecycling.com\/wide\/wp-json\/wp\/v2\/comments?post=193973"}],"version-history":[{"count":1,"href":"https:\/\/www.welovecycling.com\/wide\/wp-json\/wp\/v2\/posts\/193973\/revisions"}],"predecessor-version":[{"id":193976,"href":"https:\/\/www.welovecycling.com\/wide\/wp-json\/wp\/v2\/posts\/193973\/revisions\/193976"}],"wp:featuredmedia":[{"embeddable":true,"href":"https:\/\/www.welovecycling.com\/wide\/wp-json\/wp\/v2\/media\/193974"}],"wp:attachment":[{"href":"https:\/\/www.welovecycling.com\/wide\/wp-json\/wp\/v2\/media?parent=193973"}],"wp:term":[{"taxonomy":"category","embeddable":true,"href":"https:\/\/www.welovecycling.com\/wide\/wp-json\/wp\/v2\/categories?post=193973"},{"taxonomy":"post_tag","embeddable":true,"href":"https:\/\/www.welovecycling.com\/wide\/wp-json\/wp\/v2\/tags?post=193973"},{"taxonomy":"global-categories","embeddable":true,"href":"https:\/\/www.welovecycling.com\/wide\/wp-json\/wp\/v2\/global-categories?post=193973"}],"curies":[{"name":"wp","href":"https:\/\/api.w.org\/{rel}","templated":true}]}}