{"id":193935,"date":"2023-09-15T04:32:18","date_gmt":"2023-09-15T04:32:18","guid":{"rendered":"https:\/\/www.welovecycling.com\/wide\/?p=193935"},"modified":"2023-09-15T04:32:18","modified_gmt":"2023-09-15T04:32:18","slug":"adam-hansen-riders-and-organizers-are-more-safety-aware","status":"publish","type":"post","link":"https:\/\/www.welovecycling.com\/wide\/2023\/09\/15\/adam-hansen-riders-and-organizers-are-more-safety-aware\/","title":{"rendered":"Adam Hansen: Riders and Organizers Are More Safety-Aware"},"content":{"rendered":"<p style=\"font-weight: 400;\"><strong>This year\u2019s 2023 Vuelta a Espa\u00f1a has so far been exciting, controversial and turbulent, with much of the controversy coming at the beginning of the three-week race. Race organizers had scheduled stage 1, a team time trial, for the early evening, so that the end of the stage could be presented live on the evening news. Clearly, based on their experience of summer daylight in Barcelona and the weather reports, they had assumed that the stage would present no safety risks to the riders.<\/strong><\/p>\n<p><!--more--><\/p>\n<p style=\"font-weight: 400;\">But climate change has made it difficult for weather forecasters, and by the time the first team \u2013 Caja Rural Seguros RGA \u2013 rolled down the starting ramp, thunder sounded overhead and rain had begun to fall. That rain turned into a torrential downpour that made the road surface extremely slippery and darkened the course. By the time the last team \u2013 the Soudal-QuickStep of defending champion <a href=\"https:\/\/www.welovecycling.com\/wide\/2023\/06\/14\/remco-evenepoel-on-trailing-at-tour-de-suisse-now-its-onto-tomorrow-its-another-chance\/\" target=\"_blank\" rel=\"noopener\">Remco Evenepoel<\/a> \u2013 started out it was midnight-dark and conditions were clearly hazardous.<\/p>\n<p style=\"font-weight: 400;\">Evenepoel made his feelings known as soon as he crossed the finish line, pointing at the sky and using an expletive. \u201cIt\u2019s like riding your car [at] 20kph on the highway in the full dark and no lights,\u201d Evenepoel <a href=\"https:\/\/www.eurosport.com\/cycling\/vuelta-a-espana\/2023\/super-dark-and-sketchy-remco-evenepoel-slams-ridiculous-la-vuelta-conditions-and-strange-stage-one-d_sto9763937\/story.shtml\">later complained<\/a>.\u00a0\u201cIt\u2019s super dark and super sketchy on these roads, in my eyes it\u2019s just ridiculous.\u201d<\/p>\n<p style=\"font-weight: 400;\">The rain had also changed conditions on the Category 3 climb and descent near the end of stage 2, which finished in Barcelona. Before the stage began, riders were seen to be consulting about their stance regarding the running of the stage, with Jumbo-Visma\u2019s double Tour de France winner Jonas Vingegaard particularly active. The organizers eventually decided that the times for the general classification would be taken with 9 kilometers to go, but that riders could race to the finish line for the stage win if they wanted to.<\/p>\n<p style=\"font-weight: 400;\">Stage 3 was marred by Evenepoel\u2019s crash after crossing the finish line first. His speed took him into a group of soigneurs and other assistants standing about 15m behind the line, and he hit the ground, leaving him with blood streaming down the right side of his face. \u201cThat\u2019s three days in a row [of safety issues],\u201d he grumbled.<\/p>\n<div class=\"embed-controller-wrapper\">\n<blockquote class=\"twitter-tweet\" data-width=\"500\" data-dnt=\"true\">\n<p lang=\"es\" dir=\"ltr\">\ud83d\udcf8 FOTO DEL D\u00cdA | PIC OF THE DAY \ud83d\ude0d  <\/p>\n<p>Powered by Plenitude Espa\u00f1a  <br \/>  <a href=\"https:\/\/twitter.com\/hashtag\/LaVuelta23?src=hash&amp;ref_src=twsrc%5Etfw\">#LaVuelta23<\/a> &#8211; \ud83d\udcf8 <a href=\"https:\/\/twitter.com\/cxcling?ref_src=twsrc%5Etfw\">@cxcling<\/a> <a href=\"https:\/\/t.co\/B76BN52DD0\">pic.twitter.com\/B76BN52DD0<\/a><\/p>\n<p>&mdash; La Vuelta (@lavuelta) <a href=\"https:\/\/twitter.com\/lavuelta\/status\/1702422608585863217?ref_src=twsrc%5Etfw\">September 14, 2023<\/a><\/p><\/blockquote>\n<p><script async data-src=\"https:\/\/platform.twitter.com\/widgets.js\" charset=\"utf-8\"><\/script><\/div>\n<p style=\"font-weight: 400;\">Finally, organizers decided to neutralize the final 2.05km of stage 9 \u2013 taking the GC times at that point and allowing riders to race for the stage win \u2013 after a freak rainstorm, in an area that had not seen rain in about 18 months, had left the final 100m of road covered with mud.<\/p>\n<p style=\"font-weight: 400;\">The unusual weather, and the many crashes it has provoked, has made riders more proactive in their dealings with race organizers, and so has the leadership of the recently elected president of the CPA riders\u2019 union, Adam Hansen. The 42-year-old Australian former Grand Tour rider is not shy about admitting to the part he has played in the growing safety activism of the cyclists.<\/p>\n<p style=\"font-weight: 400;\">\u201cThe riders are seeing since I have been president that when you unite the riders, there is some power,\u201d he said via email. \u201cThis is a real positive point.\u201d<\/p>\n<p style=\"font-weight: 400;\">Organizers have also become more sensitive to the safety demands of the riders, he went on to say, in part because of <a href=\"https:\/\/www.welovecycling.com\/wide\/2023\/06\/16\/gino-mader-dies-after-high-speed-tour-de-suisse-crash\/\" target=\"_blank\" rel=\"noopener\">the death of the popular Swiss rider Gino M\u00e4der<\/a> after crashing during a high-speed descent in this year\u2019s Tour de Suisse. \u201cI was in contact with\u00a0the [Vuelta] technical director almost every second day,\u201d Hansen said. \u201cIt was one of the best interactions I have had with an organizer. There were some problems earlier in the race and I think the organizer, who I know personally, was really trying to turn the table on the events at the start of the race.\u201d<\/p>\n<p style=\"font-weight: 400;\">In addition, the Vuelta organizers \u201cfirst saw [the mud at the end of stage 9] and acted immediately and informed me,\u201d he said. \u201cI think they are really\u00a0seeing that the CPA is paying close attention.\u201d<\/p>\n<p style=\"font-weight: 400;\">Finally, Hansen declared that \u201c100 % we would intervene\u00a0if another stage starts as late [as the Vuelta stage 1]. But the organizers learnt a very big lesson,\u00a0so they already know.\u201d<\/p>\n<p style=\"font-weight: 400;\">He said that he had this week spoken to several race organizers who told him that \u201cthey would like the CPA to be present at route selections. Not only because of [our] input, but also for us to see that the police often have the final say. For example, if there is a hospital\u00a0close by, the race cannot block access to it.\u201d<\/p>\n","protected":false},"excerpt":{"rendered":"<p>This year\u2019s 2023 Vuelta a Espa\u00f1a has so far been exciting, controversial and turbulent, with much of the controversy coming [&hellip;]<\/p>\n","protected":false},"author":99,"featured_media":193936,"comment_status":"closed","ping_status":"open","sticky":false,"template":"","format":"standard","meta":{"footnotes":""},"categories":[329],"tags":[6875,7258,479,3544],"global-categories":[3366],"class_list":["post-193935","post","type-post","status-publish","format-standard","has-post-thumbnail","hentry","category-road-cycling","tag-2023-la-vuelta","tag-adam-hansen","tag-la-vuelta","tag-remco-evenepoel","global-categories-cycling"],"yoast_head":"<!-- This site is optimized with the Yoast SEO Premium plugin v25.3 (Yoast SEO v25.9) - https:\/\/yoast.com\/wordpress\/plugins\/seo\/ -->\n<title>Adam Hansen: Riders and Organizers Are More Safety-Aware - \u0160koda We Love Cycling<\/title>\n<meta name=\"description\" content=\"This year\u2019s 2023 Vuelta a Espa\u00f1a has so far been exciting, controversial and turbulent, with much of the controversy coming at the beginning of the\" \/>\n<meta name=\"robots\" content=\"index, follow, max-snippet:-1, max-image-preview:large, max-video-preview:-1\" \/>\n<link rel=\"canonical\" href=\"https:\/\/www.welovecycling.com\/wide\/2023\/09\/15\/adam-hansen-riders-and-organizers-are-more-safety-aware\/\" \/>\n<meta property=\"og:locale\" content=\"en_US\" \/>\n<meta property=\"og:type\" content=\"article\" \/>\n<meta property=\"og:title\" content=\"Adam Hansen: Riders and Organizers Are More Safety-Aware\" \/>\n<meta property=\"og:description\" content=\"This year\u2019s 2023 Vuelta a Espa\u00f1a has so far been exciting, controversial and turbulent, with much of the controversy coming at the beginning of the\" \/>\n<meta property=\"og:url\" content=\"https:\/\/www.welovecycling.com\/wide\/2023\/09\/15\/adam-hansen-riders-and-organizers-are-more-safety-aware\/\" \/>\n<meta property=\"og:site_name\" content=\"\u0160koda We Love Cycling\" \/>\n<meta property=\"article:published_time\" content=\"2023-09-15T04:32:18+00:00\" \/>\n<meta property=\"og:image\" content=\"https:\/\/d2p6e6u75xmxt8.cloudfront.net\/2\/2023\/09\/Adam-Hansen-profimedia-0349131189-CVR.webp\" \/>\n\t<meta property=\"og:image:width\" content=\"990\" \/>\n\t<meta property=\"og:image:height\" content=\"660\" \/>\n\t<meta property=\"og:image:type\" content=\"image\/webp\" \/>\n<meta name=\"author\" content=\"tereza\" \/>\n<meta name=\"twitter:card\" content=\"summary_large_image\" \/>\n<meta name=\"twitter:label1\" content=\"Written by\" \/>\n\t<meta name=\"twitter:data1\" content=\"Siegfried Mortkowitz\" \/>\n\t<meta name=\"twitter:label2\" content=\"Est. reading time\" \/>\n\t<meta name=\"twitter:data2\" content=\"3\" \/>\n<script type=\"application\/ld+json\" class=\"yoast-schema-graph\">{\"@context\":\"https:\/\/schema.org\",\"@graph\":[{\"@type\":\"WebPage\",\"@id\":\"https:\/\/www.welovecycling.com\/wide\/2023\/09\/15\/adam-hansen-riders-and-organizers-are-more-safety-aware\/\",\"url\":\"https:\/\/www.welovecycling.com\/wide\/2023\/09\/15\/adam-hansen-riders-and-organizers-are-more-safety-aware\/\",\"name\":\"Adam Hansen: Riders and Organizers Are More Safety-Aware - \u0160koda We Love Cycling\",\"isPartOf\":{\"@id\":\"https:\/\/www.welovecycling.com\/wide\/#website\"},\"primaryImageOfPage\":{\"@id\":\"https:\/\/www.welovecycling.com\/wide\/2023\/09\/15\/adam-hansen-riders-and-organizers-are-more-safety-aware\/#primaryimage\"},\"image\":{\"@id\":\"https:\/\/www.welovecycling.com\/wide\/2023\/09\/15\/adam-hansen-riders-and-organizers-are-more-safety-aware\/#primaryimage\"},\"thumbnailUrl\":\"https:\/\/d2p6e6u75xmxt8.cloudfront.net\/2\/2023\/09\/Adam-Hansen-profimedia-0349131189-CVR.webp\",\"datePublished\":\"2023-09-15T04:32:18+00:00\",\"author\":{\"@id\":\"https:\/\/www.welovecycling.com\/wide\/#\/schema\/person\/50f01ecd18718d2333cf72e823c4f926\"},\"description\":\"This year\u2019s 2023 Vuelta a Espa\u00f1a has so far been exciting, controversial and turbulent, with much of the controversy coming at the beginning of the\",\"breadcrumb\":{\"@id\":\"https:\/\/www.welovecycling.com\/wide\/2023\/09\/15\/adam-hansen-riders-and-organizers-are-more-safety-aware\/#breadcrumb\"},\"inLanguage\":\"en-US\",\"potentialAction\":[{\"@type\":\"ReadAction\",\"target\":[\"https:\/\/www.welovecycling.com\/wide\/2023\/09\/15\/adam-hansen-riders-and-organizers-are-more-safety-aware\/\"]}]},{\"@type\":\"ImageObject\",\"inLanguage\":\"en-US\",\"@id\":\"https:\/\/www.welovecycling.com\/wide\/2023\/09\/15\/adam-hansen-riders-and-organizers-are-more-safety-aware\/#primaryimage\",\"url\":\"https:\/\/d2p6e6u75xmxt8.cloudfront.net\/2\/2023\/09\/Adam-Hansen-profimedia-0349131189-CVR.webp\",\"contentUrl\":\"https:\/\/d2p6e6u75xmxt8.cloudfront.net\/2\/2023\/09\/Adam-Hansen-profimedia-0349131189-CVR.webp\",\"width\":990,\"height\":660,\"caption\":\"Adam Hansen\"},{\"@type\":\"BreadcrumbList\",\"@id\":\"https:\/\/www.welovecycling.com\/wide\/2023\/09\/15\/adam-hansen-riders-and-organizers-are-more-safety-aware\/#breadcrumb\",\"itemListElement\":[{\"@type\":\"ListItem\",\"position\":1,\"name\":\"Home\",\"item\":\"https:\/\/www.welovecycling.com\/wide\/\"},{\"@type\":\"ListItem\",\"position\":2,\"name\":\"Adam Hansen: Riders and Organizers Are More Safety-Aware\"}]},{\"@type\":\"WebSite\",\"@id\":\"https:\/\/www.welovecycling.com\/wide\/#website\",\"url\":\"https:\/\/www.welovecycling.com\/wide\/\",\"name\":\"\u0160koda We Love Cycling\",\"description\":\"\u0160koda We Love Cycling magazine\",\"alternateName\":\"\u0160koda WLC\",\"potentialAction\":[{\"@type\":\"SearchAction\",\"target\":{\"@type\":\"EntryPoint\",\"urlTemplate\":\"https:\/\/www.welovecycling.com\/wide\/?s={search_term_string}\"},\"query-input\":{\"@type\":\"PropertyValueSpecification\",\"valueRequired\":true,\"valueName\":\"search_term_string\"}}],\"inLanguage\":\"en-US\"},{\"@type\":\"Person\",\"@id\":\"https:\/\/www.welovecycling.com\/wide\/#\/schema\/person\/50f01ecd18718d2333cf72e823c4f926\",\"name\":\"tereza\",\"image\":{\"@type\":\"ImageObject\",\"inLanguage\":\"en-US\",\"@id\":\"https:\/\/www.welovecycling.com\/wide\/#\/schema\/person\/image\/\",\"url\":\"https:\/\/secure.gravatar.com\/avatar\/1f9eb71be33845f0afabce3791bc1c58ecdb0a25c62964987e5dbcf7a20d2ec7?s=96&d=mm&r=g\",\"contentUrl\":\"https:\/\/secure.gravatar.com\/avatar\/1f9eb71be33845f0afabce3791bc1c58ecdb0a25c62964987e5dbcf7a20d2ec7?s=96&d=mm&r=g\",\"caption\":\"tereza\"},\"url\":\"https:\/\/www.welovecycling.com\/wide\/author\/tereza\/\"}]}<\/script>\n<!-- \/ Yoast SEO Premium plugin. -->","yoast_head_json":{"title":"Adam Hansen: Riders and Organizers Are More Safety-Aware - \u0160koda We Love Cycling","description":"This year\u2019s 2023 Vuelta a Espa\u00f1a has so far been exciting, controversial and turbulent, with much of the controversy coming at the beginning of the","robots":{"index":"index","follow":"follow","max-snippet":"max-snippet:-1","max-image-preview":"max-image-preview:large","max-video-preview":"max-video-preview:-1"},"canonical":"https:\/\/www.welovecycling.com\/wide\/2023\/09\/15\/adam-hansen-riders-and-organizers-are-more-safety-aware\/","og_locale":"en_US","og_type":"article","og_title":"Adam Hansen: Riders and Organizers Are More Safety-Aware","og_description":"This year\u2019s 2023 Vuelta a Espa\u00f1a has so far been exciting, controversial and turbulent, with much of the controversy coming at the beginning of the","og_url":"https:\/\/www.welovecycling.com\/wide\/2023\/09\/15\/adam-hansen-riders-and-organizers-are-more-safety-aware\/","og_site_name":"\u0160koda We Love Cycling","article_published_time":"2023-09-15T04:32:18+00:00","og_image":[{"width":990,"height":660,"url":"https:\/\/d2p6e6u75xmxt8.cloudfront.net\/2\/2023\/09\/Adam-Hansen-profimedia-0349131189-CVR.webp","type":"image\/webp"}],"author":"tereza","twitter_card":"summary_large_image","twitter_misc":{"Written by":"Siegfried Mortkowitz","Est. reading time":"3"},"schema":{"@context":"https:\/\/schema.org","@graph":[{"@type":"WebPage","@id":"https:\/\/www.welovecycling.com\/wide\/2023\/09\/15\/adam-hansen-riders-and-organizers-are-more-safety-aware\/","url":"https:\/\/www.welovecycling.com\/wide\/2023\/09\/15\/adam-hansen-riders-and-organizers-are-more-safety-aware\/","name":"Adam Hansen: Riders and Organizers Are More Safety-Aware - \u0160koda We Love Cycling","isPartOf":{"@id":"https:\/\/www.welovecycling.com\/wide\/#website"},"primaryImageOfPage":{"@id":"https:\/\/www.welovecycling.com\/wide\/2023\/09\/15\/adam-hansen-riders-and-organizers-are-more-safety-aware\/#primaryimage"},"image":{"@id":"https:\/\/www.welovecycling.com\/wide\/2023\/09\/15\/adam-hansen-riders-and-organizers-are-more-safety-aware\/#primaryimage"},"thumbnailUrl":"https:\/\/d2p6e6u75xmxt8.cloudfront.net\/2\/2023\/09\/Adam-Hansen-profimedia-0349131189-CVR.webp","datePublished":"2023-09-15T04:32:18+00:00","author":{"@id":"https:\/\/www.welovecycling.com\/wide\/#\/schema\/person\/50f01ecd18718d2333cf72e823c4f926"},"description":"This year\u2019s 2023 Vuelta a Espa\u00f1a has so far been exciting, controversial and turbulent, with much of the controversy coming at the beginning of the","breadcrumb":{"@id":"https:\/\/www.welovecycling.com\/wide\/2023\/09\/15\/adam-hansen-riders-and-organizers-are-more-safety-aware\/#breadcrumb"},"inLanguage":"en-US","potentialAction":[{"@type":"ReadAction","target":["https:\/\/www.welovecycling.com\/wide\/2023\/09\/15\/adam-hansen-riders-and-organizers-are-more-safety-aware\/"]}]},{"@type":"ImageObject","inLanguage":"en-US","@id":"https:\/\/www.welovecycling.com\/wide\/2023\/09\/15\/adam-hansen-riders-and-organizers-are-more-safety-aware\/#primaryimage","url":"https:\/\/d2p6e6u75xmxt8.cloudfront.net\/2\/2023\/09\/Adam-Hansen-profimedia-0349131189-CVR.webp","contentUrl":"https:\/\/d2p6e6u75xmxt8.cloudfront.net\/2\/2023\/09\/Adam-Hansen-profimedia-0349131189-CVR.webp","width":990,"height":660,"caption":"Adam Hansen"},{"@type":"BreadcrumbList","@id":"https:\/\/www.welovecycling.com\/wide\/2023\/09\/15\/adam-hansen-riders-and-organizers-are-more-safety-aware\/#breadcrumb","itemListElement":[{"@type":"ListItem","position":1,"name":"Home","item":"https:\/\/www.welovecycling.com\/wide\/"},{"@type":"ListItem","position":2,"name":"Adam Hansen: Riders and Organizers Are More Safety-Aware"}]},{"@type":"WebSite","@id":"https:\/\/www.welovecycling.com\/wide\/#website","url":"https:\/\/www.welovecycling.com\/wide\/","name":"\u0160koda We Love Cycling","description":"\u0160koda We Love Cycling magazine","alternateName":"\u0160koda WLC","potentialAction":[{"@type":"SearchAction","target":{"@type":"EntryPoint","urlTemplate":"https:\/\/www.welovecycling.com\/wide\/?s={search_term_string}"},"query-input":{"@type":"PropertyValueSpecification","valueRequired":true,"valueName":"search_term_string"}}],"inLanguage":"en-US"},{"@type":"Person","@id":"https:\/\/www.welovecycling.com\/wide\/#\/schema\/person\/50f01ecd18718d2333cf72e823c4f926","name":"tereza","image":{"@type":"ImageObject","inLanguage":"en-US","@id":"https:\/\/www.welovecycling.com\/wide\/#\/schema\/person\/image\/","url":"https:\/\/secure.gravatar.com\/avatar\/1f9eb71be33845f0afabce3791bc1c58ecdb0a25c62964987e5dbcf7a20d2ec7?s=96&d=mm&r=g","contentUrl":"https:\/\/secure.gravatar.com\/avatar\/1f9eb71be33845f0afabce3791bc1c58ecdb0a25c62964987e5dbcf7a20d2ec7?s=96&d=mm&r=g","caption":"tereza"},"url":"https:\/\/www.welovecycling.com\/wide\/author\/tereza\/"}]}},"_links":{"self":[{"href":"https:\/\/www.welovecycling.com\/wide\/wp-json\/wp\/v2\/posts\/193935","targetHints":{"allow":["GET"]}}],"collection":[{"href":"https:\/\/www.welovecycling.com\/wide\/wp-json\/wp\/v2\/posts"}],"about":[{"href":"https:\/\/www.welovecycling.com\/wide\/wp-json\/wp\/v2\/types\/post"}],"author":[{"embeddable":true,"href":"https:\/\/www.welovecycling.com\/wide\/wp-json\/wp\/v2\/users\/99"}],"replies":[{"embeddable":true,"href":"https:\/\/www.welovecycling.com\/wide\/wp-json\/wp\/v2\/comments?post=193935"}],"version-history":[{"count":1,"href":"https:\/\/www.welovecycling.com\/wide\/wp-json\/wp\/v2\/posts\/193935\/revisions"}],"predecessor-version":[{"id":193937,"href":"https:\/\/www.welovecycling.com\/wide\/wp-json\/wp\/v2\/posts\/193935\/revisions\/193937"}],"wp:featuredmedia":[{"embeddable":true,"href":"https:\/\/www.welovecycling.com\/wide\/wp-json\/wp\/v2\/media\/193936"}],"wp:attachment":[{"href":"https:\/\/www.welovecycling.com\/wide\/wp-json\/wp\/v2\/media?parent=193935"}],"wp:term":[{"taxonomy":"category","embeddable":true,"href":"https:\/\/www.welovecycling.com\/wide\/wp-json\/wp\/v2\/categories?post=193935"},{"taxonomy":"post_tag","embeddable":true,"href":"https:\/\/www.welovecycling.com\/wide\/wp-json\/wp\/v2\/tags?post=193935"},{"taxonomy":"global-categories","embeddable":true,"href":"https:\/\/www.welovecycling.com\/wide\/wp-json\/wp\/v2\/global-categories?post=193935"}],"curies":[{"name":"wp","href":"https:\/\/api.w.org\/{rel}","templated":true}]}}