{"id":193897,"date":"2023-09-11T12:49:35","date_gmt":"2023-09-11T12:49:35","guid":{"rendered":"https:\/\/www.welovecycling.com\/wide\/?p=193897"},"modified":"2023-09-11T12:49:49","modified_gmt":"2023-09-11T12:49:49","slug":"evenepoels-meltdown-explodes-vuelta-as-jumbo-visma-dominate","status":"publish","type":"post","link":"https:\/\/www.welovecycling.com\/wide\/2023\/09\/11\/evenepoels-meltdown-explodes-vuelta-as-jumbo-visma-dominate\/","title":{"rendered":"Evenepoel\u2019s Meltdown Explodes Vuelta as Jumbo-Visma Dominate"},"content":{"rendered":"<p><strong>The second week of this year\u2019s Vuelta a Espa\u00f1a had as much drama as a Mexican soap opera. Most of that drama was packed into two stages, the 13th and the 14th, which went over high mountains and featured the usual suspects: the three Jumbo-Visma leaders \u2013 Sepp Kuss, Jonas Vingegaard and Primo\u017e Rogli\u010d \u2013 and their main rival for the race winner\u2019s red jersey, defending champion Remco Evenepoel of Soudal-QuickStep.<\/strong><\/p>\n<p><!--more--><\/p>\n<p>The 23-year-old Evenepoel kicked off the drama on stage 13 when, with 90 km to go in the Vuelta queen stage\u2019s 135 km, he surprisingly cracked early on the Special Category (HC) climb up the Col d\u2019Aubisque (16.5 km @ 7.1%) and saw his dream of a second consecutive Vuelta victory disappear up the mountain. Led by Jumbo-Visma and Evenepoel\u2019s other GC rivals, the peloton quickly widened the gap on the unlucky 23-year-old Belgian, as shocked spectators and commentators wondered if he had fallen ill again, as when he abandoned this year\u2019s Giro d\u2019Italia after testing positive for Covid.<\/p>\n<p>As Evenepoel struggled on, another, very different drama unfolded on the stage\u2019s final climb, the iconic Col du Tourmalet (18.9 km @ 7.4%), as first Vingegaard then race leader Kuss and finally Rogli\u010d raced away from their GC rivals and finished a rare 1-2-3 in the stage, underscoring Jumbo-Visma\u2019s dominance. Vingegaard, who has <a href=\"https:\/\/www.welovecycling.com\/wide\/2023\/07\/23\/vingegaard-on-winning-the-tour-its-been-a-long-journey-but-it-also-went-by-so-fast\/\" target=\"_blank\" rel=\"noopener\">won the last two Tours de France,<\/a> picked up his first-ever Vuelta stage win and dedicated it to his daughter, Frida. \u201cI\u2019m just so happy,\u201d he said. \u201cToday is my daughter\u2019s [third] birthday and I wanted to win for her.\u201d Asked what the team\u2019s plan for the stage was, he said, \u201cTo see if we could take some time on our opponents, and we did that. [Finishing 1-2-3] was even better than what we planned.\u201d<\/p>\n<p>The result also put all three Jumbo-Visma amigos on the provisional GC podium, with Kuss leading the standings, 1\u2019 37\u201d ahead of Rogli\u010d, and Vingegaard in third, 1\u2019 44\u201d adrift. It is unclear if a single team has ever taken the top three places on a Grand Tour but it\u2019s well known by now that if a Jumbo-Visma rider wins <a href=\"http:\/\/lavuelta.es\">the Vuelta,<\/a> it will be the first time a team has ever won all three Grand Tours in a calendar year.<\/p>\n<p>Meanwhile, Evenepoel struggled over the line an astonishing 27\u2019 05\u201d behind Vingegaard and quickly disappeared into his trailer. To his credit, he faced journalists the next day before the start of stage 14. \u201cIt was a very difficult evening, with a lot of tears and crying,\u201d Evenepoel admitted. \u201cThere have been two Grand Tours where I sacrificed everything. At the Giro, I went out with Covid; here it was just a very bad day, on the day when you needed super legs.\u201d<\/p>\n<figure id=\"attachment_193898\" aria-describedby=\"caption-attachment-193898\" style=\"width: 990px\" class=\"wp-caption alignnone\"><a href=\"https:\/\/d2p6e6u75xmxt8.cloudfront.net\/2\/2023\/09\/Remco-Evenepoel-profimedia-0804555392-CVR.webp\"><img loading=\"lazy\" decoding=\"async\" class=\"wp-image-193898 size-full\" src=\"https:\/\/d2p6e6u75xmxt8.cloudfront.net\/2\/2023\/09\/Remco-Evenepoel-profimedia-0804555392-CVR.webp\" alt=\"Remco Evenepoel\" width=\"990\" height=\"660\" srcset=\"https:\/\/d2p6e6u75xmxt8.cloudfront.net\/2\/2023\/09\/Remco-Evenepoel-profimedia-0804555392-CVR.webp 990w, https:\/\/d2p6e6u75xmxt8.cloudfront.net\/2\/2023\/09\/Remco-Evenepoel-profimedia-0804555392-CVR-300x200.webp 300w, https:\/\/d2p6e6u75xmxt8.cloudfront.net\/2\/2023\/09\/Remco-Evenepoel-profimedia-0804555392-CVR-768x512.webp 768w, https:\/\/d2p6e6u75xmxt8.cloudfront.net\/2\/2023\/09\/Remco-Evenepoel-profimedia-0804555392-CVR-400x267.webp 400w, https:\/\/d2p6e6u75xmxt8.cloudfront.net\/2\/2023\/09\/Remco-Evenepoel-profimedia-0804555392-CVR-272x182.webp 272w\" sizes=\"auto, (max-width: 990px) 100vw, 990px\" \/><\/a><figcaption id=\"caption-attachment-193898\" class=\"wp-caption-text\">The second week of this year\u2019s Vuelta a Espa\u00f1a had as much drama as a Mexican soap opera. \u00a9 Profimedia<\/figcaption><\/figure>\n<p>To his greater credit, he bounced back with a vengeance, having rediscovered his racing legs. He animated stage 14 from the beginning, eager to break away from the peloton and redeem himself. He raced out front, in various groups, for virtually the entire 156.6 km from the French village of Sauveterre-de-B\u00e9arn to the Spanish winter resort of Larra-Belagua, eventually riding with only Romain Bardet (Team DSM-Firmenich) for company. He outkicked the French veteran in the final 2 km to take a popular victory and won back more than 8 minutes of the time he\u2019d lost the previous day. Even Vingegaard saluted his performance. \u201cI think it\u2019s pretty cool that he bounced back like this,\u201d the Danish rider said. \u201cIt was an impressive ride.\u201d<\/p>\n<p>Evenepoel had probably planned his comeback the previous day. Racing on stage 13, he no doubt realized that his chances of winning the Vuelta were gone and that the best he could hope for was to win a few stages and perhaps take a lesser jersey, such as for King of the Mountains. So he simply raced the remaining 90 km of stage 13 at his own pace, preserving energy for the next day and putting him so far behind in the GC that he would be allowed to race in breakaways, as he could no longer threaten any of the main red jersey contenders. Evenepoel wept again after winning the stage and then told journalists, \u201cI can be very proud with this answer after yesterday. The mountain jersey and some stage wins are nice goals to go for.\u201d<\/p>\n<p>But what actually happened to Evenepoel on that fateful stage 13? Yes, riders sometimes have bad days when their legs are strong and they simply cannot keep up. But I believe that the reason for his meltdown was the UCI world championships held in the first two weeks of August. Evenepoel took part in both the road race and the ITT in that competition. The road race was a brutal contest in which only 51 of 193 starting riders made it to the finish line. Evenepoel got tired and eventually finished 25th. A week later, he won the ITT on a long course that included a difficult uphill finish. It was run on August 11, only two weeks before the start of the Vuelta. Vingegaard, Rogli\u010d and Kuss did not race in the worlds; they were preparing for the Vuelta. Geraint Thomas also raced in the ITT world championship and is having a bad Vuelta, with numerous crashes; he currently sits 31st, 1h 09&#8242; 56&#8221; behind.<\/p>\n<p>I doubt very much if the peloton will allow Evenepoel to take 8 minutes again. He is now 15th in the GC, 16\u2019 22\u201d behind Kuss, but only 7\u2019 43\u201d behind the tenth-place Jo\u00e3o Almeida (UAE Team Emirates). Almeida who also took part in the world championships, is having a disappointing Vuelta. He and his team will not want to see him drop out of the top 10 and so will certainly try to keep the Belgian from gaining much more time on Almeida.<\/p>\n<p>The main suspense remaining in the race is which Jumbo-Visma rider will win it and if the three \u201ckiller bees\u201d (because of the team\u2019s yellow and black jerseys) will all finish on the podium. But Evenepoel\u2019s stage 14 victory has made him a player again, which means fireworks and exciting subplots in the final week are assured.<\/p>\n","protected":false},"excerpt":{"rendered":"<p>The second week of this year\u2019s Vuelta a Espa\u00f1a had as much drama as a Mexican soap opera. Most of [&hellip;]<\/p>\n","protected":false},"author":99,"featured_media":193899,"comment_status":"closed","ping_status":"open","sticky":false,"template":"","format":"standard","meta":{"footnotes":""},"categories":[329],"tags":[6875,1080,5450,479,3544,473,3487],"global-categories":[3366],"class_list":["post-193897","post","type-post","status-publish","format-standard","has-post-thumbnail","hentry","category-road-cycling","tag-2023-la-vuelta","tag-geraint-thomas","tag-jonas-vingegaard","tag-la-vuelta","tag-remco-evenepoel","tag-romain-bardet","tag-sepp-kuss","global-categories-cycling"],"yoast_head":"<!-- This site is optimized with the Yoast SEO Premium plugin v25.3 (Yoast SEO v25.9) - https:\/\/yoast.com\/wordpress\/plugins\/seo\/ -->\n<title>Evenepoel\u2019s Meltdown Explodes Vuelta as Jumbo-Visma Dominate - \u0160koda We Love Cycling<\/title>\n<meta name=\"description\" content=\"The second week of this year\u2019s Vuelta a Espa\u00f1a had as much drama as a Mexican soap opera. Most of that drama was packed into two stages, the 13th and the\" \/>\n<meta name=\"robots\" content=\"index, follow, max-snippet:-1, max-image-preview:large, max-video-preview:-1\" \/>\n<link rel=\"canonical\" href=\"https:\/\/www.welovecycling.com\/wide\/2023\/09\/11\/evenepoels-meltdown-explodes-vuelta-as-jumbo-visma-dominate\/\" \/>\n<meta property=\"og:locale\" content=\"en_US\" \/>\n<meta property=\"og:type\" content=\"article\" \/>\n<meta property=\"og:title\" content=\"Evenepoel\u2019s Meltdown Explodes Vuelta as Jumbo-Visma Dominate\" \/>\n<meta property=\"og:description\" content=\"The second week of this year\u2019s Vuelta a Espa\u00f1a had as much drama as a Mexican soap opera. Most of that drama was packed into two stages, the 13th and the\" \/>\n<meta property=\"og:url\" content=\"https:\/\/www.welovecycling.com\/wide\/2023\/09\/11\/evenepoels-meltdown-explodes-vuelta-as-jumbo-visma-dominate\/\" \/>\n<meta property=\"og:site_name\" content=\"\u0160koda We Love Cycling\" \/>\n<meta property=\"article:published_time\" content=\"2023-09-11T12:49:35+00:00\" \/>\n<meta property=\"article:modified_time\" content=\"2023-09-11T12:49:49+00:00\" \/>\n<meta property=\"og:image\" content=\"https:\/\/d2p6e6u75xmxt8.cloudfront.net\/2\/2023\/09\/Remco-Evenepoel-profimedia-0804555508-CVR.webp\" \/>\n\t<meta property=\"og:image:width\" content=\"990\" \/>\n\t<meta property=\"og:image:height\" content=\"660\" \/>\n\t<meta property=\"og:image:type\" content=\"image\/webp\" \/>\n<meta name=\"author\" content=\"tereza\" \/>\n<meta name=\"twitter:card\" content=\"summary_large_image\" \/>\n<meta name=\"twitter:label1\" content=\"Written by\" \/>\n\t<meta name=\"twitter:data1\" content=\"Siegfried Mortkowitz\" \/>\n\t<meta name=\"twitter:label2\" content=\"Est. reading time\" \/>\n\t<meta name=\"twitter:data2\" content=\"4\" \/>\n<script type=\"application\/ld+json\" class=\"yoast-schema-graph\">{\"@context\":\"https:\/\/schema.org\",\"@graph\":[{\"@type\":\"WebPage\",\"@id\":\"https:\/\/www.welovecycling.com\/wide\/2023\/09\/11\/evenepoels-meltdown-explodes-vuelta-as-jumbo-visma-dominate\/\",\"url\":\"https:\/\/www.welovecycling.com\/wide\/2023\/09\/11\/evenepoels-meltdown-explodes-vuelta-as-jumbo-visma-dominate\/\",\"name\":\"Evenepoel\u2019s Meltdown Explodes Vuelta as Jumbo-Visma Dominate - \u0160koda We Love Cycling\",\"isPartOf\":{\"@id\":\"https:\/\/www.welovecycling.com\/wide\/#website\"},\"primaryImageOfPage\":{\"@id\":\"https:\/\/www.welovecycling.com\/wide\/2023\/09\/11\/evenepoels-meltdown-explodes-vuelta-as-jumbo-visma-dominate\/#primaryimage\"},\"image\":{\"@id\":\"https:\/\/www.welovecycling.com\/wide\/2023\/09\/11\/evenepoels-meltdown-explodes-vuelta-as-jumbo-visma-dominate\/#primaryimage\"},\"thumbnailUrl\":\"https:\/\/d2p6e6u75xmxt8.cloudfront.net\/2\/2023\/09\/Remco-Evenepoel-profimedia-0804555508-CVR.webp\",\"datePublished\":\"2023-09-11T12:49:35+00:00\",\"dateModified\":\"2023-09-11T12:49:49+00:00\",\"author\":{\"@id\":\"https:\/\/www.welovecycling.com\/wide\/#\/schema\/person\/50f01ecd18718d2333cf72e823c4f926\"},\"description\":\"The second week of this year\u2019s Vuelta a Espa\u00f1a had as much drama as a Mexican soap opera. Most of that drama was packed into two stages, the 13th and the\",\"breadcrumb\":{\"@id\":\"https:\/\/www.welovecycling.com\/wide\/2023\/09\/11\/evenepoels-meltdown-explodes-vuelta-as-jumbo-visma-dominate\/#breadcrumb\"},\"inLanguage\":\"en-US\",\"potentialAction\":[{\"@type\":\"ReadAction\",\"target\":[\"https:\/\/www.welovecycling.com\/wide\/2023\/09\/11\/evenepoels-meltdown-explodes-vuelta-as-jumbo-visma-dominate\/\"]}]},{\"@type\":\"ImageObject\",\"inLanguage\":\"en-US\",\"@id\":\"https:\/\/www.welovecycling.com\/wide\/2023\/09\/11\/evenepoels-meltdown-explodes-vuelta-as-jumbo-visma-dominate\/#primaryimage\",\"url\":\"https:\/\/d2p6e6u75xmxt8.cloudfront.net\/2\/2023\/09\/Remco-Evenepoel-profimedia-0804555508-CVR.webp\",\"contentUrl\":\"https:\/\/d2p6e6u75xmxt8.cloudfront.net\/2\/2023\/09\/Remco-Evenepoel-profimedia-0804555508-CVR.webp\",\"width\":990,\"height\":660,\"caption\":\"is now channeling his formidable talents and energies toward his debut in the Tour de France and a subsequent appearance at the Olympic Games.\"},{\"@type\":\"BreadcrumbList\",\"@id\":\"https:\/\/www.welovecycling.com\/wide\/2023\/09\/11\/evenepoels-meltdown-explodes-vuelta-as-jumbo-visma-dominate\/#breadcrumb\",\"itemListElement\":[{\"@type\":\"ListItem\",\"position\":1,\"name\":\"Home\",\"item\":\"https:\/\/www.welovecycling.com\/wide\/\"},{\"@type\":\"ListItem\",\"position\":2,\"name\":\"Evenepoel\u2019s Meltdown Explodes Vuelta as Jumbo-Visma Dominate\"}]},{\"@type\":\"WebSite\",\"@id\":\"https:\/\/www.welovecycling.com\/wide\/#website\",\"url\":\"https:\/\/www.welovecycling.com\/wide\/\",\"name\":\"\u0160koda We Love Cycling\",\"description\":\"\u0160koda We Love Cycling magazine\",\"alternateName\":\"\u0160koda WLC\",\"potentialAction\":[{\"@type\":\"SearchAction\",\"target\":{\"@type\":\"EntryPoint\",\"urlTemplate\":\"https:\/\/www.welovecycling.com\/wide\/?s={search_term_string}\"},\"query-input\":{\"@type\":\"PropertyValueSpecification\",\"valueRequired\":true,\"valueName\":\"search_term_string\"}}],\"inLanguage\":\"en-US\"},{\"@type\":\"Person\",\"@id\":\"https:\/\/www.welovecycling.com\/wide\/#\/schema\/person\/50f01ecd18718d2333cf72e823c4f926\",\"name\":\"tereza\",\"image\":{\"@type\":\"ImageObject\",\"inLanguage\":\"en-US\",\"@id\":\"https:\/\/www.welovecycling.com\/wide\/#\/schema\/person\/image\/\",\"url\":\"https:\/\/secure.gravatar.com\/avatar\/1f9eb71be33845f0afabce3791bc1c58ecdb0a25c62964987e5dbcf7a20d2ec7?s=96&d=mm&r=g\",\"contentUrl\":\"https:\/\/secure.gravatar.com\/avatar\/1f9eb71be33845f0afabce3791bc1c58ecdb0a25c62964987e5dbcf7a20d2ec7?s=96&d=mm&r=g\",\"caption\":\"tereza\"},\"url\":\"https:\/\/www.welovecycling.com\/wide\/author\/tereza\/\"}]}<\/script>\n<!-- \/ Yoast SEO Premium plugin. -->","yoast_head_json":{"title":"Evenepoel\u2019s Meltdown Explodes Vuelta as Jumbo-Visma Dominate - \u0160koda We Love Cycling","description":"The second week of this year\u2019s Vuelta a Espa\u00f1a had as much drama as a Mexican soap opera. Most of that drama was packed into two stages, the 13th and the","robots":{"index":"index","follow":"follow","max-snippet":"max-snippet:-1","max-image-preview":"max-image-preview:large","max-video-preview":"max-video-preview:-1"},"canonical":"https:\/\/www.welovecycling.com\/wide\/2023\/09\/11\/evenepoels-meltdown-explodes-vuelta-as-jumbo-visma-dominate\/","og_locale":"en_US","og_type":"article","og_title":"Evenepoel\u2019s Meltdown Explodes Vuelta as Jumbo-Visma Dominate","og_description":"The second week of this year\u2019s Vuelta a Espa\u00f1a had as much drama as a Mexican soap opera. Most of that drama was packed into two stages, the 13th and the","og_url":"https:\/\/www.welovecycling.com\/wide\/2023\/09\/11\/evenepoels-meltdown-explodes-vuelta-as-jumbo-visma-dominate\/","og_site_name":"\u0160koda We Love Cycling","article_published_time":"2023-09-11T12:49:35+00:00","article_modified_time":"2023-09-11T12:49:49+00:00","og_image":[{"width":990,"height":660,"url":"https:\/\/d2p6e6u75xmxt8.cloudfront.net\/2\/2023\/09\/Remco-Evenepoel-profimedia-0804555508-CVR.webp","type":"image\/webp"}],"author":"tereza","twitter_card":"summary_large_image","twitter_misc":{"Written by":"Siegfried Mortkowitz","Est. reading time":"4"},"schema":{"@context":"https:\/\/schema.org","@graph":[{"@type":"WebPage","@id":"https:\/\/www.welovecycling.com\/wide\/2023\/09\/11\/evenepoels-meltdown-explodes-vuelta-as-jumbo-visma-dominate\/","url":"https:\/\/www.welovecycling.com\/wide\/2023\/09\/11\/evenepoels-meltdown-explodes-vuelta-as-jumbo-visma-dominate\/","name":"Evenepoel\u2019s Meltdown Explodes Vuelta as Jumbo-Visma Dominate - \u0160koda We Love Cycling","isPartOf":{"@id":"https:\/\/www.welovecycling.com\/wide\/#website"},"primaryImageOfPage":{"@id":"https:\/\/www.welovecycling.com\/wide\/2023\/09\/11\/evenepoels-meltdown-explodes-vuelta-as-jumbo-visma-dominate\/#primaryimage"},"image":{"@id":"https:\/\/www.welovecycling.com\/wide\/2023\/09\/11\/evenepoels-meltdown-explodes-vuelta-as-jumbo-visma-dominate\/#primaryimage"},"thumbnailUrl":"https:\/\/d2p6e6u75xmxt8.cloudfront.net\/2\/2023\/09\/Remco-Evenepoel-profimedia-0804555508-CVR.webp","datePublished":"2023-09-11T12:49:35+00:00","dateModified":"2023-09-11T12:49:49+00:00","author":{"@id":"https:\/\/www.welovecycling.com\/wide\/#\/schema\/person\/50f01ecd18718d2333cf72e823c4f926"},"description":"The second week of this year\u2019s Vuelta a Espa\u00f1a had as much drama as a Mexican soap opera. Most of that drama was packed into two stages, the 13th and the","breadcrumb":{"@id":"https:\/\/www.welovecycling.com\/wide\/2023\/09\/11\/evenepoels-meltdown-explodes-vuelta-as-jumbo-visma-dominate\/#breadcrumb"},"inLanguage":"en-US","potentialAction":[{"@type":"ReadAction","target":["https:\/\/www.welovecycling.com\/wide\/2023\/09\/11\/evenepoels-meltdown-explodes-vuelta-as-jumbo-visma-dominate\/"]}]},{"@type":"ImageObject","inLanguage":"en-US","@id":"https:\/\/www.welovecycling.com\/wide\/2023\/09\/11\/evenepoels-meltdown-explodes-vuelta-as-jumbo-visma-dominate\/#primaryimage","url":"https:\/\/d2p6e6u75xmxt8.cloudfront.net\/2\/2023\/09\/Remco-Evenepoel-profimedia-0804555508-CVR.webp","contentUrl":"https:\/\/d2p6e6u75xmxt8.cloudfront.net\/2\/2023\/09\/Remco-Evenepoel-profimedia-0804555508-CVR.webp","width":990,"height":660,"caption":"is now channeling his formidable talents and energies toward his debut in the Tour de France and a subsequent appearance at the Olympic Games."},{"@type":"BreadcrumbList","@id":"https:\/\/www.welovecycling.com\/wide\/2023\/09\/11\/evenepoels-meltdown-explodes-vuelta-as-jumbo-visma-dominate\/#breadcrumb","itemListElement":[{"@type":"ListItem","position":1,"name":"Home","item":"https:\/\/www.welovecycling.com\/wide\/"},{"@type":"ListItem","position":2,"name":"Evenepoel\u2019s Meltdown Explodes Vuelta as Jumbo-Visma Dominate"}]},{"@type":"WebSite","@id":"https:\/\/www.welovecycling.com\/wide\/#website","url":"https:\/\/www.welovecycling.com\/wide\/","name":"\u0160koda We Love Cycling","description":"\u0160koda We Love Cycling magazine","alternateName":"\u0160koda WLC","potentialAction":[{"@type":"SearchAction","target":{"@type":"EntryPoint","urlTemplate":"https:\/\/www.welovecycling.com\/wide\/?s={search_term_string}"},"query-input":{"@type":"PropertyValueSpecification","valueRequired":true,"valueName":"search_term_string"}}],"inLanguage":"en-US"},{"@type":"Person","@id":"https:\/\/www.welovecycling.com\/wide\/#\/schema\/person\/50f01ecd18718d2333cf72e823c4f926","name":"tereza","image":{"@type":"ImageObject","inLanguage":"en-US","@id":"https:\/\/www.welovecycling.com\/wide\/#\/schema\/person\/image\/","url":"https:\/\/secure.gravatar.com\/avatar\/1f9eb71be33845f0afabce3791bc1c58ecdb0a25c62964987e5dbcf7a20d2ec7?s=96&d=mm&r=g","contentUrl":"https:\/\/secure.gravatar.com\/avatar\/1f9eb71be33845f0afabce3791bc1c58ecdb0a25c62964987e5dbcf7a20d2ec7?s=96&d=mm&r=g","caption":"tereza"},"url":"https:\/\/www.welovecycling.com\/wide\/author\/tereza\/"}]}},"_links":{"self":[{"href":"https:\/\/www.welovecycling.com\/wide\/wp-json\/wp\/v2\/posts\/193897","targetHints":{"allow":["GET"]}}],"collection":[{"href":"https:\/\/www.welovecycling.com\/wide\/wp-json\/wp\/v2\/posts"}],"about":[{"href":"https:\/\/www.welovecycling.com\/wide\/wp-json\/wp\/v2\/types\/post"}],"author":[{"embeddable":true,"href":"https:\/\/www.welovecycling.com\/wide\/wp-json\/wp\/v2\/users\/99"}],"replies":[{"embeddable":true,"href":"https:\/\/www.welovecycling.com\/wide\/wp-json\/wp\/v2\/comments?post=193897"}],"version-history":[{"count":1,"href":"https:\/\/www.welovecycling.com\/wide\/wp-json\/wp\/v2\/posts\/193897\/revisions"}],"predecessor-version":[{"id":193900,"href":"https:\/\/www.welovecycling.com\/wide\/wp-json\/wp\/v2\/posts\/193897\/revisions\/193900"}],"wp:featuredmedia":[{"embeddable":true,"href":"https:\/\/www.welovecycling.com\/wide\/wp-json\/wp\/v2\/media\/193899"}],"wp:attachment":[{"href":"https:\/\/www.welovecycling.com\/wide\/wp-json\/wp\/v2\/media?parent=193897"}],"wp:term":[{"taxonomy":"category","embeddable":true,"href":"https:\/\/www.welovecycling.com\/wide\/wp-json\/wp\/v2\/categories?post=193897"},{"taxonomy":"post_tag","embeddable":true,"href":"https:\/\/www.welovecycling.com\/wide\/wp-json\/wp\/v2\/tags?post=193897"},{"taxonomy":"global-categories","embeddable":true,"href":"https:\/\/www.welovecycling.com\/wide\/wp-json\/wp\/v2\/global-categories?post=193897"}],"curies":[{"name":"wp","href":"https:\/\/api.w.org\/{rel}","templated":true}]}}