{"id":193879,"date":"2023-09-08T11:02:42","date_gmt":"2023-09-08T11:02:42","guid":{"rendered":"https:\/\/www.welovecycling.com\/wide\/?p=193879"},"modified":"2023-09-08T11:02:42","modified_gmt":"2023-09-08T11:02:42","slug":"molano-on-winning-stage-12-this-victory-is-for-my-team-and-my-family","status":"publish","type":"post","link":"https:\/\/www.welovecycling.com\/wide\/2023\/09\/08\/molano-on-winning-stage-12-this-victory-is-for-my-team-and-my-family\/","title":{"rendered":"Molano on Winning Stage 12: \u2018This victory is for my team and my family\u2019"},"content":{"rendered":"<p style=\"font-weight: 400;\"><strong>In the exhilarating stage 12 of the Vuelta a Espa\u00f1a, an unforeseen mechanical mishap meant Australian sprinter Kaden Groves could not contest for another victory, paving the way for Juan Sebasti\u00e1n Molano to seize the lead in the final stretch in Zaragoza. This triumph was marked as an exemplary collaboration between Molano and his UAE-Emirates teammate Rui Olivera who staged a crucial leadout in the race&#8217;s defining moment.<\/strong><\/p>\n<p><!--more--><\/p>\n<p style=\"font-weight: 400;\">Molano&#8217;s success came after an intense contest where the Alpecin-Deceuninck team, with Groves at the helm, led the peloton throughout the majority of the stage. The team&#8217;s strategy had been to dominate one of the Vuelta&#8217;s few predetermined sprint stages. However, the meticulous plan began to unravel a few hundred meters from the finish line when Olivera surpassed the Alpecin frontline, catapulting Molano towards a spectacular victory.<\/p>\n<p style=\"font-weight: 400;\">The joyous Molano did not hold back his exhilaration, stating to the TV broadcasters, \u201cI\u2019m very happy. Thanks to my team, they did amazingly. This victory is for my team and my family.\u201d A reflection of their precisely executed strategy, he further detailed, \u201cWe did it how it was planned. On the last corner, we had to be close to the font on the fences and open up at this point.\u201d<\/p>\n<p style=\"font-weight: 400;\">The final sprint to the finish line was far from smooth, with Olivera describing it as \u201cchaos\u201d in a conversation with <a href=\"https:\/\/plus.globalcyclingnetwork.com\/\">GCN+.<\/a> Despite the frantic energy, he recounted his confidence during the decisive moment, saying, \u201cWith one kilometre to go, we were a bit stuck but I knew we had to wait.\u201d Olivera&#8217;s belief in Molano&#8217;s capabilities was unshaken, stating, \u201cI knew I had the legs from the other day and I knew if I timed it well I could perform a good leadout. I knew Molano would be on my wheel. When I saw him passing me and no one coming close, I felt like this victory was my own.\u201d<\/p>\n<div class=\"embed-controller-wrapper\">\n<blockquote class=\"twitter-tweet\" data-width=\"500\" data-dnt=\"true\">\n<p lang=\"es\" dir=\"ltr\">\ud83d\ude0d\u00a1Aqu\u00ed ten\u00e9is las mejores fotos de la etapa 12!<\/p>\n<p>\ud83d\udcf8 A selection of the best photos from stage 12!<\/p>\n<p>\ud83d\udcf2 M\u00e1s fotos \/ More photos on <a href=\"https:\/\/t.co\/rCn67bhhG6\">https:\/\/t.co\/rCn67bhhG6<\/a><a href=\"https:\/\/twitter.com\/hashtag\/LaVuelta23?src=hash&amp;ref_src=twsrc%5Etfw\">#LaVuelta23<\/a> &#8211; \ud83d\udcf8 <a href=\"https:\/\/twitter.com\/cxcling?ref_src=twsrc%5Etfw\">@cxcling<\/a> <a href=\"https:\/\/t.co\/B55YtQy9pg\">pic.twitter.com\/B55YtQy9pg<\/a><\/p>\n<p>&mdash; La Vuelta (@lavuelta) <a href=\"https:\/\/twitter.com\/lavuelta\/status\/1699872277989335274?ref_src=twsrc%5Etfw\">September 7, 2023<\/a><\/p><\/blockquote>\n<p><script async data-src=\"https:\/\/platform.twitter.com\/widgets.js\" charset=\"utf-8\"><\/script><\/div>\n<p style=\"font-weight: 400;\">Groves, whose sprint towards the finish was interrupted by a mechanical snag, shared his bitter-sweet sentiment: \u201cOur team did a fantastic job. In the end, we got bumped by UAE who came with momentum and my chain actually dropped. I managed to get it back on but by then I was too far back.\u201d<\/p>\n<p style=\"font-weight: 400;\">The race\u2019s trajectory was seemingly straightforward, charting a course that largely descended during the first half and lacked significant climbs across its 150 km expanse. A bunch sprint was evidently the unanimous strategy, as evidenced by the immediate breakaway initiated by Jetse Bol (Burgos-Bh) and Abel Balderstone (Caja Rural &#8211; Seguros) as the race commenced.<\/p>\n<p style=\"font-weight: 400;\">Despite the day&#8217;s setback, Groves continued to display his prowess in the points classification, maintaining a dominant lead that was significantly bolstered by two prior sprint victories and a second-place finish in the Spanish race. His team, Alpecin-Deceuninck, played a pivotal role in setting the race&#8217;s tempo, strategically keeping the advancing pair&#8217;s gap under three minutes.<\/p>\n<p style=\"font-weight: 400;\">Further solidifying his position, Groves acquired an additional 20 points by winning the intermediate sprint with 19 km remaining. However, as the riders neared Zaragoza, the <a href=\"https:\/\/www.welovecycling.com\/wide\/2023\/05\/10\/soudal-quick-step-on-the-wings-of-evenepoel\/\" target=\"_blank\" rel=\"noopener\">Soudal &#8211; Quick-Step team<\/a> assumed control, determined to safeguard their GC leader, Remco Evenepoel.<\/p>\n<p style=\"font-weight: 400;\">As the racers navigated through the wide three-lane roads of Zaragoza&#8217;s outskirts and edged closer to the final 3 km mark, a sudden shift in dynamics witnessed the sprinter teams asserting their dominance. The ensuing clash of strategies reached its climax in the final kilometre where Groves, despite leading the pack, suffered a chain drop, a mishap that allowed the surging UAE team to seize the front and enabled Molano to secure a well-deserved victory.<\/p>\n","protected":false},"excerpt":{"rendered":"<p>In the exhilarating stage 12 of the Vuelta a Espa\u00f1a, an unforeseen mechanical mishap meant Australian sprinter Kaden Groves could [&hellip;]<\/p>\n","protected":false},"author":99,"featured_media":193880,"comment_status":"closed","ping_status":"open","sticky":false,"template":"","format":"standard","meta":{"footnotes":""},"categories":[329],"tags":[6875,5172,7350,479],"global-categories":[3366],"class_list":["post-193879","post","type-post","status-publish","format-standard","has-post-thumbnail","hentry","category-road-cycling","tag-2023-la-vuelta","tag-juan-sebastian-molano","tag-kaden-groves","tag-la-vuelta","global-categories-cycling"],"yoast_head":"<!-- This site is optimized with the Yoast SEO Premium plugin v25.3 (Yoast SEO v25.9) - https:\/\/yoast.com\/wordpress\/plugins\/seo\/ -->\n<title>Juan Sebasti\u00e1n Molano WIns Stage 12 Of La Vuelta<\/title>\n<meta name=\"description\" content=\"In the exhilarating stage 12 of the Vuelta a Espa\u00f1a, an unforeseen mechanical mishap meant Australian sprinter Kaden Groves could not contest for another\" \/>\n<meta name=\"robots\" content=\"index, follow, max-snippet:-1, max-image-preview:large, max-video-preview:-1\" \/>\n<link rel=\"canonical\" href=\"https:\/\/www.welovecycling.com\/wide\/2023\/09\/08\/molano-on-winning-stage-12-this-victory-is-for-my-team-and-my-family\/\" \/>\n<meta property=\"og:locale\" content=\"en_US\" \/>\n<meta property=\"og:type\" content=\"article\" \/>\n<meta property=\"og:title\" content=\"Molano on Winning Stage 12: \u2018This victory is for my team and my family\u2019\" \/>\n<meta property=\"og:description\" content=\"In the exhilarating stage 12 of the Vuelta a Espa\u00f1a, an unforeseen mechanical mishap meant Australian sprinter Kaden Groves could not contest for another\" \/>\n<meta property=\"og:url\" content=\"https:\/\/www.welovecycling.com\/wide\/2023\/09\/08\/molano-on-winning-stage-12-this-victory-is-for-my-team-and-my-family\/\" \/>\n<meta property=\"og:site_name\" content=\"\u0160koda We Love Cycling\" \/>\n<meta property=\"article:published_time\" content=\"2023-09-08T11:02:42+00:00\" \/>\n<meta property=\"og:image\" content=\"https:\/\/d2p6e6u75xmxt8.cloudfront.net\/2\/2023\/09\/Juan-Sebastian-Molano-profimedia-0803541664-CVR.webp\" \/>\n\t<meta property=\"og:image:width\" content=\"990\" \/>\n\t<meta property=\"og:image:height\" content=\"660\" \/>\n\t<meta property=\"og:image:type\" content=\"image\/webp\" \/>\n<meta name=\"author\" content=\"tereza\" \/>\n<meta name=\"twitter:card\" content=\"summary_large_image\" \/>\n<meta name=\"twitter:label1\" content=\"Written by\" \/>\n\t<meta name=\"twitter:data1\" content=\"Monica Buck\" \/>\n\t<meta name=\"twitter:label2\" content=\"Est. reading time\" \/>\n\t<meta name=\"twitter:data2\" content=\"3\" \/>\n<script type=\"application\/ld+json\" class=\"yoast-schema-graph\">{\"@context\":\"https:\/\/schema.org\",\"@graph\":[{\"@type\":\"WebPage\",\"@id\":\"https:\/\/www.welovecycling.com\/wide\/2023\/09\/08\/molano-on-winning-stage-12-this-victory-is-for-my-team-and-my-family\/\",\"url\":\"https:\/\/www.welovecycling.com\/wide\/2023\/09\/08\/molano-on-winning-stage-12-this-victory-is-for-my-team-and-my-family\/\",\"name\":\"Juan Sebasti\u00e1n Molano WIns Stage 12 Of La Vuelta\",\"isPartOf\":{\"@id\":\"https:\/\/www.welovecycling.com\/wide\/#website\"},\"primaryImageOfPage\":{\"@id\":\"https:\/\/www.welovecycling.com\/wide\/2023\/09\/08\/molano-on-winning-stage-12-this-victory-is-for-my-team-and-my-family\/#primaryimage\"},\"image\":{\"@id\":\"https:\/\/www.welovecycling.com\/wide\/2023\/09\/08\/molano-on-winning-stage-12-this-victory-is-for-my-team-and-my-family\/#primaryimage\"},\"thumbnailUrl\":\"https:\/\/d2p6e6u75xmxt8.cloudfront.net\/2\/2023\/09\/Juan-Sebastian-Molano-profimedia-0803541664-CVR.webp\",\"datePublished\":\"2023-09-08T11:02:42+00:00\",\"author\":{\"@id\":\"https:\/\/www.welovecycling.com\/wide\/#\/schema\/person\/50f01ecd18718d2333cf72e823c4f926\"},\"description\":\"In the exhilarating stage 12 of the Vuelta a Espa\u00f1a, an unforeseen mechanical mishap meant Australian sprinter Kaden Groves could not contest for another\",\"breadcrumb\":{\"@id\":\"https:\/\/www.welovecycling.com\/wide\/2023\/09\/08\/molano-on-winning-stage-12-this-victory-is-for-my-team-and-my-family\/#breadcrumb\"},\"inLanguage\":\"en-US\",\"potentialAction\":[{\"@type\":\"ReadAction\",\"target\":[\"https:\/\/www.welovecycling.com\/wide\/2023\/09\/08\/molano-on-winning-stage-12-this-victory-is-for-my-team-and-my-family\/\"]}]},{\"@type\":\"ImageObject\",\"inLanguage\":\"en-US\",\"@id\":\"https:\/\/www.welovecycling.com\/wide\/2023\/09\/08\/molano-on-winning-stage-12-this-victory-is-for-my-team-and-my-family\/#primaryimage\",\"url\":\"https:\/\/d2p6e6u75xmxt8.cloudfront.net\/2\/2023\/09\/Juan-Sebastian-Molano-profimedia-0803541664-CVR.webp\",\"contentUrl\":\"https:\/\/d2p6e6u75xmxt8.cloudfront.net\/2\/2023\/09\/Juan-Sebastian-Molano-profimedia-0803541664-CVR.webp\",\"width\":990,\"height\":660,\"caption\":\"Juan Sebastian Molano\"},{\"@type\":\"BreadcrumbList\",\"@id\":\"https:\/\/www.welovecycling.com\/wide\/2023\/09\/08\/molano-on-winning-stage-12-this-victory-is-for-my-team-and-my-family\/#breadcrumb\",\"itemListElement\":[{\"@type\":\"ListItem\",\"position\":1,\"name\":\"Home\",\"item\":\"https:\/\/www.welovecycling.com\/wide\/\"},{\"@type\":\"ListItem\",\"position\":2,\"name\":\"Molano on Winning Stage 12: \u2018This victory is for my team and my family\u2019\"}]},{\"@type\":\"WebSite\",\"@id\":\"https:\/\/www.welovecycling.com\/wide\/#website\",\"url\":\"https:\/\/www.welovecycling.com\/wide\/\",\"name\":\"\u0160koda We Love Cycling\",\"description\":\"\u0160koda We Love Cycling magazine\",\"alternateName\":\"\u0160koda WLC\",\"potentialAction\":[{\"@type\":\"SearchAction\",\"target\":{\"@type\":\"EntryPoint\",\"urlTemplate\":\"https:\/\/www.welovecycling.com\/wide\/?s={search_term_string}\"},\"query-input\":{\"@type\":\"PropertyValueSpecification\",\"valueRequired\":true,\"valueName\":\"search_term_string\"}}],\"inLanguage\":\"en-US\"},{\"@type\":\"Person\",\"@id\":\"https:\/\/www.welovecycling.com\/wide\/#\/schema\/person\/50f01ecd18718d2333cf72e823c4f926\",\"name\":\"tereza\",\"image\":{\"@type\":\"ImageObject\",\"inLanguage\":\"en-US\",\"@id\":\"https:\/\/www.welovecycling.com\/wide\/#\/schema\/person\/image\/\",\"url\":\"https:\/\/secure.gravatar.com\/avatar\/1f9eb71be33845f0afabce3791bc1c58ecdb0a25c62964987e5dbcf7a20d2ec7?s=96&d=mm&r=g\",\"contentUrl\":\"https:\/\/secure.gravatar.com\/avatar\/1f9eb71be33845f0afabce3791bc1c58ecdb0a25c62964987e5dbcf7a20d2ec7?s=96&d=mm&r=g\",\"caption\":\"tereza\"},\"url\":\"https:\/\/www.welovecycling.com\/wide\/author\/tereza\/\"}]}<\/script>\n<!-- \/ Yoast SEO Premium plugin. -->","yoast_head_json":{"title":"Juan Sebasti\u00e1n Molano WIns Stage 12 Of La Vuelta","description":"In the exhilarating stage 12 of the Vuelta a Espa\u00f1a, an unforeseen mechanical mishap meant Australian sprinter Kaden Groves could not contest for another","robots":{"index":"index","follow":"follow","max-snippet":"max-snippet:-1","max-image-preview":"max-image-preview:large","max-video-preview":"max-video-preview:-1"},"canonical":"https:\/\/www.welovecycling.com\/wide\/2023\/09\/08\/molano-on-winning-stage-12-this-victory-is-for-my-team-and-my-family\/","og_locale":"en_US","og_type":"article","og_title":"Molano on Winning Stage 12: \u2018This victory is for my team and my family\u2019","og_description":"In the exhilarating stage 12 of the Vuelta a Espa\u00f1a, an unforeseen mechanical mishap meant Australian sprinter Kaden Groves could not contest for another","og_url":"https:\/\/www.welovecycling.com\/wide\/2023\/09\/08\/molano-on-winning-stage-12-this-victory-is-for-my-team-and-my-family\/","og_site_name":"\u0160koda We Love Cycling","article_published_time":"2023-09-08T11:02:42+00:00","og_image":[{"width":990,"height":660,"url":"https:\/\/d2p6e6u75xmxt8.cloudfront.net\/2\/2023\/09\/Juan-Sebastian-Molano-profimedia-0803541664-CVR.webp","type":"image\/webp"}],"author":"tereza","twitter_card":"summary_large_image","twitter_misc":{"Written by":"Monica Buck","Est. reading time":"3"},"schema":{"@context":"https:\/\/schema.org","@graph":[{"@type":"WebPage","@id":"https:\/\/www.welovecycling.com\/wide\/2023\/09\/08\/molano-on-winning-stage-12-this-victory-is-for-my-team-and-my-family\/","url":"https:\/\/www.welovecycling.com\/wide\/2023\/09\/08\/molano-on-winning-stage-12-this-victory-is-for-my-team-and-my-family\/","name":"Juan Sebasti\u00e1n Molano WIns Stage 12 Of La Vuelta","isPartOf":{"@id":"https:\/\/www.welovecycling.com\/wide\/#website"},"primaryImageOfPage":{"@id":"https:\/\/www.welovecycling.com\/wide\/2023\/09\/08\/molano-on-winning-stage-12-this-victory-is-for-my-team-and-my-family\/#primaryimage"},"image":{"@id":"https:\/\/www.welovecycling.com\/wide\/2023\/09\/08\/molano-on-winning-stage-12-this-victory-is-for-my-team-and-my-family\/#primaryimage"},"thumbnailUrl":"https:\/\/d2p6e6u75xmxt8.cloudfront.net\/2\/2023\/09\/Juan-Sebastian-Molano-profimedia-0803541664-CVR.webp","datePublished":"2023-09-08T11:02:42+00:00","author":{"@id":"https:\/\/www.welovecycling.com\/wide\/#\/schema\/person\/50f01ecd18718d2333cf72e823c4f926"},"description":"In the exhilarating stage 12 of the Vuelta a Espa\u00f1a, an unforeseen mechanical mishap meant Australian sprinter Kaden Groves could not contest for another","breadcrumb":{"@id":"https:\/\/www.welovecycling.com\/wide\/2023\/09\/08\/molano-on-winning-stage-12-this-victory-is-for-my-team-and-my-family\/#breadcrumb"},"inLanguage":"en-US","potentialAction":[{"@type":"ReadAction","target":["https:\/\/www.welovecycling.com\/wide\/2023\/09\/08\/molano-on-winning-stage-12-this-victory-is-for-my-team-and-my-family\/"]}]},{"@type":"ImageObject","inLanguage":"en-US","@id":"https:\/\/www.welovecycling.com\/wide\/2023\/09\/08\/molano-on-winning-stage-12-this-victory-is-for-my-team-and-my-family\/#primaryimage","url":"https:\/\/d2p6e6u75xmxt8.cloudfront.net\/2\/2023\/09\/Juan-Sebastian-Molano-profimedia-0803541664-CVR.webp","contentUrl":"https:\/\/d2p6e6u75xmxt8.cloudfront.net\/2\/2023\/09\/Juan-Sebastian-Molano-profimedia-0803541664-CVR.webp","width":990,"height":660,"caption":"Juan Sebastian Molano"},{"@type":"BreadcrumbList","@id":"https:\/\/www.welovecycling.com\/wide\/2023\/09\/08\/molano-on-winning-stage-12-this-victory-is-for-my-team-and-my-family\/#breadcrumb","itemListElement":[{"@type":"ListItem","position":1,"name":"Home","item":"https:\/\/www.welovecycling.com\/wide\/"},{"@type":"ListItem","position":2,"name":"Molano on Winning Stage 12: \u2018This victory is for my team and my family\u2019"}]},{"@type":"WebSite","@id":"https:\/\/www.welovecycling.com\/wide\/#website","url":"https:\/\/www.welovecycling.com\/wide\/","name":"\u0160koda We Love Cycling","description":"\u0160koda We Love Cycling magazine","alternateName":"\u0160koda WLC","potentialAction":[{"@type":"SearchAction","target":{"@type":"EntryPoint","urlTemplate":"https:\/\/www.welovecycling.com\/wide\/?s={search_term_string}"},"query-input":{"@type":"PropertyValueSpecification","valueRequired":true,"valueName":"search_term_string"}}],"inLanguage":"en-US"},{"@type":"Person","@id":"https:\/\/www.welovecycling.com\/wide\/#\/schema\/person\/50f01ecd18718d2333cf72e823c4f926","name":"tereza","image":{"@type":"ImageObject","inLanguage":"en-US","@id":"https:\/\/www.welovecycling.com\/wide\/#\/schema\/person\/image\/","url":"https:\/\/secure.gravatar.com\/avatar\/1f9eb71be33845f0afabce3791bc1c58ecdb0a25c62964987e5dbcf7a20d2ec7?s=96&d=mm&r=g","contentUrl":"https:\/\/secure.gravatar.com\/avatar\/1f9eb71be33845f0afabce3791bc1c58ecdb0a25c62964987e5dbcf7a20d2ec7?s=96&d=mm&r=g","caption":"tereza"},"url":"https:\/\/www.welovecycling.com\/wide\/author\/tereza\/"}]}},"_links":{"self":[{"href":"https:\/\/www.welovecycling.com\/wide\/wp-json\/wp\/v2\/posts\/193879","targetHints":{"allow":["GET"]}}],"collection":[{"href":"https:\/\/www.welovecycling.com\/wide\/wp-json\/wp\/v2\/posts"}],"about":[{"href":"https:\/\/www.welovecycling.com\/wide\/wp-json\/wp\/v2\/types\/post"}],"author":[{"embeddable":true,"href":"https:\/\/www.welovecycling.com\/wide\/wp-json\/wp\/v2\/users\/99"}],"replies":[{"embeddable":true,"href":"https:\/\/www.welovecycling.com\/wide\/wp-json\/wp\/v2\/comments?post=193879"}],"version-history":[{"count":1,"href":"https:\/\/www.welovecycling.com\/wide\/wp-json\/wp\/v2\/posts\/193879\/revisions"}],"predecessor-version":[{"id":193881,"href":"https:\/\/www.welovecycling.com\/wide\/wp-json\/wp\/v2\/posts\/193879\/revisions\/193881"}],"wp:featuredmedia":[{"embeddable":true,"href":"https:\/\/www.welovecycling.com\/wide\/wp-json\/wp\/v2\/media\/193880"}],"wp:attachment":[{"href":"https:\/\/www.welovecycling.com\/wide\/wp-json\/wp\/v2\/media?parent=193879"}],"wp:term":[{"taxonomy":"category","embeddable":true,"href":"https:\/\/www.welovecycling.com\/wide\/wp-json\/wp\/v2\/categories?post=193879"},{"taxonomy":"post_tag","embeddable":true,"href":"https:\/\/www.welovecycling.com\/wide\/wp-json\/wp\/v2\/tags?post=193879"},{"taxonomy":"global-categories","embeddable":true,"href":"https:\/\/www.welovecycling.com\/wide\/wp-json\/wp\/v2\/global-categories?post=193879"}],"curies":[{"name":"wp","href":"https:\/\/api.w.org\/{rel}","templated":true}]}}