{"id":193870,"date":"2023-09-07T05:50:49","date_gmt":"2023-09-07T05:50:49","guid":{"rendered":"https:\/\/www.welovecycling.com\/wide\/?p=193870"},"modified":"2023-09-07T05:50:49","modified_gmt":"2023-09-07T05:50:49","slug":"how-do-cyclists-build-mental-resilience-for-grand-tours","status":"publish","type":"post","link":"https:\/\/www.welovecycling.com\/wide\/2023\/09\/07\/how-do-cyclists-build-mental-resilience-for-grand-tours\/","title":{"rendered":"How Do Cyclists Build Mental Resilience for Grand Tours?"},"content":{"rendered":"<p style=\"font-weight: 400;\"><strong>Grand Tour racing is not just about the physical demands, it&#8217;s a test of mental fortitude as well. Riders have to deal with the stress of racing every day for 3 weeks while handling things such as crashes, mechanical failures, illnesses or fans cheering dangerously close. Let\u2019s take a look at how they prepare for this.<\/strong><\/p>\n<p><!--more--><\/p>\n<p style=\"font-weight: 400;\">Building mental resilience starts with setting goals for the upcoming season and defining a training plan to support them. This sets realistic expectations and allows riders to feel satisfaction that they did their best, even if someone or something prevented them from winning.<\/p>\n<p style=\"font-weight: 400;\">But even with the best physical preparation and mindset going in, there\u2019s still a lot that can go wrong during those three long weeks at a Grand Tour. That\u2019s why cyclists and their coaches developed a variety of tactics and habits to help them stay positive and resilient. Here are some of the most common things the pros do.<\/p>\n<h2><strong>They break it down into smaller chunks<\/strong><\/h2>\n<p style=\"font-weight: 400;\">The prospect of giving your best for 3 weeks straight can be daunting to newcomers as well as seasoned competitors. That\u2019s why coaches try to break the Grand Tour down into smaller units for riders. They set goals for every rider for each week as well as objectives for every single day. This helps riders stay focused and motivated. It makes every day different, even though the routine remains the same.<\/p>\n<figure id=\"attachment_192249\" aria-describedby=\"caption-attachment-192249\" style=\"width: 990px\" class=\"wp-caption alignnone\"><a href=\"https:\/\/d2p6e6u75xmxt8.cloudfront.net\/2\/2023\/03\/Strade-Bianche-Donne-Women39s-Peloton-profimedia-0760309414-CVR.webp\"><img loading=\"lazy\" decoding=\"async\" class=\"wp-image-192249 size-full\" src=\"https:\/\/d2p6e6u75xmxt8.cloudfront.net\/2\/2023\/03\/Strade-Bianche-Donne-Women39s-Peloton-profimedia-0760309414-CVR.webp\" alt=\"Strade Bianche Donne\" width=\"990\" height=\"660\" srcset=\"https:\/\/d2p6e6u75xmxt8.cloudfront.net\/2\/2023\/03\/Strade-Bianche-Donne-Women39s-Peloton-profimedia-0760309414-CVR.webp 990w, https:\/\/d2p6e6u75xmxt8.cloudfront.net\/2\/2023\/03\/Strade-Bianche-Donne-Women39s-Peloton-profimedia-0760309414-CVR-300x200.webp 300w, https:\/\/d2p6e6u75xmxt8.cloudfront.net\/2\/2023\/03\/Strade-Bianche-Donne-Women39s-Peloton-profimedia-0760309414-CVR-768x512.webp 768w, https:\/\/d2p6e6u75xmxt8.cloudfront.net\/2\/2023\/03\/Strade-Bianche-Donne-Women39s-Peloton-profimedia-0760309414-CVR-400x267.webp 400w, https:\/\/d2p6e6u75xmxt8.cloudfront.net\/2\/2023\/03\/Strade-Bianche-Donne-Women39s-Peloton-profimedia-0760309414-CVR-272x182.webp 272w\" sizes=\"auto, (max-width: 990px) 100vw, 990px\" \/><\/a><figcaption id=\"caption-attachment-192249\" class=\"wp-caption-text\">Building mental resilience starts with setting goals for the upcoming season and defining a training plan to support them. \u00a9 Profimedia<\/figcaption><\/figure>\n<h2><strong>They learn to understand their emotions<\/strong><\/h2>\n<p style=\"font-weight: 400;\">Beyond the physical strain, riders grapple with a rollercoaster of emotions during a Grand Tour. The role of coaches and team psychologists is to help riders understand and work with their emotions. Pre-race anxiety is a common example of a misunderstood emotion. Many cyclists think that they shouldn\u2019t feel anxious before a race if they are well prepared. So, when the pre-race anxiety inevitably comes, they feel like something is wrong and they enter a negative mindset. In reality, the pre-race anxiety helps create a kind of arousal that is needed and helpful for performance.<\/p>\n<h2><strong>They develop helpful self-talk<\/strong><\/h2>\n<p style=\"font-weight: 400;\">A common strategy for dealing with the ups and downs of racing in a Grand Tour is developing self-talk. In a previous article, we interviewed Lorenzo Fortunato, a GC rider for <a href=\"https:\/\/eolokometacyclingteam.com\/en\/\">EOLO KOMETA<\/a> and he talked about his self-talk.<\/p>\n<p style=\"font-weight: 400;\"><em>I think it is important to stay calm both in the race and after the race, not to get caught up in the excitement or mood swings. I always tell myself, \u2018Don\u2019t get excited when you go fast, and don\u2019t get depressed when you go slow.\u2019 Plus, I believe that by the third week, my opponents will be tired, which helps me stay focused and resilient.<\/em><\/p>\n<p style=\"font-weight: 400;\">If you\u2019re interested in more insights from EOLO KOMETA riders, <a href=\"https:\/\/www.welovecycling.com\/wide\/2023\/05\/23\/team-eolo-kometa-at-giro-ditalia-riders-point-of-view\/\">check out the article<\/a> where we talked to their team captain, a GC contender, and a sprinter.<\/p>\n<h2><strong>They disconnect<\/strong><\/h2>\n<p style=\"font-weight: 400;\">Being focused and constantly thinking about the race is draining. It\u2019s necessary when cycling but when the stage is over, it\u2019s important to relax and recover. That\u2019s when it\u2019s important to know how to unplug your brain from thinking about the race. Elisabetta Borgia, a team psychiatrist at Trek-Segafredo, described in an interview how she does it.<\/p>\n<p style=\"font-weight: 400;\"><em>It is like being fully focused on the race and then trying to find a way to think about something else. To disconnect from the race to look at your interests, your passion for the family or something else. Because our energy tank is limited, you shouldn\u2019t keep on using it when you don\u2019t need it.<\/em><\/p>\n<p style=\"font-weight: 400;\">She also mentioned other things that the Trek-Segafredo riders do to unplug between stages like reading books, video calling their families, watching films on Netflix, meditating, listening to music or napping. Whatever helps take the rider&#8217;s mind away from the race is welcome.<\/p>\n<h2><strong>They keep the good vibes going<\/strong><\/h2>\n<p style=\"font-weight: 400;\">It\u2019s impossible to prevent feeling down at some point at a Grand Tour. When fatigue increases, a streak of bad weather could be enough to put you in a bad mental space. This is exactly where having a strong support network is necessary. Being surrounded by teammates can help lift your spirits and provide a sense of camaraderie. Pro teams work hard at maintaining good vibes not only among riders but also throughout the support personnel including the directors, coaches, therapists, soigneurs, and mechanics.<\/p>\n","protected":false},"excerpt":{"rendered":"<p>Grand Tour racing is not just about the physical demands, it&#8217;s a test of mental fortitude as well. Riders have [&hellip;]<\/p>\n","protected":false},"author":99,"featured_media":193871,"comment_status":"closed","ping_status":"open","sticky":false,"template":"","format":"standard","meta":{"footnotes":""},"categories":[332],"tags":[6875,479,7352,7351,7145],"global-categories":[3366],"class_list":["post-193870","post","type-post","status-publish","format-standard","has-post-thumbnail","hentry","category-health-and-training","tag-2023-la-vuelta","tag-la-vuelta","tag-mental-resilience-in-cycling","tag-mental-resilience-in-sports","tag-team-eolo-kometa","global-categories-cycling"],"yoast_head":"<!-- This site is optimized with the Yoast SEO Premium plugin v25.3 (Yoast SEO v25.9) - https:\/\/yoast.com\/wordpress\/plugins\/seo\/ -->\n<title>How Do Cyclists Build Mental Resilience for Grand Tours? - \u0160koda We Love Cycling<\/title>\n<meta name=\"description\" content=\"Grand Tour racing is not just about the physical demands, it&#039;s a test of mental fortitude as well. Riders have to deal with the stress of racing every day\" \/>\n<meta name=\"robots\" content=\"index, follow, max-snippet:-1, max-image-preview:large, max-video-preview:-1\" \/>\n<link rel=\"canonical\" href=\"https:\/\/www.welovecycling.com\/wide\/2023\/09\/07\/how-do-cyclists-build-mental-resilience-for-grand-tours\/\" \/>\n<meta property=\"og:locale\" content=\"en_US\" \/>\n<meta property=\"og:type\" content=\"article\" \/>\n<meta property=\"og:title\" content=\"How Do Cyclists Build Mental Resilience for Grand Tours?\" \/>\n<meta property=\"og:description\" content=\"Grand Tour racing is not just about the physical demands, it&#039;s a test of mental fortitude as well. Riders have to deal with the stress of racing every day\" \/>\n<meta property=\"og:url\" content=\"https:\/\/www.welovecycling.com\/wide\/2023\/09\/07\/how-do-cyclists-build-mental-resilience-for-grand-tours\/\" \/>\n<meta property=\"og:site_name\" content=\"\u0160koda We Love Cycling\" \/>\n<meta property=\"article:published_time\" content=\"2023-09-07T05:50:49+00:00\" \/>\n<meta property=\"og:image\" content=\"https:\/\/d2p6e6u75xmxt8.cloudfront.net\/2\/2023\/09\/Vuelta-Jumbo-Visma-profimedia-0803292219-CVR.webp\" \/>\n\t<meta property=\"og:image:width\" content=\"990\" \/>\n\t<meta property=\"og:image:height\" content=\"660\" \/>\n\t<meta property=\"og:image:type\" content=\"image\/webp\" \/>\n<meta name=\"author\" content=\"tereza\" \/>\n<meta name=\"twitter:card\" content=\"summary_large_image\" \/>\n<meta name=\"twitter:label1\" content=\"Written by\" \/>\n\t<meta name=\"twitter:data1\" content=\"Jiri Kaloc\" \/>\n\t<meta name=\"twitter:label2\" content=\"Est. reading time\" \/>\n\t<meta name=\"twitter:data2\" content=\"3\" \/>\n<script type=\"application\/ld+json\" class=\"yoast-schema-graph\">{\"@context\":\"https:\/\/schema.org\",\"@graph\":[{\"@type\":\"WebPage\",\"@id\":\"https:\/\/www.welovecycling.com\/wide\/2023\/09\/07\/how-do-cyclists-build-mental-resilience-for-grand-tours\/\",\"url\":\"https:\/\/www.welovecycling.com\/wide\/2023\/09\/07\/how-do-cyclists-build-mental-resilience-for-grand-tours\/\",\"name\":\"How Do Cyclists Build Mental Resilience for Grand Tours? - \u0160koda We Love Cycling\",\"isPartOf\":{\"@id\":\"https:\/\/www.welovecycling.com\/wide\/#website\"},\"primaryImageOfPage\":{\"@id\":\"https:\/\/www.welovecycling.com\/wide\/2023\/09\/07\/how-do-cyclists-build-mental-resilience-for-grand-tours\/#primaryimage\"},\"image\":{\"@id\":\"https:\/\/www.welovecycling.com\/wide\/2023\/09\/07\/how-do-cyclists-build-mental-resilience-for-grand-tours\/#primaryimage\"},\"thumbnailUrl\":\"https:\/\/d2p6e6u75xmxt8.cloudfront.net\/2\/2023\/09\/Vuelta-Jumbo-Visma-profimedia-0803292219-CVR.webp\",\"datePublished\":\"2023-09-07T05:50:49+00:00\",\"author\":{\"@id\":\"https:\/\/www.welovecycling.com\/wide\/#\/schema\/person\/50f01ecd18718d2333cf72e823c4f926\"},\"description\":\"Grand Tour racing is not just about the physical demands, it's a test of mental fortitude as well. Riders have to deal with the stress of racing every day\",\"breadcrumb\":{\"@id\":\"https:\/\/www.welovecycling.com\/wide\/2023\/09\/07\/how-do-cyclists-build-mental-resilience-for-grand-tours\/#breadcrumb\"},\"inLanguage\":\"en-US\",\"potentialAction\":[{\"@type\":\"ReadAction\",\"target\":[\"https:\/\/www.welovecycling.com\/wide\/2023\/09\/07\/how-do-cyclists-build-mental-resilience-for-grand-tours\/\"]}]},{\"@type\":\"ImageObject\",\"inLanguage\":\"en-US\",\"@id\":\"https:\/\/www.welovecycling.com\/wide\/2023\/09\/07\/how-do-cyclists-build-mental-resilience-for-grand-tours\/#primaryimage\",\"url\":\"https:\/\/d2p6e6u75xmxt8.cloudfront.net\/2\/2023\/09\/Vuelta-Jumbo-Visma-profimedia-0803292219-CVR.webp\",\"contentUrl\":\"https:\/\/d2p6e6u75xmxt8.cloudfront.net\/2\/2023\/09\/Vuelta-Jumbo-Visma-profimedia-0803292219-CVR.webp\",\"width\":990,\"height\":660,\"caption\":\"2023 La Vuelta\"},{\"@type\":\"BreadcrumbList\",\"@id\":\"https:\/\/www.welovecycling.com\/wide\/2023\/09\/07\/how-do-cyclists-build-mental-resilience-for-grand-tours\/#breadcrumb\",\"itemListElement\":[{\"@type\":\"ListItem\",\"position\":1,\"name\":\"Home\",\"item\":\"https:\/\/www.welovecycling.com\/wide\/\"},{\"@type\":\"ListItem\",\"position\":2,\"name\":\"How Do Cyclists Build Mental Resilience for Grand Tours?\"}]},{\"@type\":\"WebSite\",\"@id\":\"https:\/\/www.welovecycling.com\/wide\/#website\",\"url\":\"https:\/\/www.welovecycling.com\/wide\/\",\"name\":\"\u0160koda We Love Cycling\",\"description\":\"\u0160koda We Love Cycling magazine\",\"alternateName\":\"\u0160koda WLC\",\"potentialAction\":[{\"@type\":\"SearchAction\",\"target\":{\"@type\":\"EntryPoint\",\"urlTemplate\":\"https:\/\/www.welovecycling.com\/wide\/?s={search_term_string}\"},\"query-input\":{\"@type\":\"PropertyValueSpecification\",\"valueRequired\":true,\"valueName\":\"search_term_string\"}}],\"inLanguage\":\"en-US\"},{\"@type\":\"Person\",\"@id\":\"https:\/\/www.welovecycling.com\/wide\/#\/schema\/person\/50f01ecd18718d2333cf72e823c4f926\",\"name\":\"tereza\",\"image\":{\"@type\":\"ImageObject\",\"inLanguage\":\"en-US\",\"@id\":\"https:\/\/www.welovecycling.com\/wide\/#\/schema\/person\/image\/\",\"url\":\"https:\/\/secure.gravatar.com\/avatar\/1f9eb71be33845f0afabce3791bc1c58ecdb0a25c62964987e5dbcf7a20d2ec7?s=96&d=mm&r=g\",\"contentUrl\":\"https:\/\/secure.gravatar.com\/avatar\/1f9eb71be33845f0afabce3791bc1c58ecdb0a25c62964987e5dbcf7a20d2ec7?s=96&d=mm&r=g\",\"caption\":\"tereza\"},\"url\":\"https:\/\/www.welovecycling.com\/wide\/author\/tereza\/\"}]}<\/script>\n<!-- \/ Yoast SEO Premium plugin. -->","yoast_head_json":{"title":"How Do Cyclists Build Mental Resilience for Grand Tours? - \u0160koda We Love Cycling","description":"Grand Tour racing is not just about the physical demands, it's a test of mental fortitude as well. Riders have to deal with the stress of racing every day","robots":{"index":"index","follow":"follow","max-snippet":"max-snippet:-1","max-image-preview":"max-image-preview:large","max-video-preview":"max-video-preview:-1"},"canonical":"https:\/\/www.welovecycling.com\/wide\/2023\/09\/07\/how-do-cyclists-build-mental-resilience-for-grand-tours\/","og_locale":"en_US","og_type":"article","og_title":"How Do Cyclists Build Mental Resilience for Grand Tours?","og_description":"Grand Tour racing is not just about the physical demands, it's a test of mental fortitude as well. Riders have to deal with the stress of racing every day","og_url":"https:\/\/www.welovecycling.com\/wide\/2023\/09\/07\/how-do-cyclists-build-mental-resilience-for-grand-tours\/","og_site_name":"\u0160koda We Love Cycling","article_published_time":"2023-09-07T05:50:49+00:00","og_image":[{"width":990,"height":660,"url":"https:\/\/d2p6e6u75xmxt8.cloudfront.net\/2\/2023\/09\/Vuelta-Jumbo-Visma-profimedia-0803292219-CVR.webp","type":"image\/webp"}],"author":"tereza","twitter_card":"summary_large_image","twitter_misc":{"Written by":"Jiri Kaloc","Est. reading time":"3"},"schema":{"@context":"https:\/\/schema.org","@graph":[{"@type":"WebPage","@id":"https:\/\/www.welovecycling.com\/wide\/2023\/09\/07\/how-do-cyclists-build-mental-resilience-for-grand-tours\/","url":"https:\/\/www.welovecycling.com\/wide\/2023\/09\/07\/how-do-cyclists-build-mental-resilience-for-grand-tours\/","name":"How Do Cyclists Build Mental Resilience for Grand Tours? - \u0160koda We Love Cycling","isPartOf":{"@id":"https:\/\/www.welovecycling.com\/wide\/#website"},"primaryImageOfPage":{"@id":"https:\/\/www.welovecycling.com\/wide\/2023\/09\/07\/how-do-cyclists-build-mental-resilience-for-grand-tours\/#primaryimage"},"image":{"@id":"https:\/\/www.welovecycling.com\/wide\/2023\/09\/07\/how-do-cyclists-build-mental-resilience-for-grand-tours\/#primaryimage"},"thumbnailUrl":"https:\/\/d2p6e6u75xmxt8.cloudfront.net\/2\/2023\/09\/Vuelta-Jumbo-Visma-profimedia-0803292219-CVR.webp","datePublished":"2023-09-07T05:50:49+00:00","author":{"@id":"https:\/\/www.welovecycling.com\/wide\/#\/schema\/person\/50f01ecd18718d2333cf72e823c4f926"},"description":"Grand Tour racing is not just about the physical demands, it's a test of mental fortitude as well. Riders have to deal with the stress of racing every day","breadcrumb":{"@id":"https:\/\/www.welovecycling.com\/wide\/2023\/09\/07\/how-do-cyclists-build-mental-resilience-for-grand-tours\/#breadcrumb"},"inLanguage":"en-US","potentialAction":[{"@type":"ReadAction","target":["https:\/\/www.welovecycling.com\/wide\/2023\/09\/07\/how-do-cyclists-build-mental-resilience-for-grand-tours\/"]}]},{"@type":"ImageObject","inLanguage":"en-US","@id":"https:\/\/www.welovecycling.com\/wide\/2023\/09\/07\/how-do-cyclists-build-mental-resilience-for-grand-tours\/#primaryimage","url":"https:\/\/d2p6e6u75xmxt8.cloudfront.net\/2\/2023\/09\/Vuelta-Jumbo-Visma-profimedia-0803292219-CVR.webp","contentUrl":"https:\/\/d2p6e6u75xmxt8.cloudfront.net\/2\/2023\/09\/Vuelta-Jumbo-Visma-profimedia-0803292219-CVR.webp","width":990,"height":660,"caption":"2023 La Vuelta"},{"@type":"BreadcrumbList","@id":"https:\/\/www.welovecycling.com\/wide\/2023\/09\/07\/how-do-cyclists-build-mental-resilience-for-grand-tours\/#breadcrumb","itemListElement":[{"@type":"ListItem","position":1,"name":"Home","item":"https:\/\/www.welovecycling.com\/wide\/"},{"@type":"ListItem","position":2,"name":"How Do Cyclists Build Mental Resilience for Grand Tours?"}]},{"@type":"WebSite","@id":"https:\/\/www.welovecycling.com\/wide\/#website","url":"https:\/\/www.welovecycling.com\/wide\/","name":"\u0160koda We Love Cycling","description":"\u0160koda We Love Cycling magazine","alternateName":"\u0160koda WLC","potentialAction":[{"@type":"SearchAction","target":{"@type":"EntryPoint","urlTemplate":"https:\/\/www.welovecycling.com\/wide\/?s={search_term_string}"},"query-input":{"@type":"PropertyValueSpecification","valueRequired":true,"valueName":"search_term_string"}}],"inLanguage":"en-US"},{"@type":"Person","@id":"https:\/\/www.welovecycling.com\/wide\/#\/schema\/person\/50f01ecd18718d2333cf72e823c4f926","name":"tereza","image":{"@type":"ImageObject","inLanguage":"en-US","@id":"https:\/\/www.welovecycling.com\/wide\/#\/schema\/person\/image\/","url":"https:\/\/secure.gravatar.com\/avatar\/1f9eb71be33845f0afabce3791bc1c58ecdb0a25c62964987e5dbcf7a20d2ec7?s=96&d=mm&r=g","contentUrl":"https:\/\/secure.gravatar.com\/avatar\/1f9eb71be33845f0afabce3791bc1c58ecdb0a25c62964987e5dbcf7a20d2ec7?s=96&d=mm&r=g","caption":"tereza"},"url":"https:\/\/www.welovecycling.com\/wide\/author\/tereza\/"}]}},"_links":{"self":[{"href":"https:\/\/www.welovecycling.com\/wide\/wp-json\/wp\/v2\/posts\/193870","targetHints":{"allow":["GET"]}}],"collection":[{"href":"https:\/\/www.welovecycling.com\/wide\/wp-json\/wp\/v2\/posts"}],"about":[{"href":"https:\/\/www.welovecycling.com\/wide\/wp-json\/wp\/v2\/types\/post"}],"author":[{"embeddable":true,"href":"https:\/\/www.welovecycling.com\/wide\/wp-json\/wp\/v2\/users\/99"}],"replies":[{"embeddable":true,"href":"https:\/\/www.welovecycling.com\/wide\/wp-json\/wp\/v2\/comments?post=193870"}],"version-history":[{"count":1,"href":"https:\/\/www.welovecycling.com\/wide\/wp-json\/wp\/v2\/posts\/193870\/revisions"}],"predecessor-version":[{"id":193872,"href":"https:\/\/www.welovecycling.com\/wide\/wp-json\/wp\/v2\/posts\/193870\/revisions\/193872"}],"wp:featuredmedia":[{"embeddable":true,"href":"https:\/\/www.welovecycling.com\/wide\/wp-json\/wp\/v2\/media\/193871"}],"wp:attachment":[{"href":"https:\/\/www.welovecycling.com\/wide\/wp-json\/wp\/v2\/media?parent=193870"}],"wp:term":[{"taxonomy":"category","embeddable":true,"href":"https:\/\/www.welovecycling.com\/wide\/wp-json\/wp\/v2\/categories?post=193870"},{"taxonomy":"post_tag","embeddable":true,"href":"https:\/\/www.welovecycling.com\/wide\/wp-json\/wp\/v2\/tags?post=193870"},{"taxonomy":"global-categories","embeddable":true,"href":"https:\/\/www.welovecycling.com\/wide\/wp-json\/wp\/v2\/global-categories?post=193870"}],"curies":[{"name":"wp","href":"https:\/\/api.w.org\/{rel}","templated":true}]}}