{"id":193858,"date":"2023-09-05T18:20:53","date_gmt":"2023-09-05T18:20:53","guid":{"rendered":"https:\/\/www.welovecycling.com\/wide\/?p=193858"},"modified":"2023-09-12T06:30:59","modified_gmt":"2023-09-12T06:30:59","slug":"power-numbers-in-grand-tours-shocking-time-trial-results","status":"publish","type":"post","link":"https:\/\/www.welovecycling.com\/wide\/2023\/09\/05\/power-numbers-in-grand-tours-shocking-time-trial-results\/","title":{"rendered":"Power Numbers in Grand Tours \u2013 Shocking Time Trial Results"},"content":{"rendered":"<p style=\"font-weight: 400;\"><strong>Jonas Vingegaard surprised everyone, including himself, during the individual time trial of the 2023 Tour de France. The victory margin he was able to achieve and the power-to-weight ratio he maintained are nothing short of spectacular. Let\u2019s take a closer look.<\/strong><\/p>\n<p><!--more--><\/p>\n<h2><strong>First half of the time trial<\/strong><\/h2>\n<p style=\"font-weight: 400;\">It was clear from the first checkpoint that Jonas meant business. He flew past the 1st time check 16 seconds ahead of his GC rival Tadej Poga\u010dar and 49 seconds ahead of his Jumbo-Visma teammate Wout Van Aert. His coaches later said that they were worried he was going to pay for the blazing-fast start later in the time trial. But the 2nd time check wasn\u2019t suggesting anything of that kind, Jonas was only extending his lead.<\/p>\n<p style=\"font-weight: 400;\"><strong>From the start to the 2nd time check<\/strong><\/p>\n<ul>\n<li style=\"font-weight: 400;\"><strong>Vingegaard:<\/strong> time 19:05; average speed 50,6 km\/h<\/li>\n<li style=\"font-weight: 400;\"><strong>Poga\u010dar:<\/strong> time 19:36; average speed 49,3 km\/h<\/li>\n<li style=\"font-weight: 400;\"><strong>Van Aert:<\/strong> time 20:16; average speed 47,6 km\/h<\/li>\n<\/ul>\n<h2><strong>King of the Mountains points<\/strong><\/h2>\n<p style=\"font-weight: 400;\">The 3rd time check offered King of the Mountains points included the climb to C\u00f4te de Domancy. Giulio Ciccone was battling Neilson Powless for the polka dot jersey and it was clear that both of them did everything they could to get the maximum points. They even switched from their heavy TT bikes to ultra-light climbing bikes for the climb. Ciccone was able to beat Vingegaard in this segment but only by 3 seconds despite riding noticeably slower in the 1st half of the time trial and switching to a different bike for the climb.<\/p>\n<h4 style=\"font-weight: 400;\"><strong>C\u00f4te de Domancy (from the 2nd to the 3rd check point)<\/strong><\/h4>\n<ul>\n<li style=\"font-weight: 400;\"><strong>Ciccone:<\/strong> 6:44; ~7,4W\/kg<\/li>\n<li style=\"font-weight: 400;\"><strong>Vingegaard:<\/strong> 6:47; ~7,4W\/kg<\/li>\n<li style=\"font-weight: 400;\"><strong>Powless:<\/strong> 7:20; 6,5W\/kg<\/li>\n<li style=\"font-weight: 400;\"><strong>Poga\u010dar:<\/strong> 7:21; ~6,5W\/kg<\/li>\n<li style=\"font-weight: 400;\"><strong>Van Aert:<\/strong> 7:26; ~6,4W\/kg<\/li>\n<\/ul>\n<h2><strong>Second half of the time trial<\/strong><\/h2>\n<p style=\"font-weight: 400;\">After the 3rd time check, the course continued to climb at a lower gradient all the way to the finish line at Combloux. This sustained climb from the 2nd time check to the finish line is where Jonas Vingegaard was able to continuously push at a power-to-weight ratio of approximately 7,4W\/kg for over 13 minutes. This performance is truly out of this world, especially in the context of more than 2 weeks of hard racing at the Tour de France.<\/p>\n<h4 style=\"font-weight: 400;\"><strong>The climb to Combloux (from the 2<sup>nd<\/sup> checkpoint to the finish line)<\/strong><\/h4>\n<ul>\n<li style=\"font-weight: 400;\"><strong>Vingegaard:<\/strong> 13:31; ~7,4W\/kg<\/li>\n<li style=\"font-weight: 400;\"><strong>Poga\u010dar:<\/strong> 14:38; ~6,7W\/kg<\/li>\n<li style=\"font-weight: 400;\"><strong>Van Aert:<\/strong> 15:11; ~6,2W\/kg<\/li>\n<li>\n<p><figure id=\"attachment_193865\" aria-describedby=\"caption-attachment-193865\" style=\"width: 1250px\" class=\"wp-caption alignnone\"><a href=\"https:\/\/d2p6e6u75xmxt8.cloudfront.net\/2\/2023\/09\/Wout-van-Aert-profimedia-0789991910.webp\"><img loading=\"lazy\" decoding=\"async\" class=\"size-full wp-image-193865\" src=\"https:\/\/d2p6e6u75xmxt8.cloudfront.net\/2\/2023\/09\/Wout-van-Aert-profimedia-0789991910.webp\" alt=\"Wout van Aert\" width=\"1250\" height=\"833\" srcset=\"https:\/\/d2p6e6u75xmxt8.cloudfront.net\/2\/2023\/09\/Wout-van-Aert-profimedia-0789991910.webp 1250w, https:\/\/d2p6e6u75xmxt8.cloudfront.net\/2\/2023\/09\/Wout-van-Aert-profimedia-0789991910-300x200.webp 300w, https:\/\/d2p6e6u75xmxt8.cloudfront.net\/2\/2023\/09\/Wout-van-Aert-profimedia-0789991910-1024x682.webp 1024w, https:\/\/d2p6e6u75xmxt8.cloudfront.net\/2\/2023\/09\/Wout-van-Aert-profimedia-0789991910-768x512.webp 768w, https:\/\/d2p6e6u75xmxt8.cloudfront.net\/2\/2023\/09\/Wout-van-Aert-profimedia-0789991910-400x267.webp 400w, https:\/\/d2p6e6u75xmxt8.cloudfront.net\/2\/2023\/09\/Wout-van-Aert-profimedia-0789991910-272x182.webp 272w\" sizes=\"auto, (max-width: 1250px) 100vw, 1250px\" \/><\/a><figcaption id=\"caption-attachment-193865\" class=\"wp-caption-text\">Van Aert crosses the finish line of stage 16 of the Tour de France. \u00a9 Profimedia<\/figcaption><\/figure><\/li>\n<\/ul>\n<h2><strong>The biggest time trial victory margin in modern cycling history<\/strong><\/h2>\n<p style=\"font-weight: 400;\">To put Vingegaard\u2019s win in the right perspective, let\u2019s take a look at some of the most impressive time trial victory margins in Grand Tours over the last 10 years. For example, in stage 20 of the 2014 Tour de France, Tony Martin won 1 minute and 39 seconds ahead of Tom Dumoulin, which is 1 second more than Vingegaard\u2019s victory margin. The problem is, the 2014 time trial was 54 km long and the winning time was over 1 hour and 6 minutes, more than 2x as long as in 2023.<\/p>\n<p style=\"font-weight: 400;\">If we take course length and finishing time into account, the two most impressive winning margins are Tadej Poga\u010dar\u2019s 1 minute and 21 seconds in stage 20 of the 2020 <a href=\"http:\/\/letour.fr\">Tour de France<\/a> where he crossed the finish line in 55 minutes and 55 seconds after covering 36,2 km. And Primo\u017e Rogli\u010d\u2019s 19 seconds in stage 1 of the 2019 Giro d\u2019Italia after an 8 km long course, finishing in 12 minutes 54 seconds.<\/p>\n<p style=\"font-weight: 400;\">Neither of these comes close to Jonas Vingegaard finishing 1 minute and 38 seconds ahead of the 2nd place in 32 minutes and 36 seconds on a 22,4 km long course. And keep in mind, if it wasn\u2019t for Tadej Poga\u010dar, the victory margin would be 2 minutes and 51 seconds over the 3rd Wout Van Aert who is certainly no slouch when it comes to time trials.<\/p>\n<p style=\"font-weight: 400;\">The record-breaking power numbers of 2023 aren\u2019t exclusive to Vingegaard and Poga\u010dar. The next part of this series will look at other riders showing amazing performances on iconic Grand Tour climbs.<\/p>\n","protected":false},"excerpt":{"rendered":"<p>Jonas Vingegaard surprised everyone, including himself, during the individual time trial of the 2023 Tour de France. The victory margin [&hellip;]<\/p>\n","protected":false},"author":99,"featured_media":193862,"comment_status":"closed","ping_status":"open","sticky":false,"template":"","format":"standard","meta":{"footnotes":""},"categories":[329],"tags":[3939,5450,7346,7347,3415,433,831],"global-categories":[3366],"class_list":["post-193858","post","type-post","status-publish","format-standard","has-post-thumbnail","hentry","category-road-cycling","tag-giulio-ciccone","tag-jonas-vingegaard","tag-power-numbers","tag-power-numbers-in-grand-tours","tag-tadej-pogacar","tag-tour-de-france","tag-wout-van-aert","global-categories-cycling"],"yoast_head":"<!-- This site is optimized with the Yoast SEO Premium plugin v25.3 (Yoast SEO v25.9) - https:\/\/yoast.com\/wordpress\/plugins\/seo\/ -->\n<title>Power Numbers in Grand Tours \u2013 Shocking Time Trial Results - \u0160koda We Love Cycling<\/title>\n<meta name=\"description\" content=\"Jonas Vingegaard surprised everyone, including himself, during the individual time trial of the 2023 Tour de France. The victory margin he was able to\" \/>\n<meta name=\"robots\" content=\"index, follow, max-snippet:-1, max-image-preview:large, max-video-preview:-1\" \/>\n<link rel=\"canonical\" href=\"https:\/\/www.welovecycling.com\/wide\/2023\/09\/05\/power-numbers-in-grand-tours-shocking-time-trial-results\/\" \/>\n<meta property=\"og:locale\" content=\"en_US\" \/>\n<meta property=\"og:type\" content=\"article\" \/>\n<meta property=\"og:title\" content=\"Power Numbers in Grand Tours \u2013 Shocking Time Trial Results\" \/>\n<meta property=\"og:description\" content=\"Jonas Vingegaard surprised everyone, including himself, during the individual time trial of the 2023 Tour de France. The victory margin he was able to\" \/>\n<meta property=\"og:url\" content=\"https:\/\/www.welovecycling.com\/wide\/2023\/09\/05\/power-numbers-in-grand-tours-shocking-time-trial-results\/\" \/>\n<meta property=\"og:site_name\" content=\"\u0160koda We Love Cycling\" \/>\n<meta property=\"article:published_time\" content=\"2023-09-05T18:20:53+00:00\" \/>\n<meta property=\"article:modified_time\" content=\"2023-09-12T06:30:59+00:00\" \/>\n<meta property=\"og:image\" content=\"https:\/\/d2p6e6u75xmxt8.cloudfront.net\/2\/2023\/09\/Vingegaard-Tour-de-France-Time-Trial-profimedia-0790004608-CVR.webp\" \/>\n\t<meta property=\"og:image:width\" content=\"990\" \/>\n\t<meta property=\"og:image:height\" content=\"660\" \/>\n\t<meta property=\"og:image:type\" content=\"image\/webp\" \/>\n<meta name=\"author\" content=\"tereza\" \/>\n<meta name=\"twitter:card\" content=\"summary_large_image\" \/>\n<meta name=\"twitter:label1\" content=\"Written by\" \/>\n\t<meta name=\"twitter:data1\" content=\"Jiri Kaloc\" \/>\n\t<meta name=\"twitter:label2\" content=\"Est. reading time\" \/>\n\t<meta name=\"twitter:data2\" content=\"4\" \/>\n<script type=\"application\/ld+json\" class=\"yoast-schema-graph\">{\"@context\":\"https:\/\/schema.org\",\"@graph\":[{\"@type\":\"WebPage\",\"@id\":\"https:\/\/www.welovecycling.com\/wide\/2023\/09\/05\/power-numbers-in-grand-tours-shocking-time-trial-results\/\",\"url\":\"https:\/\/www.welovecycling.com\/wide\/2023\/09\/05\/power-numbers-in-grand-tours-shocking-time-trial-results\/\",\"name\":\"Power Numbers in Grand Tours \u2013 Shocking Time Trial Results - \u0160koda We Love Cycling\",\"isPartOf\":{\"@id\":\"https:\/\/www.welovecycling.com\/wide\/#website\"},\"primaryImageOfPage\":{\"@id\":\"https:\/\/www.welovecycling.com\/wide\/2023\/09\/05\/power-numbers-in-grand-tours-shocking-time-trial-results\/#primaryimage\"},\"image\":{\"@id\":\"https:\/\/www.welovecycling.com\/wide\/2023\/09\/05\/power-numbers-in-grand-tours-shocking-time-trial-results\/#primaryimage\"},\"thumbnailUrl\":\"https:\/\/d2p6e6u75xmxt8.cloudfront.net\/2\/2023\/09\/Vingegaard-Tour-de-France-Time-Trial-profimedia-0790004608-CVR.webp\",\"datePublished\":\"2023-09-05T18:20:53+00:00\",\"dateModified\":\"2023-09-12T06:30:59+00:00\",\"author\":{\"@id\":\"https:\/\/www.welovecycling.com\/wide\/#\/schema\/person\/50f01ecd18718d2333cf72e823c4f926\"},\"description\":\"Jonas Vingegaard surprised everyone, including himself, during the individual time trial of the 2023 Tour de France. The victory margin he was able to\",\"breadcrumb\":{\"@id\":\"https:\/\/www.welovecycling.com\/wide\/2023\/09\/05\/power-numbers-in-grand-tours-shocking-time-trial-results\/#breadcrumb\"},\"inLanguage\":\"en-US\",\"potentialAction\":[{\"@type\":\"ReadAction\",\"target\":[\"https:\/\/www.welovecycling.com\/wide\/2023\/09\/05\/power-numbers-in-grand-tours-shocking-time-trial-results\/\"]}]},{\"@type\":\"ImageObject\",\"inLanguage\":\"en-US\",\"@id\":\"https:\/\/www.welovecycling.com\/wide\/2023\/09\/05\/power-numbers-in-grand-tours-shocking-time-trial-results\/#primaryimage\",\"url\":\"https:\/\/d2p6e6u75xmxt8.cloudfront.net\/2\/2023\/09\/Vingegaard-Tour-de-France-Time-Trial-profimedia-0790004608-CVR.webp\",\"contentUrl\":\"https:\/\/d2p6e6u75xmxt8.cloudfront.net\/2\/2023\/09\/Vingegaard-Tour-de-France-Time-Trial-profimedia-0790004608-CVR.webp\",\"width\":990,\"height\":660,\"caption\":\"van Aert of Team Jumbo-Visma crosses the finish line of stage 16 of the Tour de France cycling race, an individual time trial from Passy to Combloux\"},{\"@type\":\"BreadcrumbList\",\"@id\":\"https:\/\/www.welovecycling.com\/wide\/2023\/09\/05\/power-numbers-in-grand-tours-shocking-time-trial-results\/#breadcrumb\",\"itemListElement\":[{\"@type\":\"ListItem\",\"position\":1,\"name\":\"Home\",\"item\":\"https:\/\/www.welovecycling.com\/wide\/\"},{\"@type\":\"ListItem\",\"position\":2,\"name\":\"Power Numbers in Grand Tours \u2013 Shocking Time Trial Results\"}]},{\"@type\":\"WebSite\",\"@id\":\"https:\/\/www.welovecycling.com\/wide\/#website\",\"url\":\"https:\/\/www.welovecycling.com\/wide\/\",\"name\":\"\u0160koda We Love Cycling\",\"description\":\"\u0160koda We Love Cycling magazine\",\"alternateName\":\"\u0160koda WLC\",\"potentialAction\":[{\"@type\":\"SearchAction\",\"target\":{\"@type\":\"EntryPoint\",\"urlTemplate\":\"https:\/\/www.welovecycling.com\/wide\/?s={search_term_string}\"},\"query-input\":{\"@type\":\"PropertyValueSpecification\",\"valueRequired\":true,\"valueName\":\"search_term_string\"}}],\"inLanguage\":\"en-US\"},{\"@type\":\"Person\",\"@id\":\"https:\/\/www.welovecycling.com\/wide\/#\/schema\/person\/50f01ecd18718d2333cf72e823c4f926\",\"name\":\"tereza\",\"image\":{\"@type\":\"ImageObject\",\"inLanguage\":\"en-US\",\"@id\":\"https:\/\/www.welovecycling.com\/wide\/#\/schema\/person\/image\/\",\"url\":\"https:\/\/secure.gravatar.com\/avatar\/1f9eb71be33845f0afabce3791bc1c58ecdb0a25c62964987e5dbcf7a20d2ec7?s=96&d=mm&r=g\",\"contentUrl\":\"https:\/\/secure.gravatar.com\/avatar\/1f9eb71be33845f0afabce3791bc1c58ecdb0a25c62964987e5dbcf7a20d2ec7?s=96&d=mm&r=g\",\"caption\":\"tereza\"},\"url\":\"https:\/\/www.welovecycling.com\/wide\/author\/tereza\/\"}]}<\/script>\n<!-- \/ Yoast SEO Premium plugin. -->","yoast_head_json":{"title":"Power Numbers in Grand Tours \u2013 Shocking Time Trial Results - \u0160koda We Love Cycling","description":"Jonas Vingegaard surprised everyone, including himself, during the individual time trial of the 2023 Tour de France. The victory margin he was able to","robots":{"index":"index","follow":"follow","max-snippet":"max-snippet:-1","max-image-preview":"max-image-preview:large","max-video-preview":"max-video-preview:-1"},"canonical":"https:\/\/www.welovecycling.com\/wide\/2023\/09\/05\/power-numbers-in-grand-tours-shocking-time-trial-results\/","og_locale":"en_US","og_type":"article","og_title":"Power Numbers in Grand Tours \u2013 Shocking Time Trial Results","og_description":"Jonas Vingegaard surprised everyone, including himself, during the individual time trial of the 2023 Tour de France. The victory margin he was able to","og_url":"https:\/\/www.welovecycling.com\/wide\/2023\/09\/05\/power-numbers-in-grand-tours-shocking-time-trial-results\/","og_site_name":"\u0160koda We Love Cycling","article_published_time":"2023-09-05T18:20:53+00:00","article_modified_time":"2023-09-12T06:30:59+00:00","og_image":[{"width":990,"height":660,"url":"https:\/\/d2p6e6u75xmxt8.cloudfront.net\/2\/2023\/09\/Vingegaard-Tour-de-France-Time-Trial-profimedia-0790004608-CVR.webp","type":"image\/webp"}],"author":"tereza","twitter_card":"summary_large_image","twitter_misc":{"Written by":"Jiri Kaloc","Est. reading time":"4"},"schema":{"@context":"https:\/\/schema.org","@graph":[{"@type":"WebPage","@id":"https:\/\/www.welovecycling.com\/wide\/2023\/09\/05\/power-numbers-in-grand-tours-shocking-time-trial-results\/","url":"https:\/\/www.welovecycling.com\/wide\/2023\/09\/05\/power-numbers-in-grand-tours-shocking-time-trial-results\/","name":"Power Numbers in Grand Tours \u2013 Shocking Time Trial Results - \u0160koda We Love Cycling","isPartOf":{"@id":"https:\/\/www.welovecycling.com\/wide\/#website"},"primaryImageOfPage":{"@id":"https:\/\/www.welovecycling.com\/wide\/2023\/09\/05\/power-numbers-in-grand-tours-shocking-time-trial-results\/#primaryimage"},"image":{"@id":"https:\/\/www.welovecycling.com\/wide\/2023\/09\/05\/power-numbers-in-grand-tours-shocking-time-trial-results\/#primaryimage"},"thumbnailUrl":"https:\/\/d2p6e6u75xmxt8.cloudfront.net\/2\/2023\/09\/Vingegaard-Tour-de-France-Time-Trial-profimedia-0790004608-CVR.webp","datePublished":"2023-09-05T18:20:53+00:00","dateModified":"2023-09-12T06:30:59+00:00","author":{"@id":"https:\/\/www.welovecycling.com\/wide\/#\/schema\/person\/50f01ecd18718d2333cf72e823c4f926"},"description":"Jonas Vingegaard surprised everyone, including himself, during the individual time trial of the 2023 Tour de France. The victory margin he was able to","breadcrumb":{"@id":"https:\/\/www.welovecycling.com\/wide\/2023\/09\/05\/power-numbers-in-grand-tours-shocking-time-trial-results\/#breadcrumb"},"inLanguage":"en-US","potentialAction":[{"@type":"ReadAction","target":["https:\/\/www.welovecycling.com\/wide\/2023\/09\/05\/power-numbers-in-grand-tours-shocking-time-trial-results\/"]}]},{"@type":"ImageObject","inLanguage":"en-US","@id":"https:\/\/www.welovecycling.com\/wide\/2023\/09\/05\/power-numbers-in-grand-tours-shocking-time-trial-results\/#primaryimage","url":"https:\/\/d2p6e6u75xmxt8.cloudfront.net\/2\/2023\/09\/Vingegaard-Tour-de-France-Time-Trial-profimedia-0790004608-CVR.webp","contentUrl":"https:\/\/d2p6e6u75xmxt8.cloudfront.net\/2\/2023\/09\/Vingegaard-Tour-de-France-Time-Trial-profimedia-0790004608-CVR.webp","width":990,"height":660,"caption":"van Aert of Team Jumbo-Visma crosses the finish line of stage 16 of the Tour de France cycling race, an individual time trial from Passy to Combloux"},{"@type":"BreadcrumbList","@id":"https:\/\/www.welovecycling.com\/wide\/2023\/09\/05\/power-numbers-in-grand-tours-shocking-time-trial-results\/#breadcrumb","itemListElement":[{"@type":"ListItem","position":1,"name":"Home","item":"https:\/\/www.welovecycling.com\/wide\/"},{"@type":"ListItem","position":2,"name":"Power Numbers in Grand Tours \u2013 Shocking Time Trial Results"}]},{"@type":"WebSite","@id":"https:\/\/www.welovecycling.com\/wide\/#website","url":"https:\/\/www.welovecycling.com\/wide\/","name":"\u0160koda We Love Cycling","description":"\u0160koda We Love Cycling magazine","alternateName":"\u0160koda WLC","potentialAction":[{"@type":"SearchAction","target":{"@type":"EntryPoint","urlTemplate":"https:\/\/www.welovecycling.com\/wide\/?s={search_term_string}"},"query-input":{"@type":"PropertyValueSpecification","valueRequired":true,"valueName":"search_term_string"}}],"inLanguage":"en-US"},{"@type":"Person","@id":"https:\/\/www.welovecycling.com\/wide\/#\/schema\/person\/50f01ecd18718d2333cf72e823c4f926","name":"tereza","image":{"@type":"ImageObject","inLanguage":"en-US","@id":"https:\/\/www.welovecycling.com\/wide\/#\/schema\/person\/image\/","url":"https:\/\/secure.gravatar.com\/avatar\/1f9eb71be33845f0afabce3791bc1c58ecdb0a25c62964987e5dbcf7a20d2ec7?s=96&d=mm&r=g","contentUrl":"https:\/\/secure.gravatar.com\/avatar\/1f9eb71be33845f0afabce3791bc1c58ecdb0a25c62964987e5dbcf7a20d2ec7?s=96&d=mm&r=g","caption":"tereza"},"url":"https:\/\/www.welovecycling.com\/wide\/author\/tereza\/"}]}},"_links":{"self":[{"href":"https:\/\/www.welovecycling.com\/wide\/wp-json\/wp\/v2\/posts\/193858","targetHints":{"allow":["GET"]}}],"collection":[{"href":"https:\/\/www.welovecycling.com\/wide\/wp-json\/wp\/v2\/posts"}],"about":[{"href":"https:\/\/www.welovecycling.com\/wide\/wp-json\/wp\/v2\/types\/post"}],"author":[{"embeddable":true,"href":"https:\/\/www.welovecycling.com\/wide\/wp-json\/wp\/v2\/users\/99"}],"replies":[{"embeddable":true,"href":"https:\/\/www.welovecycling.com\/wide\/wp-json\/wp\/v2\/comments?post=193858"}],"version-history":[{"count":6,"href":"https:\/\/www.welovecycling.com\/wide\/wp-json\/wp\/v2\/posts\/193858\/revisions"}],"predecessor-version":[{"id":193866,"href":"https:\/\/www.welovecycling.com\/wide\/wp-json\/wp\/v2\/posts\/193858\/revisions\/193866"}],"wp:featuredmedia":[{"embeddable":true,"href":"https:\/\/www.welovecycling.com\/wide\/wp-json\/wp\/v2\/media\/193862"}],"wp:attachment":[{"href":"https:\/\/www.welovecycling.com\/wide\/wp-json\/wp\/v2\/media?parent=193858"}],"wp:term":[{"taxonomy":"category","embeddable":true,"href":"https:\/\/www.welovecycling.com\/wide\/wp-json\/wp\/v2\/categories?post=193858"},{"taxonomy":"post_tag","embeddable":true,"href":"https:\/\/www.welovecycling.com\/wide\/wp-json\/wp\/v2\/tags?post=193858"},{"taxonomy":"global-categories","embeddable":true,"href":"https:\/\/www.welovecycling.com\/wide\/wp-json\/wp\/v2\/global-categories?post=193858"}],"curies":[{"name":"wp","href":"https:\/\/api.w.org\/{rel}","templated":true}]}}