{"id":193853,"date":"2023-09-04T11:45:03","date_gmt":"2023-09-04T11:45:03","guid":{"rendered":"https:\/\/www.welovecycling.com\/wide\/?p=193853"},"modified":"2023-09-04T11:45:03","modified_gmt":"2023-09-04T11:45:03","slug":"jumbo-visma-seize-control-of-la-vuelta-in-week-one","status":"publish","type":"post","link":"https:\/\/www.welovecycling.com\/wide\/2023\/09\/04\/jumbo-visma-seize-control-of-la-vuelta-in-week-one\/","title":{"rendered":"Jumbo-Visma Seize Control of La Vuelta in Week One"},"content":{"rendered":"<p style=\"font-weight: 400;\"><strong>It seems that if it wasn\u2019t for bad luck, Remco Evenepoel wouldn\u2019t have any luck at all in the Vuelta a Espa\u00f1a. But considering all the bad luck he has endured in this first week of the race, it\u2019s impressive that he still has narrow leads over his main GC rivals \u2013 if you don\u2019t count Jumbo-Visma\u2019s super-domestique Sepp Kuss who currently holds the red jersey.<\/strong><\/p>\n<p><!--more--><\/p>\n<p style=\"font-weight: 400;\">Kuss and the rest of his team are being very coy about who is the leader of the team in the race but I am certain it is not the 28-year-old American, though he won\u2019t come out and say so when asked. And when teammate Primo\u017e Rogli\u010d was asked after winning stage 8 how many leaders the team has, he replied, with a big smile, \u201cThree. And maybe a fourth one will come.\u201d I don\u2019t think anyone is fooled anymore.<\/p>\n<p style=\"font-weight: 400;\">But back to Evenepoel. His Vuelta started off in the dark and in the rain, as a downpour turned day into night and the stage 1 team time trial into a hazardous slog, marked by numerous crashes. Organisers had scheduled the stage to start in the early evening so that its conclusion could be televised live on the evening news. And because Evenepoel is the defending champion, his Soudal-QuickStep team started last down the flooded ramp, and so had to navigate the 14.8 km course over an inundated pavement in the dark.<\/p>\n<p style=\"font-weight: 400;\">It was quite an accomplishment that they finished third, a mere 6 seconds behind the winning Team DSM Firmenich and second-place Movistar. Even better for Evenepoel, <a href=\"https:\/\/www.welovecycling.com\/wide\/2023\/07\/23\/vingegaard-on-winning-the-tour-its-been-a-long-journey-but-it-also-went-by-so-fast\/\" target=\"_blank\" rel=\"noopener\">Jumbo-Visma\u2019s double Tour de France winner Jonas Vingegaard<\/a> (one of the team leaders) suffered a puncture during the stage, which caused the team to lose about 30 seconds to Soudal-QuickStep, which is the main reason for Evenepoel\u2019s now dwindling lead over Rogli\u010d, by 7 seconds, and Vingegaard, \u00a0by 11 seconds.<\/p>\n<div class=\"embed-controller-wrapper\">\n<blockquote class=\"twitter-tweet\" data-width=\"500\" data-dnt=\"true\">\n<p lang=\"es\" dir=\"ltr\">\ud83d\ude0d\u00a1Aqu\u00ed ten\u00e9is las mejores fotos de la etapa 9!<\/p>\n<p>\ud83d\udcf8 A selection of the best photos from stage 9!<\/p>\n<p>\ud83d\udcf2 M\u00e1s fotos \/ More photos on <a href=\"https:\/\/t.co\/rCn67bhhG6\">https:\/\/t.co\/rCn67bhhG6<\/a><a href=\"https:\/\/twitter.com\/hashtag\/LaVuelta23?src=hash&amp;ref_src=twsrc%5Etfw\">#LaVuelta23<\/a> &#8211; \ud83d\udcf8 <a href=\"https:\/\/twitter.com\/cxcling?ref_src=twsrc%5Etfw\">@cxcling<\/a> <a href=\"https:\/\/t.co\/qMVMlbTYDn\">pic.twitter.com\/qMVMlbTYDn<\/a><\/p>\n<p>&mdash; La Vuelta (@lavuelta) <a href=\"https:\/\/twitter.com\/lavuelta\/status\/1698413981713445375?ref_src=twsrc%5Etfw\">September 3, 2023<\/a><\/p><\/blockquote>\n<p><script async data-src=\"https:\/\/platform.twitter.com\/widgets.js\" charset=\"utf-8\"><\/script><\/div>\n<p style=\"font-weight: 400;\">Then Evenepoel won stage 3 but came over the finish line so quickly and was so intent on celebrating that he ploughed into a group of soigneurs and other team officials standing just 20 meters behind the line. He crashed to the ground, suffering a bleeding gash on his face and contusions. And finally, after leading Rogli\u010d, Vingegaard and his other GC rivals up and over the final climb of stage 8, the short but very steep Xorret de Cat\u00ed\u00a0 (3.9 km @ 11.4%, with ramps of up to 22%), and then down to the finish line, he allowed Rogli\u010d to win the sprint to the line because he thought there had been riders in front of them and that the stage win was no longer at stake. \u201cI definitely could have won. Primo\u017e\u2019s sprint wasn\u2019t the fastest,\u201d the chagrined Belgian superstar said after the stage. \u201cIt&#8217;s very frustrating, because I felt very good, and I think I could win this stage. I feel a bit stupid, actually.\u201d<\/p>\n<p style=\"font-weight: 400;\">Kuss was far more upbeat, of course, though he remained cautious. \u201cIt\u2019s really cool, I\u2019m happy to wear this jersey,\u201d he said. \u201cWe\u2019re in a really good place as a team, but the hardest stages are still to come.\u201d<\/p>\n<p style=\"font-weight: 400;\">Finally, Evenepoel was probably adversely affected by the organizers\u2019 unusual decision, made with the riders out on the road, to take the final times for stage 9 2.05 km (and not 2 km!) before the official finish line because rain and passing cars had covered the pavement ahead of the finish with mud. So the time was taken near the end of a steep slope, where Rogli\u010d was able to outclimb his Belgian rival. If the time had been taken at the actual finish line, it\u2019s likely that Evenepoel would have taken some time from his rival, just because he is the faster rider and the last kilometre of the stage was almost flat.<\/p>\n<p style=\"font-weight: 400;\">Even worse for Evenepoel\u2019s mood was the simple fact that Rogli\u010d beat him on a climb, and the hardest climbs are still to come. That does not bode well for his chances. Fortunately for the defending Vuelta champion, Tuesday\u2019s stage 10 is an individual time trial, and he is the current world ITT champion, so he will hope to take as many seconds as he can off the Slovenian on Tuesday and trust that his climbing improves as the race wears on.<\/p>\n<p style=\"font-weight: 400;\">And then there is the way that Jumbo-Visma has bullied the peloton, especially in the second half of the first week, as if it was natural and self-evident that they owned this race. First, Kuss handily won stage 6 with an irresistible display of power on the final climb, the Pico del Buitre (10.9 km @ 8%). Then, following the flat stage 7, Rogli\u010d won stage 8, as described above, after Jumbo-Visma drove the peloton hard to drop the GC leader, Lenny Martinez (Groupama-FDJ), and enable Kuss to don the race leader\u2019s red jersey (which he is likely to lose in Tuesday\u2019s ITT). And Jumbo-Visma took charge of the peloton as well in stage 9, to protect its leaders from the crosswinds that buffeted the riders for about half of its 184.5 km course.<\/p>\n<p style=\"font-weight: 400;\">Entering the second week, they are firmly in control of matters, with Rogli\u010d clearly the GC leader, Vingegaard as elite support and backup, if it becomes necessary, and Kuss doing what he always does, providing stellar support on the climbs, and finally receiving a visible reward for it. It\u2019s never a good idea to write off Evenepoel, but I think he will have to find another superpower in his toolkit if he wants to defend his title.<\/p>\n<ol>\n<li>Sepp Kuss, Jumb0-Visma, 35:23:30<\/li>\n<li>Marc Soler, UAE Team Emirates, 0:43<\/li>\n<li>Lenny Martinez, Groupama-FDJ, 1:02<\/li>\n<li>Remco Evenepoel, Soudal-QuicStep, 2:22<\/li>\n<li>Mikel Landa, Bahrain Victorious, 2:29<\/li>\n<li>Primo\u017e Rogli\u010d, Jumbo-Visma, 2:29<\/li>\n<li>Jonas Vingegaard, Jumbo-Visma, 2:33<\/li>\n<li>Enric Mas, Movistar, 2:33<\/li>\n<li>Juan Ayuso, UAE Team Emirates, 2:43<\/li>\n<li>Jo\u00e3o Almeida, UAE Team Emirates, 2:55<\/li>\n<\/ol>\n","protected":false},"excerpt":{"rendered":"<p>It seems that if it wasn\u2019t for bad luck, Remco Evenepoel wouldn\u2019t have any luck at all in the Vuelta [&hellip;]<\/p>\n","protected":false},"author":99,"featured_media":193855,"comment_status":"closed","ping_status":"open","sticky":false,"template":"","format":"standard","meta":{"footnotes":""},"categories":[329],"tags":[6875,479,3544,3487],"global-categories":[3366],"class_list":["post-193853","post","type-post","status-publish","format-standard","has-post-thumbnail","hentry","category-road-cycling","tag-2023-la-vuelta","tag-la-vuelta","tag-remco-evenepoel","tag-sepp-kuss","global-categories-cycling"],"yoast_head":"<!-- This site is optimized with the Yoast SEO Premium plugin v25.3 (Yoast SEO v25.9) - https:\/\/yoast.com\/wordpress\/plugins\/seo\/ -->\n<title>Jumbo-Visma Seize Control of La Vuelta in Week One - \u0160koda We Love Cycling<\/title>\n<meta name=\"description\" content=\"It seems that if it wasn\u2019t for bad luck, Remco Evenepoel wouldn\u2019t have any luck at all in the Vuelta a Espa\u00f1a. But considering all the bad luck he has\" \/>\n<meta name=\"robots\" content=\"index, follow, max-snippet:-1, max-image-preview:large, max-video-preview:-1\" \/>\n<link rel=\"canonical\" href=\"https:\/\/www.welovecycling.com\/wide\/2023\/09\/04\/jumbo-visma-seize-control-of-la-vuelta-in-week-one\/\" \/>\n<meta property=\"og:locale\" content=\"en_US\" \/>\n<meta property=\"og:type\" content=\"article\" \/>\n<meta property=\"og:title\" content=\"Jumbo-Visma Seize Control of La Vuelta in Week One\" \/>\n<meta property=\"og:description\" content=\"It seems that if it wasn\u2019t for bad luck, Remco Evenepoel wouldn\u2019t have any luck at all in the Vuelta a Espa\u00f1a. But considering all the bad luck he has\" \/>\n<meta property=\"og:url\" content=\"https:\/\/www.welovecycling.com\/wide\/2023\/09\/04\/jumbo-visma-seize-control-of-la-vuelta-in-week-one\/\" \/>\n<meta property=\"og:site_name\" content=\"\u0160koda We Love Cycling\" \/>\n<meta property=\"article:published_time\" content=\"2023-09-04T11:45:03+00:00\" \/>\n<meta property=\"og:image\" content=\"https:\/\/d2p6e6u75xmxt8.cloudfront.net\/2\/2023\/09\/2023-Vuelta-Jumbo-Visma-profimedia-0802668326.webp\" \/>\n\t<meta property=\"og:image:width\" content=\"990\" \/>\n\t<meta property=\"og:image:height\" content=\"660\" \/>\n\t<meta property=\"og:image:type\" content=\"image\/webp\" \/>\n<meta name=\"author\" content=\"tereza\" \/>\n<meta name=\"twitter:card\" content=\"summary_large_image\" \/>\n<meta name=\"twitter:label1\" content=\"Written by\" \/>\n\t<meta name=\"twitter:data1\" content=\"Siegfried Mortkowitz\" \/>\n\t<meta name=\"twitter:label2\" content=\"Est. reading time\" \/>\n\t<meta name=\"twitter:data2\" content=\"4\" \/>\n<script type=\"application\/ld+json\" class=\"yoast-schema-graph\">{\"@context\":\"https:\/\/schema.org\",\"@graph\":[{\"@type\":\"WebPage\",\"@id\":\"https:\/\/www.welovecycling.com\/wide\/2023\/09\/04\/jumbo-visma-seize-control-of-la-vuelta-in-week-one\/\",\"url\":\"https:\/\/www.welovecycling.com\/wide\/2023\/09\/04\/jumbo-visma-seize-control-of-la-vuelta-in-week-one\/\",\"name\":\"Jumbo-Visma Seize Control of La Vuelta in Week One - \u0160koda We Love Cycling\",\"isPartOf\":{\"@id\":\"https:\/\/www.welovecycling.com\/wide\/#website\"},\"primaryImageOfPage\":{\"@id\":\"https:\/\/www.welovecycling.com\/wide\/2023\/09\/04\/jumbo-visma-seize-control-of-la-vuelta-in-week-one\/#primaryimage\"},\"image\":{\"@id\":\"https:\/\/www.welovecycling.com\/wide\/2023\/09\/04\/jumbo-visma-seize-control-of-la-vuelta-in-week-one\/#primaryimage\"},\"thumbnailUrl\":\"https:\/\/d2p6e6u75xmxt8.cloudfront.net\/2\/2023\/09\/2023-Vuelta-Jumbo-Visma-profimedia-0802668326.webp\",\"datePublished\":\"2023-09-04T11:45:03+00:00\",\"author\":{\"@id\":\"https:\/\/www.welovecycling.com\/wide\/#\/schema\/person\/50f01ecd18718d2333cf72e823c4f926\"},\"description\":\"It seems that if it wasn\u2019t for bad luck, Remco Evenepoel wouldn\u2019t have any luck at all in the Vuelta a Espa\u00f1a. But considering all the bad luck he has\",\"breadcrumb\":{\"@id\":\"https:\/\/www.welovecycling.com\/wide\/2023\/09\/04\/jumbo-visma-seize-control-of-la-vuelta-in-week-one\/#breadcrumb\"},\"inLanguage\":\"en-US\",\"potentialAction\":[{\"@type\":\"ReadAction\",\"target\":[\"https:\/\/www.welovecycling.com\/wide\/2023\/09\/04\/jumbo-visma-seize-control-of-la-vuelta-in-week-one\/\"]}]},{\"@type\":\"ImageObject\",\"inLanguage\":\"en-US\",\"@id\":\"https:\/\/www.welovecycling.com\/wide\/2023\/09\/04\/jumbo-visma-seize-control-of-la-vuelta-in-week-one\/#primaryimage\",\"url\":\"https:\/\/d2p6e6u75xmxt8.cloudfront.net\/2\/2023\/09\/2023-Vuelta-Jumbo-Visma-profimedia-0802668326.webp\",\"contentUrl\":\"https:\/\/d2p6e6u75xmxt8.cloudfront.net\/2\/2023\/09\/2023-Vuelta-Jumbo-Visma-profimedia-0802668326.webp\",\"width\":990,\"height\":660,\"caption\":\"2023 La Vuelta\"},{\"@type\":\"BreadcrumbList\",\"@id\":\"https:\/\/www.welovecycling.com\/wide\/2023\/09\/04\/jumbo-visma-seize-control-of-la-vuelta-in-week-one\/#breadcrumb\",\"itemListElement\":[{\"@type\":\"ListItem\",\"position\":1,\"name\":\"Home\",\"item\":\"https:\/\/www.welovecycling.com\/wide\/\"},{\"@type\":\"ListItem\",\"position\":2,\"name\":\"Jumbo-Visma Seize Control of La Vuelta in Week One\"}]},{\"@type\":\"WebSite\",\"@id\":\"https:\/\/www.welovecycling.com\/wide\/#website\",\"url\":\"https:\/\/www.welovecycling.com\/wide\/\",\"name\":\"\u0160koda We Love Cycling\",\"description\":\"\u0160koda We Love Cycling magazine\",\"alternateName\":\"\u0160koda WLC\",\"potentialAction\":[{\"@type\":\"SearchAction\",\"target\":{\"@type\":\"EntryPoint\",\"urlTemplate\":\"https:\/\/www.welovecycling.com\/wide\/?s={search_term_string}\"},\"query-input\":{\"@type\":\"PropertyValueSpecification\",\"valueRequired\":true,\"valueName\":\"search_term_string\"}}],\"inLanguage\":\"en-US\"},{\"@type\":\"Person\",\"@id\":\"https:\/\/www.welovecycling.com\/wide\/#\/schema\/person\/50f01ecd18718d2333cf72e823c4f926\",\"name\":\"tereza\",\"image\":{\"@type\":\"ImageObject\",\"inLanguage\":\"en-US\",\"@id\":\"https:\/\/www.welovecycling.com\/wide\/#\/schema\/person\/image\/\",\"url\":\"https:\/\/secure.gravatar.com\/avatar\/1f9eb71be33845f0afabce3791bc1c58ecdb0a25c62964987e5dbcf7a20d2ec7?s=96&d=mm&r=g\",\"contentUrl\":\"https:\/\/secure.gravatar.com\/avatar\/1f9eb71be33845f0afabce3791bc1c58ecdb0a25c62964987e5dbcf7a20d2ec7?s=96&d=mm&r=g\",\"caption\":\"tereza\"},\"url\":\"https:\/\/www.welovecycling.com\/wide\/author\/tereza\/\"}]}<\/script>\n<!-- \/ Yoast SEO Premium plugin. -->","yoast_head_json":{"title":"Jumbo-Visma Seize Control of La Vuelta in Week One - \u0160koda We Love Cycling","description":"It seems that if it wasn\u2019t for bad luck, Remco Evenepoel wouldn\u2019t have any luck at all in the Vuelta a Espa\u00f1a. But considering all the bad luck he has","robots":{"index":"index","follow":"follow","max-snippet":"max-snippet:-1","max-image-preview":"max-image-preview:large","max-video-preview":"max-video-preview:-1"},"canonical":"https:\/\/www.welovecycling.com\/wide\/2023\/09\/04\/jumbo-visma-seize-control-of-la-vuelta-in-week-one\/","og_locale":"en_US","og_type":"article","og_title":"Jumbo-Visma Seize Control of La Vuelta in Week One","og_description":"It seems that if it wasn\u2019t for bad luck, Remco Evenepoel wouldn\u2019t have any luck at all in the Vuelta a Espa\u00f1a. But considering all the bad luck he has","og_url":"https:\/\/www.welovecycling.com\/wide\/2023\/09\/04\/jumbo-visma-seize-control-of-la-vuelta-in-week-one\/","og_site_name":"\u0160koda We Love Cycling","article_published_time":"2023-09-04T11:45:03+00:00","og_image":[{"width":990,"height":660,"url":"https:\/\/d2p6e6u75xmxt8.cloudfront.net\/2\/2023\/09\/2023-Vuelta-Jumbo-Visma-profimedia-0802668326.webp","type":"image\/webp"}],"author":"tereza","twitter_card":"summary_large_image","twitter_misc":{"Written by":"Siegfried Mortkowitz","Est. reading time":"4"},"schema":{"@context":"https:\/\/schema.org","@graph":[{"@type":"WebPage","@id":"https:\/\/www.welovecycling.com\/wide\/2023\/09\/04\/jumbo-visma-seize-control-of-la-vuelta-in-week-one\/","url":"https:\/\/www.welovecycling.com\/wide\/2023\/09\/04\/jumbo-visma-seize-control-of-la-vuelta-in-week-one\/","name":"Jumbo-Visma Seize Control of La Vuelta in Week One - \u0160koda We Love Cycling","isPartOf":{"@id":"https:\/\/www.welovecycling.com\/wide\/#website"},"primaryImageOfPage":{"@id":"https:\/\/www.welovecycling.com\/wide\/2023\/09\/04\/jumbo-visma-seize-control-of-la-vuelta-in-week-one\/#primaryimage"},"image":{"@id":"https:\/\/www.welovecycling.com\/wide\/2023\/09\/04\/jumbo-visma-seize-control-of-la-vuelta-in-week-one\/#primaryimage"},"thumbnailUrl":"https:\/\/d2p6e6u75xmxt8.cloudfront.net\/2\/2023\/09\/2023-Vuelta-Jumbo-Visma-profimedia-0802668326.webp","datePublished":"2023-09-04T11:45:03+00:00","author":{"@id":"https:\/\/www.welovecycling.com\/wide\/#\/schema\/person\/50f01ecd18718d2333cf72e823c4f926"},"description":"It seems that if it wasn\u2019t for bad luck, Remco Evenepoel wouldn\u2019t have any luck at all in the Vuelta a Espa\u00f1a. But considering all the bad luck he has","breadcrumb":{"@id":"https:\/\/www.welovecycling.com\/wide\/2023\/09\/04\/jumbo-visma-seize-control-of-la-vuelta-in-week-one\/#breadcrumb"},"inLanguage":"en-US","potentialAction":[{"@type":"ReadAction","target":["https:\/\/www.welovecycling.com\/wide\/2023\/09\/04\/jumbo-visma-seize-control-of-la-vuelta-in-week-one\/"]}]},{"@type":"ImageObject","inLanguage":"en-US","@id":"https:\/\/www.welovecycling.com\/wide\/2023\/09\/04\/jumbo-visma-seize-control-of-la-vuelta-in-week-one\/#primaryimage","url":"https:\/\/d2p6e6u75xmxt8.cloudfront.net\/2\/2023\/09\/2023-Vuelta-Jumbo-Visma-profimedia-0802668326.webp","contentUrl":"https:\/\/d2p6e6u75xmxt8.cloudfront.net\/2\/2023\/09\/2023-Vuelta-Jumbo-Visma-profimedia-0802668326.webp","width":990,"height":660,"caption":"2023 La Vuelta"},{"@type":"BreadcrumbList","@id":"https:\/\/www.welovecycling.com\/wide\/2023\/09\/04\/jumbo-visma-seize-control-of-la-vuelta-in-week-one\/#breadcrumb","itemListElement":[{"@type":"ListItem","position":1,"name":"Home","item":"https:\/\/www.welovecycling.com\/wide\/"},{"@type":"ListItem","position":2,"name":"Jumbo-Visma Seize Control of La Vuelta in Week One"}]},{"@type":"WebSite","@id":"https:\/\/www.welovecycling.com\/wide\/#website","url":"https:\/\/www.welovecycling.com\/wide\/","name":"\u0160koda We Love Cycling","description":"\u0160koda We Love Cycling magazine","alternateName":"\u0160koda WLC","potentialAction":[{"@type":"SearchAction","target":{"@type":"EntryPoint","urlTemplate":"https:\/\/www.welovecycling.com\/wide\/?s={search_term_string}"},"query-input":{"@type":"PropertyValueSpecification","valueRequired":true,"valueName":"search_term_string"}}],"inLanguage":"en-US"},{"@type":"Person","@id":"https:\/\/www.welovecycling.com\/wide\/#\/schema\/person\/50f01ecd18718d2333cf72e823c4f926","name":"tereza","image":{"@type":"ImageObject","inLanguage":"en-US","@id":"https:\/\/www.welovecycling.com\/wide\/#\/schema\/person\/image\/","url":"https:\/\/secure.gravatar.com\/avatar\/1f9eb71be33845f0afabce3791bc1c58ecdb0a25c62964987e5dbcf7a20d2ec7?s=96&d=mm&r=g","contentUrl":"https:\/\/secure.gravatar.com\/avatar\/1f9eb71be33845f0afabce3791bc1c58ecdb0a25c62964987e5dbcf7a20d2ec7?s=96&d=mm&r=g","caption":"tereza"},"url":"https:\/\/www.welovecycling.com\/wide\/author\/tereza\/"}]}},"_links":{"self":[{"href":"https:\/\/www.welovecycling.com\/wide\/wp-json\/wp\/v2\/posts\/193853","targetHints":{"allow":["GET"]}}],"collection":[{"href":"https:\/\/www.welovecycling.com\/wide\/wp-json\/wp\/v2\/posts"}],"about":[{"href":"https:\/\/www.welovecycling.com\/wide\/wp-json\/wp\/v2\/types\/post"}],"author":[{"embeddable":true,"href":"https:\/\/www.welovecycling.com\/wide\/wp-json\/wp\/v2\/users\/99"}],"replies":[{"embeddable":true,"href":"https:\/\/www.welovecycling.com\/wide\/wp-json\/wp\/v2\/comments?post=193853"}],"version-history":[{"count":1,"href":"https:\/\/www.welovecycling.com\/wide\/wp-json\/wp\/v2\/posts\/193853\/revisions"}],"predecessor-version":[{"id":193856,"href":"https:\/\/www.welovecycling.com\/wide\/wp-json\/wp\/v2\/posts\/193853\/revisions\/193856"}],"wp:featuredmedia":[{"embeddable":true,"href":"https:\/\/www.welovecycling.com\/wide\/wp-json\/wp\/v2\/media\/193855"}],"wp:attachment":[{"href":"https:\/\/www.welovecycling.com\/wide\/wp-json\/wp\/v2\/media?parent=193853"}],"wp:term":[{"taxonomy":"category","embeddable":true,"href":"https:\/\/www.welovecycling.com\/wide\/wp-json\/wp\/v2\/categories?post=193853"},{"taxonomy":"post_tag","embeddable":true,"href":"https:\/\/www.welovecycling.com\/wide\/wp-json\/wp\/v2\/tags?post=193853"},{"taxonomy":"global-categories","embeddable":true,"href":"https:\/\/www.welovecycling.com\/wide\/wp-json\/wp\/v2\/global-categories?post=193853"}],"curies":[{"name":"wp","href":"https:\/\/api.w.org\/{rel}","templated":true}]}}