{"id":193824,"date":"2023-08-30T18:41:39","date_gmt":"2023-08-30T18:41:39","guid":{"rendered":"https:\/\/www.welovecycling.com\/wide\/?p=193824"},"modified":"2023-09-12T06:30:24","modified_gmt":"2023-09-12T06:30:24","slug":"power-numbers-in-grand-tours-vingegaard-and-pogacar-breaking-records","status":"publish","type":"post","link":"https:\/\/www.welovecycling.com\/wide\/2023\/08\/30\/power-numbers-in-grand-tours-vingegaard-and-pogacar-breaking-records\/","title":{"rendered":"Power Numbers in Grand Tours \u2013 Vingegaard and Poga\u010dar Breaking Records"},"content":{"rendered":"<p style=\"font-weight: 400;\"><strong>Professional cyclists are pushing the limits of what we thought possible. Vingegaard and Poga\u010dar put out some truly incredible power numbers during this year\u2019s Tour de France. In this series, we will take a look at some of them and help you understand just how much is cycling at Grand Tours still evolving.<\/strong><\/p>\n<p><!--more--><\/p>\n<h2><strong>Power-to-weight ratio is the ultimate measurement<\/strong><\/h2>\n<p style=\"font-weight: 400;\">One of the most important metrics to understand if you want to have some idea about how impressive professional cyclists at Grand Tours are, is the power-to-weight ratio (PWR). Cycling is not only about the power that legs can produce, it\u2019s also about how much body weight and bicycle weight the riders have to move. If you want to calculate your own PWR, you can <a href=\"https:\/\/www.welovecycling.com\/wide\/2020\/03\/03\/power-to-weight-ratio-how-is-it-calculated\/\">check out our previous article on this topic.<\/a><\/p>\n<p style=\"font-weight: 400;\">This year saw some truly record-breaking power numbers at Grand Tours, especially by the two world\u2019s best Jonas Vingegaard and Tadej Poga\u010dar. But to set the scene, let\u2019s take a look at <a href=\"https:\/\/www.welovecycling.com\/wide\/2020\/03\/17\/power-to-weight-ratio-how-much-better-are-the-pros\/\">one of our older articles from 2020.<\/a> We talked about Julian Alaphilippe\u2019s amazing time trial performance at the Tour in 2019 where he sustained approximately 6,2W\/kg PWR for 35 minutes. We also mentioned a fantastic Michal Kwiatkowski\u2019s near 6-minute effort at 6,5W\/kg in the final climb of the Milan-San Remo 2019 after racing for 7 hours already. These are truly impressive numbers but 2023 completely blows them out of the water.<\/p>\n<h2><strong>Col de Marie Blanque<\/strong><\/h2>\n<p style=\"font-weight: 400;\">Stage 5 at the 2023 Tour de France was where we saw Jonas Vingegaard fully unleash his abilities to produce one of the best climbing performances of his career. Col de Marie Blanque is a category 1 climb 7,8 km long with an average gradient of 8,4% where the final 4,8 km are averaging over 10%. Here is a comparison of data from the same climb done in 2020 by Poga\u010dar and estimates power output for Vingegaard.<\/p>\n<p style=\"font-weight: 400;\"><strong>Poga\u010dar (2020): time 24:28, average power 428w, 6,4W\/kg<\/strong><\/p>\n<p style=\"font-weight: 400;\"><strong>Vingegaard (2023): time 22:56, ~6,9W\/kg<\/strong><\/p>\n<figure id=\"attachment_193826\" aria-describedby=\"caption-attachment-193826\" style=\"width: 1250px\" class=\"wp-caption alignnone\"><a href=\"https:\/\/d2p6e6u75xmxt8.cloudfront.net\/2\/2023\/08\/Vingegaard-profimedia-0787337751.webp\"><img loading=\"lazy\" decoding=\"async\" class=\"wp-image-193826 size-full\" src=\"https:\/\/d2p6e6u75xmxt8.cloudfront.net\/2\/2023\/08\/Vingegaard-profimedia-0787337751.webp\" alt=\"Jonas Vingegaard\" width=\"1250\" height=\"833\" srcset=\"https:\/\/d2p6e6u75xmxt8.cloudfront.net\/2\/2023\/08\/Vingegaard-profimedia-0787337751.webp 1250w, https:\/\/d2p6e6u75xmxt8.cloudfront.net\/2\/2023\/08\/Vingegaard-profimedia-0787337751-300x200.webp 300w, https:\/\/d2p6e6u75xmxt8.cloudfront.net\/2\/2023\/08\/Vingegaard-profimedia-0787337751-1024x682.webp 1024w, https:\/\/d2p6e6u75xmxt8.cloudfront.net\/2\/2023\/08\/Vingegaard-profimedia-0787337751-768x512.webp 768w, https:\/\/d2p6e6u75xmxt8.cloudfront.net\/2\/2023\/08\/Vingegaard-profimedia-0787337751-400x267.webp 400w, https:\/\/d2p6e6u75xmxt8.cloudfront.net\/2\/2023\/08\/Vingegaard-profimedia-0787337751-272x182.webp 272w\" sizes=\"auto, (max-width: 1250px) 100vw, 1250px\" \/><\/a><figcaption id=\"caption-attachment-193826\" class=\"wp-caption-text\">Vingegaard at the Col de Marie Blanque. \u00a9 Profimedia<\/figcaption><\/figure>\n<h2><strong>Col du Tourmalet &amp; Cote de Cauterets<\/strong><\/h2>\n<p style=\"font-weight: 400;\">Poga\u010dar didn\u2019t have to wait long for an opportunity to show off as well because stage 6 included the mythic climb to Col du Tourmalet and finish at Cote de Cauterets. With a length of 17 km, average gradient of 7,4%, and an elevation of 2100 m, Tourmalet earns the \u201cHors category\u201d badge ranking it among the hardest climbs in Grand Tours. Vingegaard attacked 4,7 km below the top but Poga\u010dar stayed with him. Here are the approximate power numbers for both of them for the last 4,7 km of Tourmalet.<\/p>\n<p style=\"font-weight: 400;\"><strong>Poga\u010dar: time 13:19, average power ~449w, ~6.8W\/kg<\/strong><\/p>\n<p style=\"font-weight: 400;\">Micha\u0142 Kwiatkowski was the only one able to hang with Poga\u010dar and Vingegaard in the final climb to Cote de Cauterets. He was pushing 6,5W\/kg before he was dropped. With around 2,8 km to the finish line Poga\u010dar attacked and dropped Vingegaard to earn a stage win.<\/p>\n<p style=\"font-weight: 400;\"><strong>Vingegaard: time 13:24, ~6.6W\/kg<\/strong><\/p>\n<p style=\"font-weight: 400;\"><strong>Poga\u010dar: time 13:00, ~6.7W\/kg<\/strong><\/p>\n<h2><strong>Puy du D\u00f4me<\/strong><\/h2>\n<p style=\"font-weight: 400;\">Incredible numbers kept coming in stage 7 with a steep finish at Puy du D\u00f4me that averages 11,5% in the last 4,5 km. Poga\u010dar launched his attack with 1,3 km to go to sprinting for nearly 30 seconds to create a gap between himself and Vingegaard. He managed to finish 8 seconds ahead of his rival. Here is what the approximate numbers for both looked like in the final 4,5 km.<\/p>\n<p style=\"font-weight: 400;\"><strong>Vingegaard: time 14:54, ~6.8W\/kg<\/strong><\/p>\n<p style=\"font-weight: 400;\"><strong>Poga\u010dar: time 14:46, ~6.9W\/kg<\/strong><\/p>\n<h2><strong>We are entering an era of 7W\/kg<\/strong><\/h2>\n<p style=\"font-weight: 400;\">The first week of the Tour de France this year has showed us that Vingegaard and Poga\u010dar are able to ride at 6,9W\/kg for 15 minutes towards the end of a 5-hour long Tour stage. These are numbers that many didn\u2019t think would be possible without performance enhancing drugs. It really seems like we are entering a new era of cycling performance.<\/p>\n<p style=\"font-weight: 400;\">The only thing more impressive than the numbers mentioned here may be the other-worldly performance of Jonas Vingegaard during the time trial of stage 16 of the 2023 Tour de France. We will take a closer look at that in the next article in this series.<\/p>\n","protected":false},"excerpt":{"rendered":"<p>Professional cyclists are pushing the limits of what we thought possible. Vingegaard and Poga\u010dar put out some truly incredible power [&hellip;]<\/p>\n","protected":false},"author":99,"featured_media":193825,"comment_status":"closed","ping_status":"open","sticky":false,"template":"","format":"standard","meta":{"footnotes":""},"categories":[332],"tags":[5450,7346,7347,3415],"global-categories":[3366],"class_list":["post-193824","post","type-post","status-publish","format-standard","has-post-thumbnail","hentry","category-health-and-training","tag-jonas-vingegaard","tag-power-numbers","tag-power-numbers-in-grand-tours","tag-tadej-pogacar","global-categories-cycling"],"yoast_head":"<!-- This site is optimized with the Yoast SEO Premium plugin v25.3 (Yoast SEO v25.9) - https:\/\/yoast.com\/wordpress\/plugins\/seo\/ -->\n<title>Vingegaard&#039;s and Poga\u010dar&#039;s Power Numbers Break Records<\/title>\n<meta name=\"description\" content=\"Professional cyclists are pushing the limits of what we thought possible. Vingegaard and Poga\u010dar put out some truly incredible power numbers during this\" \/>\n<meta name=\"robots\" content=\"index, follow, max-snippet:-1, max-image-preview:large, max-video-preview:-1\" \/>\n<link rel=\"canonical\" href=\"https:\/\/www.welovecycling.com\/wide\/2023\/08\/30\/power-numbers-in-grand-tours-vingegaard-and-pogacar-breaking-records\/\" \/>\n<meta property=\"og:locale\" content=\"en_US\" \/>\n<meta property=\"og:type\" content=\"article\" \/>\n<meta property=\"og:title\" content=\"Power Numbers in Grand Tours \u2013 Vingegaard and Poga\u010dar Breaking Records\" \/>\n<meta property=\"og:description\" content=\"Professional cyclists are pushing the limits of what we thought possible. Vingegaard and Poga\u010dar put out some truly incredible power numbers during this\" \/>\n<meta property=\"og:url\" content=\"https:\/\/www.welovecycling.com\/wide\/2023\/08\/30\/power-numbers-in-grand-tours-vingegaard-and-pogacar-breaking-records\/\" \/>\n<meta property=\"og:site_name\" content=\"\u0160koda We Love Cycling\" \/>\n<meta property=\"article:published_time\" content=\"2023-08-30T18:41:39+00:00\" \/>\n<meta property=\"article:modified_time\" content=\"2023-09-12T06:30:24+00:00\" \/>\n<meta property=\"og:image\" content=\"https:\/\/d2p6e6u75xmxt8.cloudfront.net\/2\/2023\/08\/Pogacar-Vingegaard-profimedia-0791394524-CVR.webp\" \/>\n\t<meta property=\"og:image:width\" content=\"990\" \/>\n\t<meta property=\"og:image:height\" content=\"660\" \/>\n\t<meta property=\"og:image:type\" content=\"image\/webp\" \/>\n<meta name=\"author\" content=\"tereza\" \/>\n<meta name=\"twitter:card\" content=\"summary_large_image\" \/>\n<meta name=\"twitter:label1\" content=\"Written by\" \/>\n\t<meta name=\"twitter:data1\" content=\"Jiri Kaloc\" \/>\n\t<meta name=\"twitter:label2\" content=\"Est. reading time\" \/>\n\t<meta name=\"twitter:data2\" content=\"4\" \/>\n<script type=\"application\/ld+json\" class=\"yoast-schema-graph\">{\"@context\":\"https:\/\/schema.org\",\"@graph\":[{\"@type\":\"WebPage\",\"@id\":\"https:\/\/www.welovecycling.com\/wide\/2023\/08\/30\/power-numbers-in-grand-tours-vingegaard-and-pogacar-breaking-records\/\",\"url\":\"https:\/\/www.welovecycling.com\/wide\/2023\/08\/30\/power-numbers-in-grand-tours-vingegaard-and-pogacar-breaking-records\/\",\"name\":\"Vingegaard's and Poga\u010dar's Power Numbers Break Records\",\"isPartOf\":{\"@id\":\"https:\/\/www.welovecycling.com\/wide\/#website\"},\"primaryImageOfPage\":{\"@id\":\"https:\/\/www.welovecycling.com\/wide\/2023\/08\/30\/power-numbers-in-grand-tours-vingegaard-and-pogacar-breaking-records\/#primaryimage\"},\"image\":{\"@id\":\"https:\/\/www.welovecycling.com\/wide\/2023\/08\/30\/power-numbers-in-grand-tours-vingegaard-and-pogacar-breaking-records\/#primaryimage\"},\"thumbnailUrl\":\"https:\/\/d2p6e6u75xmxt8.cloudfront.net\/2\/2023\/08\/Pogacar-Vingegaard-profimedia-0791394524-CVR.webp\",\"datePublished\":\"2023-08-30T18:41:39+00:00\",\"dateModified\":\"2023-09-12T06:30:24+00:00\",\"author\":{\"@id\":\"https:\/\/www.welovecycling.com\/wide\/#\/schema\/person\/50f01ecd18718d2333cf72e823c4f926\"},\"description\":\"Professional cyclists are pushing the limits of what we thought possible. Vingegaard and Poga\u010dar put out some truly incredible power numbers during this\",\"breadcrumb\":{\"@id\":\"https:\/\/www.welovecycling.com\/wide\/2023\/08\/30\/power-numbers-in-grand-tours-vingegaard-and-pogacar-breaking-records\/#breadcrumb\"},\"inLanguage\":\"en-US\",\"potentialAction\":[{\"@type\":\"ReadAction\",\"target\":[\"https:\/\/www.welovecycling.com\/wide\/2023\/08\/30\/power-numbers-in-grand-tours-vingegaard-and-pogacar-breaking-records\/\"]}]},{\"@type\":\"ImageObject\",\"inLanguage\":\"en-US\",\"@id\":\"https:\/\/www.welovecycling.com\/wide\/2023\/08\/30\/power-numbers-in-grand-tours-vingegaard-and-pogacar-breaking-records\/#primaryimage\",\"url\":\"https:\/\/d2p6e6u75xmxt8.cloudfront.net\/2\/2023\/08\/Pogacar-Vingegaard-profimedia-0791394524-CVR.webp\",\"contentUrl\":\"https:\/\/d2p6e6u75xmxt8.cloudfront.net\/2\/2023\/08\/Pogacar-Vingegaard-profimedia-0791394524-CVR.webp\",\"width\":990,\"height\":660,\"caption\":\"Poga\u010dar and Vingegaard\"},{\"@type\":\"BreadcrumbList\",\"@id\":\"https:\/\/www.welovecycling.com\/wide\/2023\/08\/30\/power-numbers-in-grand-tours-vingegaard-and-pogacar-breaking-records\/#breadcrumb\",\"itemListElement\":[{\"@type\":\"ListItem\",\"position\":1,\"name\":\"Home\",\"item\":\"https:\/\/www.welovecycling.com\/wide\/\"},{\"@type\":\"ListItem\",\"position\":2,\"name\":\"Power Numbers in Grand Tours \u2013 Vingegaard and Poga\u010dar Breaking Records\"}]},{\"@type\":\"WebSite\",\"@id\":\"https:\/\/www.welovecycling.com\/wide\/#website\",\"url\":\"https:\/\/www.welovecycling.com\/wide\/\",\"name\":\"\u0160koda We Love Cycling\",\"description\":\"\u0160koda We Love Cycling magazine\",\"alternateName\":\"\u0160koda WLC\",\"potentialAction\":[{\"@type\":\"SearchAction\",\"target\":{\"@type\":\"EntryPoint\",\"urlTemplate\":\"https:\/\/www.welovecycling.com\/wide\/?s={search_term_string}\"},\"query-input\":{\"@type\":\"PropertyValueSpecification\",\"valueRequired\":true,\"valueName\":\"search_term_string\"}}],\"inLanguage\":\"en-US\"},{\"@type\":\"Person\",\"@id\":\"https:\/\/www.welovecycling.com\/wide\/#\/schema\/person\/50f01ecd18718d2333cf72e823c4f926\",\"name\":\"tereza\",\"image\":{\"@type\":\"ImageObject\",\"inLanguage\":\"en-US\",\"@id\":\"https:\/\/www.welovecycling.com\/wide\/#\/schema\/person\/image\/\",\"url\":\"https:\/\/secure.gravatar.com\/avatar\/1f9eb71be33845f0afabce3791bc1c58ecdb0a25c62964987e5dbcf7a20d2ec7?s=96&d=mm&r=g\",\"contentUrl\":\"https:\/\/secure.gravatar.com\/avatar\/1f9eb71be33845f0afabce3791bc1c58ecdb0a25c62964987e5dbcf7a20d2ec7?s=96&d=mm&r=g\",\"caption\":\"tereza\"},\"url\":\"https:\/\/www.welovecycling.com\/wide\/author\/tereza\/\"}]}<\/script>\n<!-- \/ Yoast SEO Premium plugin. -->","yoast_head_json":{"title":"Vingegaard's and Poga\u010dar's Power Numbers Break Records","description":"Professional cyclists are pushing the limits of what we thought possible. Vingegaard and Poga\u010dar put out some truly incredible power numbers during this","robots":{"index":"index","follow":"follow","max-snippet":"max-snippet:-1","max-image-preview":"max-image-preview:large","max-video-preview":"max-video-preview:-1"},"canonical":"https:\/\/www.welovecycling.com\/wide\/2023\/08\/30\/power-numbers-in-grand-tours-vingegaard-and-pogacar-breaking-records\/","og_locale":"en_US","og_type":"article","og_title":"Power Numbers in Grand Tours \u2013 Vingegaard and Poga\u010dar Breaking Records","og_description":"Professional cyclists are pushing the limits of what we thought possible. Vingegaard and Poga\u010dar put out some truly incredible power numbers during this","og_url":"https:\/\/www.welovecycling.com\/wide\/2023\/08\/30\/power-numbers-in-grand-tours-vingegaard-and-pogacar-breaking-records\/","og_site_name":"\u0160koda We Love Cycling","article_published_time":"2023-08-30T18:41:39+00:00","article_modified_time":"2023-09-12T06:30:24+00:00","og_image":[{"width":990,"height":660,"url":"https:\/\/d2p6e6u75xmxt8.cloudfront.net\/2\/2023\/08\/Pogacar-Vingegaard-profimedia-0791394524-CVR.webp","type":"image\/webp"}],"author":"tereza","twitter_card":"summary_large_image","twitter_misc":{"Written by":"Jiri Kaloc","Est. reading time":"4"},"schema":{"@context":"https:\/\/schema.org","@graph":[{"@type":"WebPage","@id":"https:\/\/www.welovecycling.com\/wide\/2023\/08\/30\/power-numbers-in-grand-tours-vingegaard-and-pogacar-breaking-records\/","url":"https:\/\/www.welovecycling.com\/wide\/2023\/08\/30\/power-numbers-in-grand-tours-vingegaard-and-pogacar-breaking-records\/","name":"Vingegaard's and Poga\u010dar's Power Numbers Break Records","isPartOf":{"@id":"https:\/\/www.welovecycling.com\/wide\/#website"},"primaryImageOfPage":{"@id":"https:\/\/www.welovecycling.com\/wide\/2023\/08\/30\/power-numbers-in-grand-tours-vingegaard-and-pogacar-breaking-records\/#primaryimage"},"image":{"@id":"https:\/\/www.welovecycling.com\/wide\/2023\/08\/30\/power-numbers-in-grand-tours-vingegaard-and-pogacar-breaking-records\/#primaryimage"},"thumbnailUrl":"https:\/\/d2p6e6u75xmxt8.cloudfront.net\/2\/2023\/08\/Pogacar-Vingegaard-profimedia-0791394524-CVR.webp","datePublished":"2023-08-30T18:41:39+00:00","dateModified":"2023-09-12T06:30:24+00:00","author":{"@id":"https:\/\/www.welovecycling.com\/wide\/#\/schema\/person\/50f01ecd18718d2333cf72e823c4f926"},"description":"Professional cyclists are pushing the limits of what we thought possible. Vingegaard and Poga\u010dar put out some truly incredible power numbers during this","breadcrumb":{"@id":"https:\/\/www.welovecycling.com\/wide\/2023\/08\/30\/power-numbers-in-grand-tours-vingegaard-and-pogacar-breaking-records\/#breadcrumb"},"inLanguage":"en-US","potentialAction":[{"@type":"ReadAction","target":["https:\/\/www.welovecycling.com\/wide\/2023\/08\/30\/power-numbers-in-grand-tours-vingegaard-and-pogacar-breaking-records\/"]}]},{"@type":"ImageObject","inLanguage":"en-US","@id":"https:\/\/www.welovecycling.com\/wide\/2023\/08\/30\/power-numbers-in-grand-tours-vingegaard-and-pogacar-breaking-records\/#primaryimage","url":"https:\/\/d2p6e6u75xmxt8.cloudfront.net\/2\/2023\/08\/Pogacar-Vingegaard-profimedia-0791394524-CVR.webp","contentUrl":"https:\/\/d2p6e6u75xmxt8.cloudfront.net\/2\/2023\/08\/Pogacar-Vingegaard-profimedia-0791394524-CVR.webp","width":990,"height":660,"caption":"Poga\u010dar and Vingegaard"},{"@type":"BreadcrumbList","@id":"https:\/\/www.welovecycling.com\/wide\/2023\/08\/30\/power-numbers-in-grand-tours-vingegaard-and-pogacar-breaking-records\/#breadcrumb","itemListElement":[{"@type":"ListItem","position":1,"name":"Home","item":"https:\/\/www.welovecycling.com\/wide\/"},{"@type":"ListItem","position":2,"name":"Power Numbers in Grand Tours \u2013 Vingegaard and Poga\u010dar Breaking Records"}]},{"@type":"WebSite","@id":"https:\/\/www.welovecycling.com\/wide\/#website","url":"https:\/\/www.welovecycling.com\/wide\/","name":"\u0160koda We Love Cycling","description":"\u0160koda We Love Cycling magazine","alternateName":"\u0160koda WLC","potentialAction":[{"@type":"SearchAction","target":{"@type":"EntryPoint","urlTemplate":"https:\/\/www.welovecycling.com\/wide\/?s={search_term_string}"},"query-input":{"@type":"PropertyValueSpecification","valueRequired":true,"valueName":"search_term_string"}}],"inLanguage":"en-US"},{"@type":"Person","@id":"https:\/\/www.welovecycling.com\/wide\/#\/schema\/person\/50f01ecd18718d2333cf72e823c4f926","name":"tereza","image":{"@type":"ImageObject","inLanguage":"en-US","@id":"https:\/\/www.welovecycling.com\/wide\/#\/schema\/person\/image\/","url":"https:\/\/secure.gravatar.com\/avatar\/1f9eb71be33845f0afabce3791bc1c58ecdb0a25c62964987e5dbcf7a20d2ec7?s=96&d=mm&r=g","contentUrl":"https:\/\/secure.gravatar.com\/avatar\/1f9eb71be33845f0afabce3791bc1c58ecdb0a25c62964987e5dbcf7a20d2ec7?s=96&d=mm&r=g","caption":"tereza"},"url":"https:\/\/www.welovecycling.com\/wide\/author\/tereza\/"}]}},"_links":{"self":[{"href":"https:\/\/www.welovecycling.com\/wide\/wp-json\/wp\/v2\/posts\/193824","targetHints":{"allow":["GET"]}}],"collection":[{"href":"https:\/\/www.welovecycling.com\/wide\/wp-json\/wp\/v2\/posts"}],"about":[{"href":"https:\/\/www.welovecycling.com\/wide\/wp-json\/wp\/v2\/types\/post"}],"author":[{"embeddable":true,"href":"https:\/\/www.welovecycling.com\/wide\/wp-json\/wp\/v2\/users\/99"}],"replies":[{"embeddable":true,"href":"https:\/\/www.welovecycling.com\/wide\/wp-json\/wp\/v2\/comments?post=193824"}],"version-history":[{"count":4,"href":"https:\/\/www.welovecycling.com\/wide\/wp-json\/wp\/v2\/posts\/193824\/revisions"}],"predecessor-version":[{"id":193844,"href":"https:\/\/www.welovecycling.com\/wide\/wp-json\/wp\/v2\/posts\/193824\/revisions\/193844"}],"wp:featuredmedia":[{"embeddable":true,"href":"https:\/\/www.welovecycling.com\/wide\/wp-json\/wp\/v2\/media\/193825"}],"wp:attachment":[{"href":"https:\/\/www.welovecycling.com\/wide\/wp-json\/wp\/v2\/media?parent=193824"}],"wp:term":[{"taxonomy":"category","embeddable":true,"href":"https:\/\/www.welovecycling.com\/wide\/wp-json\/wp\/v2\/categories?post=193824"},{"taxonomy":"post_tag","embeddable":true,"href":"https:\/\/www.welovecycling.com\/wide\/wp-json\/wp\/v2\/tags?post=193824"},{"taxonomy":"global-categories","embeddable":true,"href":"https:\/\/www.welovecycling.com\/wide\/wp-json\/wp\/v2\/global-categories?post=193824"}],"curies":[{"name":"wp","href":"https:\/\/api.w.org\/{rel}","templated":true}]}}