{"id":193796,"date":"2023-08-25T12:49:54","date_gmt":"2023-08-25T12:49:54","guid":{"rendered":"https:\/\/www.welovecycling.com\/wide\/?p=193796"},"modified":"2023-08-25T12:50:57","modified_gmt":"2023-08-25T12:50:57","slug":"what-we-should-expect-of-this-years-la-vuelta","status":"publish","type":"post","link":"https:\/\/www.welovecycling.com\/wide\/2023\/08\/25\/what-we-should-expect-of-this-years-la-vuelta\/","title":{"rendered":"What We Should Expect Of This Year\u2019s La Vuelta"},"content":{"rendered":"<p><strong>The 78th Edition of the Vuelta Espana, the third and final Grand Tour of the year after the Giro D\u2019Italia and the Le Tour de France, gets underway on Saturday 26th of August in Barcelona and will conclude three weeks later in Madrid after 3,153.8km, where the final Red Jersey or \u2018maillot rojo\u2019 will be awarded. <\/strong><\/p>\n<p><!--more--><\/p>\n<p>Year after year, the Vuelta seems to get a wonderfully stacked field, packed with the finest Grand Tour talent on the planet. This year is no exception, but before we look at the field, let\u2019s take a run through some of the route highlights. Unsurprisingly, it\u2019s another race for those who can climb!<\/p>\n<p>Host city Barcelona in Catalonia provides the setting for the opening 14km Team Time Trial, a recent theme of the Spanish Tour. Following that, there\u2019s a rolling stage for the few puncher\/sprinters, then on stage 3 we have our first mountain-top finish at Arinsal\/Andorra, which will be climbed for the first time. The hills continue with very little respite through stages 4 and 5, although these aren\u2019t necessarily going to be GC days. Stage 6 sees yet another mountaintop finish at the Observatorio Astrofisico de Javalambre. I should mention at this point that there are 10, yes, 10 mountaintop finishes in this year\u2019s race. Makes you exhausted just thinking about it!<\/p>\n<p>Stage 7 sees one of the few chances for any sprinters, as we head to Oliva in Valencia, before a couple of brutally hilly days to Xorret de Cati and Caravaca de la Cruz respectively, taking us into the welcome first rest day.<\/p>\n<p>Hopefully refreshed, the field then tackle the only Time Trial of the Vuelta on stage 10, a 25.8km flat test in and around Valladolid, the capital of the autonomous community of Castilla y Le\u00f3n in Northwest Spain. Stage 11 sees a flat run to the bottom of La Laguna Negra, Vinuesa before yet another uphill finish. Stage 12 is hilly but with no categorised climbs, so could see a group finish, before the GC battle resumes on the epic stage 13 and its foray into France, with a summit finish atop the mighty Col du Tourmalet in the Pyrenees. Another hill-top finish awaits the riders on stage 14 before a lumpy run and a probable breakaway day from Pamplona to Lekkunberi.<\/p>\n<p>The final rest day will be needed as the last 6 days of this year\u2019s Vuelta are truly punishing. Starting things off is another hill-top finish on stage 16 to Bejes, but this is a mere warm up for what lies ahead on stage 17 and another visit to the top of the infamous Agliru, one of the most feared climbs in the world. Incredibly, the mountains aren\u2019t finished yet, as we have yet another high finish at La Cruz de Linares to end stage 18.<\/p>\n<p>There\u2019s a brief pause for breath and an opportunity for any remaining fast cyclists to Iscar on stage 19, then it\u2019s climbing for the last time on stage 20 and the final chance for any GC movements on the 207km journey from Manzanares El Real to Guadarrama, punctuated by 10 short but steep climbs that looks as if it will be very difficult to control and has the profile of a crocodile\u2019s teeth. Stage 21 will see the usual sprint procession in and around the streets of Madrid, where the deserved winner will be crowned. Who will it be? Read on.<\/p>\n<p>Let\u2019s start with defending Vuelta champion and new World Time Trial Champion Remo Evenepoel. He\u2019s had a tremendously successful year, but it was a case of \u2018what could have been\u2019 at the Giro, where he was forced to withdraw due to illness. His Soudal Quick-Step team are solid, but don\u2019t have quite the strength as Jumbo Visma or UAE Team Emirates and this year\u2019s climbs contain some far steeper, longer ascents which will thoroughly examine Evenepoel\u2019s ability on this sort of climb, especially against this year\u2019s opposition.<\/p>\n<div class=\"embed-controller-wrapper\">\n<blockquote class=\"twitter-tweet\" data-width=\"500\" data-dnt=\"true\">\n<p lang=\"es\" dir=\"ltr\">Presentaci\u00f3n de equipos \ud83d\udd1d<\/p>\n<p>Teams presentation \u2705<a href=\"https:\/\/twitter.com\/hashtag\/LaVuelta23?src=hash&amp;ref_src=twsrc%5Etfw\">#LaVuelta23<\/a> <\/p>\n<p>\ud83d\udcf8 <a href=\"https:\/\/twitter.com\/charlylopezph?ref_src=twsrc%5Etfw\">@charlylopezph<\/a> <a href=\"https:\/\/t.co\/D7aw5zheoC\">pic.twitter.com\/D7aw5zheoC<\/a><\/p>\n<p>&mdash; La Vuelta (@lavuelta) <a href=\"https:\/\/twitter.com\/lavuelta\/status\/1694801099352379749?ref_src=twsrc%5Etfw\">August 24, 2023<\/a><\/p><\/blockquote>\n<p><script async data-src=\"https:\/\/platform.twitter.com\/widgets.js\" charset=\"utf-8\"><\/script><\/div>\n<p>Who, in no particular order are as follows: Jumbo Visma, to my mind, have the strongest team in the race, filled with talent. The big question still remains: who will be their leader? Giro winner Primo\u017e Rogli\u010d or Tour Winner Jonas Vingegaard? The Slovenian just won the Vuelta Burgos and is clearly in good shape, but we know less about the Dane, although he\u2019s bound to hit the ground running. Will they ride as a unit with a singular plan? Or let the road decide? Sepp Kuss, Attila Valter, Dylan van Baarle and Wilco Kelderman are their likely lieutenants who have the capacity to tear the race apart.<\/p>\n<p>UAE Team Emirates also come with dual leadership in the form of Jo\u00e3o Almeida and Juan Ayuso. Both of these riders have proven Grand Tour credentials, but to me it\u2019s the young Spaniard who I think will pose the most realistic, potent threat. Third overall last year and still only 20, he\u2019s incredibly versatile and importantly he\u2019ll be fresh, having only started racing this season at the end of April. With Jay Vine and Marc Soler also in the wings, this team are a real force.<\/p>\n<p>Ineos Grenadiers are all about one man, the evergreen 2018 Tour de France champion Geraint Thomas. Now 37, he\u2019s showing no signs of slowing down, as his epic battle in this year\u2019s Giro with Primo\u017e Rogli\u010d showed. He\u2019s got more Grand Tour experience than anyone in the field, plus a strong team to back him up, including Egan Bernal, Laurens de Plus, Fillipo Ganna and Jonathan Castroviejo. He knows how to peak for the biggest moments and arguably he\u2019s more focussed than ever.<\/p>\n<p>Other GC contenders to consider include Enric Mas of Movistar, who\u2019s been 2nd no less than 3 times in his home Grand Tour, including last year behind Remco Evenepoel. Alexander Vlasov is riding well at the moment and he\u2019ll lead the Bora Hansgrohe GC hopes. British rider Hugh Carthy, 3rd in the Vuelta in 2020 and winner up the Angliuru, leads EF Education Easy Post, whilst Colombian hopes rest on the shoulders of Santiago Buitrago of Bahrain Victorious, ably backed by the likes of Damiano Caruso and Tour de France stage winner Wout Poels. Expect Romain Bardet of Team DSM Firmenich to also feature, although I think he\u2019d be happier with a stage win than just focussing on a top 10 overall.<\/p>\n<p>There aren\u2019t many options at all for the sprinters, but the few of them who will line up in Barcelona include Juan Sebastien Molano of UAE (who won the final Madrid stage last year), Giro stage winner Alberto Dainese of Team DSM Firmenich, Dane Casper Pedersen of Soudal Quick Step, Lotto Dstny\u2019s Belgian fast man Milan Menten, Australian Kaden Groves of Alpecin Deceuninck who also took a Vuelta sprint last year, Ed Teuns of Lidl Trek, and Frenchman Bryan Coquard of Cofidis.<\/p>\n<p>This year\u2019s course is as classically \u2018Vuelta\u2019 as you can get and I can\u2019t wait to see how the race unfolds. For the first two weeks I\u2019ll be taking over the <a href=\"https:\/\/www.instagram.com\/wlcmagazine\/\">WLC Instagram account<\/a> to give my take and insight on each stage, before Cameron Jeffers takes over for the the final week into Madrid.<\/p>\n<p>Enjoy!<\/p>\n","protected":false},"excerpt":{"rendered":"<p>The 78th Edition of the Vuelta Espana, the third and final Grand Tour of the year after the Giro D\u2019Italia [&hellip;]<\/p>\n","protected":false},"author":99,"featured_media":193797,"comment_status":"closed","ping_status":"open","sticky":false,"template":"","format":"standard","meta":{"footnotes":""},"categories":[329],"tags":[6875,3140,1080,5450,2718,479,3559,6399,3544,473],"global-categories":[3366],"class_list":["post-193796","post","type-post","status-publish","format-standard","has-post-thumbnail","hentry","category-road-cycling","tag-2023-la-vuelta","tag-dylan-van-baarle","tag-geraint-thomas","tag-jonas-vingegaard","tag-jumbo-visma","tag-la-vuelta","tag-mads-pedersen","tag-matt-stephens","tag-remco-evenepoel","tag-romain-bardet","global-categories-cycling"],"yoast_head":"<!-- This site is optimized with the Yoast SEO Premium plugin v25.3 (Yoast SEO v25.9) - https:\/\/yoast.com\/wordpress\/plugins\/seo\/ -->\n<title>What We Should Expect Of This Year\u2019s La Vuelta - \u0160koda We Love Cycling<\/title>\n<meta name=\"description\" content=\"The 78th Edition of the Vuelta Espana, the third and final Grand Tour of the year after the Giro D\u2019Italia and the Le Tour de France, gets underway on\" \/>\n<meta name=\"robots\" content=\"index, follow, max-snippet:-1, max-image-preview:large, max-video-preview:-1\" \/>\n<link rel=\"canonical\" href=\"https:\/\/www.welovecycling.com\/wide\/2023\/08\/25\/what-we-should-expect-of-this-years-la-vuelta\/\" \/>\n<meta property=\"og:locale\" content=\"en_US\" \/>\n<meta property=\"og:type\" content=\"article\" \/>\n<meta property=\"og:title\" content=\"What We Should Expect Of This Year\u2019s La Vuelta\" \/>\n<meta property=\"og:description\" content=\"The 78th Edition of the Vuelta Espana, the third and final Grand Tour of the year after the Giro D\u2019Italia and the Le Tour de France, gets underway on\" \/>\n<meta property=\"og:url\" content=\"https:\/\/www.welovecycling.com\/wide\/2023\/08\/25\/what-we-should-expect-of-this-years-la-vuelta\/\" \/>\n<meta property=\"og:site_name\" content=\"\u0160koda We Love Cycling\" \/>\n<meta property=\"article:published_time\" content=\"2023-08-25T12:49:54+00:00\" \/>\n<meta property=\"article:modified_time\" content=\"2023-08-25T12:50:57+00:00\" \/>\n<meta property=\"og:image\" content=\"https:\/\/d2p6e6u75xmxt8.cloudfront.net\/2\/2023\/08\/La-Vuelta-Matt-Stephens-profimedia-0715591196-CVR.webp\" \/>\n\t<meta property=\"og:image:width\" content=\"990\" \/>\n\t<meta property=\"og:image:height\" content=\"660\" \/>\n\t<meta property=\"og:image:type\" content=\"image\/webp\" \/>\n<meta name=\"author\" content=\"tereza\" \/>\n<meta name=\"twitter:card\" content=\"summary_large_image\" \/>\n<meta name=\"twitter:label1\" content=\"Written by\" \/>\n\t<meta name=\"twitter:data1\" content=\"Matt Stephens\" \/>\n\t<meta name=\"twitter:label2\" content=\"Est. reading time\" \/>\n\t<meta name=\"twitter:data2\" content=\"4\" \/>\n<script type=\"application\/ld+json\" class=\"yoast-schema-graph\">{\"@context\":\"https:\/\/schema.org\",\"@graph\":[{\"@type\":\"WebPage\",\"@id\":\"https:\/\/www.welovecycling.com\/wide\/2023\/08\/25\/what-we-should-expect-of-this-years-la-vuelta\/\",\"url\":\"https:\/\/www.welovecycling.com\/wide\/2023\/08\/25\/what-we-should-expect-of-this-years-la-vuelta\/\",\"name\":\"What We Should Expect Of This Year\u2019s La Vuelta - \u0160koda We Love Cycling\",\"isPartOf\":{\"@id\":\"https:\/\/www.welovecycling.com\/wide\/#website\"},\"primaryImageOfPage\":{\"@id\":\"https:\/\/www.welovecycling.com\/wide\/2023\/08\/25\/what-we-should-expect-of-this-years-la-vuelta\/#primaryimage\"},\"image\":{\"@id\":\"https:\/\/www.welovecycling.com\/wide\/2023\/08\/25\/what-we-should-expect-of-this-years-la-vuelta\/#primaryimage\"},\"thumbnailUrl\":\"https:\/\/d2p6e6u75xmxt8.cloudfront.net\/2\/2023\/08\/La-Vuelta-Matt-Stephens-profimedia-0715591196-CVR.webp\",\"datePublished\":\"2023-08-25T12:49:54+00:00\",\"dateModified\":\"2023-08-25T12:50:57+00:00\",\"author\":{\"@id\":\"https:\/\/www.welovecycling.com\/wide\/#\/schema\/person\/50f01ecd18718d2333cf72e823c4f926\"},\"description\":\"The 78th Edition of the Vuelta Espana, the third and final Grand Tour of the year after the Giro D\u2019Italia and the Le Tour de France, gets underway on\",\"breadcrumb\":{\"@id\":\"https:\/\/www.welovecycling.com\/wide\/2023\/08\/25\/what-we-should-expect-of-this-years-la-vuelta\/#breadcrumb\"},\"inLanguage\":\"en-US\",\"potentialAction\":[{\"@type\":\"ReadAction\",\"target\":[\"https:\/\/www.welovecycling.com\/wide\/2023\/08\/25\/what-we-should-expect-of-this-years-la-vuelta\/\"]}]},{\"@type\":\"ImageObject\",\"inLanguage\":\"en-US\",\"@id\":\"https:\/\/www.welovecycling.com\/wide\/2023\/08\/25\/what-we-should-expect-of-this-years-la-vuelta\/#primaryimage\",\"url\":\"https:\/\/d2p6e6u75xmxt8.cloudfront.net\/2\/2023\/08\/La-Vuelta-Matt-Stephens-profimedia-0715591196-CVR.webp\",\"contentUrl\":\"https:\/\/d2p6e6u75xmxt8.cloudfront.net\/2\/2023\/08\/La-Vuelta-Matt-Stephens-profimedia-0715591196-CVR.webp\",\"width\":990,\"height\":660,\"caption\":\"2023 La Vuelta\"},{\"@type\":\"BreadcrumbList\",\"@id\":\"https:\/\/www.welovecycling.com\/wide\/2023\/08\/25\/what-we-should-expect-of-this-years-la-vuelta\/#breadcrumb\",\"itemListElement\":[{\"@type\":\"ListItem\",\"position\":1,\"name\":\"Home\",\"item\":\"https:\/\/www.welovecycling.com\/wide\/\"},{\"@type\":\"ListItem\",\"position\":2,\"name\":\"What We Should Expect Of This Year\u2019s La Vuelta\"}]},{\"@type\":\"WebSite\",\"@id\":\"https:\/\/www.welovecycling.com\/wide\/#website\",\"url\":\"https:\/\/www.welovecycling.com\/wide\/\",\"name\":\"\u0160koda We Love Cycling\",\"description\":\"\u0160koda We Love Cycling magazine\",\"alternateName\":\"\u0160koda WLC\",\"potentialAction\":[{\"@type\":\"SearchAction\",\"target\":{\"@type\":\"EntryPoint\",\"urlTemplate\":\"https:\/\/www.welovecycling.com\/wide\/?s={search_term_string}\"},\"query-input\":{\"@type\":\"PropertyValueSpecification\",\"valueRequired\":true,\"valueName\":\"search_term_string\"}}],\"inLanguage\":\"en-US\"},{\"@type\":\"Person\",\"@id\":\"https:\/\/www.welovecycling.com\/wide\/#\/schema\/person\/50f01ecd18718d2333cf72e823c4f926\",\"name\":\"tereza\",\"image\":{\"@type\":\"ImageObject\",\"inLanguage\":\"en-US\",\"@id\":\"https:\/\/www.welovecycling.com\/wide\/#\/schema\/person\/image\/\",\"url\":\"https:\/\/secure.gravatar.com\/avatar\/1f9eb71be33845f0afabce3791bc1c58ecdb0a25c62964987e5dbcf7a20d2ec7?s=96&d=mm&r=g\",\"contentUrl\":\"https:\/\/secure.gravatar.com\/avatar\/1f9eb71be33845f0afabce3791bc1c58ecdb0a25c62964987e5dbcf7a20d2ec7?s=96&d=mm&r=g\",\"caption\":\"tereza\"},\"url\":\"https:\/\/www.welovecycling.com\/wide\/author\/tereza\/\"}]}<\/script>\n<!-- \/ Yoast SEO Premium plugin. -->","yoast_head_json":{"title":"What We Should Expect Of This Year\u2019s La Vuelta - \u0160koda We Love Cycling","description":"The 78th Edition of the Vuelta Espana, the third and final Grand Tour of the year after the Giro D\u2019Italia and the Le Tour de France, gets underway on","robots":{"index":"index","follow":"follow","max-snippet":"max-snippet:-1","max-image-preview":"max-image-preview:large","max-video-preview":"max-video-preview:-1"},"canonical":"https:\/\/www.welovecycling.com\/wide\/2023\/08\/25\/what-we-should-expect-of-this-years-la-vuelta\/","og_locale":"en_US","og_type":"article","og_title":"What We Should Expect Of This Year\u2019s La Vuelta","og_description":"The 78th Edition of the Vuelta Espana, the third and final Grand Tour of the year after the Giro D\u2019Italia and the Le Tour de France, gets underway on","og_url":"https:\/\/www.welovecycling.com\/wide\/2023\/08\/25\/what-we-should-expect-of-this-years-la-vuelta\/","og_site_name":"\u0160koda We Love Cycling","article_published_time":"2023-08-25T12:49:54+00:00","article_modified_time":"2023-08-25T12:50:57+00:00","og_image":[{"width":990,"height":660,"url":"https:\/\/d2p6e6u75xmxt8.cloudfront.net\/2\/2023\/08\/La-Vuelta-Matt-Stephens-profimedia-0715591196-CVR.webp","type":"image\/webp"}],"author":"tereza","twitter_card":"summary_large_image","twitter_misc":{"Written by":"Matt Stephens","Est. reading time":"4"},"schema":{"@context":"https:\/\/schema.org","@graph":[{"@type":"WebPage","@id":"https:\/\/www.welovecycling.com\/wide\/2023\/08\/25\/what-we-should-expect-of-this-years-la-vuelta\/","url":"https:\/\/www.welovecycling.com\/wide\/2023\/08\/25\/what-we-should-expect-of-this-years-la-vuelta\/","name":"What We Should Expect Of This Year\u2019s La Vuelta - \u0160koda We Love Cycling","isPartOf":{"@id":"https:\/\/www.welovecycling.com\/wide\/#website"},"primaryImageOfPage":{"@id":"https:\/\/www.welovecycling.com\/wide\/2023\/08\/25\/what-we-should-expect-of-this-years-la-vuelta\/#primaryimage"},"image":{"@id":"https:\/\/www.welovecycling.com\/wide\/2023\/08\/25\/what-we-should-expect-of-this-years-la-vuelta\/#primaryimage"},"thumbnailUrl":"https:\/\/d2p6e6u75xmxt8.cloudfront.net\/2\/2023\/08\/La-Vuelta-Matt-Stephens-profimedia-0715591196-CVR.webp","datePublished":"2023-08-25T12:49:54+00:00","dateModified":"2023-08-25T12:50:57+00:00","author":{"@id":"https:\/\/www.welovecycling.com\/wide\/#\/schema\/person\/50f01ecd18718d2333cf72e823c4f926"},"description":"The 78th Edition of the Vuelta Espana, the third and final Grand Tour of the year after the Giro D\u2019Italia and the Le Tour de France, gets underway on","breadcrumb":{"@id":"https:\/\/www.welovecycling.com\/wide\/2023\/08\/25\/what-we-should-expect-of-this-years-la-vuelta\/#breadcrumb"},"inLanguage":"en-US","potentialAction":[{"@type":"ReadAction","target":["https:\/\/www.welovecycling.com\/wide\/2023\/08\/25\/what-we-should-expect-of-this-years-la-vuelta\/"]}]},{"@type":"ImageObject","inLanguage":"en-US","@id":"https:\/\/www.welovecycling.com\/wide\/2023\/08\/25\/what-we-should-expect-of-this-years-la-vuelta\/#primaryimage","url":"https:\/\/d2p6e6u75xmxt8.cloudfront.net\/2\/2023\/08\/La-Vuelta-Matt-Stephens-profimedia-0715591196-CVR.webp","contentUrl":"https:\/\/d2p6e6u75xmxt8.cloudfront.net\/2\/2023\/08\/La-Vuelta-Matt-Stephens-profimedia-0715591196-CVR.webp","width":990,"height":660,"caption":"2023 La Vuelta"},{"@type":"BreadcrumbList","@id":"https:\/\/www.welovecycling.com\/wide\/2023\/08\/25\/what-we-should-expect-of-this-years-la-vuelta\/#breadcrumb","itemListElement":[{"@type":"ListItem","position":1,"name":"Home","item":"https:\/\/www.welovecycling.com\/wide\/"},{"@type":"ListItem","position":2,"name":"What We Should Expect Of This Year\u2019s La Vuelta"}]},{"@type":"WebSite","@id":"https:\/\/www.welovecycling.com\/wide\/#website","url":"https:\/\/www.welovecycling.com\/wide\/","name":"\u0160koda We Love Cycling","description":"\u0160koda We Love Cycling magazine","alternateName":"\u0160koda WLC","potentialAction":[{"@type":"SearchAction","target":{"@type":"EntryPoint","urlTemplate":"https:\/\/www.welovecycling.com\/wide\/?s={search_term_string}"},"query-input":{"@type":"PropertyValueSpecification","valueRequired":true,"valueName":"search_term_string"}}],"inLanguage":"en-US"},{"@type":"Person","@id":"https:\/\/www.welovecycling.com\/wide\/#\/schema\/person\/50f01ecd18718d2333cf72e823c4f926","name":"tereza","image":{"@type":"ImageObject","inLanguage":"en-US","@id":"https:\/\/www.welovecycling.com\/wide\/#\/schema\/person\/image\/","url":"https:\/\/secure.gravatar.com\/avatar\/1f9eb71be33845f0afabce3791bc1c58ecdb0a25c62964987e5dbcf7a20d2ec7?s=96&d=mm&r=g","contentUrl":"https:\/\/secure.gravatar.com\/avatar\/1f9eb71be33845f0afabce3791bc1c58ecdb0a25c62964987e5dbcf7a20d2ec7?s=96&d=mm&r=g","caption":"tereza"},"url":"https:\/\/www.welovecycling.com\/wide\/author\/tereza\/"}]}},"_links":{"self":[{"href":"https:\/\/www.welovecycling.com\/wide\/wp-json\/wp\/v2\/posts\/193796","targetHints":{"allow":["GET"]}}],"collection":[{"href":"https:\/\/www.welovecycling.com\/wide\/wp-json\/wp\/v2\/posts"}],"about":[{"href":"https:\/\/www.welovecycling.com\/wide\/wp-json\/wp\/v2\/types\/post"}],"author":[{"embeddable":true,"href":"https:\/\/www.welovecycling.com\/wide\/wp-json\/wp\/v2\/users\/99"}],"replies":[{"embeddable":true,"href":"https:\/\/www.welovecycling.com\/wide\/wp-json\/wp\/v2\/comments?post=193796"}],"version-history":[{"count":2,"href":"https:\/\/www.welovecycling.com\/wide\/wp-json\/wp\/v2\/posts\/193796\/revisions"}],"predecessor-version":[{"id":193801,"href":"https:\/\/www.welovecycling.com\/wide\/wp-json\/wp\/v2\/posts\/193796\/revisions\/193801"}],"wp:featuredmedia":[{"embeddable":true,"href":"https:\/\/www.welovecycling.com\/wide\/wp-json\/wp\/v2\/media\/193797"}],"wp:attachment":[{"href":"https:\/\/www.welovecycling.com\/wide\/wp-json\/wp\/v2\/media?parent=193796"}],"wp:term":[{"taxonomy":"category","embeddable":true,"href":"https:\/\/www.welovecycling.com\/wide\/wp-json\/wp\/v2\/categories?post=193796"},{"taxonomy":"post_tag","embeddable":true,"href":"https:\/\/www.welovecycling.com\/wide\/wp-json\/wp\/v2\/tags?post=193796"},{"taxonomy":"global-categories","embeddable":true,"href":"https:\/\/www.welovecycling.com\/wide\/wp-json\/wp\/v2\/global-categories?post=193796"}],"curies":[{"name":"wp","href":"https:\/\/api.w.org\/{rel}","templated":true}]}}