{"id":193770,"date":"2023-08-24T09:52:27","date_gmt":"2023-08-24T09:52:27","guid":{"rendered":"https:\/\/www.welovecycling.com\/wide\/?p=193770"},"modified":"2023-08-24T09:52:27","modified_gmt":"2023-08-24T09:52:27","slug":"should-cyclists-adapt-training-to-their-menstrual-cycle","status":"publish","type":"post","link":"https:\/\/www.welovecycling.com\/wide\/2023\/08\/24\/should-cyclists-adapt-training-to-their-menstrual-cycle\/","title":{"rendered":"Should Cyclists Adapt Training to Their Menstrual Cycle?"},"content":{"rendered":"<p style=\"font-weight: 400;\"><strong>Is there enough evidence to make recommendations for training based on phases of the menstrual cycle? A new study set out to answer a question that many female cyclists could be asking their coaches. Let\u2019s take a closer look at what they found.<\/strong><\/p>\n<p><!--more--><\/p>\n<h2><strong>Very little evidence for training based on menstrual-cycle phase<\/strong><\/h2>\n<p style=\"font-weight: 400;\"><a href=\"https:\/\/pubmed.ncbi.nlm.nih.gov\/37033884\/\">Researchers from McMaster University in Canada<\/a> and Manchester metropolitan University in the UK joined forces and evaluated all relevant meta-analyses and systematic reviews about the impact of menstrual-cycle phase on resistance exercise performance and training adaptations. Their main conclusion was that there is very little, weak and inconsistent evidence that would support menstrual-cycle training when it comes to strength, exercise performance, and muscle growth.<\/p>\n<p style=\"font-weight: 400;\">On top of this, <a href=\"https:\/\/pubmed.ncbi.nlm.nih.gov\/32218059\/\">there are studies<\/a> comparing muscle growth resulting from resistance training between men and women and they show equivalent relative gains in muscle size and strength. These findings make it clear that there are big differences among individuals. But these studies also show that it\u2019s unlikely that there are big differences within one person. Based on the overall current evidence, it would be too soon to say that it\u2019s important to adapt training to the phase of the menstrual cycle.<\/p>\n<h2><strong>Should you take menstrual cycle into consideration?<\/strong><\/h2>\n<p style=\"font-weight: 400;\">Even though the evidence currently doesn\u2019t show that menstrual cycle has a significant effect on training adaptations and performance, it could still be one of the factors you or your coach consider. After all, you know how much menstrual symptoms influence your ability to train and perform on the bike. But you always have to compare this to other key factors that impact athletic training and performance, such as the following:<\/p>\n<ul>\n<li>Short- and long-term goals<\/li>\n<li>Amount of fatigue<\/li>\n<li>Sleep quality<\/li>\n<li>Stress levels<\/li>\n<li>Injury<\/li>\n<li>Motivation<\/li>\n<li>Training-related logistics<\/li>\n<\/ul>\n<p style=\"font-weight: 400;\">You may find that making adjustments in <a href=\"https:\/\/www.welovecycling.com\/wide\/series\/build-your-own-cycling-training-plan\/\" target=\"_blank\" rel=\"noopener\">your training plan<\/a> based on the phase of your menstrual cycle works for you. That\u2019s great, so definitely keep doing that if that\u2019s the case. But for the average person out there, making training prescriptions based on cyclical hormonal changes is not an evidence-based approach.<\/p>\n","protected":false},"excerpt":{"rendered":"<p>Is there enough evidence to make recommendations for training based on phases of the menstrual cycle? A new study set [&hellip;]<\/p>\n","protected":false},"author":99,"featured_media":192949,"comment_status":"closed","ping_status":"open","sticky":false,"template":"","format":"standard","meta":{"footnotes":""},"categories":[332],"tags":[7341,5796,7340,2264],"global-categories":[3366],"class_list":["post-193770","post","type-post","status-publish","format-standard","has-post-thumbnail","hentry","category-health-and-training","tag-cycling-and-menstrual-cycle","tag-cycling-on-your-period","tag-menstrual-cycle-phases","tag-womens-cycling","global-categories-cycling"],"yoast_head":"<!-- This site is optimized with the Yoast SEO Premium plugin v25.3 (Yoast SEO v25.9) - https:\/\/yoast.com\/wordpress\/plugins\/seo\/ -->\n<title>Should Cyclists Adapt Training to Their Menstrual Cycle? - \u0160koda We Love Cycling<\/title>\n<meta name=\"description\" content=\"Is there enough evidence to make recommendations for training based on phases of the menstrual cycle? A new study set out to answer a question that many\" \/>\n<meta name=\"robots\" content=\"index, follow, max-snippet:-1, max-image-preview:large, max-video-preview:-1\" \/>\n<link rel=\"canonical\" href=\"https:\/\/www.welovecycling.com\/wide\/2023\/08\/24\/should-cyclists-adapt-training-to-their-menstrual-cycle\/\" \/>\n<meta property=\"og:locale\" content=\"en_US\" \/>\n<meta property=\"og:type\" content=\"article\" \/>\n<meta property=\"og:title\" content=\"Should Cyclists Adapt Training to Their Menstrual Cycle?\" \/>\n<meta property=\"og:description\" content=\"Is there enough evidence to make recommendations for training based on phases of the menstrual cycle? A new study set out to answer a question that many\" \/>\n<meta property=\"og:url\" content=\"https:\/\/www.welovecycling.com\/wide\/2023\/08\/24\/should-cyclists-adapt-training-to-their-menstrual-cycle\/\" \/>\n<meta property=\"og:site_name\" content=\"\u0160koda We Love Cycling\" \/>\n<meta property=\"article:published_time\" content=\"2023-08-24T09:52:27+00:00\" \/>\n<meta property=\"og:image\" content=\"https:\/\/d2p6e6u75xmxt8.cloudfront.net\/2\/2023\/06\/Woman-Solo-Ride-profimedia-0782208400-CVR.webp\" \/>\n\t<meta property=\"og:image:width\" content=\"990\" \/>\n\t<meta property=\"og:image:height\" content=\"660\" \/>\n\t<meta property=\"og:image:type\" content=\"image\/webp\" \/>\n<meta name=\"author\" content=\"tereza\" \/>\n<meta name=\"twitter:card\" content=\"summary_large_image\" \/>\n<meta name=\"twitter:label1\" content=\"Written by\" \/>\n\t<meta name=\"twitter:data1\" content=\"Jiri Kaloc\" \/>\n\t<meta name=\"twitter:label2\" content=\"Est. reading time\" \/>\n\t<meta name=\"twitter:data2\" content=\"3\" \/>\n<script type=\"application\/ld+json\" class=\"yoast-schema-graph\">{\"@context\":\"https:\/\/schema.org\",\"@graph\":[{\"@type\":\"WebPage\",\"@id\":\"https:\/\/www.welovecycling.com\/wide\/2023\/08\/24\/should-cyclists-adapt-training-to-their-menstrual-cycle\/\",\"url\":\"https:\/\/www.welovecycling.com\/wide\/2023\/08\/24\/should-cyclists-adapt-training-to-their-menstrual-cycle\/\",\"name\":\"Should Cyclists Adapt Training to Their Menstrual Cycle? - \u0160koda We Love Cycling\",\"isPartOf\":{\"@id\":\"https:\/\/www.welovecycling.com\/wide\/#website\"},\"primaryImageOfPage\":{\"@id\":\"https:\/\/www.welovecycling.com\/wide\/2023\/08\/24\/should-cyclists-adapt-training-to-their-menstrual-cycle\/#primaryimage\"},\"image\":{\"@id\":\"https:\/\/www.welovecycling.com\/wide\/2023\/08\/24\/should-cyclists-adapt-training-to-their-menstrual-cycle\/#primaryimage\"},\"thumbnailUrl\":\"https:\/\/d2p6e6u75xmxt8.cloudfront.net\/2\/2023\/06\/Woman-Solo-Ride-profimedia-0782208400-CVR.webp\",\"datePublished\":\"2023-08-24T09:52:27+00:00\",\"author\":{\"@id\":\"https:\/\/www.welovecycling.com\/wide\/#\/schema\/person\/50f01ecd18718d2333cf72e823c4f926\"},\"description\":\"Is there enough evidence to make recommendations for training based on phases of the menstrual cycle? A new study set out to answer a question that many\",\"breadcrumb\":{\"@id\":\"https:\/\/www.welovecycling.com\/wide\/2023\/08\/24\/should-cyclists-adapt-training-to-their-menstrual-cycle\/#breadcrumb\"},\"inLanguage\":\"en-US\",\"potentialAction\":[{\"@type\":\"ReadAction\",\"target\":[\"https:\/\/www.welovecycling.com\/wide\/2023\/08\/24\/should-cyclists-adapt-training-to-their-menstrual-cycle\/\"]}]},{\"@type\":\"ImageObject\",\"inLanguage\":\"en-US\",\"@id\":\"https:\/\/www.welovecycling.com\/wide\/2023\/08\/24\/should-cyclists-adapt-training-to-their-menstrual-cycle\/#primaryimage\",\"url\":\"https:\/\/d2p6e6u75xmxt8.cloudfront.net\/2\/2023\/06\/Woman-Solo-Ride-profimedia-0782208400-CVR.webp\",\"contentUrl\":\"https:\/\/d2p6e6u75xmxt8.cloudfront.net\/2\/2023\/06\/Woman-Solo-Ride-profimedia-0782208400-CVR.webp\",\"width\":990,\"height\":660,\"caption\":\"A woman on a solo ride\"},{\"@type\":\"BreadcrumbList\",\"@id\":\"https:\/\/www.welovecycling.com\/wide\/2023\/08\/24\/should-cyclists-adapt-training-to-their-menstrual-cycle\/#breadcrumb\",\"itemListElement\":[{\"@type\":\"ListItem\",\"position\":1,\"name\":\"Home\",\"item\":\"https:\/\/www.welovecycling.com\/wide\/\"},{\"@type\":\"ListItem\",\"position\":2,\"name\":\"Should Cyclists Adapt Training to Their Menstrual Cycle?\"}]},{\"@type\":\"WebSite\",\"@id\":\"https:\/\/www.welovecycling.com\/wide\/#website\",\"url\":\"https:\/\/www.welovecycling.com\/wide\/\",\"name\":\"\u0160koda We Love Cycling\",\"description\":\"\u0160koda We Love Cycling magazine\",\"alternateName\":\"\u0160koda WLC\",\"potentialAction\":[{\"@type\":\"SearchAction\",\"target\":{\"@type\":\"EntryPoint\",\"urlTemplate\":\"https:\/\/www.welovecycling.com\/wide\/?s={search_term_string}\"},\"query-input\":{\"@type\":\"PropertyValueSpecification\",\"valueRequired\":true,\"valueName\":\"search_term_string\"}}],\"inLanguage\":\"en-US\"},{\"@type\":\"Person\",\"@id\":\"https:\/\/www.welovecycling.com\/wide\/#\/schema\/person\/50f01ecd18718d2333cf72e823c4f926\",\"name\":\"tereza\",\"image\":{\"@type\":\"ImageObject\",\"inLanguage\":\"en-US\",\"@id\":\"https:\/\/www.welovecycling.com\/wide\/#\/schema\/person\/image\/\",\"url\":\"https:\/\/secure.gravatar.com\/avatar\/1f9eb71be33845f0afabce3791bc1c58ecdb0a25c62964987e5dbcf7a20d2ec7?s=96&d=mm&r=g\",\"contentUrl\":\"https:\/\/secure.gravatar.com\/avatar\/1f9eb71be33845f0afabce3791bc1c58ecdb0a25c62964987e5dbcf7a20d2ec7?s=96&d=mm&r=g\",\"caption\":\"tereza\"},\"url\":\"https:\/\/www.welovecycling.com\/wide\/author\/tereza\/\"}]}<\/script>\n<!-- \/ Yoast SEO Premium plugin. -->","yoast_head_json":{"title":"Should Cyclists Adapt Training to Their Menstrual Cycle? - \u0160koda We Love Cycling","description":"Is there enough evidence to make recommendations for training based on phases of the menstrual cycle? A new study set out to answer a question that many","robots":{"index":"index","follow":"follow","max-snippet":"max-snippet:-1","max-image-preview":"max-image-preview:large","max-video-preview":"max-video-preview:-1"},"canonical":"https:\/\/www.welovecycling.com\/wide\/2023\/08\/24\/should-cyclists-adapt-training-to-their-menstrual-cycle\/","og_locale":"en_US","og_type":"article","og_title":"Should Cyclists Adapt Training to Their Menstrual Cycle?","og_description":"Is there enough evidence to make recommendations for training based on phases of the menstrual cycle? A new study set out to answer a question that many","og_url":"https:\/\/www.welovecycling.com\/wide\/2023\/08\/24\/should-cyclists-adapt-training-to-their-menstrual-cycle\/","og_site_name":"\u0160koda We Love Cycling","article_published_time":"2023-08-24T09:52:27+00:00","og_image":[{"width":990,"height":660,"url":"https:\/\/d2p6e6u75xmxt8.cloudfront.net\/2\/2023\/06\/Woman-Solo-Ride-profimedia-0782208400-CVR.webp","type":"image\/webp"}],"author":"tereza","twitter_card":"summary_large_image","twitter_misc":{"Written by":"Jiri Kaloc","Est. reading time":"3"},"schema":{"@context":"https:\/\/schema.org","@graph":[{"@type":"WebPage","@id":"https:\/\/www.welovecycling.com\/wide\/2023\/08\/24\/should-cyclists-adapt-training-to-their-menstrual-cycle\/","url":"https:\/\/www.welovecycling.com\/wide\/2023\/08\/24\/should-cyclists-adapt-training-to-their-menstrual-cycle\/","name":"Should Cyclists Adapt Training to Their Menstrual Cycle? - \u0160koda We Love Cycling","isPartOf":{"@id":"https:\/\/www.welovecycling.com\/wide\/#website"},"primaryImageOfPage":{"@id":"https:\/\/www.welovecycling.com\/wide\/2023\/08\/24\/should-cyclists-adapt-training-to-their-menstrual-cycle\/#primaryimage"},"image":{"@id":"https:\/\/www.welovecycling.com\/wide\/2023\/08\/24\/should-cyclists-adapt-training-to-their-menstrual-cycle\/#primaryimage"},"thumbnailUrl":"https:\/\/d2p6e6u75xmxt8.cloudfront.net\/2\/2023\/06\/Woman-Solo-Ride-profimedia-0782208400-CVR.webp","datePublished":"2023-08-24T09:52:27+00:00","author":{"@id":"https:\/\/www.welovecycling.com\/wide\/#\/schema\/person\/50f01ecd18718d2333cf72e823c4f926"},"description":"Is there enough evidence to make recommendations for training based on phases of the menstrual cycle? A new study set out to answer a question that many","breadcrumb":{"@id":"https:\/\/www.welovecycling.com\/wide\/2023\/08\/24\/should-cyclists-adapt-training-to-their-menstrual-cycle\/#breadcrumb"},"inLanguage":"en-US","potentialAction":[{"@type":"ReadAction","target":["https:\/\/www.welovecycling.com\/wide\/2023\/08\/24\/should-cyclists-adapt-training-to-their-menstrual-cycle\/"]}]},{"@type":"ImageObject","inLanguage":"en-US","@id":"https:\/\/www.welovecycling.com\/wide\/2023\/08\/24\/should-cyclists-adapt-training-to-their-menstrual-cycle\/#primaryimage","url":"https:\/\/d2p6e6u75xmxt8.cloudfront.net\/2\/2023\/06\/Woman-Solo-Ride-profimedia-0782208400-CVR.webp","contentUrl":"https:\/\/d2p6e6u75xmxt8.cloudfront.net\/2\/2023\/06\/Woman-Solo-Ride-profimedia-0782208400-CVR.webp","width":990,"height":660,"caption":"A woman on a solo ride"},{"@type":"BreadcrumbList","@id":"https:\/\/www.welovecycling.com\/wide\/2023\/08\/24\/should-cyclists-adapt-training-to-their-menstrual-cycle\/#breadcrumb","itemListElement":[{"@type":"ListItem","position":1,"name":"Home","item":"https:\/\/www.welovecycling.com\/wide\/"},{"@type":"ListItem","position":2,"name":"Should Cyclists Adapt Training to Their Menstrual Cycle?"}]},{"@type":"WebSite","@id":"https:\/\/www.welovecycling.com\/wide\/#website","url":"https:\/\/www.welovecycling.com\/wide\/","name":"\u0160koda We Love Cycling","description":"\u0160koda We Love Cycling magazine","alternateName":"\u0160koda WLC","potentialAction":[{"@type":"SearchAction","target":{"@type":"EntryPoint","urlTemplate":"https:\/\/www.welovecycling.com\/wide\/?s={search_term_string}"},"query-input":{"@type":"PropertyValueSpecification","valueRequired":true,"valueName":"search_term_string"}}],"inLanguage":"en-US"},{"@type":"Person","@id":"https:\/\/www.welovecycling.com\/wide\/#\/schema\/person\/50f01ecd18718d2333cf72e823c4f926","name":"tereza","image":{"@type":"ImageObject","inLanguage":"en-US","@id":"https:\/\/www.welovecycling.com\/wide\/#\/schema\/person\/image\/","url":"https:\/\/secure.gravatar.com\/avatar\/1f9eb71be33845f0afabce3791bc1c58ecdb0a25c62964987e5dbcf7a20d2ec7?s=96&d=mm&r=g","contentUrl":"https:\/\/secure.gravatar.com\/avatar\/1f9eb71be33845f0afabce3791bc1c58ecdb0a25c62964987e5dbcf7a20d2ec7?s=96&d=mm&r=g","caption":"tereza"},"url":"https:\/\/www.welovecycling.com\/wide\/author\/tereza\/"}]}},"_links":{"self":[{"href":"https:\/\/www.welovecycling.com\/wide\/wp-json\/wp\/v2\/posts\/193770","targetHints":{"allow":["GET"]}}],"collection":[{"href":"https:\/\/www.welovecycling.com\/wide\/wp-json\/wp\/v2\/posts"}],"about":[{"href":"https:\/\/www.welovecycling.com\/wide\/wp-json\/wp\/v2\/types\/post"}],"author":[{"embeddable":true,"href":"https:\/\/www.welovecycling.com\/wide\/wp-json\/wp\/v2\/users\/99"}],"replies":[{"embeddable":true,"href":"https:\/\/www.welovecycling.com\/wide\/wp-json\/wp\/v2\/comments?post=193770"}],"version-history":[{"count":1,"href":"https:\/\/www.welovecycling.com\/wide\/wp-json\/wp\/v2\/posts\/193770\/revisions"}],"predecessor-version":[{"id":193771,"href":"https:\/\/www.welovecycling.com\/wide\/wp-json\/wp\/v2\/posts\/193770\/revisions\/193771"}],"wp:featuredmedia":[{"embeddable":true,"href":"https:\/\/www.welovecycling.com\/wide\/wp-json\/wp\/v2\/media\/192949"}],"wp:attachment":[{"href":"https:\/\/www.welovecycling.com\/wide\/wp-json\/wp\/v2\/media?parent=193770"}],"wp:term":[{"taxonomy":"category","embeddable":true,"href":"https:\/\/www.welovecycling.com\/wide\/wp-json\/wp\/v2\/categories?post=193770"},{"taxonomy":"post_tag","embeddable":true,"href":"https:\/\/www.welovecycling.com\/wide\/wp-json\/wp\/v2\/tags?post=193770"},{"taxonomy":"global-categories","embeddable":true,"href":"https:\/\/www.welovecycling.com\/wide\/wp-json\/wp\/v2\/global-categories?post=193770"}],"curies":[{"name":"wp","href":"https:\/\/api.w.org\/{rel}","templated":true}]}}