{"id":193757,"date":"2023-08-23T13:06:16","date_gmt":"2023-08-23T13:06:16","guid":{"rendered":"https:\/\/www.welovecycling.com\/wide\/?p=193757"},"modified":"2023-08-23T13:06:16","modified_gmt":"2023-08-23T13:06:16","slug":"family-cycling-vacation-discovering-the-charms-of-emilia-romagna","status":"publish","type":"post","link":"https:\/\/www.welovecycling.com\/wide\/2023\/08\/23\/family-cycling-vacation-discovering-the-charms-of-emilia-romagna\/","title":{"rendered":"Family Cycling Vacation: Discovering the Charms of Emilia-Romagna"},"content":{"rendered":"<p><strong>Emilia-Romagna, the culinary heart of Italy, offers not only delectable food and wine but also breathtaking landscapes and historical sites. For families that enjoy cycling, it&#8217;s a haven, presenting diverse routes from flat terrains to gentle hills, all amidst the backdrop of rich Italian culture and history. Here&#8217;s a guide for your pedal-powered journey.<\/strong><\/p>\n<p><!--more--><\/p>\n<h2><strong>Bologna to Modena (40 km)<\/strong><\/h2>\n<figure id=\"attachment_193762\" aria-describedby=\"caption-attachment-193762\" style=\"width: 990px\" class=\"wp-caption alignnone\"><a href=\"https:\/\/d2p6e6u75xmxt8.cloudfront.net\/2\/2023\/08\/Modena-profimedia-0797369478.webp\"><img loading=\"lazy\" decoding=\"async\" class=\"size-full wp-image-193762\" src=\"https:\/\/d2p6e6u75xmxt8.cloudfront.net\/2\/2023\/08\/Modena-profimedia-0797369478.webp\" alt=\"Modena\" width=\"990\" height=\"660\" srcset=\"https:\/\/d2p6e6u75xmxt8.cloudfront.net\/2\/2023\/08\/Modena-profimedia-0797369478.webp 990w, https:\/\/d2p6e6u75xmxt8.cloudfront.net\/2\/2023\/08\/Modena-profimedia-0797369478-300x200.webp 300w, https:\/\/d2p6e6u75xmxt8.cloudfront.net\/2\/2023\/08\/Modena-profimedia-0797369478-768x512.webp 768w, https:\/\/d2p6e6u75xmxt8.cloudfront.net\/2\/2023\/08\/Modena-profimedia-0797369478-400x267.webp 400w, https:\/\/d2p6e6u75xmxt8.cloudfront.net\/2\/2023\/08\/Modena-profimedia-0797369478-272x182.webp 272w\" sizes=\"auto, (max-width: 990px) 100vw, 990px\" \/><\/a><figcaption id=\"caption-attachment-193762\" class=\"wp-caption-text\">The path of the 18 bridges, Emilia Romagna. \u00a9 Profimedia<\/figcaption><\/figure>\n<p><strong>Suitable for: Children aged 10 and above<\/strong><\/p>\n<p>This scenic route begins in Bologna, known for its medieval architecture, and leads you to Modena, famous for its balsamic vinegar. As you cycle, expect to traverse through picturesque countryside, offering views of vineyards and ancient castles. En route, consider a stopover at an agriturismo for a taste of traditional Emilian dishes. With a distance of 40 km, it&#8217;s ideal for children 10 and older.<\/p>\n<h2><strong>Parma to Reggio Emilia (30 km)<\/strong><\/h2>\n<figure id=\"attachment_193763\" aria-describedby=\"caption-attachment-193763\" style=\"width: 990px\" class=\"wp-caption alignnone\"><a href=\"https:\/\/d2p6e6u75xmxt8.cloudfront.net\/2\/2023\/08\/Parma-profimedia-0685175310.webp\"><img loading=\"lazy\" decoding=\"async\" class=\"size-full wp-image-193763\" src=\"https:\/\/d2p6e6u75xmxt8.cloudfront.net\/2\/2023\/08\/Parma-profimedia-0685175310.webp\" alt=\"Parma\" width=\"990\" height=\"660\" srcset=\"https:\/\/d2p6e6u75xmxt8.cloudfront.net\/2\/2023\/08\/Parma-profimedia-0685175310.webp 990w, https:\/\/d2p6e6u75xmxt8.cloudfront.net\/2\/2023\/08\/Parma-profimedia-0685175310-300x200.webp 300w, https:\/\/d2p6e6u75xmxt8.cloudfront.net\/2\/2023\/08\/Parma-profimedia-0685175310-768x512.webp 768w, https:\/\/d2p6e6u75xmxt8.cloudfront.net\/2\/2023\/08\/Parma-profimedia-0685175310-400x267.webp 400w, https:\/\/d2p6e6u75xmxt8.cloudfront.net\/2\/2023\/08\/Parma-profimedia-0685175310-272x182.webp 272w\" sizes=\"auto, (max-width: 990px) 100vw, 990px\" \/><\/a><figcaption id=\"caption-attachment-193763\" class=\"wp-caption-text\">An aerial view of the town of Parma. \u00a9 Profimedia<\/figcaption><\/figure>\n<p><strong>Suitable for: Children aged 8 and above<\/strong><\/p>\n<p>Starting from Parma, the birthplace of Parmesan cheese, this relatively flat route takes you to Reggio Emilia, home to the tricolore, the Italian national flag. Along the 30 km journey, you&#8217;ll pedal past lush fields, historic farmhouses, and cheese dairies where you can learn about the cheese-making process. Suitable for children aged 8 and above, this route blends education with enjoyment.<\/p>\n<h2><strong>Ferrara&#8217;s Historic Center Loop (15 km)<\/strong><\/h2>\n<figure id=\"attachment_193761\" aria-describedby=\"caption-attachment-193761\" style=\"width: 990px\" class=\"wp-caption alignnone\"><a href=\"https:\/\/d2p6e6u75xmxt8.cloudfront.net\/2\/2023\/08\/Ferrara-profimedia-0756297051.webp\"><img loading=\"lazy\" decoding=\"async\" class=\"wp-image-193761 size-full\" src=\"https:\/\/d2p6e6u75xmxt8.cloudfront.net\/2\/2023\/08\/Ferrara-profimedia-0756297051.webp\" alt=\"Ferrara\" width=\"990\" height=\"660\" srcset=\"https:\/\/d2p6e6u75xmxt8.cloudfront.net\/2\/2023\/08\/Ferrara-profimedia-0756297051.webp 990w, https:\/\/d2p6e6u75xmxt8.cloudfront.net\/2\/2023\/08\/Ferrara-profimedia-0756297051-300x200.webp 300w, https:\/\/d2p6e6u75xmxt8.cloudfront.net\/2\/2023\/08\/Ferrara-profimedia-0756297051-768x512.webp 768w, https:\/\/d2p6e6u75xmxt8.cloudfront.net\/2\/2023\/08\/Ferrara-profimedia-0756297051-400x267.webp 400w, https:\/\/d2p6e6u75xmxt8.cloudfront.net\/2\/2023\/08\/Ferrara-profimedia-0756297051-272x182.webp 272w\" sizes=\"auto, (max-width: 990px) 100vw, 990px\" \/><\/a><figcaption id=\"caption-attachment-193761\" class=\"wp-caption-text\">Stroll around Ferrara&#8217;s historic center. \u00a9 Profimedia<\/figcaption><\/figure>\n<p><strong>Suitable for: Children aged 6 and above<\/strong><\/p>\n<p>Designated as a <a href=\"https:\/\/whc.unesco.org\/en\/list\/733\/\">UNESCO World Heritage site,<\/a> Ferrara&#8217;s historic center is a pleasure to explore by bike. This 15 km loop takes you through medieval streets, alongside ancient walls, and past majestic palaces. With its flat terrain and numerous attractions like the Estense Castle, it&#8217;s perfect for families with younger kids.<\/p>\n<h2><strong>Ravenna to Cesenatico (40 km)<\/strong><\/h2>\n<figure id=\"attachment_193760\" aria-describedby=\"caption-attachment-193760\" style=\"width: 990px\" class=\"wp-caption alignnone\"><a href=\"https:\/\/d2p6e6u75xmxt8.cloudfront.net\/2\/2023\/08\/Cesenatico-profimedia-0637147756.webp\"><img loading=\"lazy\" decoding=\"async\" class=\"size-full wp-image-193760\" src=\"https:\/\/d2p6e6u75xmxt8.cloudfront.net\/2\/2023\/08\/Cesenatico-profimedia-0637147756.webp\" alt=\"Cesenatico\" width=\"990\" height=\"660\" srcset=\"https:\/\/d2p6e6u75xmxt8.cloudfront.net\/2\/2023\/08\/Cesenatico-profimedia-0637147756.webp 990w, https:\/\/d2p6e6u75xmxt8.cloudfront.net\/2\/2023\/08\/Cesenatico-profimedia-0637147756-300x200.webp 300w, https:\/\/d2p6e6u75xmxt8.cloudfront.net\/2\/2023\/08\/Cesenatico-profimedia-0637147756-768x512.webp 768w, https:\/\/d2p6e6u75xmxt8.cloudfront.net\/2\/2023\/08\/Cesenatico-profimedia-0637147756-400x267.webp 400w, https:\/\/d2p6e6u75xmxt8.cloudfront.net\/2\/2023\/08\/Cesenatico-profimedia-0637147756-272x182.webp 272w\" sizes=\"auto, (max-width: 990px) 100vw, 990px\" \/><\/a><figcaption id=\"caption-attachment-193760\" class=\"wp-caption-text\">Visit the harbour of Cesenatico and enjoy the local seafood. \u00a9 Profimedia<\/figcaption><\/figure>\n<p><strong>Suitable for: Children aged 10 and above<\/strong><\/p>\n<p>From Ravenna, known for its Byzantine mosaics, this coastal route leads you to Cesenatico, a charming maritime town with a canal designed by Leonardo da Vinci. As you ride the 40 km stretch, savor views of the Adriatic Sea, sandy beaches, and pinewoods. Once in Cesenatico, indulge in fresh seafood at a local trattoria.<\/p>\n<h2><strong>Rimini to San Leo (35 km)<\/strong><\/h2>\n<figure id=\"attachment_193759\" aria-describedby=\"caption-attachment-193759\" style=\"width: 990px\" class=\"wp-caption alignnone\"><a href=\"https:\/\/d2p6e6u75xmxt8.cloudfront.net\/2\/2023\/08\/San-Leo-profimedia-0711615600.webp\"><img loading=\"lazy\" decoding=\"async\" class=\"size-full wp-image-193759\" src=\"https:\/\/d2p6e6u75xmxt8.cloudfront.net\/2\/2023\/08\/San-Leo-profimedia-0711615600.webp\" alt=\"San Leo\" width=\"990\" height=\"660\" srcset=\"https:\/\/d2p6e6u75xmxt8.cloudfront.net\/2\/2023\/08\/San-Leo-profimedia-0711615600.webp 990w, https:\/\/d2p6e6u75xmxt8.cloudfront.net\/2\/2023\/08\/San-Leo-profimedia-0711615600-300x200.webp 300w, https:\/\/d2p6e6u75xmxt8.cloudfront.net\/2\/2023\/08\/San-Leo-profimedia-0711615600-768x512.webp 768w, https:\/\/d2p6e6u75xmxt8.cloudfront.net\/2\/2023\/08\/San-Leo-profimedia-0711615600-400x267.webp 400w, https:\/\/d2p6e6u75xmxt8.cloudfront.net\/2\/2023\/08\/San-Leo-profimedia-0711615600-272x182.webp 272w\" sizes=\"auto, (max-width: 990px) 100vw, 990px\" \/><\/a><figcaption id=\"caption-attachment-193759\" class=\"wp-caption-text\">The fortress of San Leo. \u00a9 Profimedia<\/figcaption><\/figure>\n<p><strong>Suitable for: Children aged 12 and above<\/strong><\/p>\n<p>Embarking from the bustling resort town of Rimini, this route delves inland towards the mystical town of San Leo, with its impressive fortress perched on a cliff. As you navigate the 35 km of varied terrain, with its undulating hills and valleys, you&#8217;ll be treated to panoramic views of the Montefeltro area. Due to its challenging sections, it&#8217;s best for families with older children.<\/p>\n<h2><strong>Bonus adventure: Panaro River Bike Path (50 km)<\/strong><\/h2>\n<figure id=\"attachment_193758\" aria-describedby=\"caption-attachment-193758\" style=\"width: 990px\" class=\"wp-caption alignnone\"><a href=\"https:\/\/d2p6e6u75xmxt8.cloudfront.net\/2\/2023\/08\/Panaro-River-profimedia-0653232247.webp\"><img loading=\"lazy\" decoding=\"async\" class=\"size-full wp-image-193758\" src=\"https:\/\/d2p6e6u75xmxt8.cloudfront.net\/2\/2023\/08\/Panaro-River-profimedia-0653232247.webp\" alt=\"Panaro River\" width=\"990\" height=\"660\" srcset=\"https:\/\/d2p6e6u75xmxt8.cloudfront.net\/2\/2023\/08\/Panaro-River-profimedia-0653232247.webp 990w, https:\/\/d2p6e6u75xmxt8.cloudfront.net\/2\/2023\/08\/Panaro-River-profimedia-0653232247-300x200.webp 300w, https:\/\/d2p6e6u75xmxt8.cloudfront.net\/2\/2023\/08\/Panaro-River-profimedia-0653232247-768x512.webp 768w, https:\/\/d2p6e6u75xmxt8.cloudfront.net\/2\/2023\/08\/Panaro-River-profimedia-0653232247-400x267.webp 400w, https:\/\/d2p6e6u75xmxt8.cloudfront.net\/2\/2023\/08\/Panaro-River-profimedia-0653232247-272x182.webp 272w\" sizes=\"auto, (max-width: 990px) 100vw, 990px\" \/><\/a><figcaption id=\"caption-attachment-193758\" class=\"wp-caption-text\">The valley of Panaro River. \u00a9 Profimedia<\/figcaption><\/figure>\n<p><strong>Suitable for: Families with teens<\/strong><\/p>\n<p>For those seeking a longer ride, the Panaro River Bike Path is a delight. Spanning 50 km, it offers a serene journey alongside the river, passing through forests, orchards, and picturesque villages. With well-maintained paths and several rest stops, it&#8217;s a relaxed yet engaging route for families with teenagers.<\/p>\n<p>Emilia-Romagna is a cyclist&#8217;s dream. From its gastronomic delights to its rich history and natural beauty, there&#8217;s something for everyone. Whether you&#8217;re meandering through medieval towns, tasting local produce, or challenging yourself on hilly terrains, it promises a memorable family bonding experience. Always remember to soak in the views, relish the local flavors, and above all \u2013 enjoy the ride!<\/p>\n","protected":false},"excerpt":{"rendered":"<p>Emilia-Romagna, the culinary heart of Italy, offers not only delectable food and wine but also breathtaking landscapes and historical sites. [&hellip;]<\/p>\n","protected":false},"author":99,"featured_media":193764,"comment_status":"closed","ping_status":"open","sticky":false,"template":"","format":"standard","meta":{"footnotes":""},"categories":[333],"tags":[6270,6244,6377],"global-categories":[3366],"class_list":["post-193757","post","type-post","status-publish","format-standard","has-post-thumbnail","hentry","category-family","tag-cycling-in-italy","tag-cycling-vacation","tag-family-cycling-vacation","global-categories-cycling"],"yoast_head":"<!-- This site is optimized with the Yoast SEO Premium plugin v25.3 (Yoast SEO v25.9) - https:\/\/yoast.com\/wordpress\/plugins\/seo\/ -->\n<title>Discovering the Charms of Italy&#039;s Emilia-Romagna On A Bike<\/title>\n<meta name=\"description\" content=\"Emilia-Romagna, the culinary heart of Italy, offers not only delectable food and wine but also breathtaking landscapes and historical sites. For families\" \/>\n<meta name=\"robots\" content=\"index, follow, max-snippet:-1, max-image-preview:large, max-video-preview:-1\" \/>\n<link rel=\"canonical\" href=\"https:\/\/www.welovecycling.com\/wide\/2023\/08\/23\/family-cycling-vacation-discovering-the-charms-of-emilia-romagna\/\" \/>\n<meta property=\"og:locale\" content=\"en_US\" \/>\n<meta property=\"og:type\" content=\"article\" \/>\n<meta property=\"og:title\" content=\"Family Cycling Vacation: Discovering the Charms of Emilia-Romagna\" \/>\n<meta property=\"og:description\" content=\"Emilia-Romagna, the culinary heart of Italy, offers not only delectable food and wine but also breathtaking landscapes and historical sites. For families\" \/>\n<meta property=\"og:url\" content=\"https:\/\/www.welovecycling.com\/wide\/2023\/08\/23\/family-cycling-vacation-discovering-the-charms-of-emilia-romagna\/\" \/>\n<meta property=\"og:site_name\" content=\"\u0160koda We Love Cycling\" \/>\n<meta property=\"article:published_time\" content=\"2023-08-23T13:06:16+00:00\" \/>\n<meta property=\"og:image\" content=\"https:\/\/d2p6e6u75xmxt8.cloudfront.net\/2\/2023\/08\/San-Leo-Emilia-Romagna-profimedia-0768792022-CVR.webp\" \/>\n\t<meta property=\"og:image:width\" content=\"990\" \/>\n\t<meta property=\"og:image:height\" content=\"660\" \/>\n\t<meta property=\"og:image:type\" content=\"image\/webp\" \/>\n<meta name=\"author\" content=\"tereza\" \/>\n<meta name=\"twitter:card\" content=\"summary_large_image\" \/>\n<meta name=\"twitter:label1\" content=\"Written by\" \/>\n\t<meta name=\"twitter:data1\" content=\"We Love Cycling\" \/>\n\t<meta name=\"twitter:label2\" content=\"Est. reading time\" \/>\n\t<meta name=\"twitter:data2\" content=\"4\" \/>\n<script type=\"application\/ld+json\" class=\"yoast-schema-graph\">{\"@context\":\"https:\/\/schema.org\",\"@graph\":[{\"@type\":\"WebPage\",\"@id\":\"https:\/\/www.welovecycling.com\/wide\/2023\/08\/23\/family-cycling-vacation-discovering-the-charms-of-emilia-romagna\/\",\"url\":\"https:\/\/www.welovecycling.com\/wide\/2023\/08\/23\/family-cycling-vacation-discovering-the-charms-of-emilia-romagna\/\",\"name\":\"Discovering the Charms of Italy's Emilia-Romagna On A Bike\",\"isPartOf\":{\"@id\":\"https:\/\/www.welovecycling.com\/wide\/#website\"},\"primaryImageOfPage\":{\"@id\":\"https:\/\/www.welovecycling.com\/wide\/2023\/08\/23\/family-cycling-vacation-discovering-the-charms-of-emilia-romagna\/#primaryimage\"},\"image\":{\"@id\":\"https:\/\/www.welovecycling.com\/wide\/2023\/08\/23\/family-cycling-vacation-discovering-the-charms-of-emilia-romagna\/#primaryimage\"},\"thumbnailUrl\":\"https:\/\/d2p6e6u75xmxt8.cloudfront.net\/2\/2023\/08\/San-Leo-Emilia-Romagna-profimedia-0768792022-CVR.webp\",\"datePublished\":\"2023-08-23T13:06:16+00:00\",\"author\":{\"@id\":\"https:\/\/www.welovecycling.com\/wide\/#\/schema\/person\/50f01ecd18718d2333cf72e823c4f926\"},\"description\":\"Emilia-Romagna, the culinary heart of Italy, offers not only delectable food and wine but also breathtaking landscapes and historical sites. For families\",\"breadcrumb\":{\"@id\":\"https:\/\/www.welovecycling.com\/wide\/2023\/08\/23\/family-cycling-vacation-discovering-the-charms-of-emilia-romagna\/#breadcrumb\"},\"inLanguage\":\"en-US\",\"potentialAction\":[{\"@type\":\"ReadAction\",\"target\":[\"https:\/\/www.welovecycling.com\/wide\/2023\/08\/23\/family-cycling-vacation-discovering-the-charms-of-emilia-romagna\/\"]}]},{\"@type\":\"ImageObject\",\"inLanguage\":\"en-US\",\"@id\":\"https:\/\/www.welovecycling.com\/wide\/2023\/08\/23\/family-cycling-vacation-discovering-the-charms-of-emilia-romagna\/#primaryimage\",\"url\":\"https:\/\/d2p6e6u75xmxt8.cloudfront.net\/2\/2023\/08\/San-Leo-Emilia-Romagna-profimedia-0768792022-CVR.webp\",\"contentUrl\":\"https:\/\/d2p6e6u75xmxt8.cloudfront.net\/2\/2023\/08\/San-Leo-Emilia-Romagna-profimedia-0768792022-CVR.webp\",\"width\":990,\"height\":660,\"caption\":\"San Leo\"},{\"@type\":\"BreadcrumbList\",\"@id\":\"https:\/\/www.welovecycling.com\/wide\/2023\/08\/23\/family-cycling-vacation-discovering-the-charms-of-emilia-romagna\/#breadcrumb\",\"itemListElement\":[{\"@type\":\"ListItem\",\"position\":1,\"name\":\"Home\",\"item\":\"https:\/\/www.welovecycling.com\/wide\/\"},{\"@type\":\"ListItem\",\"position\":2,\"name\":\"Family Cycling Vacation: Discovering the Charms of Emilia-Romagna\"}]},{\"@type\":\"WebSite\",\"@id\":\"https:\/\/www.welovecycling.com\/wide\/#website\",\"url\":\"https:\/\/www.welovecycling.com\/wide\/\",\"name\":\"\u0160koda We Love Cycling\",\"description\":\"\u0160koda We Love Cycling magazine\",\"alternateName\":\"\u0160koda WLC\",\"potentialAction\":[{\"@type\":\"SearchAction\",\"target\":{\"@type\":\"EntryPoint\",\"urlTemplate\":\"https:\/\/www.welovecycling.com\/wide\/?s={search_term_string}\"},\"query-input\":{\"@type\":\"PropertyValueSpecification\",\"valueRequired\":true,\"valueName\":\"search_term_string\"}}],\"inLanguage\":\"en-US\"},{\"@type\":\"Person\",\"@id\":\"https:\/\/www.welovecycling.com\/wide\/#\/schema\/person\/50f01ecd18718d2333cf72e823c4f926\",\"name\":\"tereza\",\"image\":{\"@type\":\"ImageObject\",\"inLanguage\":\"en-US\",\"@id\":\"https:\/\/www.welovecycling.com\/wide\/#\/schema\/person\/image\/\",\"url\":\"https:\/\/secure.gravatar.com\/avatar\/1f9eb71be33845f0afabce3791bc1c58ecdb0a25c62964987e5dbcf7a20d2ec7?s=96&d=mm&r=g\",\"contentUrl\":\"https:\/\/secure.gravatar.com\/avatar\/1f9eb71be33845f0afabce3791bc1c58ecdb0a25c62964987e5dbcf7a20d2ec7?s=96&d=mm&r=g\",\"caption\":\"tereza\"},\"url\":\"https:\/\/www.welovecycling.com\/wide\/author\/tereza\/\"}]}<\/script>\n<!-- \/ Yoast SEO Premium plugin. -->","yoast_head_json":{"title":"Discovering the Charms of Italy's Emilia-Romagna On A Bike","description":"Emilia-Romagna, the culinary heart of Italy, offers not only delectable food and wine but also breathtaking landscapes and historical sites. For families","robots":{"index":"index","follow":"follow","max-snippet":"max-snippet:-1","max-image-preview":"max-image-preview:large","max-video-preview":"max-video-preview:-1"},"canonical":"https:\/\/www.welovecycling.com\/wide\/2023\/08\/23\/family-cycling-vacation-discovering-the-charms-of-emilia-romagna\/","og_locale":"en_US","og_type":"article","og_title":"Family Cycling Vacation: Discovering the Charms of Emilia-Romagna","og_description":"Emilia-Romagna, the culinary heart of Italy, offers not only delectable food and wine but also breathtaking landscapes and historical sites. For families","og_url":"https:\/\/www.welovecycling.com\/wide\/2023\/08\/23\/family-cycling-vacation-discovering-the-charms-of-emilia-romagna\/","og_site_name":"\u0160koda We Love Cycling","article_published_time":"2023-08-23T13:06:16+00:00","og_image":[{"width":990,"height":660,"url":"https:\/\/d2p6e6u75xmxt8.cloudfront.net\/2\/2023\/08\/San-Leo-Emilia-Romagna-profimedia-0768792022-CVR.webp","type":"image\/webp"}],"author":"tereza","twitter_card":"summary_large_image","twitter_misc":{"Written by":"We Love Cycling","Est. reading time":"4"},"schema":{"@context":"https:\/\/schema.org","@graph":[{"@type":"WebPage","@id":"https:\/\/www.welovecycling.com\/wide\/2023\/08\/23\/family-cycling-vacation-discovering-the-charms-of-emilia-romagna\/","url":"https:\/\/www.welovecycling.com\/wide\/2023\/08\/23\/family-cycling-vacation-discovering-the-charms-of-emilia-romagna\/","name":"Discovering the Charms of Italy's Emilia-Romagna On A Bike","isPartOf":{"@id":"https:\/\/www.welovecycling.com\/wide\/#website"},"primaryImageOfPage":{"@id":"https:\/\/www.welovecycling.com\/wide\/2023\/08\/23\/family-cycling-vacation-discovering-the-charms-of-emilia-romagna\/#primaryimage"},"image":{"@id":"https:\/\/www.welovecycling.com\/wide\/2023\/08\/23\/family-cycling-vacation-discovering-the-charms-of-emilia-romagna\/#primaryimage"},"thumbnailUrl":"https:\/\/d2p6e6u75xmxt8.cloudfront.net\/2\/2023\/08\/San-Leo-Emilia-Romagna-profimedia-0768792022-CVR.webp","datePublished":"2023-08-23T13:06:16+00:00","author":{"@id":"https:\/\/www.welovecycling.com\/wide\/#\/schema\/person\/50f01ecd18718d2333cf72e823c4f926"},"description":"Emilia-Romagna, the culinary heart of Italy, offers not only delectable food and wine but also breathtaking landscapes and historical sites. For families","breadcrumb":{"@id":"https:\/\/www.welovecycling.com\/wide\/2023\/08\/23\/family-cycling-vacation-discovering-the-charms-of-emilia-romagna\/#breadcrumb"},"inLanguage":"en-US","potentialAction":[{"@type":"ReadAction","target":["https:\/\/www.welovecycling.com\/wide\/2023\/08\/23\/family-cycling-vacation-discovering-the-charms-of-emilia-romagna\/"]}]},{"@type":"ImageObject","inLanguage":"en-US","@id":"https:\/\/www.welovecycling.com\/wide\/2023\/08\/23\/family-cycling-vacation-discovering-the-charms-of-emilia-romagna\/#primaryimage","url":"https:\/\/d2p6e6u75xmxt8.cloudfront.net\/2\/2023\/08\/San-Leo-Emilia-Romagna-profimedia-0768792022-CVR.webp","contentUrl":"https:\/\/d2p6e6u75xmxt8.cloudfront.net\/2\/2023\/08\/San-Leo-Emilia-Romagna-profimedia-0768792022-CVR.webp","width":990,"height":660,"caption":"San Leo"},{"@type":"BreadcrumbList","@id":"https:\/\/www.welovecycling.com\/wide\/2023\/08\/23\/family-cycling-vacation-discovering-the-charms-of-emilia-romagna\/#breadcrumb","itemListElement":[{"@type":"ListItem","position":1,"name":"Home","item":"https:\/\/www.welovecycling.com\/wide\/"},{"@type":"ListItem","position":2,"name":"Family Cycling Vacation: Discovering the Charms of Emilia-Romagna"}]},{"@type":"WebSite","@id":"https:\/\/www.welovecycling.com\/wide\/#website","url":"https:\/\/www.welovecycling.com\/wide\/","name":"\u0160koda We Love Cycling","description":"\u0160koda We Love Cycling magazine","alternateName":"\u0160koda WLC","potentialAction":[{"@type":"SearchAction","target":{"@type":"EntryPoint","urlTemplate":"https:\/\/www.welovecycling.com\/wide\/?s={search_term_string}"},"query-input":{"@type":"PropertyValueSpecification","valueRequired":true,"valueName":"search_term_string"}}],"inLanguage":"en-US"},{"@type":"Person","@id":"https:\/\/www.welovecycling.com\/wide\/#\/schema\/person\/50f01ecd18718d2333cf72e823c4f926","name":"tereza","image":{"@type":"ImageObject","inLanguage":"en-US","@id":"https:\/\/www.welovecycling.com\/wide\/#\/schema\/person\/image\/","url":"https:\/\/secure.gravatar.com\/avatar\/1f9eb71be33845f0afabce3791bc1c58ecdb0a25c62964987e5dbcf7a20d2ec7?s=96&d=mm&r=g","contentUrl":"https:\/\/secure.gravatar.com\/avatar\/1f9eb71be33845f0afabce3791bc1c58ecdb0a25c62964987e5dbcf7a20d2ec7?s=96&d=mm&r=g","caption":"tereza"},"url":"https:\/\/www.welovecycling.com\/wide\/author\/tereza\/"}]}},"_links":{"self":[{"href":"https:\/\/www.welovecycling.com\/wide\/wp-json\/wp\/v2\/posts\/193757","targetHints":{"allow":["GET"]}}],"collection":[{"href":"https:\/\/www.welovecycling.com\/wide\/wp-json\/wp\/v2\/posts"}],"about":[{"href":"https:\/\/www.welovecycling.com\/wide\/wp-json\/wp\/v2\/types\/post"}],"author":[{"embeddable":true,"href":"https:\/\/www.welovecycling.com\/wide\/wp-json\/wp\/v2\/users\/99"}],"replies":[{"embeddable":true,"href":"https:\/\/www.welovecycling.com\/wide\/wp-json\/wp\/v2\/comments?post=193757"}],"version-history":[{"count":2,"href":"https:\/\/www.welovecycling.com\/wide\/wp-json\/wp\/v2\/posts\/193757\/revisions"}],"predecessor-version":[{"id":193766,"href":"https:\/\/www.welovecycling.com\/wide\/wp-json\/wp\/v2\/posts\/193757\/revisions\/193766"}],"wp:featuredmedia":[{"embeddable":true,"href":"https:\/\/www.welovecycling.com\/wide\/wp-json\/wp\/v2\/media\/193764"}],"wp:attachment":[{"href":"https:\/\/www.welovecycling.com\/wide\/wp-json\/wp\/v2\/media?parent=193757"}],"wp:term":[{"taxonomy":"category","embeddable":true,"href":"https:\/\/www.welovecycling.com\/wide\/wp-json\/wp\/v2\/categories?post=193757"},{"taxonomy":"post_tag","embeddable":true,"href":"https:\/\/www.welovecycling.com\/wide\/wp-json\/wp\/v2\/tags?post=193757"},{"taxonomy":"global-categories","embeddable":true,"href":"https:\/\/www.welovecycling.com\/wide\/wp-json\/wp\/v2\/global-categories?post=193757"}],"curies":[{"name":"wp","href":"https:\/\/api.w.org\/{rel}","templated":true}]}}