{"id":193644,"date":"2023-08-09T09:50:40","date_gmt":"2023-08-09T09:50:40","guid":{"rendered":"https:\/\/www.welovecycling.com\/wide\/?p=193644"},"modified":"2023-08-09T09:50:40","modified_gmt":"2023-08-09T09:50:40","slug":"switzerland-defends-world-championship-title-in-mixed-relay-team-time-trial","status":"publish","type":"post","link":"https:\/\/www.welovecycling.com\/wide\/2023\/08\/09\/switzerland-defends-world-championship-title-in-mixed-relay-team-time-trial\/","title":{"rendered":"Switzerland Defends World Championship Title in Mixed Relay Team Time Trial"},"content":{"rendered":"<p><strong>Stefan K\u00fcng praises the Swiss Federation as the national team makes history while Reusser recovers from a crash to help secure the win.<\/strong><\/p>\n<p><!--more--><\/p>\n<p>Switzerland&#8217;s dynamic time trial squad, including the likes of Marlen Reusser, Stefan Bissegger and Stefan K\u00fcng, made history by winning the mixed relay team time trial at the<a href=\"https:\/\/www.uci.org\/competition-hub\/2023-uci-road-world-championships\/1c1p9kMnZzt5wloOlphxRg\"> UCI Road World Championships<\/a> for the second consecutive year, despite a mid-race crash by Reusser.<\/p>\n<p>K\u00fcng, Bissegger and Mauro Schmid set the pace with a stellar first lap in Glasgow&#8217;s city-centre circuit, giving their female counterparts a 19-second edge over Italy. However, the race wasn&#8217;t without drama as Reusser slid out on a corner while sandwiched between teammates Elise Chabbey and Nicole Koller. Quick to recover, the 31-year-old helped lead Switzerland to a seven-second victory over France.<\/p>\n<p>Reusser humorously remarked that her fall was \u201cnot the strategy,\u201d and she praised the male team members for giving the women a head start. \u201cWe are very happy that the men always put us in such a nice time. They give us some time to do stupid things maybe [joke], so it&#8217;s very nice and thank you, guys,\u201d she said.<\/p>\n<figure id=\"attachment_193646\" aria-describedby=\"caption-attachment-193646\" style=\"width: 1250px\" class=\"wp-caption alignnone\"><a href=\"https:\/\/d2p6e6u75xmxt8.cloudfront.net\/2\/2023\/08\/Kung-Reusser-profimedia-0795356854.webp\"><img loading=\"lazy\" decoding=\"async\" class=\"wp-image-193646 size-full\" src=\"https:\/\/d2p6e6u75xmxt8.cloudfront.net\/2\/2023\/08\/Kung-Reusser-profimedia-0795356854.webp\" alt=\"Stefan K\u00fcng and Marlen Reusser\" width=\"1250\" height=\"834\" srcset=\"https:\/\/d2p6e6u75xmxt8.cloudfront.net\/2\/2023\/08\/Kung-Reusser-profimedia-0795356854.webp 1250w, https:\/\/d2p6e6u75xmxt8.cloudfront.net\/2\/2023\/08\/Kung-Reusser-profimedia-0795356854-300x200.webp 300w, https:\/\/d2p6e6u75xmxt8.cloudfront.net\/2\/2023\/08\/Kung-Reusser-profimedia-0795356854-1024x683.webp 1024w, https:\/\/d2p6e6u75xmxt8.cloudfront.net\/2\/2023\/08\/Kung-Reusser-profimedia-0795356854-768x512.webp 768w, https:\/\/d2p6e6u75xmxt8.cloudfront.net\/2\/2023\/08\/Kung-Reusser-profimedia-0795356854-400x267.webp 400w, https:\/\/d2p6e6u75xmxt8.cloudfront.net\/2\/2023\/08\/Kung-Reusser-profimedia-0795356854-272x182.webp 272w\" sizes=\"auto, (max-width: 1250px) 100vw, 1250px\" \/><\/a><figcaption id=\"caption-attachment-193646\" class=\"wp-caption-text\">Stefan K\u00fcng and Marlen Reusser of Switzerland. \u00a9 Profimedia<\/figcaption><\/figure>\n<p>K\u00fcng, who finished fifth at the elite men&#8217;s road race on Sunday, explained how trust played a critical role in navigating the course&#8217;s 60 corners and numerous hills. He also highlighted that Bissegger&#8217;s strong lead-out into the final climb was vital to the win. \u201cI think the whole strategy worked out really well,\u201d he said.<\/p>\n<p>The Swiss victory, by a more significant margin than last year&#8217;s three-second triumph over Italy, served as a thank-you to the national federation for their continual support. Unlike other countries, Switzerland fielded a full-strength time trial squad, emphasizing how important the competition was to them.<\/p>\n<p>\u201cIt&#8217;s the only real team event of the World Championships and, in the end, when you step on the podium, you step on it together,\u201d K\u00fcng stated, expressing gratitude for the hard work of the entire federation and staff in Scotland.<\/p>\n<p>The focus for K\u00fcng, Reusser, and Bissegger now shifts to the upcoming time trials on Thursday and Friday in Stirling. The courses, with fewer corners and a cobbled uphill rise to Stirling Castle, pose a different challenge. Reusser will need to recover from her crash while K\u00fcng is prepared, having gained insights from previous races.<\/p>\n<p>\u201cIt&#8217;s a course where you hardly ever go out of the TT bars. I knew it beforehand, I trained for it, so it means another chance to fight for the rainbow on Friday. My condition is really well after the Tour and I raced on Sunday and today, so I&#8217;ll try to keep this momentum going into Friday,\u201d K\u00fcng concluded.<\/p>\n","protected":false},"excerpt":{"rendered":"<p>Stefan K\u00fcng praises the Swiss Federation as the national team makes history while Reusser recovers from a crash to help [&hellip;]<\/p>\n","protected":false},"author":99,"featured_media":193645,"comment_status":"closed","ping_status":"open","sticky":false,"template":"","format":"standard","meta":{"footnotes":""},"categories":[329],"tags":[7308,5518,5363,2059],"global-categories":[3366],"class_list":["post-193644","post","type-post","status-publish","format-standard","has-post-thumbnail","hentry","category-road-cycling","tag-2023-uci-cycling-world-championships","tag-marlen-reusser","tag-stefan-bissegger","tag-stefan-kung","global-categories-cycling"],"yoast_head":"<!-- This site is optimized with the Yoast SEO Premium plugin v25.3 (Yoast SEO v25.9) - https:\/\/yoast.com\/wordpress\/plugins\/seo\/ -->\n<title>Switzerland Defends World Championship - We Love Cycling<\/title>\n<meta name=\"description\" content=\"Stefan K\u00fcng praises the Swiss Federation as the national team makes history while Reusser recovers from a crash to help secure the win. Switzerland&#039;s\" \/>\n<meta name=\"robots\" content=\"index, follow, max-snippet:-1, max-image-preview:large, max-video-preview:-1\" \/>\n<link rel=\"canonical\" href=\"https:\/\/www.welovecycling.com\/wide\/2023\/08\/09\/switzerland-defends-world-championship-title-in-mixed-relay-team-time-trial\/\" \/>\n<meta property=\"og:locale\" content=\"en_US\" \/>\n<meta property=\"og:type\" content=\"article\" \/>\n<meta property=\"og:title\" content=\"Switzerland Defends World Championship Title in Mixed Relay Team Time Trial\" \/>\n<meta property=\"og:description\" content=\"Stefan K\u00fcng praises the Swiss Federation as the national team makes history while Reusser recovers from a crash to help secure the win. Switzerland&#039;s\" \/>\n<meta property=\"og:url\" content=\"https:\/\/www.welovecycling.com\/wide\/2023\/08\/09\/switzerland-defends-world-championship-title-in-mixed-relay-team-time-trial\/\" \/>\n<meta property=\"og:site_name\" content=\"\u0160koda We Love Cycling\" \/>\n<meta property=\"article:published_time\" content=\"2023-08-09T09:50:40+00:00\" \/>\n<meta property=\"og:image\" content=\"https:\/\/d2p6e6u75xmxt8.cloudfront.net\/2\/2023\/08\/Stefan-Kung-profimedia-0795355513-CVR.webp\" \/>\n\t<meta property=\"og:image:width\" content=\"990\" \/>\n\t<meta property=\"og:image:height\" content=\"660\" \/>\n\t<meta property=\"og:image:type\" content=\"image\/webp\" \/>\n<meta name=\"author\" content=\"tereza\" \/>\n<meta name=\"twitter:card\" content=\"summary_large_image\" \/>\n<meta name=\"twitter:label1\" content=\"Written by\" \/>\n\t<meta name=\"twitter:data1\" content=\"Monica Buck\" \/>\n\t<meta name=\"twitter:label2\" content=\"Est. reading time\" \/>\n\t<meta name=\"twitter:data2\" content=\"3\" \/>\n<script type=\"application\/ld+json\" class=\"yoast-schema-graph\">{\"@context\":\"https:\/\/schema.org\",\"@graph\":[{\"@type\":\"WebPage\",\"@id\":\"https:\/\/www.welovecycling.com\/wide\/2023\/08\/09\/switzerland-defends-world-championship-title-in-mixed-relay-team-time-trial\/\",\"url\":\"https:\/\/www.welovecycling.com\/wide\/2023\/08\/09\/switzerland-defends-world-championship-title-in-mixed-relay-team-time-trial\/\",\"name\":\"Switzerland Defends World Championship - We Love Cycling\",\"isPartOf\":{\"@id\":\"https:\/\/www.welovecycling.com\/wide\/#website\"},\"primaryImageOfPage\":{\"@id\":\"https:\/\/www.welovecycling.com\/wide\/2023\/08\/09\/switzerland-defends-world-championship-title-in-mixed-relay-team-time-trial\/#primaryimage\"},\"image\":{\"@id\":\"https:\/\/www.welovecycling.com\/wide\/2023\/08\/09\/switzerland-defends-world-championship-title-in-mixed-relay-team-time-trial\/#primaryimage\"},\"thumbnailUrl\":\"https:\/\/d2p6e6u75xmxt8.cloudfront.net\/2\/2023\/08\/Stefan-Kung-profimedia-0795355513-CVR.webp\",\"datePublished\":\"2023-08-09T09:50:40+00:00\",\"author\":{\"@id\":\"https:\/\/www.welovecycling.com\/wide\/#\/schema\/person\/50f01ecd18718d2333cf72e823c4f926\"},\"description\":\"Stefan K\u00fcng praises the Swiss Federation as the national team makes history while Reusser recovers from a crash to help secure the win. Switzerland's\",\"breadcrumb\":{\"@id\":\"https:\/\/www.welovecycling.com\/wide\/2023\/08\/09\/switzerland-defends-world-championship-title-in-mixed-relay-team-time-trial\/#breadcrumb\"},\"inLanguage\":\"en-US\",\"potentialAction\":[{\"@type\":\"ReadAction\",\"target\":[\"https:\/\/www.welovecycling.com\/wide\/2023\/08\/09\/switzerland-defends-world-championship-title-in-mixed-relay-team-time-trial\/\"]}]},{\"@type\":\"ImageObject\",\"inLanguage\":\"en-US\",\"@id\":\"https:\/\/www.welovecycling.com\/wide\/2023\/08\/09\/switzerland-defends-world-championship-title-in-mixed-relay-team-time-trial\/#primaryimage\",\"url\":\"https:\/\/d2p6e6u75xmxt8.cloudfront.net\/2\/2023\/08\/Stefan-Kung-profimedia-0795355513-CVR.webp\",\"contentUrl\":\"https:\/\/d2p6e6u75xmxt8.cloudfront.net\/2\/2023\/08\/Stefan-Kung-profimedia-0795355513-CVR.webp\",\"width\":990,\"height\":660,\"caption\":\"Stefan K\u00fcng\"},{\"@type\":\"BreadcrumbList\",\"@id\":\"https:\/\/www.welovecycling.com\/wide\/2023\/08\/09\/switzerland-defends-world-championship-title-in-mixed-relay-team-time-trial\/#breadcrumb\",\"itemListElement\":[{\"@type\":\"ListItem\",\"position\":1,\"name\":\"Home\",\"item\":\"https:\/\/www.welovecycling.com\/wide\/\"},{\"@type\":\"ListItem\",\"position\":2,\"name\":\"Switzerland Defends World Championship Title in Mixed Relay Team Time Trial\"}]},{\"@type\":\"WebSite\",\"@id\":\"https:\/\/www.welovecycling.com\/wide\/#website\",\"url\":\"https:\/\/www.welovecycling.com\/wide\/\",\"name\":\"\u0160koda We Love Cycling\",\"description\":\"\u0160koda We Love Cycling magazine\",\"alternateName\":\"\u0160koda WLC\",\"potentialAction\":[{\"@type\":\"SearchAction\",\"target\":{\"@type\":\"EntryPoint\",\"urlTemplate\":\"https:\/\/www.welovecycling.com\/wide\/?s={search_term_string}\"},\"query-input\":{\"@type\":\"PropertyValueSpecification\",\"valueRequired\":true,\"valueName\":\"search_term_string\"}}],\"inLanguage\":\"en-US\"},{\"@type\":\"Person\",\"@id\":\"https:\/\/www.welovecycling.com\/wide\/#\/schema\/person\/50f01ecd18718d2333cf72e823c4f926\",\"name\":\"tereza\",\"image\":{\"@type\":\"ImageObject\",\"inLanguage\":\"en-US\",\"@id\":\"https:\/\/www.welovecycling.com\/wide\/#\/schema\/person\/image\/\",\"url\":\"https:\/\/secure.gravatar.com\/avatar\/1f9eb71be33845f0afabce3791bc1c58ecdb0a25c62964987e5dbcf7a20d2ec7?s=96&d=mm&r=g\",\"contentUrl\":\"https:\/\/secure.gravatar.com\/avatar\/1f9eb71be33845f0afabce3791bc1c58ecdb0a25c62964987e5dbcf7a20d2ec7?s=96&d=mm&r=g\",\"caption\":\"tereza\"},\"url\":\"https:\/\/www.welovecycling.com\/wide\/author\/tereza\/\"}]}<\/script>\n<!-- \/ Yoast SEO Premium plugin. -->","yoast_head_json":{"title":"Switzerland Defends World Championship - We Love Cycling","description":"Stefan K\u00fcng praises the Swiss Federation as the national team makes history while Reusser recovers from a crash to help secure the win. Switzerland's","robots":{"index":"index","follow":"follow","max-snippet":"max-snippet:-1","max-image-preview":"max-image-preview:large","max-video-preview":"max-video-preview:-1"},"canonical":"https:\/\/www.welovecycling.com\/wide\/2023\/08\/09\/switzerland-defends-world-championship-title-in-mixed-relay-team-time-trial\/","og_locale":"en_US","og_type":"article","og_title":"Switzerland Defends World Championship Title in Mixed Relay Team Time Trial","og_description":"Stefan K\u00fcng praises the Swiss Federation as the national team makes history while Reusser recovers from a crash to help secure the win. Switzerland's","og_url":"https:\/\/www.welovecycling.com\/wide\/2023\/08\/09\/switzerland-defends-world-championship-title-in-mixed-relay-team-time-trial\/","og_site_name":"\u0160koda We Love Cycling","article_published_time":"2023-08-09T09:50:40+00:00","og_image":[{"width":990,"height":660,"url":"https:\/\/d2p6e6u75xmxt8.cloudfront.net\/2\/2023\/08\/Stefan-Kung-profimedia-0795355513-CVR.webp","type":"image\/webp"}],"author":"tereza","twitter_card":"summary_large_image","twitter_misc":{"Written by":"Monica Buck","Est. reading time":"3"},"schema":{"@context":"https:\/\/schema.org","@graph":[{"@type":"WebPage","@id":"https:\/\/www.welovecycling.com\/wide\/2023\/08\/09\/switzerland-defends-world-championship-title-in-mixed-relay-team-time-trial\/","url":"https:\/\/www.welovecycling.com\/wide\/2023\/08\/09\/switzerland-defends-world-championship-title-in-mixed-relay-team-time-trial\/","name":"Switzerland Defends World Championship - We Love Cycling","isPartOf":{"@id":"https:\/\/www.welovecycling.com\/wide\/#website"},"primaryImageOfPage":{"@id":"https:\/\/www.welovecycling.com\/wide\/2023\/08\/09\/switzerland-defends-world-championship-title-in-mixed-relay-team-time-trial\/#primaryimage"},"image":{"@id":"https:\/\/www.welovecycling.com\/wide\/2023\/08\/09\/switzerland-defends-world-championship-title-in-mixed-relay-team-time-trial\/#primaryimage"},"thumbnailUrl":"https:\/\/d2p6e6u75xmxt8.cloudfront.net\/2\/2023\/08\/Stefan-Kung-profimedia-0795355513-CVR.webp","datePublished":"2023-08-09T09:50:40+00:00","author":{"@id":"https:\/\/www.welovecycling.com\/wide\/#\/schema\/person\/50f01ecd18718d2333cf72e823c4f926"},"description":"Stefan K\u00fcng praises the Swiss Federation as the national team makes history while Reusser recovers from a crash to help secure the win. Switzerland's","breadcrumb":{"@id":"https:\/\/www.welovecycling.com\/wide\/2023\/08\/09\/switzerland-defends-world-championship-title-in-mixed-relay-team-time-trial\/#breadcrumb"},"inLanguage":"en-US","potentialAction":[{"@type":"ReadAction","target":["https:\/\/www.welovecycling.com\/wide\/2023\/08\/09\/switzerland-defends-world-championship-title-in-mixed-relay-team-time-trial\/"]}]},{"@type":"ImageObject","inLanguage":"en-US","@id":"https:\/\/www.welovecycling.com\/wide\/2023\/08\/09\/switzerland-defends-world-championship-title-in-mixed-relay-team-time-trial\/#primaryimage","url":"https:\/\/d2p6e6u75xmxt8.cloudfront.net\/2\/2023\/08\/Stefan-Kung-profimedia-0795355513-CVR.webp","contentUrl":"https:\/\/d2p6e6u75xmxt8.cloudfront.net\/2\/2023\/08\/Stefan-Kung-profimedia-0795355513-CVR.webp","width":990,"height":660,"caption":"Stefan K\u00fcng"},{"@type":"BreadcrumbList","@id":"https:\/\/www.welovecycling.com\/wide\/2023\/08\/09\/switzerland-defends-world-championship-title-in-mixed-relay-team-time-trial\/#breadcrumb","itemListElement":[{"@type":"ListItem","position":1,"name":"Home","item":"https:\/\/www.welovecycling.com\/wide\/"},{"@type":"ListItem","position":2,"name":"Switzerland Defends World Championship Title in Mixed Relay Team Time Trial"}]},{"@type":"WebSite","@id":"https:\/\/www.welovecycling.com\/wide\/#website","url":"https:\/\/www.welovecycling.com\/wide\/","name":"\u0160koda We Love Cycling","description":"\u0160koda We Love Cycling magazine","alternateName":"\u0160koda WLC","potentialAction":[{"@type":"SearchAction","target":{"@type":"EntryPoint","urlTemplate":"https:\/\/www.welovecycling.com\/wide\/?s={search_term_string}"},"query-input":{"@type":"PropertyValueSpecification","valueRequired":true,"valueName":"search_term_string"}}],"inLanguage":"en-US"},{"@type":"Person","@id":"https:\/\/www.welovecycling.com\/wide\/#\/schema\/person\/50f01ecd18718d2333cf72e823c4f926","name":"tereza","image":{"@type":"ImageObject","inLanguage":"en-US","@id":"https:\/\/www.welovecycling.com\/wide\/#\/schema\/person\/image\/","url":"https:\/\/secure.gravatar.com\/avatar\/1f9eb71be33845f0afabce3791bc1c58ecdb0a25c62964987e5dbcf7a20d2ec7?s=96&d=mm&r=g","contentUrl":"https:\/\/secure.gravatar.com\/avatar\/1f9eb71be33845f0afabce3791bc1c58ecdb0a25c62964987e5dbcf7a20d2ec7?s=96&d=mm&r=g","caption":"tereza"},"url":"https:\/\/www.welovecycling.com\/wide\/author\/tereza\/"}]}},"_links":{"self":[{"href":"https:\/\/www.welovecycling.com\/wide\/wp-json\/wp\/v2\/posts\/193644","targetHints":{"allow":["GET"]}}],"collection":[{"href":"https:\/\/www.welovecycling.com\/wide\/wp-json\/wp\/v2\/posts"}],"about":[{"href":"https:\/\/www.welovecycling.com\/wide\/wp-json\/wp\/v2\/types\/post"}],"author":[{"embeddable":true,"href":"https:\/\/www.welovecycling.com\/wide\/wp-json\/wp\/v2\/users\/99"}],"replies":[{"embeddable":true,"href":"https:\/\/www.welovecycling.com\/wide\/wp-json\/wp\/v2\/comments?post=193644"}],"version-history":[{"count":1,"href":"https:\/\/www.welovecycling.com\/wide\/wp-json\/wp\/v2\/posts\/193644\/revisions"}],"predecessor-version":[{"id":193647,"href":"https:\/\/www.welovecycling.com\/wide\/wp-json\/wp\/v2\/posts\/193644\/revisions\/193647"}],"wp:featuredmedia":[{"embeddable":true,"href":"https:\/\/www.welovecycling.com\/wide\/wp-json\/wp\/v2\/media\/193645"}],"wp:attachment":[{"href":"https:\/\/www.welovecycling.com\/wide\/wp-json\/wp\/v2\/media?parent=193644"}],"wp:term":[{"taxonomy":"category","embeddable":true,"href":"https:\/\/www.welovecycling.com\/wide\/wp-json\/wp\/v2\/categories?post=193644"},{"taxonomy":"post_tag","embeddable":true,"href":"https:\/\/www.welovecycling.com\/wide\/wp-json\/wp\/v2\/tags?post=193644"},{"taxonomy":"global-categories","embeddable":true,"href":"https:\/\/www.welovecycling.com\/wide\/wp-json\/wp\/v2\/global-categories?post=193644"}],"curies":[{"name":"wp","href":"https:\/\/api.w.org\/{rel}","templated":true}]}}