{"id":193588,"date":"2023-08-02T09:37:44","date_gmt":"2023-08-02T09:37:44","guid":{"rendered":"https:\/\/www.welovecycling.com\/wide\/?p=193588"},"modified":"2023-08-02T09:37:44","modified_gmt":"2023-08-02T09:37:44","slug":"a-menu-of-cant-miss-treats-at-the-uci-cycling-world-championships","status":"publish","type":"post","link":"https:\/\/www.welovecycling.com\/wide\/2023\/08\/02\/a-menu-of-cant-miss-treats-at-the-uci-cycling-world-championships\/","title":{"rendered":"A Menu of Can\u2019t-Miss Treats at the UCI Cycling World Championships"},"content":{"rendered":"<p><strong>The 2023 UCI Cycling World Championships kick off on August 3 in Glasgow and offer eleven days of don\u2019t-you-dare-miss events across seven disciplines showcasing the best bike riders on the globe.<\/strong><!--more--><\/p>\n<p>One of the highlights will certainly be the elite men\u2019s road race, which will be held on August 6. The course from Edinburgh to Glasgow is very lumpy, with a total elevation of 3,570 m over its 271.1 km distance. The race ends with ten 14.3 km laps, including a 200-metre climb with an average slope of 13.9%, in the Scottish capital. The route should suit the leading Classics riders. Fortunately, the four best male one-day racers in the world \u2013 Tadej Poga\u010dar (Slovenia), Mathieu van der Poel (Netherlands), Wout van Aert and defending world road race champion Remco Evenepoel (both Belgium) \u2013 are all scheduled to start, so it should be a cracking race featuring early breakaways and late head-to-head confrontations. Imagine all four of these riders racing towards the finish line with less than 1 km to go. It gives me goosebumps just thinking about it.<\/p>\n<p>The elite women\u2019s road race should be just as exciting, as the riders who recently made the Tour de France Femmes with Zwift (TdFF) an eight-day feast of non-stop excitement will all line up on August 13. TdFF GC winner Demi Vollering, retiring legend Annemiek van Vleuten and the great Classics rider Marianne Vos (all the Netherlands) will race against TdFF runner-up and \u0160koda Green Jersey winner Lotte Kopecky (Belgium), European ITT champion Marlen Reusser (Switzerland) and TdFF third and Queen of the Mountains winner Katarzyna Niewiadoma (Poland) in a race that should be tense and exciting until the finish.<\/p>\n<p>The 154.1-km course from Loch Lomond to Glasgow is every bit as lumpy as the men\u2019s and should therefore also favour the hardened Classics riders such as Kopecky and Vos. In 2022, van Vleuten outsprinted Kopecky to the finish line, with Niewiadoma, Germany\u2019s Liane Lippert, Elisa Longo Borghini of Italy and other leading riders all finishing just 1 second behind the winner. This year\u2019s winner could easily come from one of last year\u2019s also-rans.<\/p>\n<p>The women\u2019s Elite ITT course covers 36.2 km, has a steep ramp at the finish and could be a replay of the TdFF time trial, which was narrowly won by Reusser over Vollering. It takes place on August 10, one day before the men race against the clock. The men\u2019s course covers 47.8 km and is flat, with a total elevation of only 352 m. This should be a race for the time-trial specialists, such as last year\u2019s surprise winner Tobias Foss (Norway) and last year\u2019s runner-up Stefan K\u00fcng. And don\u2019t be surprised if Evenepoel wins both the road race and the ITT.<\/p>\n<div class=\"embed-controller-wrapper\">\n<blockquote class=\"twitter-tweet\" data-width=\"500\" data-dnt=\"true\">\n<p lang=\"en\" dir=\"ltr\">1 DAY TO GO\u203c\ufe0f<\/p>\n<p>Aye&#8230;you read that right \ud83d\ude4c<\/p>\n<p>There&#39;s only 1 DAY TO GO until the biggest cycling event&#8230;EVER\u203c\ufe0f<a href=\"https:\/\/twitter.com\/hashtag\/GlasgowScotland2023?src=hash&amp;ref_src=twsrc%5Etfw\">#GlasgowScotland2023<\/a> | <a href=\"https:\/\/twitter.com\/hashtag\/PowerOfTheBike?src=hash&amp;ref_src=twsrc%5Etfw\">#PowerOfTheBike<\/a> <a href=\"https:\/\/t.co\/s2490cEjyL\">pic.twitter.com\/s2490cEjyL<\/a><\/p>\n<p>&mdash; 2023 UCI Cycling World Championships (@CyclingWorlds) <a href=\"https:\/\/twitter.com\/CyclingWorlds\/status\/1686649513082060800?ref_src=twsrc%5Etfw\">August 2, 2023<\/a><\/p><\/blockquote>\n<p><script async data-src=\"https:\/\/platform.twitter.com\/widgets.js\" charset=\"utf-8\"><\/script><\/div>\n<p>But the UCI Cycling World Championships consist of far more than road racing, of course. There will be special interest in the men\u2019s MTB Elite Cross-Country Olympic (XCO) race held on August 12 because van der Poel will race in it to try and qualify for the Paris 2024 Olympics. He will start at the back of the field because he has not collected any MTB points during the season, so he will face a daunting task. The Swiss 10-time and defending cross-country world champion Nino Schurter is the logical favourite, even at age 37.<\/p>\n<p>In addition to van der Poel, he will have to contend with the English rider Tom Pidcock who had a disappointing Tour de France but is the defending Olympic and European champion in the event. And the seven-time <a href=\"https:\/\/www.welovecycling.com\/wide\/2020\/09\/08\/the-story-of-the-skoda-green-jersey-and-the-legend-of-peter-sagan\/\" target=\"_blank\" rel=\"noopener\">Tour de France \u0160koda Green Jersey winner Peter Sagan,<\/a> who just rode in his final Tour, will also try to make his mark in the discipline. The XCO races will be held in Glentress Forest, a town located about 110 km south of Glasgow. The course is very demanding and includes several aggressive jumps and rock gardens.<\/p>\n<p>There will also be lots of eyes on the women\u2019s track events because Lotte Kopecky, who apparently can do everything on a bike, will go for a rainbow jersey in the Elimination, Points and Omnium races. However, she will not be defending her 2022 world championship in the Madison because her partner in that event, Shari Bossuyt, tested positive for a banned substance earlier this year. Kopecky has won the Madison world title twice, having also taken victory with a different partner in 2017, the first time the women&#8217;s Madison was run at the world championships. She also happens to be the reigning world champion in the Elimination Race and clearly plans to make a healthy medal haul in Glasgow as well. \u201cI have ambitious goals on the track and the road at the Worlds,\u201d <a href=\"https:\/\/www.cyclingnews.com\/news\/glasgow-worlds-no-madison-defence-for-kopecky-after-partner-bossuyts-positive\/\">she told Cyclingnews.<\/a><\/p>\n<p>Finally, I am very interested in the para-cycling road and track events. The ITT races take place on August 9-10, with the road races held on August 10-11. A team relay will be run on August 13. The para-cycling track events have been integrated into the general track competition programme for the first time and are held on August 3-8. For more detailed information on the entire programme, <a href=\"https:\/\/www.cyclingworldchamps.com\/\">check here. <\/a><\/p>\n","protected":false},"excerpt":{"rendered":"<p>The 2023 UCI Cycling World Championships kick off on August 3 in Glasgow and offer eleven days of don\u2019t-you-dare-miss events [&hellip;]<\/p>\n","protected":false},"author":99,"featured_media":193589,"comment_status":"closed","ping_status":"open","sticky":false,"template":"","format":"standard","meta":{"footnotes":""},"categories":[328,329],"tags":[7308,5724,2933,381,2059,6638],"global-categories":[3366],"class_list":["post-193588","post","type-post","status-publish","format-standard","has-post-thumbnail","hentry","category-outdoor-mountain","category-road-cycling","tag-2023-uci-cycling-world-championships","tag-lotte-kopecky","tag-mathieu-van-der-poel","tag-peter-sagan","tag-stefan-kung","tag-tobias-foss","global-categories-cycling"],"yoast_head":"<!-- This site is optimized with the Yoast SEO Premium plugin v25.3 (Yoast SEO v25.9) - https:\/\/yoast.com\/wordpress\/plugins\/seo\/ -->\n<title>2023 UCI Cycling World Championships: What To Watch<\/title>\n<meta name=\"description\" content=\"The 2023 UCI Cycling World Championships kick off on August 3 in Glasgow and offer eleven days of don\u2019t-you-dare-miss events across seven disciplines\" \/>\n<meta name=\"robots\" content=\"index, follow, max-snippet:-1, max-image-preview:large, max-video-preview:-1\" \/>\n<link rel=\"canonical\" href=\"https:\/\/www.welovecycling.com\/wide\/2023\/08\/02\/a-menu-of-cant-miss-treats-at-the-uci-cycling-world-championships\/\" \/>\n<meta property=\"og:locale\" content=\"en_US\" \/>\n<meta property=\"og:type\" content=\"article\" \/>\n<meta property=\"og:title\" content=\"A Menu of Can\u2019t-Miss Treats at the UCI Cycling World Championships\" \/>\n<meta property=\"og:description\" content=\"The 2023 UCI Cycling World Championships kick off on August 3 in Glasgow and offer eleven days of don\u2019t-you-dare-miss events across seven disciplines\" \/>\n<meta property=\"og:url\" content=\"https:\/\/www.welovecycling.com\/wide\/2023\/08\/02\/a-menu-of-cant-miss-treats-at-the-uci-cycling-world-championships\/\" \/>\n<meta property=\"og:site_name\" content=\"\u0160koda We Love Cycling\" \/>\n<meta property=\"article:published_time\" content=\"2023-08-02T09:37:44+00:00\" \/>\n<meta property=\"og:image\" content=\"https:\/\/d2p6e6u75xmxt8.cloudfront.net\/2\/2023\/08\/UCI-World-Championships-profimedia-0754422027-CVR.webp\" \/>\n\t<meta property=\"og:image:width\" content=\"990\" \/>\n\t<meta property=\"og:image:height\" content=\"660\" \/>\n\t<meta property=\"og:image:type\" content=\"image\/webp\" \/>\n<meta name=\"author\" content=\"tereza\" \/>\n<meta name=\"twitter:card\" content=\"summary_large_image\" \/>\n<meta name=\"twitter:label1\" content=\"Written by\" \/>\n\t<meta name=\"twitter:data1\" content=\"Siegfried Mortkowitz\" \/>\n\t<meta name=\"twitter:label2\" content=\"Est. reading time\" \/>\n\t<meta name=\"twitter:data2\" content=\"5\" \/>\n<script type=\"application\/ld+json\" class=\"yoast-schema-graph\">{\"@context\":\"https:\/\/schema.org\",\"@graph\":[{\"@type\":\"WebPage\",\"@id\":\"https:\/\/www.welovecycling.com\/wide\/2023\/08\/02\/a-menu-of-cant-miss-treats-at-the-uci-cycling-world-championships\/\",\"url\":\"https:\/\/www.welovecycling.com\/wide\/2023\/08\/02\/a-menu-of-cant-miss-treats-at-the-uci-cycling-world-championships\/\",\"name\":\"2023 UCI Cycling World Championships: What To Watch\",\"isPartOf\":{\"@id\":\"https:\/\/www.welovecycling.com\/wide\/#website\"},\"primaryImageOfPage\":{\"@id\":\"https:\/\/www.welovecycling.com\/wide\/2023\/08\/02\/a-menu-of-cant-miss-treats-at-the-uci-cycling-world-championships\/#primaryimage\"},\"image\":{\"@id\":\"https:\/\/www.welovecycling.com\/wide\/2023\/08\/02\/a-menu-of-cant-miss-treats-at-the-uci-cycling-world-championships\/#primaryimage\"},\"thumbnailUrl\":\"https:\/\/d2p6e6u75xmxt8.cloudfront.net\/2\/2023\/08\/UCI-World-Championships-profimedia-0754422027-CVR.webp\",\"datePublished\":\"2023-08-02T09:37:44+00:00\",\"author\":{\"@id\":\"https:\/\/www.welovecycling.com\/wide\/#\/schema\/person\/50f01ecd18718d2333cf72e823c4f926\"},\"description\":\"The 2023 UCI Cycling World Championships kick off on August 3 in Glasgow and offer eleven days of don\u2019t-you-dare-miss events across seven disciplines\",\"breadcrumb\":{\"@id\":\"https:\/\/www.welovecycling.com\/wide\/2023\/08\/02\/a-menu-of-cant-miss-treats-at-the-uci-cycling-world-championships\/#breadcrumb\"},\"inLanguage\":\"en-US\",\"potentialAction\":[{\"@type\":\"ReadAction\",\"target\":[\"https:\/\/www.welovecycling.com\/wide\/2023\/08\/02\/a-menu-of-cant-miss-treats-at-the-uci-cycling-world-championships\/\"]}]},{\"@type\":\"ImageObject\",\"inLanguage\":\"en-US\",\"@id\":\"https:\/\/www.welovecycling.com\/wide\/2023\/08\/02\/a-menu-of-cant-miss-treats-at-the-uci-cycling-world-championships\/#primaryimage\",\"url\":\"https:\/\/d2p6e6u75xmxt8.cloudfront.net\/2\/2023\/08\/UCI-World-Championships-profimedia-0754422027-CVR.webp\",\"contentUrl\":\"https:\/\/d2p6e6u75xmxt8.cloudfront.net\/2\/2023\/08\/UCI-World-Championships-profimedia-0754422027-CVR.webp\",\"width\":990,\"height\":660,\"caption\":\"UCI Cycling World Championships\"},{\"@type\":\"BreadcrumbList\",\"@id\":\"https:\/\/www.welovecycling.com\/wide\/2023\/08\/02\/a-menu-of-cant-miss-treats-at-the-uci-cycling-world-championships\/#breadcrumb\",\"itemListElement\":[{\"@type\":\"ListItem\",\"position\":1,\"name\":\"Home\",\"item\":\"https:\/\/www.welovecycling.com\/wide\/\"},{\"@type\":\"ListItem\",\"position\":2,\"name\":\"A Menu of Can\u2019t-Miss Treats at the UCI Cycling World Championships\"}]},{\"@type\":\"WebSite\",\"@id\":\"https:\/\/www.welovecycling.com\/wide\/#website\",\"url\":\"https:\/\/www.welovecycling.com\/wide\/\",\"name\":\"\u0160koda We Love Cycling\",\"description\":\"\u0160koda We Love Cycling magazine\",\"alternateName\":\"\u0160koda WLC\",\"potentialAction\":[{\"@type\":\"SearchAction\",\"target\":{\"@type\":\"EntryPoint\",\"urlTemplate\":\"https:\/\/www.welovecycling.com\/wide\/?s={search_term_string}\"},\"query-input\":{\"@type\":\"PropertyValueSpecification\",\"valueRequired\":true,\"valueName\":\"search_term_string\"}}],\"inLanguage\":\"en-US\"},{\"@type\":\"Person\",\"@id\":\"https:\/\/www.welovecycling.com\/wide\/#\/schema\/person\/50f01ecd18718d2333cf72e823c4f926\",\"name\":\"tereza\",\"image\":{\"@type\":\"ImageObject\",\"inLanguage\":\"en-US\",\"@id\":\"https:\/\/www.welovecycling.com\/wide\/#\/schema\/person\/image\/\",\"url\":\"https:\/\/secure.gravatar.com\/avatar\/1f9eb71be33845f0afabce3791bc1c58ecdb0a25c62964987e5dbcf7a20d2ec7?s=96&d=mm&r=g\",\"contentUrl\":\"https:\/\/secure.gravatar.com\/avatar\/1f9eb71be33845f0afabce3791bc1c58ecdb0a25c62964987e5dbcf7a20d2ec7?s=96&d=mm&r=g\",\"caption\":\"tereza\"},\"url\":\"https:\/\/www.welovecycling.com\/wide\/author\/tereza\/\"}]}<\/script>\n<!-- \/ Yoast SEO Premium plugin. -->","yoast_head_json":{"title":"2023 UCI Cycling World Championships: What To Watch","description":"The 2023 UCI Cycling World Championships kick off on August 3 in Glasgow and offer eleven days of don\u2019t-you-dare-miss events across seven disciplines","robots":{"index":"index","follow":"follow","max-snippet":"max-snippet:-1","max-image-preview":"max-image-preview:large","max-video-preview":"max-video-preview:-1"},"canonical":"https:\/\/www.welovecycling.com\/wide\/2023\/08\/02\/a-menu-of-cant-miss-treats-at-the-uci-cycling-world-championships\/","og_locale":"en_US","og_type":"article","og_title":"A Menu of Can\u2019t-Miss Treats at the UCI Cycling World Championships","og_description":"The 2023 UCI Cycling World Championships kick off on August 3 in Glasgow and offer eleven days of don\u2019t-you-dare-miss events across seven disciplines","og_url":"https:\/\/www.welovecycling.com\/wide\/2023\/08\/02\/a-menu-of-cant-miss-treats-at-the-uci-cycling-world-championships\/","og_site_name":"\u0160koda We Love Cycling","article_published_time":"2023-08-02T09:37:44+00:00","og_image":[{"width":990,"height":660,"url":"https:\/\/d2p6e6u75xmxt8.cloudfront.net\/2\/2023\/08\/UCI-World-Championships-profimedia-0754422027-CVR.webp","type":"image\/webp"}],"author":"tereza","twitter_card":"summary_large_image","twitter_misc":{"Written by":"Siegfried Mortkowitz","Est. reading time":"5"},"schema":{"@context":"https:\/\/schema.org","@graph":[{"@type":"WebPage","@id":"https:\/\/www.welovecycling.com\/wide\/2023\/08\/02\/a-menu-of-cant-miss-treats-at-the-uci-cycling-world-championships\/","url":"https:\/\/www.welovecycling.com\/wide\/2023\/08\/02\/a-menu-of-cant-miss-treats-at-the-uci-cycling-world-championships\/","name":"2023 UCI Cycling World Championships: What To Watch","isPartOf":{"@id":"https:\/\/www.welovecycling.com\/wide\/#website"},"primaryImageOfPage":{"@id":"https:\/\/www.welovecycling.com\/wide\/2023\/08\/02\/a-menu-of-cant-miss-treats-at-the-uci-cycling-world-championships\/#primaryimage"},"image":{"@id":"https:\/\/www.welovecycling.com\/wide\/2023\/08\/02\/a-menu-of-cant-miss-treats-at-the-uci-cycling-world-championships\/#primaryimage"},"thumbnailUrl":"https:\/\/d2p6e6u75xmxt8.cloudfront.net\/2\/2023\/08\/UCI-World-Championships-profimedia-0754422027-CVR.webp","datePublished":"2023-08-02T09:37:44+00:00","author":{"@id":"https:\/\/www.welovecycling.com\/wide\/#\/schema\/person\/50f01ecd18718d2333cf72e823c4f926"},"description":"The 2023 UCI Cycling World Championships kick off on August 3 in Glasgow and offer eleven days of don\u2019t-you-dare-miss events across seven disciplines","breadcrumb":{"@id":"https:\/\/www.welovecycling.com\/wide\/2023\/08\/02\/a-menu-of-cant-miss-treats-at-the-uci-cycling-world-championships\/#breadcrumb"},"inLanguage":"en-US","potentialAction":[{"@type":"ReadAction","target":["https:\/\/www.welovecycling.com\/wide\/2023\/08\/02\/a-menu-of-cant-miss-treats-at-the-uci-cycling-world-championships\/"]}]},{"@type":"ImageObject","inLanguage":"en-US","@id":"https:\/\/www.welovecycling.com\/wide\/2023\/08\/02\/a-menu-of-cant-miss-treats-at-the-uci-cycling-world-championships\/#primaryimage","url":"https:\/\/d2p6e6u75xmxt8.cloudfront.net\/2\/2023\/08\/UCI-World-Championships-profimedia-0754422027-CVR.webp","contentUrl":"https:\/\/d2p6e6u75xmxt8.cloudfront.net\/2\/2023\/08\/UCI-World-Championships-profimedia-0754422027-CVR.webp","width":990,"height":660,"caption":"UCI Cycling World Championships"},{"@type":"BreadcrumbList","@id":"https:\/\/www.welovecycling.com\/wide\/2023\/08\/02\/a-menu-of-cant-miss-treats-at-the-uci-cycling-world-championships\/#breadcrumb","itemListElement":[{"@type":"ListItem","position":1,"name":"Home","item":"https:\/\/www.welovecycling.com\/wide\/"},{"@type":"ListItem","position":2,"name":"A Menu of Can\u2019t-Miss Treats at the UCI Cycling World Championships"}]},{"@type":"WebSite","@id":"https:\/\/www.welovecycling.com\/wide\/#website","url":"https:\/\/www.welovecycling.com\/wide\/","name":"\u0160koda We Love Cycling","description":"\u0160koda We Love Cycling magazine","alternateName":"\u0160koda WLC","potentialAction":[{"@type":"SearchAction","target":{"@type":"EntryPoint","urlTemplate":"https:\/\/www.welovecycling.com\/wide\/?s={search_term_string}"},"query-input":{"@type":"PropertyValueSpecification","valueRequired":true,"valueName":"search_term_string"}}],"inLanguage":"en-US"},{"@type":"Person","@id":"https:\/\/www.welovecycling.com\/wide\/#\/schema\/person\/50f01ecd18718d2333cf72e823c4f926","name":"tereza","image":{"@type":"ImageObject","inLanguage":"en-US","@id":"https:\/\/www.welovecycling.com\/wide\/#\/schema\/person\/image\/","url":"https:\/\/secure.gravatar.com\/avatar\/1f9eb71be33845f0afabce3791bc1c58ecdb0a25c62964987e5dbcf7a20d2ec7?s=96&d=mm&r=g","contentUrl":"https:\/\/secure.gravatar.com\/avatar\/1f9eb71be33845f0afabce3791bc1c58ecdb0a25c62964987e5dbcf7a20d2ec7?s=96&d=mm&r=g","caption":"tereza"},"url":"https:\/\/www.welovecycling.com\/wide\/author\/tereza\/"}]}},"_links":{"self":[{"href":"https:\/\/www.welovecycling.com\/wide\/wp-json\/wp\/v2\/posts\/193588","targetHints":{"allow":["GET"]}}],"collection":[{"href":"https:\/\/www.welovecycling.com\/wide\/wp-json\/wp\/v2\/posts"}],"about":[{"href":"https:\/\/www.welovecycling.com\/wide\/wp-json\/wp\/v2\/types\/post"}],"author":[{"embeddable":true,"href":"https:\/\/www.welovecycling.com\/wide\/wp-json\/wp\/v2\/users\/99"}],"replies":[{"embeddable":true,"href":"https:\/\/www.welovecycling.com\/wide\/wp-json\/wp\/v2\/comments?post=193588"}],"version-history":[{"count":2,"href":"https:\/\/www.welovecycling.com\/wide\/wp-json\/wp\/v2\/posts\/193588\/revisions"}],"predecessor-version":[{"id":193591,"href":"https:\/\/www.welovecycling.com\/wide\/wp-json\/wp\/v2\/posts\/193588\/revisions\/193591"}],"wp:featuredmedia":[{"embeddable":true,"href":"https:\/\/www.welovecycling.com\/wide\/wp-json\/wp\/v2\/media\/193589"}],"wp:attachment":[{"href":"https:\/\/www.welovecycling.com\/wide\/wp-json\/wp\/v2\/media?parent=193588"}],"wp:term":[{"taxonomy":"category","embeddable":true,"href":"https:\/\/www.welovecycling.com\/wide\/wp-json\/wp\/v2\/categories?post=193588"},{"taxonomy":"post_tag","embeddable":true,"href":"https:\/\/www.welovecycling.com\/wide\/wp-json\/wp\/v2\/tags?post=193588"},{"taxonomy":"global-categories","embeddable":true,"href":"https:\/\/www.welovecycling.com\/wide\/wp-json\/wp\/v2\/global-categories?post=193588"}],"curies":[{"name":"wp","href":"https:\/\/api.w.org\/{rel}","templated":true}]}}