{"id":193106,"date":"2023-06-30T06:00:28","date_gmt":"2023-06-30T06:00:28","guid":{"rendered":"https:\/\/www.welovecycling.com\/wide\/?p=193106"},"modified":"2023-06-20T09:22:26","modified_gmt":"2023-06-20T09:22:26","slug":"photogallery-the-legendary-moments-of-the-past-20-years-of-the-tour","status":"publish","type":"post","link":"https:\/\/www.welovecycling.com\/wide\/2023\/06\/30\/photogallery-the-legendary-moments-of-the-past-20-years-of-the-tour\/","title":{"rendered":"Photogallery: The Legendary Moments of the Past 20 Years of the Tour"},"content":{"rendered":"<p><strong>It&#8217;s been 20 years since \u0160koda partnered with the Tour de France and what a ride it&#8217;s been! Let&#8217;s look at the most iconic moments we all lived through.\u00a0<\/strong><\/p>\n<p><!--more--><\/p>\n<h2><strong>2004: \u0160koda joins the Tour<\/strong><\/h2>\n<figure id=\"attachment_193118\" aria-describedby=\"caption-attachment-193118\" style=\"width: 1000px\" class=\"wp-caption alignnone\"><a href=\"https:\/\/d2p6e6u75xmxt8.cloudfront.net\/2\/2023\/06\/2004-Tour-de-France-profimedia-0015887243.webp\"><img loading=\"lazy\" decoding=\"async\" class=\"size-full wp-image-193118\" src=\"https:\/\/d2p6e6u75xmxt8.cloudfront.net\/2\/2023\/06\/2004-Tour-de-France-profimedia-0015887243.webp\" alt=\"2004 Tour de France\" width=\"1000\" height=\"885\" srcset=\"https:\/\/d2p6e6u75xmxt8.cloudfront.net\/2\/2023\/06\/2004-Tour-de-France-profimedia-0015887243.webp 1000w, https:\/\/d2p6e6u75xmxt8.cloudfront.net\/2\/2023\/06\/2004-Tour-de-France-profimedia-0015887243-300x266.webp 300w, https:\/\/d2p6e6u75xmxt8.cloudfront.net\/2\/2023\/06\/2004-Tour-de-France-profimedia-0015887243-768x680.webp 768w, https:\/\/d2p6e6u75xmxt8.cloudfront.net\/2\/2023\/06\/2004-Tour-de-France-profimedia-0015887243-400x354.webp 400w\" sizes=\"auto, (max-width: 1000px) 100vw, 1000px\" \/><\/a><figcaption id=\"caption-attachment-193118\" class=\"wp-caption-text\">\u0160koda partners up with La Grande Boucle. \u00a9 Profimedia<\/figcaption><\/figure>\n<h2><strong>2008: Mark Cavendish wins his first ever Tour stage<\/strong><\/h2>\n<figure id=\"attachment_193107\" aria-describedby=\"caption-attachment-193107\" style=\"width: 1250px\" class=\"wp-caption alignnone\"><a href=\"https:\/\/d2p6e6u75xmxt8.cloudfront.net\/2\/2023\/06\/Mark-Cavendish-profimedia-0026175982.webp\"><img loading=\"lazy\" decoding=\"async\" class=\"wp-image-193107 size-full\" src=\"https:\/\/d2p6e6u75xmxt8.cloudfront.net\/2\/2023\/06\/Mark-Cavendish-profimedia-0026175982.webp\" alt=\"Mark Cavendish\" width=\"1250\" height=\"828\" srcset=\"https:\/\/d2p6e6u75xmxt8.cloudfront.net\/2\/2023\/06\/Mark-Cavendish-profimedia-0026175982.webp 1250w, https:\/\/d2p6e6u75xmxt8.cloudfront.net\/2\/2023\/06\/Mark-Cavendish-profimedia-0026175982-300x199.webp 300w, https:\/\/d2p6e6u75xmxt8.cloudfront.net\/2\/2023\/06\/Mark-Cavendish-profimedia-0026175982-1024x678.webp 1024w, https:\/\/d2p6e6u75xmxt8.cloudfront.net\/2\/2023\/06\/Mark-Cavendish-profimedia-0026175982-768x509.webp 768w, https:\/\/d2p6e6u75xmxt8.cloudfront.net\/2\/2023\/06\/Mark-Cavendish-profimedia-0026175982-400x265.webp 400w\" sizes=\"auto, (max-width: 1250px) 100vw, 1250px\" \/><\/a><figcaption id=\"caption-attachment-193107\" class=\"wp-caption-text\">Cavendish triumphs at the finish line of stage 5 of the 2008 Tour. \u00a9 Profimedia<\/figcaption><\/figure>\n<h2><strong>2010: Riders tackle a section of 13.2 km cobblestones<\/strong><\/h2>\n<figure id=\"attachment_193108\" aria-describedby=\"caption-attachment-193108\" style=\"width: 1250px\" class=\"wp-caption alignnone\"><a href=\"https:\/\/d2p6e6u75xmxt8.cloudfront.net\/2\/2023\/06\/2010-Tour-Cobblestones-profimedia-0076504397.webp\"><img loading=\"lazy\" decoding=\"async\" class=\"wp-image-193108 size-full\" src=\"https:\/\/d2p6e6u75xmxt8.cloudfront.net\/2\/2023\/06\/2010-Tour-Cobblestones-profimedia-0076504397.webp\" alt=\"2010 Tour de France\" width=\"1250\" height=\"831\" srcset=\"https:\/\/d2p6e6u75xmxt8.cloudfront.net\/2\/2023\/06\/2010-Tour-Cobblestones-profimedia-0076504397.webp 1250w, https:\/\/d2p6e6u75xmxt8.cloudfront.net\/2\/2023\/06\/2010-Tour-Cobblestones-profimedia-0076504397-300x199.webp 300w, https:\/\/d2p6e6u75xmxt8.cloudfront.net\/2\/2023\/06\/2010-Tour-Cobblestones-profimedia-0076504397-1024x681.webp 1024w, https:\/\/d2p6e6u75xmxt8.cloudfront.net\/2\/2023\/06\/2010-Tour-Cobblestones-profimedia-0076504397-768x511.webp 768w, https:\/\/d2p6e6u75xmxt8.cloudfront.net\/2\/2023\/06\/2010-Tour-Cobblestones-profimedia-0076504397-400x266.webp 400w, https:\/\/d2p6e6u75xmxt8.cloudfront.net\/2\/2023\/06\/2010-Tour-Cobblestones-profimedia-0076504397-272x182.webp 272w\" sizes=\"auto, (max-width: 1250px) 100vw, 1250px\" \/><\/a><figcaption id=\"caption-attachment-193108\" class=\"wp-caption-text\">The 2010 brought the\u00a0longest distance of cobblestones in the Tour since 1983. \u00a9 Profimedia<\/figcaption><\/figure>\n<h2><strong>2011: The first ever Aussie ever wins the Tour<\/strong><\/h2>\n<figure id=\"attachment_193109\" aria-describedby=\"caption-attachment-193109\" style=\"width: 1250px\" class=\"wp-caption alignnone\"><a href=\"https:\/\/d2p6e6u75xmxt8.cloudfront.net\/2\/2023\/06\/2011-Cadel-Evans-profimedia-0097099409.webp\"><img loading=\"lazy\" decoding=\"async\" class=\"wp-image-193109 size-full\" src=\"https:\/\/d2p6e6u75xmxt8.cloudfront.net\/2\/2023\/06\/2011-Cadel-Evans-profimedia-0097099409.webp\" alt=\"Cadel Evans in 2011\" width=\"1250\" height=\"827\" srcset=\"https:\/\/d2p6e6u75xmxt8.cloudfront.net\/2\/2023\/06\/2011-Cadel-Evans-profimedia-0097099409.webp 1250w, https:\/\/d2p6e6u75xmxt8.cloudfront.net\/2\/2023\/06\/2011-Cadel-Evans-profimedia-0097099409-300x198.webp 300w, https:\/\/d2p6e6u75xmxt8.cloudfront.net\/2\/2023\/06\/2011-Cadel-Evans-profimedia-0097099409-1024x677.webp 1024w, https:\/\/d2p6e6u75xmxt8.cloudfront.net\/2\/2023\/06\/2011-Cadel-Evans-profimedia-0097099409-768x508.webp 768w, https:\/\/d2p6e6u75xmxt8.cloudfront.net\/2\/2023\/06\/2011-Cadel-Evans-profimedia-0097099409-400x265.webp 400w\" sizes=\"auto, (max-width: 1250px) 100vw, 1250px\" \/><\/a><figcaption id=\"caption-attachment-193109\" class=\"wp-caption-text\">The triumphant Cadel Evans. \u00a9 Profimedia<\/figcaption><\/figure>\n<h2><strong>2012: Peter Sagan wins his first Green Jersey<\/strong><\/h2>\n<figure id=\"attachment_193110\" aria-describedby=\"caption-attachment-193110\" style=\"width: 1250px\" class=\"wp-caption alignnone\"><a href=\"https:\/\/d2p6e6u75xmxt8.cloudfront.net\/2\/2023\/06\/2012-Sagan-Tour-profimedia-0233532354.webp\"><img loading=\"lazy\" decoding=\"async\" class=\"size-full wp-image-193110\" src=\"https:\/\/d2p6e6u75xmxt8.cloudfront.net\/2\/2023\/06\/2012-Sagan-Tour-profimedia-0233532354.webp\" alt=\"Peter Sagan\" width=\"1250\" height=\"833\" srcset=\"https:\/\/d2p6e6u75xmxt8.cloudfront.net\/2\/2023\/06\/2012-Sagan-Tour-profimedia-0233532354.webp 1250w, https:\/\/d2p6e6u75xmxt8.cloudfront.net\/2\/2023\/06\/2012-Sagan-Tour-profimedia-0233532354-300x200.webp 300w, https:\/\/d2p6e6u75xmxt8.cloudfront.net\/2\/2023\/06\/2012-Sagan-Tour-profimedia-0233532354-1024x682.webp 1024w, https:\/\/d2p6e6u75xmxt8.cloudfront.net\/2\/2023\/06\/2012-Sagan-Tour-profimedia-0233532354-768x512.webp 768w, https:\/\/d2p6e6u75xmxt8.cloudfront.net\/2\/2023\/06\/2012-Sagan-Tour-profimedia-0233532354-400x267.webp 400w, https:\/\/d2p6e6u75xmxt8.cloudfront.net\/2\/2023\/06\/2012-Sagan-Tour-profimedia-0233532354-272x182.webp 272w\" sizes=\"auto, (max-width: 1250px) 100vw, 1250px\" \/><\/a><figcaption id=\"caption-attachment-193110\" class=\"wp-caption-text\">Sagan has claimed the Green Jersey seven times since 2012. \u00a9 Profimedia<\/figcaption><\/figure>\n<h2><strong>2013: The Tour celebrates its 100th birthday<\/strong><\/h2>\n<figure id=\"attachment_193111\" aria-describedby=\"caption-attachment-193111\" style=\"width: 1250px\" class=\"wp-caption alignnone\"><a href=\"https:\/\/d2p6e6u75xmxt8.cloudfront.net\/2\/2023\/06\/Tour-de-France-100-Years-profimedia-0144594089.webp\"><img loading=\"lazy\" decoding=\"async\" class=\"wp-image-193111 size-full\" src=\"https:\/\/d2p6e6u75xmxt8.cloudfront.net\/2\/2023\/06\/Tour-de-France-100-Years-profimedia-0144594089.webp\" alt=\"100 Years of the Tour de France\" width=\"1250\" height=\"674\" srcset=\"https:\/\/d2p6e6u75xmxt8.cloudfront.net\/2\/2023\/06\/Tour-de-France-100-Years-profimedia-0144594089.webp 1250w, https:\/\/d2p6e6u75xmxt8.cloudfront.net\/2\/2023\/06\/Tour-de-France-100-Years-profimedia-0144594089-300x162.webp 300w, https:\/\/d2p6e6u75xmxt8.cloudfront.net\/2\/2023\/06\/Tour-de-France-100-Years-profimedia-0144594089-1024x552.webp 1024w, https:\/\/d2p6e6u75xmxt8.cloudfront.net\/2\/2023\/06\/Tour-de-France-100-Years-profimedia-0144594089-768x414.webp 768w, https:\/\/d2p6e6u75xmxt8.cloudfront.net\/2\/2023\/06\/Tour-de-France-100-Years-profimedia-0144594089-400x216.webp 400w\" sizes=\"auto, (max-width: 1250px) 100vw, 1250px\" \/><\/a><figcaption id=\"caption-attachment-193111\" class=\"wp-caption-text\">The 100th Tour started in Corsica for the first time in its history. \u00a9 Profimedia<\/figcaption><\/figure>\n<h2><strong>2015:\u00a0<\/strong><strong>\u0160koda<\/strong><strong> sponsors the Green Jersey<\/strong><\/h2>\n<figure id=\"attachment_193119\" aria-describedby=\"caption-attachment-193119\" style=\"width: 1250px\" class=\"wp-caption alignnone\"><a href=\"https:\/\/d2p6e6u75xmxt8.cloudfront.net\/2\/2023\/06\/2015-Sagan-profimedia-0253975471.webp\"><img loading=\"lazy\" decoding=\"async\" class=\"size-full wp-image-193119\" src=\"https:\/\/d2p6e6u75xmxt8.cloudfront.net\/2\/2023\/06\/2015-Sagan-profimedia-0253975471.webp\" alt=\"Peter Sagan\" width=\"1250\" height=\"833\" srcset=\"https:\/\/d2p6e6u75xmxt8.cloudfront.net\/2\/2023\/06\/2015-Sagan-profimedia-0253975471.webp 1250w, https:\/\/d2p6e6u75xmxt8.cloudfront.net\/2\/2023\/06\/2015-Sagan-profimedia-0253975471-300x200.webp 300w, https:\/\/d2p6e6u75xmxt8.cloudfront.net\/2\/2023\/06\/2015-Sagan-profimedia-0253975471-1024x682.webp 1024w, https:\/\/d2p6e6u75xmxt8.cloudfront.net\/2\/2023\/06\/2015-Sagan-profimedia-0253975471-768x512.webp 768w, https:\/\/d2p6e6u75xmxt8.cloudfront.net\/2\/2023\/06\/2015-Sagan-profimedia-0253975471-400x267.webp 400w, https:\/\/d2p6e6u75xmxt8.cloudfront.net\/2\/2023\/06\/2015-Sagan-profimedia-0253975471-272x182.webp 272w\" sizes=\"auto, (max-width: 1250px) 100vw, 1250px\" \/><\/a><figcaption id=\"caption-attachment-193119\" class=\"wp-caption-text\">Peter Sagan, the first ever holder of the \u0160koda Green Jersey. \u00a9 Profimedia<\/figcaption><\/figure>\n<h2><strong>2016: Froome sprints up Mont Ventoux<\/strong><\/h2>\n<figure id=\"attachment_193113\" aria-describedby=\"caption-attachment-193113\" style=\"width: 1250px\" class=\"wp-caption alignnone\"><a href=\"https:\/\/d2p6e6u75xmxt8.cloudfront.net\/2\/2023\/06\/2016-Tour-Froome-Runs-profimedia-0294081337.webp\"><img loading=\"lazy\" decoding=\"async\" class=\"size-full wp-image-193113\" src=\"https:\/\/d2p6e6u75xmxt8.cloudfront.net\/2\/2023\/06\/2016-Tour-Froome-Runs-profimedia-0294081337.webp\" alt=\"Froome in the 2016 Tour\" width=\"1250\" height=\"833\" srcset=\"https:\/\/d2p6e6u75xmxt8.cloudfront.net\/2\/2023\/06\/2016-Tour-Froome-Runs-profimedia-0294081337.webp 1250w, https:\/\/d2p6e6u75xmxt8.cloudfront.net\/2\/2023\/06\/2016-Tour-Froome-Runs-profimedia-0294081337-300x200.webp 300w, https:\/\/d2p6e6u75xmxt8.cloudfront.net\/2\/2023\/06\/2016-Tour-Froome-Runs-profimedia-0294081337-1024x682.webp 1024w, https:\/\/d2p6e6u75xmxt8.cloudfront.net\/2\/2023\/06\/2016-Tour-Froome-Runs-profimedia-0294081337-768x512.webp 768w, https:\/\/d2p6e6u75xmxt8.cloudfront.net\/2\/2023\/06\/2016-Tour-Froome-Runs-profimedia-0294081337-400x267.webp 400w, https:\/\/d2p6e6u75xmxt8.cloudfront.net\/2\/2023\/06\/2016-Tour-Froome-Runs-profimedia-0294081337-272x182.webp 272w\" sizes=\"auto, (max-width: 1250px) 100vw, 1250px\" \/><\/a><figcaption id=\"caption-attachment-193113\" class=\"wp-caption-text\">While racing Richie Porte and Bauke Mollema up the climb, Froome crashed when Porte hit a motorbike that had stopped suddenly to avoid a fan. His bike broken, Froome started sprinting up the mountain\u2014on foot\u2014in one of the more bizarre scenes in recent Tour memory. \u00a9 Profimedia<\/figcaption><\/figure>\n<h2><strong>2019: The Tour cuts short<\/strong><\/h2>\n<figure id=\"attachment_193114\" aria-describedby=\"caption-attachment-193114\" style=\"width: 1250px\" class=\"wp-caption alignnone\"><a href=\"https:\/\/d2p6e6u75xmxt8.cloudfront.net\/2\/2023\/06\/2019-Tour-Bernal-profimedia-0461368906.webp\"><img loading=\"lazy\" decoding=\"async\" class=\"size-full wp-image-193114\" src=\"https:\/\/d2p6e6u75xmxt8.cloudfront.net\/2\/2023\/06\/2019-Tour-Bernal-profimedia-0461368906.webp\" alt=\"\" width=\"1250\" height=\"805\" srcset=\"https:\/\/d2p6e6u75xmxt8.cloudfront.net\/2\/2023\/06\/2019-Tour-Bernal-profimedia-0461368906.webp 1250w, https:\/\/d2p6e6u75xmxt8.cloudfront.net\/2\/2023\/06\/2019-Tour-Bernal-profimedia-0461368906-300x193.webp 300w, https:\/\/d2p6e6u75xmxt8.cloudfront.net\/2\/2023\/06\/2019-Tour-Bernal-profimedia-0461368906-1024x659.webp 1024w, https:\/\/d2p6e6u75xmxt8.cloudfront.net\/2\/2023\/06\/2019-Tour-Bernal-profimedia-0461368906-768x495.webp 768w, https:\/\/d2p6e6u75xmxt8.cloudfront.net\/2\/2023\/06\/2019-Tour-Bernal-profimedia-0461368906-400x258.webp 400w\" sizes=\"auto, (max-width: 1250px) 100vw, 1250px\" \/><\/a><figcaption id=\"caption-attachment-193114\" class=\"wp-caption-text\">The stage 19 was cut short because of heavy rains and mudslides. As a result Bernal won the GC. \u00a9 Profimedia<\/figcaption><\/figure>\n<h2><strong>2020: The Covid-19 pandemic postponed the Tour<\/strong><\/h2>\n<figure id=\"attachment_193115\" aria-describedby=\"caption-attachment-193115\" style=\"width: 1250px\" class=\"wp-caption alignnone\"><a href=\"https:\/\/d2p6e6u75xmxt8.cloudfront.net\/2\/2023\/06\/2020-Tour-Alaphilippe-profimedia-0555589683.webp\"><img loading=\"lazy\" decoding=\"async\" class=\"size-full wp-image-193115\" src=\"https:\/\/d2p6e6u75xmxt8.cloudfront.net\/2\/2023\/06\/2020-Tour-Alaphilippe-profimedia-0555589683.webp\" alt=\"Julian Alaphilippe\" width=\"1250\" height=\"833\" srcset=\"https:\/\/d2p6e6u75xmxt8.cloudfront.net\/2\/2023\/06\/2020-Tour-Alaphilippe-profimedia-0555589683.webp 1250w, https:\/\/d2p6e6u75xmxt8.cloudfront.net\/2\/2023\/06\/2020-Tour-Alaphilippe-profimedia-0555589683-300x200.webp 300w, https:\/\/d2p6e6u75xmxt8.cloudfront.net\/2\/2023\/06\/2020-Tour-Alaphilippe-profimedia-0555589683-1024x682.webp 1024w, https:\/\/d2p6e6u75xmxt8.cloudfront.net\/2\/2023\/06\/2020-Tour-Alaphilippe-profimedia-0555589683-768x512.webp 768w, https:\/\/d2p6e6u75xmxt8.cloudfront.net\/2\/2023\/06\/2020-Tour-Alaphilippe-profimedia-0555589683-400x267.webp 400w, https:\/\/d2p6e6u75xmxt8.cloudfront.net\/2\/2023\/06\/2020-Tour-Alaphilippe-profimedia-0555589683-272x182.webp 272w\" sizes=\"auto, (max-width: 1250px) 100vw, 1250px\" \/><\/a><figcaption id=\"caption-attachment-193115\" class=\"wp-caption-text\">Due to the pandemic, the Tour took place in September. \u00a9 Profimedia<\/figcaption><\/figure>\n<h2><strong>2021: Van Aert deprives Mark Cavendish of of his record 35<sup>th<\/sup> Tour stage win<\/strong><\/h2>\n<figure id=\"attachment_193116\" aria-describedby=\"caption-attachment-193116\" style=\"width: 1250px\" class=\"wp-caption alignnone\"><a href=\"https:\/\/d2p6e6u75xmxt8.cloudfront.net\/2\/2023\/06\/Van-Aert-Cavendish-2021-Tour-profimedia-0622127073.webp\"><img loading=\"lazy\" decoding=\"async\" class=\"wp-image-193116 size-full\" src=\"https:\/\/d2p6e6u75xmxt8.cloudfront.net\/2\/2023\/06\/Van-Aert-Cavendish-2021-Tour-profimedia-0622127073.webp\" alt=\"Wout van Aert\" width=\"1250\" height=\"875\" srcset=\"https:\/\/d2p6e6u75xmxt8.cloudfront.net\/2\/2023\/06\/Van-Aert-Cavendish-2021-Tour-profimedia-0622127073.webp 1250w, https:\/\/d2p6e6u75xmxt8.cloudfront.net\/2\/2023\/06\/Van-Aert-Cavendish-2021-Tour-profimedia-0622127073-300x210.webp 300w, https:\/\/d2p6e6u75xmxt8.cloudfront.net\/2\/2023\/06\/Van-Aert-Cavendish-2021-Tour-profimedia-0622127073-1024x717.webp 1024w, https:\/\/d2p6e6u75xmxt8.cloudfront.net\/2\/2023\/06\/Van-Aert-Cavendish-2021-Tour-profimedia-0622127073-768x538.webp 768w, https:\/\/d2p6e6u75xmxt8.cloudfront.net\/2\/2023\/06\/Van-Aert-Cavendish-2021-Tour-profimedia-0622127073-400x280.webp 400w\" sizes=\"auto, (max-width: 1250px) 100vw, 1250px\" \/><\/a><figcaption id=\"caption-attachment-193116\" class=\"wp-caption-text\">Van Aert crossing the finish line at the final stage of the 2021 Tour. \u00a9 Profimedia<\/figcaption><\/figure>\n<h2><strong>2022: The return of the women&#8217;s Tour\u00a0<\/strong><\/h2>\n<figure id=\"attachment_193117\" aria-describedby=\"caption-attachment-193117\" style=\"width: 1250px\" class=\"wp-caption alignnone\"><a href=\"https:\/\/d2p6e6u75xmxt8.cloudfront.net\/2\/2023\/06\/Annemiek-Van-Vleuten-profimedia-0711099743.webp\"><img loading=\"lazy\" decoding=\"async\" class=\"size-full wp-image-193117\" src=\"https:\/\/d2p6e6u75xmxt8.cloudfront.net\/2\/2023\/06\/Annemiek-Van-Vleuten-profimedia-0711099743.webp\" alt=\"Annemiek van Vleuten\" width=\"1250\" height=\"835\" srcset=\"https:\/\/d2p6e6u75xmxt8.cloudfront.net\/2\/2023\/06\/Annemiek-Van-Vleuten-profimedia-0711099743.webp 1250w, https:\/\/d2p6e6u75xmxt8.cloudfront.net\/2\/2023\/06\/Annemiek-Van-Vleuten-profimedia-0711099743-300x200.webp 300w, https:\/\/d2p6e6u75xmxt8.cloudfront.net\/2\/2023\/06\/Annemiek-Van-Vleuten-profimedia-0711099743-1024x684.webp 1024w, https:\/\/d2p6e6u75xmxt8.cloudfront.net\/2\/2023\/06\/Annemiek-Van-Vleuten-profimedia-0711099743-768x513.webp 768w, https:\/\/d2p6e6u75xmxt8.cloudfront.net\/2\/2023\/06\/Annemiek-Van-Vleuten-profimedia-0711099743-400x267.webp 400w, https:\/\/d2p6e6u75xmxt8.cloudfront.net\/2\/2023\/06\/Annemiek-Van-Vleuten-profimedia-0711099743-272x182.webp 272w\" sizes=\"auto, (max-width: 1250px) 100vw, 1250px\" \/><\/a><figcaption id=\"caption-attachment-193117\" class=\"wp-caption-text\">Annemiek van Vleuten soars to victory at the inaugural Tour de France Femmes avec Zwift. \u00a9 Profimedia<\/figcaption><\/figure>\n","protected":false},"excerpt":{"rendered":"<p>It&#8217;s been 20 years since \u0160koda partnered with the Tour de France and what a ride it&#8217;s been! Let&#8217;s look [&hellip;]<\/p>\n","protected":false},"author":99,"featured_media":193120,"comment_status":"closed","ping_status":"open","sticky":false,"template":"","format":"standard","meta":{"footnotes":""},"categories":[329],"tags":[461,381,3432,433,5523,5459],"global-categories":[3366],"class_list":["post-193106","post","type-post","status-publish","format-standard","has-post-thumbnail","hentry","category-road-cycling","tag-mark-cavendish","tag-peter-sagan","tag-skoda","tag-tour-de-france","tag-tour-de-france-femmes-avec-zwift","tag-tour-de-france-history","global-categories-cycling"],"yoast_head":"<!-- This site is optimized with the Yoast SEO Premium plugin v25.3 (Yoast SEO v25.9) - https:\/\/yoast.com\/wordpress\/plugins\/seo\/ -->\n<title>The Legendary Moments of the Past 20 Years of the Tour<\/title>\n<meta name=\"description\" content=\"It&#039;s been 20 years since \u0160koda partnered with the Tour de France and what a ride it&#039;s been! Let&#039;s look at the most iconic moments we all lived through.\u00a0\" \/>\n<meta name=\"robots\" content=\"index, follow, max-snippet:-1, max-image-preview:large, max-video-preview:-1\" \/>\n<link rel=\"canonical\" href=\"https:\/\/www.welovecycling.com\/wide\/2023\/06\/30\/photogallery-the-legendary-moments-of-the-past-20-years-of-the-tour\/\" \/>\n<meta property=\"og:locale\" content=\"en_US\" \/>\n<meta property=\"og:type\" content=\"article\" \/>\n<meta property=\"og:title\" content=\"Photogallery: The Legendary Moments of the Past 20 Years of the Tour\" \/>\n<meta property=\"og:description\" content=\"It&#039;s been 20 years since \u0160koda partnered with the Tour de France and what a ride it&#039;s been! Let&#039;s look at the most iconic moments we all lived through.\u00a0\" \/>\n<meta property=\"og:url\" content=\"https:\/\/www.welovecycling.com\/wide\/2023\/06\/30\/photogallery-the-legendary-moments-of-the-past-20-years-of-the-tour\/\" \/>\n<meta property=\"og:site_name\" content=\"\u0160koda We Love Cycling\" \/>\n<meta property=\"article:published_time\" content=\"2023-06-30T06:00:28+00:00\" \/>\n<meta property=\"og:image\" content=\"https:\/\/d2p6e6u75xmxt8.cloudfront.net\/2\/2023\/06\/Hugo-Houle-2022-Tour-profimedia-0708326756-CVR.webp\" \/>\n\t<meta property=\"og:image:width\" content=\"990\" \/>\n\t<meta property=\"og:image:height\" content=\"660\" \/>\n\t<meta property=\"og:image:type\" content=\"image\/webp\" \/>\n<meta name=\"author\" content=\"tereza\" \/>\n<meta name=\"twitter:card\" content=\"summary_large_image\" \/>\n<meta name=\"twitter:label1\" content=\"Written by\" \/>\n\t<meta name=\"twitter:data1\" content=\"We Love Cycling\" \/>\n\t<meta name=\"twitter:label2\" content=\"Est. reading time\" \/>\n\t<meta name=\"twitter:data2\" content=\"3\" \/>\n<script type=\"application\/ld+json\" class=\"yoast-schema-graph\">{\"@context\":\"https:\/\/schema.org\",\"@graph\":[{\"@type\":\"WebPage\",\"@id\":\"https:\/\/www.welovecycling.com\/wide\/2023\/06\/30\/photogallery-the-legendary-moments-of-the-past-20-years-of-the-tour\/\",\"url\":\"https:\/\/www.welovecycling.com\/wide\/2023\/06\/30\/photogallery-the-legendary-moments-of-the-past-20-years-of-the-tour\/\",\"name\":\"The Legendary Moments of the Past 20 Years of the Tour\",\"isPartOf\":{\"@id\":\"https:\/\/www.welovecycling.com\/wide\/#website\"},\"primaryImageOfPage\":{\"@id\":\"https:\/\/www.welovecycling.com\/wide\/2023\/06\/30\/photogallery-the-legendary-moments-of-the-past-20-years-of-the-tour\/#primaryimage\"},\"image\":{\"@id\":\"https:\/\/www.welovecycling.com\/wide\/2023\/06\/30\/photogallery-the-legendary-moments-of-the-past-20-years-of-the-tour\/#primaryimage\"},\"thumbnailUrl\":\"https:\/\/d2p6e6u75xmxt8.cloudfront.net\/2\/2023\/06\/Hugo-Houle-2022-Tour-profimedia-0708326756-CVR.webp\",\"datePublished\":\"2023-06-30T06:00:28+00:00\",\"author\":{\"@id\":\"https:\/\/www.welovecycling.com\/wide\/#\/schema\/person\/50f01ecd18718d2333cf72e823c4f926\"},\"description\":\"It's been 20 years since \u0160koda partnered with the Tour de France and what a ride it's been! Let's look at the most iconic moments we all lived through.\u00a0\",\"breadcrumb\":{\"@id\":\"https:\/\/www.welovecycling.com\/wide\/2023\/06\/30\/photogallery-the-legendary-moments-of-the-past-20-years-of-the-tour\/#breadcrumb\"},\"inLanguage\":\"en-US\",\"potentialAction\":[{\"@type\":\"ReadAction\",\"target\":[\"https:\/\/www.welovecycling.com\/wide\/2023\/06\/30\/photogallery-the-legendary-moments-of-the-past-20-years-of-the-tour\/\"]}]},{\"@type\":\"ImageObject\",\"inLanguage\":\"en-US\",\"@id\":\"https:\/\/www.welovecycling.com\/wide\/2023\/06\/30\/photogallery-the-legendary-moments-of-the-past-20-years-of-the-tour\/#primaryimage\",\"url\":\"https:\/\/d2p6e6u75xmxt8.cloudfront.net\/2\/2023\/06\/Hugo-Houle-2022-Tour-profimedia-0708326756-CVR.webp\",\"contentUrl\":\"https:\/\/d2p6e6u75xmxt8.cloudfront.net\/2\/2023\/06\/Hugo-Houle-2022-Tour-profimedia-0708326756-CVR.webp\",\"width\":990,\"height\":660,\"caption\":\"2022 Tour\"},{\"@type\":\"BreadcrumbList\",\"@id\":\"https:\/\/www.welovecycling.com\/wide\/2023\/06\/30\/photogallery-the-legendary-moments-of-the-past-20-years-of-the-tour\/#breadcrumb\",\"itemListElement\":[{\"@type\":\"ListItem\",\"position\":1,\"name\":\"Home\",\"item\":\"https:\/\/www.welovecycling.com\/wide\/\"},{\"@type\":\"ListItem\",\"position\":2,\"name\":\"Photogallery: The Legendary Moments of the Past 20 Years of the Tour\"}]},{\"@type\":\"WebSite\",\"@id\":\"https:\/\/www.welovecycling.com\/wide\/#website\",\"url\":\"https:\/\/www.welovecycling.com\/wide\/\",\"name\":\"\u0160koda We Love Cycling\",\"description\":\"\u0160koda We Love Cycling magazine\",\"alternateName\":\"\u0160koda WLC\",\"potentialAction\":[{\"@type\":\"SearchAction\",\"target\":{\"@type\":\"EntryPoint\",\"urlTemplate\":\"https:\/\/www.welovecycling.com\/wide\/?s={search_term_string}\"},\"query-input\":{\"@type\":\"PropertyValueSpecification\",\"valueRequired\":true,\"valueName\":\"search_term_string\"}}],\"inLanguage\":\"en-US\"},{\"@type\":\"Person\",\"@id\":\"https:\/\/www.welovecycling.com\/wide\/#\/schema\/person\/50f01ecd18718d2333cf72e823c4f926\",\"name\":\"tereza\",\"image\":{\"@type\":\"ImageObject\",\"inLanguage\":\"en-US\",\"@id\":\"https:\/\/www.welovecycling.com\/wide\/#\/schema\/person\/image\/\",\"url\":\"https:\/\/secure.gravatar.com\/avatar\/1f9eb71be33845f0afabce3791bc1c58ecdb0a25c62964987e5dbcf7a20d2ec7?s=96&d=mm&r=g\",\"contentUrl\":\"https:\/\/secure.gravatar.com\/avatar\/1f9eb71be33845f0afabce3791bc1c58ecdb0a25c62964987e5dbcf7a20d2ec7?s=96&d=mm&r=g\",\"caption\":\"tereza\"},\"url\":\"https:\/\/www.welovecycling.com\/wide\/author\/tereza\/\"}]}<\/script>\n<!-- \/ Yoast SEO Premium plugin. -->","yoast_head_json":{"title":"The Legendary Moments of the Past 20 Years of the Tour","description":"It's been 20 years since \u0160koda partnered with the Tour de France and what a ride it's been! Let's look at the most iconic moments we all lived through.\u00a0","robots":{"index":"index","follow":"follow","max-snippet":"max-snippet:-1","max-image-preview":"max-image-preview:large","max-video-preview":"max-video-preview:-1"},"canonical":"https:\/\/www.welovecycling.com\/wide\/2023\/06\/30\/photogallery-the-legendary-moments-of-the-past-20-years-of-the-tour\/","og_locale":"en_US","og_type":"article","og_title":"Photogallery: The Legendary Moments of the Past 20 Years of the Tour","og_description":"It's been 20 years since \u0160koda partnered with the Tour de France and what a ride it's been! Let's look at the most iconic moments we all lived through.\u00a0","og_url":"https:\/\/www.welovecycling.com\/wide\/2023\/06\/30\/photogallery-the-legendary-moments-of-the-past-20-years-of-the-tour\/","og_site_name":"\u0160koda We Love Cycling","article_published_time":"2023-06-30T06:00:28+00:00","og_image":[{"width":990,"height":660,"url":"https:\/\/d2p6e6u75xmxt8.cloudfront.net\/2\/2023\/06\/Hugo-Houle-2022-Tour-profimedia-0708326756-CVR.webp","type":"image\/webp"}],"author":"tereza","twitter_card":"summary_large_image","twitter_misc":{"Written by":"We Love Cycling","Est. reading time":"3"},"schema":{"@context":"https:\/\/schema.org","@graph":[{"@type":"WebPage","@id":"https:\/\/www.welovecycling.com\/wide\/2023\/06\/30\/photogallery-the-legendary-moments-of-the-past-20-years-of-the-tour\/","url":"https:\/\/www.welovecycling.com\/wide\/2023\/06\/30\/photogallery-the-legendary-moments-of-the-past-20-years-of-the-tour\/","name":"The Legendary Moments of the Past 20 Years of the Tour","isPartOf":{"@id":"https:\/\/www.welovecycling.com\/wide\/#website"},"primaryImageOfPage":{"@id":"https:\/\/www.welovecycling.com\/wide\/2023\/06\/30\/photogallery-the-legendary-moments-of-the-past-20-years-of-the-tour\/#primaryimage"},"image":{"@id":"https:\/\/www.welovecycling.com\/wide\/2023\/06\/30\/photogallery-the-legendary-moments-of-the-past-20-years-of-the-tour\/#primaryimage"},"thumbnailUrl":"https:\/\/d2p6e6u75xmxt8.cloudfront.net\/2\/2023\/06\/Hugo-Houle-2022-Tour-profimedia-0708326756-CVR.webp","datePublished":"2023-06-30T06:00:28+00:00","author":{"@id":"https:\/\/www.welovecycling.com\/wide\/#\/schema\/person\/50f01ecd18718d2333cf72e823c4f926"},"description":"It's been 20 years since \u0160koda partnered with the Tour de France and what a ride it's been! Let's look at the most iconic moments we all lived through.\u00a0","breadcrumb":{"@id":"https:\/\/www.welovecycling.com\/wide\/2023\/06\/30\/photogallery-the-legendary-moments-of-the-past-20-years-of-the-tour\/#breadcrumb"},"inLanguage":"en-US","potentialAction":[{"@type":"ReadAction","target":["https:\/\/www.welovecycling.com\/wide\/2023\/06\/30\/photogallery-the-legendary-moments-of-the-past-20-years-of-the-tour\/"]}]},{"@type":"ImageObject","inLanguage":"en-US","@id":"https:\/\/www.welovecycling.com\/wide\/2023\/06\/30\/photogallery-the-legendary-moments-of-the-past-20-years-of-the-tour\/#primaryimage","url":"https:\/\/d2p6e6u75xmxt8.cloudfront.net\/2\/2023\/06\/Hugo-Houle-2022-Tour-profimedia-0708326756-CVR.webp","contentUrl":"https:\/\/d2p6e6u75xmxt8.cloudfront.net\/2\/2023\/06\/Hugo-Houle-2022-Tour-profimedia-0708326756-CVR.webp","width":990,"height":660,"caption":"2022 Tour"},{"@type":"BreadcrumbList","@id":"https:\/\/www.welovecycling.com\/wide\/2023\/06\/30\/photogallery-the-legendary-moments-of-the-past-20-years-of-the-tour\/#breadcrumb","itemListElement":[{"@type":"ListItem","position":1,"name":"Home","item":"https:\/\/www.welovecycling.com\/wide\/"},{"@type":"ListItem","position":2,"name":"Photogallery: The Legendary Moments of the Past 20 Years of the Tour"}]},{"@type":"WebSite","@id":"https:\/\/www.welovecycling.com\/wide\/#website","url":"https:\/\/www.welovecycling.com\/wide\/","name":"\u0160koda We Love Cycling","description":"\u0160koda We Love Cycling magazine","alternateName":"\u0160koda WLC","potentialAction":[{"@type":"SearchAction","target":{"@type":"EntryPoint","urlTemplate":"https:\/\/www.welovecycling.com\/wide\/?s={search_term_string}"},"query-input":{"@type":"PropertyValueSpecification","valueRequired":true,"valueName":"search_term_string"}}],"inLanguage":"en-US"},{"@type":"Person","@id":"https:\/\/www.welovecycling.com\/wide\/#\/schema\/person\/50f01ecd18718d2333cf72e823c4f926","name":"tereza","image":{"@type":"ImageObject","inLanguage":"en-US","@id":"https:\/\/www.welovecycling.com\/wide\/#\/schema\/person\/image\/","url":"https:\/\/secure.gravatar.com\/avatar\/1f9eb71be33845f0afabce3791bc1c58ecdb0a25c62964987e5dbcf7a20d2ec7?s=96&d=mm&r=g","contentUrl":"https:\/\/secure.gravatar.com\/avatar\/1f9eb71be33845f0afabce3791bc1c58ecdb0a25c62964987e5dbcf7a20d2ec7?s=96&d=mm&r=g","caption":"tereza"},"url":"https:\/\/www.welovecycling.com\/wide\/author\/tereza\/"}]}},"_links":{"self":[{"href":"https:\/\/www.welovecycling.com\/wide\/wp-json\/wp\/v2\/posts\/193106","targetHints":{"allow":["GET"]}}],"collection":[{"href":"https:\/\/www.welovecycling.com\/wide\/wp-json\/wp\/v2\/posts"}],"about":[{"href":"https:\/\/www.welovecycling.com\/wide\/wp-json\/wp\/v2\/types\/post"}],"author":[{"embeddable":true,"href":"https:\/\/www.welovecycling.com\/wide\/wp-json\/wp\/v2\/users\/99"}],"replies":[{"embeddable":true,"href":"https:\/\/www.welovecycling.com\/wide\/wp-json\/wp\/v2\/comments?post=193106"}],"version-history":[{"count":2,"href":"https:\/\/www.welovecycling.com\/wide\/wp-json\/wp\/v2\/posts\/193106\/revisions"}],"predecessor-version":[{"id":193122,"href":"https:\/\/www.welovecycling.com\/wide\/wp-json\/wp\/v2\/posts\/193106\/revisions\/193122"}],"wp:featuredmedia":[{"embeddable":true,"href":"https:\/\/www.welovecycling.com\/wide\/wp-json\/wp\/v2\/media\/193120"}],"wp:attachment":[{"href":"https:\/\/www.welovecycling.com\/wide\/wp-json\/wp\/v2\/media?parent=193106"}],"wp:term":[{"taxonomy":"category","embeddable":true,"href":"https:\/\/www.welovecycling.com\/wide\/wp-json\/wp\/v2\/categories?post=193106"},{"taxonomy":"post_tag","embeddable":true,"href":"https:\/\/www.welovecycling.com\/wide\/wp-json\/wp\/v2\/tags?post=193106"},{"taxonomy":"global-categories","embeddable":true,"href":"https:\/\/www.welovecycling.com\/wide\/wp-json\/wp\/v2\/global-categories?post=193106"}],"curies":[{"name":"wp","href":"https:\/\/api.w.org\/{rel}","templated":true}]}}