{"id":193059,"date":"2023-06-16T14:41:25","date_gmt":"2023-06-16T14:41:25","guid":{"rendered":"https:\/\/www.welovecycling.com\/wide\/?p=193059"},"modified":"2024-12-18T18:44:37","modified_gmt":"2024-12-18T18:44:37","slug":"gino-mader-dies-after-high-speed-tour-de-suisse-crash","status":"publish","type":"post","link":"https:\/\/www.welovecycling.com\/wide\/2023\/06\/16\/gino-mader-dies-after-high-speed-tour-de-suisse-crash\/","title":{"rendered":"Gino M\u00e4der Dies After High-Speed Tour de Suisse Crash"},"content":{"rendered":"<p><strong>The Swiss rider Gino M\u00e4der died Friday after he crashed and fell into a ravine on a high-speed descent during Thursday\u2019s stage 5 of the Tour de Suisse. The Team Bahrain Victorious rider was 26 years old. The crash occurred on the steep and sinuous descent from the Albula Pass, where the speeds of the riders approached 100 kph. The crash also involved the American cyclist Magnus Sheffield (Ineos Grenadiers), who was taken to hospital suffering from a concussion and soft tissue injuries.<\/strong><!--more--><\/p>\n<p>Immediately after the conclusion of Thursday\u2019s stage 5, the reigning UCI world road race champion Remco Evenepoel had criticized race organizers for including the descent in the stage. Taking to Twitter, <a href=\"https:\/\/twitter.com\/EvenepoelRemco\/status\/1669398082012708873\">Evenepoel wrote<\/a>, \u201cI hope that the final of today&#8217;s stage is food for thought for both cycling organizers as well as ourselves as riders. While a summit finish would have been perfectly possible, it wasn\u2019t a good decision to let us finish down this dangerous descent. As riders, we should also think about the risks we take going down a mountain.\u201d<\/p>\n<p>On Friday, the Soudal\u2013Quick-Step <a href=\"https:\/\/twitter.com\/BHRVictorious\/status\/1669653010148990976\">leader tweeted<\/a>: \u201cGino, thank you for the light, the joy, and the laughs you brought us all, we will miss you as a rider and as a person.\u201d<\/p>\n<p>\u201cOur entire team is devastated by this tragic accident, and our thoughts and prayers are with Gino\u2019s family and loved ones during this incredibly difficult time,\u201d Bahrain Victorious <a href=\"https:\/\/bahraincyclingteam.com\/statement-regarding-gino-mader\/\">said in a statement<\/a>. \u201cGino was an extraordinary athlete, an example of determination, a valued member of our team and the whole cycling community. His talent, dedication, and passion for the sport has inspired us all.\u201d<\/p>\n<p>The team also said that M\u00e4der had to be resuscitated at the scene of the accident by medical staff, who also performed CPR, before he was airlifted to a nearby hospital. \u201cDespite the best efforts of the phenomenal staff at Chur hospital, Gino couldn\u2019t make it through this, his final and biggest challenge, and at 11:30am we said goodbye to one of the shining lights of our team,\u201d the team statement declared.<\/p>\n<p>M\u00e4der had been a professional road cyclist since 2019. In his brief career he won a stage of the Giro d\u2019Italia in 2021 and won the young rider\u2019s jersey at the <a href=\"https:\/\/en.wikipedia.org\/wiki\/Vuelta_a_Espa%C3%B1a\">Vuelta a Espa\u00f1a<\/a> the same year. In 2022, he finished second in the Tour de Romandie and this year finished fifth in the eight-day Paris-Nice. At the 2021 Vuelta, M\u00e4der pledged to donate to charity \u20ac10 for every rider he beat in the general classification as well as \u20ac1 for every rider he beat on each stage. That turned out to be a total of \u20ac4,529, which he donated to the Dutch environmental organization JustDiggit.<\/p>\n<p>In a <a href=\"https:\/\/twitter.com\/tds\/status\/1669686116574789633?ref_src=twsrc%5Etfw%7Ctwcamp%5Etweetembed%7Ctwterm%5E1669686116574789633%7Ctwgr%5Eec1cf187daff133fac7e17e0d2f3a67f7ad16de0%7Ctwcon%5Es1_&amp;ref_url=https%3A%2F%2Fwww.cyclingnews.com%2Fraces%2Ftour-de-suisse-2023%2Fstage-6%2Flive-report%2F\">statement published on Twitter<\/a>, race organizers said that the last 20km of Fridays stage 6 would not be competitive but instead would be ridden in M\u00e4der\u2019s memory. Above a photo of the smiling Swiss rider, the tweet read, \u201cThis is how we will always remember you. With a big smile on your face! The peloton will ride the last 20 kilometers of today\u2019s course neutralized in honor of Gino M\u00e4der.\u201d<\/p>\n","protected":false},"excerpt":{"rendered":"<p>The Swiss rider Gino M\u00e4der died Friday after he crashed and fell into a ravine on a high-speed descent during [&hellip;]<\/p>\n","protected":false},"author":155,"featured_media":193060,"comment_status":"closed","ping_status":"open","sticky":false,"template":"","format":"standard","meta":{"footnotes":""},"categories":[329],"tags":[7226,5643,7227],"global-categories":[3366],"class_list":["post-193059","post","type-post","status-publish","format-standard","has-post-thumbnail","hentry","category-road-cycling","tag-bahrain-victorious","tag-gino-mader","tag-magnus-sheffield","global-categories-cycling"],"yoast_head":"<!-- This site is optimized with the Yoast SEO Premium plugin v25.3 (Yoast SEO v25.9) - https:\/\/yoast.com\/wordpress\/plugins\/seo\/ -->\n<title>Gino M\u00e4der Dies After High-Speed Tour de Suisse Crash - \u0160koda We Love Cycling<\/title>\n<meta name=\"description\" content=\"The Swiss rider Gino M\u00e4der died Friday after he crashed and fell into a ravine on a high-speed descent during Thursday\u2019s stage 5 of the Tour de Suisse.\" \/>\n<meta name=\"robots\" content=\"index, follow, max-snippet:-1, max-image-preview:large, max-video-preview:-1\" \/>\n<link rel=\"canonical\" href=\"https:\/\/www.welovecycling.com\/wide\/2023\/06\/16\/gino-mader-dies-after-high-speed-tour-de-suisse-crash\/\" \/>\n<meta property=\"og:locale\" content=\"en_US\" \/>\n<meta property=\"og:type\" content=\"article\" \/>\n<meta property=\"og:title\" content=\"Gino M\u00e4der Dies After High-Speed Tour de Suisse Crash\" \/>\n<meta property=\"og:description\" content=\"The Swiss rider Gino M\u00e4der died Friday after he crashed and fell into a ravine on a high-speed descent during Thursday\u2019s stage 5 of the Tour de Suisse.\" \/>\n<meta property=\"og:url\" content=\"https:\/\/www.welovecycling.com\/wide\/2023\/06\/16\/gino-mader-dies-after-high-speed-tour-de-suisse-crash\/\" \/>\n<meta property=\"og:site_name\" content=\"\u0160koda We Love Cycling\" \/>\n<meta property=\"article:published_time\" content=\"2023-06-16T14:41:25+00:00\" \/>\n<meta property=\"article:modified_time\" content=\"2024-12-18T18:44:37+00:00\" \/>\n<meta property=\"og:image\" content=\"https:\/\/d2p6e6u75xmxt8.cloudfront.net\/2\/2023\/06\/Gino-Mader-CVR-profimedia-0783687605.webp\" \/>\n\t<meta property=\"og:image:width\" content=\"990\" \/>\n\t<meta property=\"og:image:height\" content=\"660\" \/>\n\t<meta property=\"og:image:type\" content=\"image\/webp\" \/>\n<meta name=\"author\" content=\"andreamchamp\" \/>\n<meta name=\"twitter:card\" content=\"summary_large_image\" \/>\n<meta name=\"twitter:label1\" content=\"Written by\" \/>\n\t<meta name=\"twitter:data1\" content=\"Siegfried Mortkowitz\" \/>\n\t<meta name=\"twitter:label2\" content=\"Est. reading time\" \/>\n\t<meta name=\"twitter:data2\" content=\"5\" \/>\n<script type=\"application\/ld+json\" class=\"yoast-schema-graph\">{\"@context\":\"https:\/\/schema.org\",\"@graph\":[{\"@type\":\"WebPage\",\"@id\":\"https:\/\/www.welovecycling.com\/wide\/2023\/06\/16\/gino-mader-dies-after-high-speed-tour-de-suisse-crash\/\",\"url\":\"https:\/\/www.welovecycling.com\/wide\/2023\/06\/16\/gino-mader-dies-after-high-speed-tour-de-suisse-crash\/\",\"name\":\"Gino M\u00e4der Dies After High-Speed Tour de Suisse Crash - \u0160koda We Love Cycling\",\"isPartOf\":{\"@id\":\"https:\/\/www.welovecycling.com\/wide\/#website\"},\"primaryImageOfPage\":{\"@id\":\"https:\/\/www.welovecycling.com\/wide\/2023\/06\/16\/gino-mader-dies-after-high-speed-tour-de-suisse-crash\/#primaryimage\"},\"image\":{\"@id\":\"https:\/\/www.welovecycling.com\/wide\/2023\/06\/16\/gino-mader-dies-after-high-speed-tour-de-suisse-crash\/#primaryimage\"},\"thumbnailUrl\":\"https:\/\/d2p6e6u75xmxt8.cloudfront.net\/2\/2023\/06\/Gino-Mader-CVR-profimedia-0783687605.webp\",\"datePublished\":\"2023-06-16T14:41:25+00:00\",\"dateModified\":\"2024-12-18T18:44:37+00:00\",\"author\":{\"@id\":\"https:\/\/www.welovecycling.com\/wide\/#\/schema\/person\/aacfad255a8e6289bb4427c1cb01dde3\"},\"description\":\"The Swiss rider Gino M\u00e4der died Friday after he crashed and fell into a ravine on a high-speed descent during Thursday\u2019s stage 5 of the Tour de Suisse.\",\"breadcrumb\":{\"@id\":\"https:\/\/www.welovecycling.com\/wide\/2023\/06\/16\/gino-mader-dies-after-high-speed-tour-de-suisse-crash\/#breadcrumb\"},\"inLanguage\":\"en-US\",\"potentialAction\":[{\"@type\":\"ReadAction\",\"target\":[\"https:\/\/www.welovecycling.com\/wide\/2023\/06\/16\/gino-mader-dies-after-high-speed-tour-de-suisse-crash\/\"]}]},{\"@type\":\"ImageObject\",\"inLanguage\":\"en-US\",\"@id\":\"https:\/\/www.welovecycling.com\/wide\/2023\/06\/16\/gino-mader-dies-after-high-speed-tour-de-suisse-crash\/#primaryimage\",\"url\":\"https:\/\/d2p6e6u75xmxt8.cloudfront.net\/2\/2023\/06\/Gino-Mader-CVR-profimedia-0783687605.webp\",\"contentUrl\":\"https:\/\/d2p6e6u75xmxt8.cloudfront.net\/2\/2023\/06\/Gino-Mader-CVR-profimedia-0783687605.webp\",\"width\":990,\"height\":660,\"caption\":\"Gino Mader\"},{\"@type\":\"BreadcrumbList\",\"@id\":\"https:\/\/www.welovecycling.com\/wide\/2023\/06\/16\/gino-mader-dies-after-high-speed-tour-de-suisse-crash\/#breadcrumb\",\"itemListElement\":[{\"@type\":\"ListItem\",\"position\":1,\"name\":\"Home\",\"item\":\"https:\/\/www.welovecycling.com\/wide\/\"},{\"@type\":\"ListItem\",\"position\":2,\"name\":\"Gino M\u00e4der Dies After High-Speed Tour de Suisse Crash\"}]},{\"@type\":\"WebSite\",\"@id\":\"https:\/\/www.welovecycling.com\/wide\/#website\",\"url\":\"https:\/\/www.welovecycling.com\/wide\/\",\"name\":\"\u0160koda We Love Cycling\",\"description\":\"\u0160koda We Love Cycling magazine\",\"alternateName\":\"\u0160koda WLC\",\"potentialAction\":[{\"@type\":\"SearchAction\",\"target\":{\"@type\":\"EntryPoint\",\"urlTemplate\":\"https:\/\/www.welovecycling.com\/wide\/?s={search_term_string}\"},\"query-input\":{\"@type\":\"PropertyValueSpecification\",\"valueRequired\":true,\"valueName\":\"search_term_string\"}}],\"inLanguage\":\"en-US\"},{\"@type\":\"Person\",\"@id\":\"https:\/\/www.welovecycling.com\/wide\/#\/schema\/person\/aacfad255a8e6289bb4427c1cb01dde3\",\"name\":\"andreamchamp\",\"image\":{\"@type\":\"ImageObject\",\"inLanguage\":\"en-US\",\"@id\":\"https:\/\/www.welovecycling.com\/wide\/#\/schema\/person\/image\/\",\"url\":\"https:\/\/secure.gravatar.com\/avatar\/ba05d11c94daa34f2e23b9af71171bd22a03f25a73c6016b9bc66788a88267f7?s=96&d=mm&r=g\",\"contentUrl\":\"https:\/\/secure.gravatar.com\/avatar\/ba05d11c94daa34f2e23b9af71171bd22a03f25a73c6016b9bc66788a88267f7?s=96&d=mm&r=g\",\"caption\":\"andreamchamp\"},\"url\":\"https:\/\/www.welovecycling.com\/wide\/author\/andreamchamp\/\"}]}<\/script>\n<!-- \/ Yoast SEO Premium plugin. -->","yoast_head_json":{"title":"Gino M\u00e4der Dies After High-Speed Tour de Suisse Crash - \u0160koda We Love Cycling","description":"The Swiss rider Gino M\u00e4der died Friday after he crashed and fell into a ravine on a high-speed descent during Thursday\u2019s stage 5 of the Tour de Suisse.","robots":{"index":"index","follow":"follow","max-snippet":"max-snippet:-1","max-image-preview":"max-image-preview:large","max-video-preview":"max-video-preview:-1"},"canonical":"https:\/\/www.welovecycling.com\/wide\/2023\/06\/16\/gino-mader-dies-after-high-speed-tour-de-suisse-crash\/","og_locale":"en_US","og_type":"article","og_title":"Gino M\u00e4der Dies After High-Speed Tour de Suisse Crash","og_description":"The Swiss rider Gino M\u00e4der died Friday after he crashed and fell into a ravine on a high-speed descent during Thursday\u2019s stage 5 of the Tour de Suisse.","og_url":"https:\/\/www.welovecycling.com\/wide\/2023\/06\/16\/gino-mader-dies-after-high-speed-tour-de-suisse-crash\/","og_site_name":"\u0160koda We Love Cycling","article_published_time":"2023-06-16T14:41:25+00:00","article_modified_time":"2024-12-18T18:44:37+00:00","og_image":[{"width":990,"height":660,"url":"https:\/\/d2p6e6u75xmxt8.cloudfront.net\/2\/2023\/06\/Gino-Mader-CVR-profimedia-0783687605.webp","type":"image\/webp"}],"author":"andreamchamp","twitter_card":"summary_large_image","twitter_misc":{"Written by":"Siegfried Mortkowitz","Est. reading time":"5"},"schema":{"@context":"https:\/\/schema.org","@graph":[{"@type":"WebPage","@id":"https:\/\/www.welovecycling.com\/wide\/2023\/06\/16\/gino-mader-dies-after-high-speed-tour-de-suisse-crash\/","url":"https:\/\/www.welovecycling.com\/wide\/2023\/06\/16\/gino-mader-dies-after-high-speed-tour-de-suisse-crash\/","name":"Gino M\u00e4der Dies After High-Speed Tour de Suisse Crash - \u0160koda We Love Cycling","isPartOf":{"@id":"https:\/\/www.welovecycling.com\/wide\/#website"},"primaryImageOfPage":{"@id":"https:\/\/www.welovecycling.com\/wide\/2023\/06\/16\/gino-mader-dies-after-high-speed-tour-de-suisse-crash\/#primaryimage"},"image":{"@id":"https:\/\/www.welovecycling.com\/wide\/2023\/06\/16\/gino-mader-dies-after-high-speed-tour-de-suisse-crash\/#primaryimage"},"thumbnailUrl":"https:\/\/d2p6e6u75xmxt8.cloudfront.net\/2\/2023\/06\/Gino-Mader-CVR-profimedia-0783687605.webp","datePublished":"2023-06-16T14:41:25+00:00","dateModified":"2024-12-18T18:44:37+00:00","author":{"@id":"https:\/\/www.welovecycling.com\/wide\/#\/schema\/person\/aacfad255a8e6289bb4427c1cb01dde3"},"description":"The Swiss rider Gino M\u00e4der died Friday after he crashed and fell into a ravine on a high-speed descent during Thursday\u2019s stage 5 of the Tour de Suisse.","breadcrumb":{"@id":"https:\/\/www.welovecycling.com\/wide\/2023\/06\/16\/gino-mader-dies-after-high-speed-tour-de-suisse-crash\/#breadcrumb"},"inLanguage":"en-US","potentialAction":[{"@type":"ReadAction","target":["https:\/\/www.welovecycling.com\/wide\/2023\/06\/16\/gino-mader-dies-after-high-speed-tour-de-suisse-crash\/"]}]},{"@type":"ImageObject","inLanguage":"en-US","@id":"https:\/\/www.welovecycling.com\/wide\/2023\/06\/16\/gino-mader-dies-after-high-speed-tour-de-suisse-crash\/#primaryimage","url":"https:\/\/d2p6e6u75xmxt8.cloudfront.net\/2\/2023\/06\/Gino-Mader-CVR-profimedia-0783687605.webp","contentUrl":"https:\/\/d2p6e6u75xmxt8.cloudfront.net\/2\/2023\/06\/Gino-Mader-CVR-profimedia-0783687605.webp","width":990,"height":660,"caption":"Gino Mader"},{"@type":"BreadcrumbList","@id":"https:\/\/www.welovecycling.com\/wide\/2023\/06\/16\/gino-mader-dies-after-high-speed-tour-de-suisse-crash\/#breadcrumb","itemListElement":[{"@type":"ListItem","position":1,"name":"Home","item":"https:\/\/www.welovecycling.com\/wide\/"},{"@type":"ListItem","position":2,"name":"Gino M\u00e4der Dies After High-Speed Tour de Suisse Crash"}]},{"@type":"WebSite","@id":"https:\/\/www.welovecycling.com\/wide\/#website","url":"https:\/\/www.welovecycling.com\/wide\/","name":"\u0160koda We Love Cycling","description":"\u0160koda We Love Cycling magazine","alternateName":"\u0160koda WLC","potentialAction":[{"@type":"SearchAction","target":{"@type":"EntryPoint","urlTemplate":"https:\/\/www.welovecycling.com\/wide\/?s={search_term_string}"},"query-input":{"@type":"PropertyValueSpecification","valueRequired":true,"valueName":"search_term_string"}}],"inLanguage":"en-US"},{"@type":"Person","@id":"https:\/\/www.welovecycling.com\/wide\/#\/schema\/person\/aacfad255a8e6289bb4427c1cb01dde3","name":"andreamchamp","image":{"@type":"ImageObject","inLanguage":"en-US","@id":"https:\/\/www.welovecycling.com\/wide\/#\/schema\/person\/image\/","url":"https:\/\/secure.gravatar.com\/avatar\/ba05d11c94daa34f2e23b9af71171bd22a03f25a73c6016b9bc66788a88267f7?s=96&d=mm&r=g","contentUrl":"https:\/\/secure.gravatar.com\/avatar\/ba05d11c94daa34f2e23b9af71171bd22a03f25a73c6016b9bc66788a88267f7?s=96&d=mm&r=g","caption":"andreamchamp"},"url":"https:\/\/www.welovecycling.com\/wide\/author\/andreamchamp\/"}]}},"_links":{"self":[{"href":"https:\/\/www.welovecycling.com\/wide\/wp-json\/wp\/v2\/posts\/193059","targetHints":{"allow":["GET"]}}],"collection":[{"href":"https:\/\/www.welovecycling.com\/wide\/wp-json\/wp\/v2\/posts"}],"about":[{"href":"https:\/\/www.welovecycling.com\/wide\/wp-json\/wp\/v2\/types\/post"}],"author":[{"embeddable":true,"href":"https:\/\/www.welovecycling.com\/wide\/wp-json\/wp\/v2\/users\/155"}],"replies":[{"embeddable":true,"href":"https:\/\/www.welovecycling.com\/wide\/wp-json\/wp\/v2\/comments?post=193059"}],"version-history":[{"count":3,"href":"https:\/\/www.welovecycling.com\/wide\/wp-json\/wp\/v2\/posts\/193059\/revisions"}],"predecessor-version":[{"id":197529,"href":"https:\/\/www.welovecycling.com\/wide\/wp-json\/wp\/v2\/posts\/193059\/revisions\/197529"}],"wp:featuredmedia":[{"embeddable":true,"href":"https:\/\/www.welovecycling.com\/wide\/wp-json\/wp\/v2\/media\/193060"}],"wp:attachment":[{"href":"https:\/\/www.welovecycling.com\/wide\/wp-json\/wp\/v2\/media?parent=193059"}],"wp:term":[{"taxonomy":"category","embeddable":true,"href":"https:\/\/www.welovecycling.com\/wide\/wp-json\/wp\/v2\/categories?post=193059"},{"taxonomy":"post_tag","embeddable":true,"href":"https:\/\/www.welovecycling.com\/wide\/wp-json\/wp\/v2\/tags?post=193059"},{"taxonomy":"global-categories","embeddable":true,"href":"https:\/\/www.welovecycling.com\/wide\/wp-json\/wp\/v2\/global-categories?post=193059"}],"curies":[{"name":"wp","href":"https:\/\/api.w.org\/{rel}","templated":true}]}}