{"id":192876,"date":"2023-05-23T13:35:12","date_gmt":"2023-05-23T13:35:12","guid":{"rendered":"https:\/\/www.welovecycling.com\/wide\/?p=192876"},"modified":"2023-05-30T13:39:06","modified_gmt":"2023-05-30T13:39:06","slug":"team-eolo-kometa-at-giro-ditalia-riders-point-of-view","status":"publish","type":"post","link":"https:\/\/www.welovecycling.com\/wide\/2023\/05\/23\/team-eolo-kometa-at-giro-ditalia-riders-point-of-view\/","title":{"rendered":"Team EOLO KOMETA at Giro d\u2019Italia \u2013 Rider\u2019s Point of View"},"content":{"rendered":"<p style=\"font-weight: 400;\"><strong>In the next part of the series, we asked the riders on the team about their perspective. Every cyclist plays a different and essential role on the team. We talked to the team captain, the team\u2019s General Classification (GC) contender, and a sprinter specialist.<\/strong><\/p>\n<p><!--more--><\/p>\n<p style=\"font-weight: 400;\"><em>We started the interview with the team captain, Francesco Gavazzi.<\/em><\/p>\n<h4>What qualities do you think are essential for a successful team captain, and how have you developed these skills over your career?<\/h4>\n<p style=\"font-weight: 400;\">A successful team captain must maintain a clear and composed mindset, even in complex and chaotic situations. They need to be able to manage the team effectively and decisively when necessary. A captain should also have a holistic vision of the team, often prioritizing collective goals over personal ambitions.<\/p>\n<h4>Can you provide an example of a critical decision you made as team captain during a previous race that positively impacted the team&#8217;s performance?<\/h4>\n<p style=\"font-weight: 400;\">Decisions in cycling must be made in fractions of a second, which requires clarity and experience. In the Giro, two notable incidents come to mind: one involved Alba (Vincenzo Albanese) joining the breakaway on the stage of Genoa. On the radio, I yelled for a minute straight telling them it was the right breakaway, and in fact they made it to the finish. In another instance, during the stage in Veneto, I insisted on staying ahead with Fortu (Lorenzo Fortunato) in front of Poggio. On the descent, as the group broke we stayed in the front 50.<\/p>\n<h4>How do you balance your own ambitions and goals with the overall objectives of the team, and how do you support your teammates to achieve their individual goals?<\/h4>\n<p style=\"font-weight: 400;\">As a captain, it&#8217;s crucial to prioritize the team&#8217;s needs over personal desires. However, there are still opportunities for me to pursue individual achievements. The team always comes first.<\/p>\n<p style=\"font-weight: 400;\">Many of my teammates are fifteen years younger than I am, and I view them as younger siblings. In the hectic and stressful world of cycling, it&#8217;s common for them to feel disheartened after setbacks. A captain&#8217;s role is to communicate, provide a listening ear, and offer support during these difficult times.<\/p>\n<p style=\"font-weight: 400;\"><em>We also talked to the General Classification (GC) contender, Lorenzo Fortunato.<\/em><\/p>\n<figure id=\"attachment_192879\" aria-describedby=\"caption-attachment-192879\" style=\"width: 990px\" class=\"wp-caption alignnone\"><a href=\"https:\/\/d2p6e6u75xmxt8.cloudfront.net\/2\/2023\/05\/Eolo-Kometa-Pack-CVR.webp\"><img loading=\"lazy\" decoding=\"async\" class=\"wp-image-192879 size-full\" src=\"https:\/\/d2p6e6u75xmxt8.cloudfront.net\/2\/2023\/05\/Eolo-Kometa-Pack-CVR.webp\" alt=\"Team EOLO KOMETA\" width=\"990\" height=\"660\" srcset=\"https:\/\/d2p6e6u75xmxt8.cloudfront.net\/2\/2023\/05\/Eolo-Kometa-Pack-CVR.webp 990w, https:\/\/d2p6e6u75xmxt8.cloudfront.net\/2\/2023\/05\/Eolo-Kometa-Pack-CVR-300x200.webp 300w, https:\/\/d2p6e6u75xmxt8.cloudfront.net\/2\/2023\/05\/Eolo-Kometa-Pack-CVR-768x512.webp 768w, https:\/\/d2p6e6u75xmxt8.cloudfront.net\/2\/2023\/05\/Eolo-Kometa-Pack-CVR-400x267.webp 400w, https:\/\/d2p6e6u75xmxt8.cloudfront.net\/2\/2023\/05\/Eolo-Kometa-Pack-CVR-272x182.webp 272w\" sizes=\"auto, (max-width: 990px) 100vw, 990px\" \/><\/a><figcaption id=\"caption-attachment-192879\" class=\"wp-caption-text\">Riders commonly face two types of injuries: traumatic and non-traumatic.<\/figcaption><\/figure>\n<h4>Can you provide an example of a key moment in a previous race where your team&#8217;s support was instrumental in your GC performance?<\/h4>\n<p style=\"font-weight: 400;\">In a previous race, my team&#8217;s support was crucial during the beginning of a climb. They ensured I was well-positioned at the front of the group. Additionally, in cases of punctures or mechanical failures, having teammates ready and nearby to assist me was vital.<\/p>\n<h4>How do you handle the pressure and expectations that come with being a GC contender, both from yourself and from the team?<\/h4>\n<p style=\"font-weight: 400;\">Rather than feeling burdened by pressure, I find it motivating and morale-boosting.<\/p>\n<h4>How do you maintain focus and resilience over the course of a three-week race, especially during difficult stages or setbacks?<\/h4>\n<p style=\"font-weight: 400;\">I think is important to stay calm both in the race and after the race, not to get caught up in the excitement or mood swings. I always tell myself, &#8220;Don&#8217;t get excited when you go fast, and don&#8217;t get depressed when you go slow.&#8221; Plus, I believe that by the third week, my opponents will be tired, which helps me stay focused and resilient.<\/p>\n<p style=\"font-weight: 400;\"><em>We were also interested in the perspective of a sprinter specialist, which lead us to Vincenzo Albanese.<\/em><\/p>\n<h4>What physical and mental attributes make a successful sprinter?<\/h4>\n<p style=\"font-weight: 400;\">A successful sprinter possesses fearlessness and clarity of mind when handling high speeds at the front of the pack.<\/p>\n<h4>How do you maintain your motivation and focus during stages that may not be suited to your sprinting, such as mountain stages?<\/h4>\n<p style=\"font-weight: 400;\">During stages with significant elevation gain, I maintain the same level of determination and concentration as in sprints. I stay motivated by thinking about the upcoming stages that will be more suited to my strengths as a sprinter.<\/p>\n","protected":false},"excerpt":{"rendered":"<p>In the next part of the series, we asked the riders on the team about their perspective. Every cyclist plays [&hellip;]<\/p>\n","protected":false},"author":99,"featured_media":192878,"comment_status":"closed","ping_status":"open","sticky":false,"template":"","format":"standard","meta":{"footnotes":""},"categories":[332,329],"tags":[7146,402,7183,2720,7145],"global-categories":[3366],"class_list":["post-192876","post","type-post","status-publish","format-standard","has-post-thumbnail","hentry","category-health-and-training","category-road-cycling","tag-2023-giro","tag-giro-ditalia","tag-lorenzo-fortunato","tag-pro-cycling","tag-team-eolo-kometa","global-categories-cycling"],"yoast_head":"<!-- This site is optimized with the Yoast SEO Premium plugin v25.3 (Yoast SEO v25.9) - https:\/\/yoast.com\/wordpress\/plugins\/seo\/ -->\n<title>Team EOLO KOMETA at Giro d\u2019Italia \u2013 Rider\u2019s Point of View<\/title>\n<meta name=\"description\" content=\"In the next part of the series, we asked the riders on the team about their perspective. Every cyclist plays a different and essential role on the team.\" \/>\n<meta name=\"robots\" content=\"index, follow, max-snippet:-1, max-image-preview:large, max-video-preview:-1\" \/>\n<link rel=\"canonical\" href=\"https:\/\/www.welovecycling.com\/wide\/2023\/05\/23\/team-eolo-kometa-at-giro-ditalia-riders-point-of-view\/\" \/>\n<meta property=\"og:locale\" content=\"en_US\" \/>\n<meta property=\"og:type\" content=\"article\" \/>\n<meta property=\"og:title\" content=\"Team EOLO KOMETA at Giro d\u2019Italia \u2013 Rider\u2019s Point of View\" \/>\n<meta property=\"og:description\" content=\"In the next part of the series, we asked the riders on the team about their perspective. Every cyclist plays a different and essential role on the team.\" \/>\n<meta property=\"og:url\" content=\"https:\/\/www.welovecycling.com\/wide\/2023\/05\/23\/team-eolo-kometa-at-giro-ditalia-riders-point-of-view\/\" \/>\n<meta property=\"og:site_name\" content=\"\u0160koda We Love Cycling\" \/>\n<meta property=\"article:published_time\" content=\"2023-05-23T13:35:12+00:00\" \/>\n<meta property=\"article:modified_time\" content=\"2023-05-30T13:39:06+00:00\" \/>\n<meta property=\"og:image\" content=\"https:\/\/d2p6e6u75xmxt8.cloudfront.net\/2\/2023\/05\/Eolo-Kometa-Rider-CVR.webp\" \/>\n\t<meta property=\"og:image:width\" content=\"990\" \/>\n\t<meta property=\"og:image:height\" content=\"660\" \/>\n\t<meta property=\"og:image:type\" content=\"image\/webp\" \/>\n<meta name=\"author\" content=\"tereza\" \/>\n<meta name=\"twitter:card\" content=\"summary_large_image\" \/>\n<meta name=\"twitter:label1\" content=\"Written by\" \/>\n\t<meta name=\"twitter:data1\" content=\"Jiri Kaloc\" \/>\n\t<meta name=\"twitter:label2\" content=\"Est. reading time\" \/>\n\t<meta name=\"twitter:data2\" content=\"5\" \/>\n<script type=\"application\/ld+json\" class=\"yoast-schema-graph\">{\"@context\":\"https:\/\/schema.org\",\"@graph\":[{\"@type\":\"WebPage\",\"@id\":\"https:\/\/www.welovecycling.com\/wide\/2023\/05\/23\/team-eolo-kometa-at-giro-ditalia-riders-point-of-view\/\",\"url\":\"https:\/\/www.welovecycling.com\/wide\/2023\/05\/23\/team-eolo-kometa-at-giro-ditalia-riders-point-of-view\/\",\"name\":\"Team EOLO KOMETA at Giro d\u2019Italia \u2013 Rider\u2019s Point of View\",\"isPartOf\":{\"@id\":\"https:\/\/www.welovecycling.com\/wide\/#website\"},\"primaryImageOfPage\":{\"@id\":\"https:\/\/www.welovecycling.com\/wide\/2023\/05\/23\/team-eolo-kometa-at-giro-ditalia-riders-point-of-view\/#primaryimage\"},\"image\":{\"@id\":\"https:\/\/www.welovecycling.com\/wide\/2023\/05\/23\/team-eolo-kometa-at-giro-ditalia-riders-point-of-view\/#primaryimage\"},\"thumbnailUrl\":\"https:\/\/d2p6e6u75xmxt8.cloudfront.net\/2\/2023\/05\/Eolo-Kometa-Rider-CVR.webp\",\"datePublished\":\"2023-05-23T13:35:12+00:00\",\"dateModified\":\"2023-05-30T13:39:06+00:00\",\"author\":{\"@id\":\"https:\/\/www.welovecycling.com\/wide\/#\/schema\/person\/50f01ecd18718d2333cf72e823c4f926\"},\"description\":\"In the next part of the series, we asked the riders on the team about their perspective. Every cyclist plays a different and essential role on the team.\",\"breadcrumb\":{\"@id\":\"https:\/\/www.welovecycling.com\/wide\/2023\/05\/23\/team-eolo-kometa-at-giro-ditalia-riders-point-of-view\/#breadcrumb\"},\"inLanguage\":\"en-US\",\"potentialAction\":[{\"@type\":\"ReadAction\",\"target\":[\"https:\/\/www.welovecycling.com\/wide\/2023\/05\/23\/team-eolo-kometa-at-giro-ditalia-riders-point-of-view\/\"]}]},{\"@type\":\"ImageObject\",\"inLanguage\":\"en-US\",\"@id\":\"https:\/\/www.welovecycling.com\/wide\/2023\/05\/23\/team-eolo-kometa-at-giro-ditalia-riders-point-of-view\/#primaryimage\",\"url\":\"https:\/\/d2p6e6u75xmxt8.cloudfront.net\/2\/2023\/05\/Eolo-Kometa-Rider-CVR.webp\",\"contentUrl\":\"https:\/\/d2p6e6u75xmxt8.cloudfront.net\/2\/2023\/05\/Eolo-Kometa-Rider-CVR.webp\",\"width\":990,\"height\":660,\"caption\":\"Team EOLO KOMETA\"},{\"@type\":\"BreadcrumbList\",\"@id\":\"https:\/\/www.welovecycling.com\/wide\/2023\/05\/23\/team-eolo-kometa-at-giro-ditalia-riders-point-of-view\/#breadcrumb\",\"itemListElement\":[{\"@type\":\"ListItem\",\"position\":1,\"name\":\"Home\",\"item\":\"https:\/\/www.welovecycling.com\/wide\/\"},{\"@type\":\"ListItem\",\"position\":2,\"name\":\"Team EOLO KOMETA at Giro d\u2019Italia \u2013 Rider\u2019s Point of View\"}]},{\"@type\":\"WebSite\",\"@id\":\"https:\/\/www.welovecycling.com\/wide\/#website\",\"url\":\"https:\/\/www.welovecycling.com\/wide\/\",\"name\":\"\u0160koda We Love Cycling\",\"description\":\"\u0160koda We Love Cycling magazine\",\"alternateName\":\"\u0160koda WLC\",\"potentialAction\":[{\"@type\":\"SearchAction\",\"target\":{\"@type\":\"EntryPoint\",\"urlTemplate\":\"https:\/\/www.welovecycling.com\/wide\/?s={search_term_string}\"},\"query-input\":{\"@type\":\"PropertyValueSpecification\",\"valueRequired\":true,\"valueName\":\"search_term_string\"}}],\"inLanguage\":\"en-US\"},{\"@type\":\"Person\",\"@id\":\"https:\/\/www.welovecycling.com\/wide\/#\/schema\/person\/50f01ecd18718d2333cf72e823c4f926\",\"name\":\"tereza\",\"image\":{\"@type\":\"ImageObject\",\"inLanguage\":\"en-US\",\"@id\":\"https:\/\/www.welovecycling.com\/wide\/#\/schema\/person\/image\/\",\"url\":\"https:\/\/secure.gravatar.com\/avatar\/1f9eb71be33845f0afabce3791bc1c58ecdb0a25c62964987e5dbcf7a20d2ec7?s=96&d=mm&r=g\",\"contentUrl\":\"https:\/\/secure.gravatar.com\/avatar\/1f9eb71be33845f0afabce3791bc1c58ecdb0a25c62964987e5dbcf7a20d2ec7?s=96&d=mm&r=g\",\"caption\":\"tereza\"},\"url\":\"https:\/\/www.welovecycling.com\/wide\/author\/tereza\/\"}]}<\/script>\n<!-- \/ Yoast SEO Premium plugin. -->","yoast_head_json":{"title":"Team EOLO KOMETA at Giro d\u2019Italia \u2013 Rider\u2019s Point of View","description":"In the next part of the series, we asked the riders on the team about their perspective. Every cyclist plays a different and essential role on the team.","robots":{"index":"index","follow":"follow","max-snippet":"max-snippet:-1","max-image-preview":"max-image-preview:large","max-video-preview":"max-video-preview:-1"},"canonical":"https:\/\/www.welovecycling.com\/wide\/2023\/05\/23\/team-eolo-kometa-at-giro-ditalia-riders-point-of-view\/","og_locale":"en_US","og_type":"article","og_title":"Team EOLO KOMETA at Giro d\u2019Italia \u2013 Rider\u2019s Point of View","og_description":"In the next part of the series, we asked the riders on the team about their perspective. Every cyclist plays a different and essential role on the team.","og_url":"https:\/\/www.welovecycling.com\/wide\/2023\/05\/23\/team-eolo-kometa-at-giro-ditalia-riders-point-of-view\/","og_site_name":"\u0160koda We Love Cycling","article_published_time":"2023-05-23T13:35:12+00:00","article_modified_time":"2023-05-30T13:39:06+00:00","og_image":[{"width":990,"height":660,"url":"https:\/\/d2p6e6u75xmxt8.cloudfront.net\/2\/2023\/05\/Eolo-Kometa-Rider-CVR.webp","type":"image\/webp"}],"author":"tereza","twitter_card":"summary_large_image","twitter_misc":{"Written by":"Jiri Kaloc","Est. reading time":"5"},"schema":{"@context":"https:\/\/schema.org","@graph":[{"@type":"WebPage","@id":"https:\/\/www.welovecycling.com\/wide\/2023\/05\/23\/team-eolo-kometa-at-giro-ditalia-riders-point-of-view\/","url":"https:\/\/www.welovecycling.com\/wide\/2023\/05\/23\/team-eolo-kometa-at-giro-ditalia-riders-point-of-view\/","name":"Team EOLO KOMETA at Giro d\u2019Italia \u2013 Rider\u2019s Point of View","isPartOf":{"@id":"https:\/\/www.welovecycling.com\/wide\/#website"},"primaryImageOfPage":{"@id":"https:\/\/www.welovecycling.com\/wide\/2023\/05\/23\/team-eolo-kometa-at-giro-ditalia-riders-point-of-view\/#primaryimage"},"image":{"@id":"https:\/\/www.welovecycling.com\/wide\/2023\/05\/23\/team-eolo-kometa-at-giro-ditalia-riders-point-of-view\/#primaryimage"},"thumbnailUrl":"https:\/\/d2p6e6u75xmxt8.cloudfront.net\/2\/2023\/05\/Eolo-Kometa-Rider-CVR.webp","datePublished":"2023-05-23T13:35:12+00:00","dateModified":"2023-05-30T13:39:06+00:00","author":{"@id":"https:\/\/www.welovecycling.com\/wide\/#\/schema\/person\/50f01ecd18718d2333cf72e823c4f926"},"description":"In the next part of the series, we asked the riders on the team about their perspective. Every cyclist plays a different and essential role on the team.","breadcrumb":{"@id":"https:\/\/www.welovecycling.com\/wide\/2023\/05\/23\/team-eolo-kometa-at-giro-ditalia-riders-point-of-view\/#breadcrumb"},"inLanguage":"en-US","potentialAction":[{"@type":"ReadAction","target":["https:\/\/www.welovecycling.com\/wide\/2023\/05\/23\/team-eolo-kometa-at-giro-ditalia-riders-point-of-view\/"]}]},{"@type":"ImageObject","inLanguage":"en-US","@id":"https:\/\/www.welovecycling.com\/wide\/2023\/05\/23\/team-eolo-kometa-at-giro-ditalia-riders-point-of-view\/#primaryimage","url":"https:\/\/d2p6e6u75xmxt8.cloudfront.net\/2\/2023\/05\/Eolo-Kometa-Rider-CVR.webp","contentUrl":"https:\/\/d2p6e6u75xmxt8.cloudfront.net\/2\/2023\/05\/Eolo-Kometa-Rider-CVR.webp","width":990,"height":660,"caption":"Team EOLO KOMETA"},{"@type":"BreadcrumbList","@id":"https:\/\/www.welovecycling.com\/wide\/2023\/05\/23\/team-eolo-kometa-at-giro-ditalia-riders-point-of-view\/#breadcrumb","itemListElement":[{"@type":"ListItem","position":1,"name":"Home","item":"https:\/\/www.welovecycling.com\/wide\/"},{"@type":"ListItem","position":2,"name":"Team EOLO KOMETA at Giro d\u2019Italia \u2013 Rider\u2019s Point of View"}]},{"@type":"WebSite","@id":"https:\/\/www.welovecycling.com\/wide\/#website","url":"https:\/\/www.welovecycling.com\/wide\/","name":"\u0160koda We Love Cycling","description":"\u0160koda We Love Cycling magazine","alternateName":"\u0160koda WLC","potentialAction":[{"@type":"SearchAction","target":{"@type":"EntryPoint","urlTemplate":"https:\/\/www.welovecycling.com\/wide\/?s={search_term_string}"},"query-input":{"@type":"PropertyValueSpecification","valueRequired":true,"valueName":"search_term_string"}}],"inLanguage":"en-US"},{"@type":"Person","@id":"https:\/\/www.welovecycling.com\/wide\/#\/schema\/person\/50f01ecd18718d2333cf72e823c4f926","name":"tereza","image":{"@type":"ImageObject","inLanguage":"en-US","@id":"https:\/\/www.welovecycling.com\/wide\/#\/schema\/person\/image\/","url":"https:\/\/secure.gravatar.com\/avatar\/1f9eb71be33845f0afabce3791bc1c58ecdb0a25c62964987e5dbcf7a20d2ec7?s=96&d=mm&r=g","contentUrl":"https:\/\/secure.gravatar.com\/avatar\/1f9eb71be33845f0afabce3791bc1c58ecdb0a25c62964987e5dbcf7a20d2ec7?s=96&d=mm&r=g","caption":"tereza"},"url":"https:\/\/www.welovecycling.com\/wide\/author\/tereza\/"}]}},"_links":{"self":[{"href":"https:\/\/www.welovecycling.com\/wide\/wp-json\/wp\/v2\/posts\/192876","targetHints":{"allow":["GET"]}}],"collection":[{"href":"https:\/\/www.welovecycling.com\/wide\/wp-json\/wp\/v2\/posts"}],"about":[{"href":"https:\/\/www.welovecycling.com\/wide\/wp-json\/wp\/v2\/types\/post"}],"author":[{"embeddable":true,"href":"https:\/\/www.welovecycling.com\/wide\/wp-json\/wp\/v2\/users\/99"}],"replies":[{"embeddable":true,"href":"https:\/\/www.welovecycling.com\/wide\/wp-json\/wp\/v2\/comments?post=192876"}],"version-history":[{"count":2,"href":"https:\/\/www.welovecycling.com\/wide\/wp-json\/wp\/v2\/posts\/192876\/revisions"}],"predecessor-version":[{"id":192881,"href":"https:\/\/www.welovecycling.com\/wide\/wp-json\/wp\/v2\/posts\/192876\/revisions\/192881"}],"wp:featuredmedia":[{"embeddable":true,"href":"https:\/\/www.welovecycling.com\/wide\/wp-json\/wp\/v2\/media\/192878"}],"wp:attachment":[{"href":"https:\/\/www.welovecycling.com\/wide\/wp-json\/wp\/v2\/media?parent=192876"}],"wp:term":[{"taxonomy":"category","embeddable":true,"href":"https:\/\/www.welovecycling.com\/wide\/wp-json\/wp\/v2\/categories?post=192876"},{"taxonomy":"post_tag","embeddable":true,"href":"https:\/\/www.welovecycling.com\/wide\/wp-json\/wp\/v2\/tags?post=192876"},{"taxonomy":"global-categories","embeddable":true,"href":"https:\/\/www.welovecycling.com\/wide\/wp-json\/wp\/v2\/global-categories?post=192876"}],"curies":[{"name":"wp","href":"https:\/\/api.w.org\/{rel}","templated":true}]}}