{"id":192798,"date":"2023-05-02T07:03:11","date_gmt":"2023-05-02T07:03:11","guid":{"rendered":"https:\/\/www.welovecycling.com\/wide\/?p=192798"},"modified":"2023-05-22T07:09:06","modified_gmt":"2023-05-22T07:09:06","slug":"opinion-no-eddy-todays-riders-dont-lack-passion-theyre-just-not-you","status":"publish","type":"post","link":"https:\/\/www.welovecycling.com\/wide\/2023\/05\/02\/opinion-no-eddy-todays-riders-dont-lack-passion-theyre-just-not-you\/","title":{"rendered":"Opinion: No, Eddy, Today\u2019s Riders Don\u2019t Lack Passion \u2013 They\u2019re Just Not You"},"content":{"rendered":"<p style=\"font-weight: 400;\"><strong>Eddy Merckx is unquestionably the greatest road racer since the beginning of recorded history, so when he talks about cycling, people listen. They also listen because he is intelligent and generous with the knowledge and savoir-faire he picked up in his 13-year professional career. However, lately, the Cannibal has made public statements that suggest that either he does not quite understand how the sport has changed since his day or that he has not given his declarations enough thought.<\/strong><\/p>\n<p style=\"font-weight: 400;\"><!--more--><\/p>\n<p style=\"font-weight: 400;\">Take, for example, his criticism of Wout van Aert <a href=\"https:\/\/www.welovecycling.com\/wide\/2023\/04\/05\/criticism-of-wout-van-aert-reveals-a-generational-divide\/\">gifting victory<\/a> in this year\u2019s Gent-Wevelgem to his Jumbo-Visma teammate and friend Christophe Laporte. Or his latest suggestion, <a href=\"https:\/\/www.ilmessaggero.it\/sport\/altrisport\/eddy_merckx_oggi_cuore_pogacar_italiani_bici-7358166.html?refresh_ce\">in the pages of Il Messagero<\/a>, that \u201ctoday&#8217;s riders evidently don&#8217;t really like cycling, in cycling you need passion.\u201d This was, he went on, because most current riders \u201conly think about one race, it&#8217;s as if they don&#8217;t care about the others.\u201d<\/p>\n<p style=\"font-weight: 400;\">The statement was part of a longer declaration in praise of Tadej Poga\u010dar, who, according to Merckx, \u201craces all year round, he does the Classics, he does Roubaix, he does everything. He&#8217;s not one of those you only see in stage races,&#8221; as opposed to, presumably, most of \u201ctoday\u2019s riders.\u201d In addition, the now-injured two-time Tour de France winner \u201cclimbs, he rides on cobblestones, he rides everywhere, he knows how to manage himself, he knows how to correct mistakes, he knows how to improve.\u00a0And he wins.\u201d<\/p>\n<p style=\"font-weight: 400;\">Finally, Merckx said about the Slovenian, \u201cI&#8217;m happy to see that there is a rider who doesn&#8217;t prepare for just one race. <a href=\"https:\/\/cyclinguptodate.com\/cycling\">Cycling<\/a>\u00a0is not just the Giro d&#8217;Italia or the Tour de France; cycling is all year round.\u201d Everything he said in this interview about Poga\u010dar is true. It is also true about another rider, Eddy Merckx, who in 1975 rode in a staggering 195 races and, according to <a href=\"https:\/\/www.theguardian.com\/lifeandstyle\/2013\/jun\/29\/eddy-merckx-this-much-i-know\">the Guardian,<\/a> competed in 1,413 races from 1966 to 1977, or an average of 128 a year. If there is one rider today who has taken Merckx as a role model and appears to have the same hunger, stamina and legs, it is Tadej Poga\u010dar. No wonder Merckx said, \u201cI like Poga\u010dar a lot.\u201d<\/p>\n<p style=\"font-weight: 400;\">But it is unfair and unrealistic to expect other riders to approach their careers in the same way, because the sport has changed a great deal since Merckx dominated it. For one thing, there is the money. As Merckx himself told the Guardian in 2013, \u201cSir <a href=\"https:\/\/www.theguardian.com\/sport\/2013\/jun\/21\/bradley-wiggins-never-ride-tour-de-france-again\">Bradley Wiggins<\/a>\u00a0made \u00a36m last year\u2026 if I could have made \u00a36m in a year I wouldn\u2019t have ridden as much. You had to ride a lot back then to make money.\u201d<\/p>\n<p style=\"font-weight: 400;\">Then there is the fact that few riders draw up their own racing schedules. Their schedules are determined by the teams that pay their generous salaries so that their riders will not have to ride all those races to make a decent living. I imagine that even world road-race champion Remco Evenepoel, at this stage of his career, still follows the commandments of his Soudal\u2013Quick Step boss, Patrick Lefevere. Otherwise, considering how ambitious he is, he might already have tackled the Tour de France.<\/p>\n<p style=\"font-weight: 400;\">In addition, road racing today is considerably faster than it was in the 1960s and 70s. That is due to the bike and training technology and to the greater fitness of the modern professional cyclist. Training methods have improved, diet plays a far greater role and the ready availability of lots of relevant data have made today\u2019s riders \u2013 there is no other way to say it \u2013 better and faster than they were when Merckx competed.<\/p>\n<p style=\"font-weight: 400;\">On the other hand, that has made road racing more competitive and more dangerous \u2013 as have the bigger pelotons and larger number of teams in a race. In the 1975 Tour de France, 140 riders from 10 teams were at the start line; in 2022, 176 riders from 22 teams appeared for the Grand D\u00e9part. That adds to the stress, the fatigue and the risks of crashing.<\/p>\n<p style=\"font-weight: 400;\">Poga\u010dar crashed in the Li\u00e8ge-Bastogne-Li\u00e8ge and broke his wrist because he was caught up in the fall of EF Education-EasyPost&#8217;s Mikkel Honor\u00e9, who had suffered a double puncture. But the Slovenian always seemed to be able to avoid crashes before \u2013 this was the first time in his career that he quit a race because of a crash. Did fatigue play a part in his crash? Maybe. Perhaps his reaction time was just a little bit slower because Li\u00e8ge was his third tough race in eight days. Anyone active in a high-performance sport knows that you tend to be hurt more easily when you are tired. And you also tend to win less. It is telling that the year Merckx rode in 195 races, 1975, he did not win the Tour de France because he crashed and broke his jaw. He did finish the race \u2013 and came in second!<\/p>\n<p style=\"font-weight: 400;\">And finally, as Merckx must surely know, not all riders are created equal. Riders like the great Belgian and Poga\u010dar come along only once in a half-century. No one else possesses their ability to maintain a superior level of fitness for long periods of time, their powers of recuperation after a punishing race, or their hunger for victory. Merckx was and Poga\u010dar is one of a kind in their respective eras.<\/p>\n<p style=\"font-weight: 400;\">You can\u2019t expect every rider in the peloton to be you, Eddy.<\/p>\n","protected":false},"excerpt":{"rendered":"<p>Eddy Merckx is unquestionably the greatest road racer since the beginning of recorded history, so when he talks about cycling, [&hellip;]<\/p>\n","protected":false},"author":99,"featured_media":192799,"comment_status":"closed","ping_status":"open","sticky":false,"template":"","format":"standard","meta":{"footnotes":""},"categories":[329],"tags":[7113,5020,954,583,3415],"global-categories":[3366],"class_list":["post-192798","post","type-post","status-publish","format-standard","has-post-thumbnail","hentry","category-road-cycling","tag-2023-liege-bastogne-liege","tag-christophe-laporte","tag-eddy-merckx","tag-road-cycling","tag-tadej-pogacar","global-categories-cycling"],"yoast_head":"<!-- This site is optimized with the Yoast SEO Premium plugin v25.3 (Yoast SEO v25.9) - https:\/\/yoast.com\/wordpress\/plugins\/seo\/ -->\n<title>Eddy Merckx&#039;s Comments on Racing - We Love Cycling<\/title>\n<meta name=\"description\" content=\"Eddy Merckx is unquestionably the greatest road racer since the beginning of recorded history, so when he talks about cycling, people listen. They also\" \/>\n<meta name=\"robots\" content=\"index, follow, max-snippet:-1, max-image-preview:large, max-video-preview:-1\" \/>\n<link rel=\"canonical\" href=\"https:\/\/www.welovecycling.com\/wide\/2023\/05\/02\/opinion-no-eddy-todays-riders-dont-lack-passion-theyre-just-not-you\/\" \/>\n<meta property=\"og:locale\" content=\"en_US\" \/>\n<meta property=\"og:type\" content=\"article\" \/>\n<meta property=\"og:title\" content=\"Opinion: No, Eddy, Today\u2019s Riders Don\u2019t Lack Passion \u2013 They\u2019re Just Not You\" \/>\n<meta property=\"og:description\" content=\"Eddy Merckx is unquestionably the greatest road racer since the beginning of recorded history, so when he talks about cycling, people listen. They also\" \/>\n<meta property=\"og:url\" content=\"https:\/\/www.welovecycling.com\/wide\/2023\/05\/02\/opinion-no-eddy-todays-riders-dont-lack-passion-theyre-just-not-you\/\" \/>\n<meta property=\"og:site_name\" content=\"\u0160koda We Love Cycling\" \/>\n<meta property=\"article:published_time\" content=\"2023-05-02T07:03:11+00:00\" \/>\n<meta property=\"article:modified_time\" content=\"2023-05-22T07:09:06+00:00\" \/>\n<meta property=\"og:image\" content=\"https:\/\/d2p6e6u75xmxt8.cloudfront.net\/2\/2023\/05\/Eddy-Merckx-profimedia-0705685373-CVR.webp\" \/>\n\t<meta property=\"og:image:width\" content=\"990\" \/>\n\t<meta property=\"og:image:height\" content=\"660\" \/>\n\t<meta property=\"og:image:type\" content=\"image\/webp\" \/>\n<meta name=\"author\" content=\"tereza\" \/>\n<meta name=\"twitter:card\" content=\"summary_large_image\" \/>\n<meta name=\"twitter:label1\" content=\"Written by\" \/>\n\t<meta name=\"twitter:data1\" content=\"Siegfried Mortkowitz\" \/>\n\t<meta name=\"twitter:label2\" content=\"Est. reading time\" \/>\n\t<meta name=\"twitter:data2\" content=\"4\" \/>\n<script type=\"application\/ld+json\" class=\"yoast-schema-graph\">{\"@context\":\"https:\/\/schema.org\",\"@graph\":[{\"@type\":\"WebPage\",\"@id\":\"https:\/\/www.welovecycling.com\/wide\/2023\/05\/02\/opinion-no-eddy-todays-riders-dont-lack-passion-theyre-just-not-you\/\",\"url\":\"https:\/\/www.welovecycling.com\/wide\/2023\/05\/02\/opinion-no-eddy-todays-riders-dont-lack-passion-theyre-just-not-you\/\",\"name\":\"Eddy Merckx's Comments on Racing - We Love Cycling\",\"isPartOf\":{\"@id\":\"https:\/\/www.welovecycling.com\/wide\/#website\"},\"primaryImageOfPage\":{\"@id\":\"https:\/\/www.welovecycling.com\/wide\/2023\/05\/02\/opinion-no-eddy-todays-riders-dont-lack-passion-theyre-just-not-you\/#primaryimage\"},\"image\":{\"@id\":\"https:\/\/www.welovecycling.com\/wide\/2023\/05\/02\/opinion-no-eddy-todays-riders-dont-lack-passion-theyre-just-not-you\/#primaryimage\"},\"thumbnailUrl\":\"https:\/\/d2p6e6u75xmxt8.cloudfront.net\/2\/2023\/05\/Eddy-Merckx-profimedia-0705685373-CVR.webp\",\"datePublished\":\"2023-05-02T07:03:11+00:00\",\"dateModified\":\"2023-05-22T07:09:06+00:00\",\"author\":{\"@id\":\"https:\/\/www.welovecycling.com\/wide\/#\/schema\/person\/50f01ecd18718d2333cf72e823c4f926\"},\"description\":\"Eddy Merckx is unquestionably the greatest road racer since the beginning of recorded history, so when he talks about cycling, people listen. They also\",\"breadcrumb\":{\"@id\":\"https:\/\/www.welovecycling.com\/wide\/2023\/05\/02\/opinion-no-eddy-todays-riders-dont-lack-passion-theyre-just-not-you\/#breadcrumb\"},\"inLanguage\":\"en-US\",\"potentialAction\":[{\"@type\":\"ReadAction\",\"target\":[\"https:\/\/www.welovecycling.com\/wide\/2023\/05\/02\/opinion-no-eddy-todays-riders-dont-lack-passion-theyre-just-not-you\/\"]}]},{\"@type\":\"ImageObject\",\"inLanguage\":\"en-US\",\"@id\":\"https:\/\/www.welovecycling.com\/wide\/2023\/05\/02\/opinion-no-eddy-todays-riders-dont-lack-passion-theyre-just-not-you\/#primaryimage\",\"url\":\"https:\/\/d2p6e6u75xmxt8.cloudfront.net\/2\/2023\/05\/Eddy-Merckx-profimedia-0705685373-CVR.webp\",\"contentUrl\":\"https:\/\/d2p6e6u75xmxt8.cloudfront.net\/2\/2023\/05\/Eddy-Merckx-profimedia-0705685373-CVR.webp\",\"width\":990,\"height\":660,\"caption\":\"Eddy Merckx\"},{\"@type\":\"BreadcrumbList\",\"@id\":\"https:\/\/www.welovecycling.com\/wide\/2023\/05\/02\/opinion-no-eddy-todays-riders-dont-lack-passion-theyre-just-not-you\/#breadcrumb\",\"itemListElement\":[{\"@type\":\"ListItem\",\"position\":1,\"name\":\"Home\",\"item\":\"https:\/\/www.welovecycling.com\/wide\/\"},{\"@type\":\"ListItem\",\"position\":2,\"name\":\"Opinion: No, Eddy, Today\u2019s Riders Don\u2019t Lack Passion \u2013 They\u2019re Just Not You\"}]},{\"@type\":\"WebSite\",\"@id\":\"https:\/\/www.welovecycling.com\/wide\/#website\",\"url\":\"https:\/\/www.welovecycling.com\/wide\/\",\"name\":\"\u0160koda We Love Cycling\",\"description\":\"\u0160koda We Love Cycling magazine\",\"alternateName\":\"\u0160koda WLC\",\"potentialAction\":[{\"@type\":\"SearchAction\",\"target\":{\"@type\":\"EntryPoint\",\"urlTemplate\":\"https:\/\/www.welovecycling.com\/wide\/?s={search_term_string}\"},\"query-input\":{\"@type\":\"PropertyValueSpecification\",\"valueRequired\":true,\"valueName\":\"search_term_string\"}}],\"inLanguage\":\"en-US\"},{\"@type\":\"Person\",\"@id\":\"https:\/\/www.welovecycling.com\/wide\/#\/schema\/person\/50f01ecd18718d2333cf72e823c4f926\",\"name\":\"tereza\",\"image\":{\"@type\":\"ImageObject\",\"inLanguage\":\"en-US\",\"@id\":\"https:\/\/www.welovecycling.com\/wide\/#\/schema\/person\/image\/\",\"url\":\"https:\/\/secure.gravatar.com\/avatar\/1f9eb71be33845f0afabce3791bc1c58ecdb0a25c62964987e5dbcf7a20d2ec7?s=96&d=mm&r=g\",\"contentUrl\":\"https:\/\/secure.gravatar.com\/avatar\/1f9eb71be33845f0afabce3791bc1c58ecdb0a25c62964987e5dbcf7a20d2ec7?s=96&d=mm&r=g\",\"caption\":\"tereza\"},\"url\":\"https:\/\/www.welovecycling.com\/wide\/author\/tereza\/\"}]}<\/script>\n<!-- \/ Yoast SEO Premium plugin. -->","yoast_head_json":{"title":"Eddy Merckx's Comments on Racing - We Love Cycling","description":"Eddy Merckx is unquestionably the greatest road racer since the beginning of recorded history, so when he talks about cycling, people listen. They also","robots":{"index":"index","follow":"follow","max-snippet":"max-snippet:-1","max-image-preview":"max-image-preview:large","max-video-preview":"max-video-preview:-1"},"canonical":"https:\/\/www.welovecycling.com\/wide\/2023\/05\/02\/opinion-no-eddy-todays-riders-dont-lack-passion-theyre-just-not-you\/","og_locale":"en_US","og_type":"article","og_title":"Opinion: No, Eddy, Today\u2019s Riders Don\u2019t Lack Passion \u2013 They\u2019re Just Not You","og_description":"Eddy Merckx is unquestionably the greatest road racer since the beginning of recorded history, so when he talks about cycling, people listen. They also","og_url":"https:\/\/www.welovecycling.com\/wide\/2023\/05\/02\/opinion-no-eddy-todays-riders-dont-lack-passion-theyre-just-not-you\/","og_site_name":"\u0160koda We Love Cycling","article_published_time":"2023-05-02T07:03:11+00:00","article_modified_time":"2023-05-22T07:09:06+00:00","og_image":[{"width":990,"height":660,"url":"https:\/\/d2p6e6u75xmxt8.cloudfront.net\/2\/2023\/05\/Eddy-Merckx-profimedia-0705685373-CVR.webp","type":"image\/webp"}],"author":"tereza","twitter_card":"summary_large_image","twitter_misc":{"Written by":"Siegfried Mortkowitz","Est. reading time":"4"},"schema":{"@context":"https:\/\/schema.org","@graph":[{"@type":"WebPage","@id":"https:\/\/www.welovecycling.com\/wide\/2023\/05\/02\/opinion-no-eddy-todays-riders-dont-lack-passion-theyre-just-not-you\/","url":"https:\/\/www.welovecycling.com\/wide\/2023\/05\/02\/opinion-no-eddy-todays-riders-dont-lack-passion-theyre-just-not-you\/","name":"Eddy Merckx's Comments on Racing - We Love Cycling","isPartOf":{"@id":"https:\/\/www.welovecycling.com\/wide\/#website"},"primaryImageOfPage":{"@id":"https:\/\/www.welovecycling.com\/wide\/2023\/05\/02\/opinion-no-eddy-todays-riders-dont-lack-passion-theyre-just-not-you\/#primaryimage"},"image":{"@id":"https:\/\/www.welovecycling.com\/wide\/2023\/05\/02\/opinion-no-eddy-todays-riders-dont-lack-passion-theyre-just-not-you\/#primaryimage"},"thumbnailUrl":"https:\/\/d2p6e6u75xmxt8.cloudfront.net\/2\/2023\/05\/Eddy-Merckx-profimedia-0705685373-CVR.webp","datePublished":"2023-05-02T07:03:11+00:00","dateModified":"2023-05-22T07:09:06+00:00","author":{"@id":"https:\/\/www.welovecycling.com\/wide\/#\/schema\/person\/50f01ecd18718d2333cf72e823c4f926"},"description":"Eddy Merckx is unquestionably the greatest road racer since the beginning of recorded history, so when he talks about cycling, people listen. They also","breadcrumb":{"@id":"https:\/\/www.welovecycling.com\/wide\/2023\/05\/02\/opinion-no-eddy-todays-riders-dont-lack-passion-theyre-just-not-you\/#breadcrumb"},"inLanguage":"en-US","potentialAction":[{"@type":"ReadAction","target":["https:\/\/www.welovecycling.com\/wide\/2023\/05\/02\/opinion-no-eddy-todays-riders-dont-lack-passion-theyre-just-not-you\/"]}]},{"@type":"ImageObject","inLanguage":"en-US","@id":"https:\/\/www.welovecycling.com\/wide\/2023\/05\/02\/opinion-no-eddy-todays-riders-dont-lack-passion-theyre-just-not-you\/#primaryimage","url":"https:\/\/d2p6e6u75xmxt8.cloudfront.net\/2\/2023\/05\/Eddy-Merckx-profimedia-0705685373-CVR.webp","contentUrl":"https:\/\/d2p6e6u75xmxt8.cloudfront.net\/2\/2023\/05\/Eddy-Merckx-profimedia-0705685373-CVR.webp","width":990,"height":660,"caption":"Eddy Merckx"},{"@type":"BreadcrumbList","@id":"https:\/\/www.welovecycling.com\/wide\/2023\/05\/02\/opinion-no-eddy-todays-riders-dont-lack-passion-theyre-just-not-you\/#breadcrumb","itemListElement":[{"@type":"ListItem","position":1,"name":"Home","item":"https:\/\/www.welovecycling.com\/wide\/"},{"@type":"ListItem","position":2,"name":"Opinion: No, Eddy, Today\u2019s Riders Don\u2019t Lack Passion \u2013 They\u2019re Just Not You"}]},{"@type":"WebSite","@id":"https:\/\/www.welovecycling.com\/wide\/#website","url":"https:\/\/www.welovecycling.com\/wide\/","name":"\u0160koda We Love Cycling","description":"\u0160koda We Love Cycling magazine","alternateName":"\u0160koda WLC","potentialAction":[{"@type":"SearchAction","target":{"@type":"EntryPoint","urlTemplate":"https:\/\/www.welovecycling.com\/wide\/?s={search_term_string}"},"query-input":{"@type":"PropertyValueSpecification","valueRequired":true,"valueName":"search_term_string"}}],"inLanguage":"en-US"},{"@type":"Person","@id":"https:\/\/www.welovecycling.com\/wide\/#\/schema\/person\/50f01ecd18718d2333cf72e823c4f926","name":"tereza","image":{"@type":"ImageObject","inLanguage":"en-US","@id":"https:\/\/www.welovecycling.com\/wide\/#\/schema\/person\/image\/","url":"https:\/\/secure.gravatar.com\/avatar\/1f9eb71be33845f0afabce3791bc1c58ecdb0a25c62964987e5dbcf7a20d2ec7?s=96&d=mm&r=g","contentUrl":"https:\/\/secure.gravatar.com\/avatar\/1f9eb71be33845f0afabce3791bc1c58ecdb0a25c62964987e5dbcf7a20d2ec7?s=96&d=mm&r=g","caption":"tereza"},"url":"https:\/\/www.welovecycling.com\/wide\/author\/tereza\/"}]}},"_links":{"self":[{"href":"https:\/\/www.welovecycling.com\/wide\/wp-json\/wp\/v2\/posts\/192798","targetHints":{"allow":["GET"]}}],"collection":[{"href":"https:\/\/www.welovecycling.com\/wide\/wp-json\/wp\/v2\/posts"}],"about":[{"href":"https:\/\/www.welovecycling.com\/wide\/wp-json\/wp\/v2\/types\/post"}],"author":[{"embeddable":true,"href":"https:\/\/www.welovecycling.com\/wide\/wp-json\/wp\/v2\/users\/99"}],"replies":[{"embeddable":true,"href":"https:\/\/www.welovecycling.com\/wide\/wp-json\/wp\/v2\/comments?post=192798"}],"version-history":[{"count":1,"href":"https:\/\/www.welovecycling.com\/wide\/wp-json\/wp\/v2\/posts\/192798\/revisions"}],"predecessor-version":[{"id":192800,"href":"https:\/\/www.welovecycling.com\/wide\/wp-json\/wp\/v2\/posts\/192798\/revisions\/192800"}],"wp:featuredmedia":[{"embeddable":true,"href":"https:\/\/www.welovecycling.com\/wide\/wp-json\/wp\/v2\/media\/192799"}],"wp:attachment":[{"href":"https:\/\/www.welovecycling.com\/wide\/wp-json\/wp\/v2\/media?parent=192798"}],"wp:term":[{"taxonomy":"category","embeddable":true,"href":"https:\/\/www.welovecycling.com\/wide\/wp-json\/wp\/v2\/categories?post=192798"},{"taxonomy":"post_tag","embeddable":true,"href":"https:\/\/www.welovecycling.com\/wide\/wp-json\/wp\/v2\/tags?post=192798"},{"taxonomy":"global-categories","embeddable":true,"href":"https:\/\/www.welovecycling.com\/wide\/wp-json\/wp\/v2\/global-categories?post=192798"}],"curies":[{"name":"wp","href":"https:\/\/api.w.org\/{rel}","templated":true}]}}