{"id":192678,"date":"2023-05-05T12:09:00","date_gmt":"2023-05-05T12:09:00","guid":{"rendered":"https:\/\/www.welovecycling.com\/wide\/?p=192678"},"modified":"2023-05-05T14:36:10","modified_gmt":"2023-05-05T14:36:10","slug":"expect-a-tense-duel-between-roglic-and-evenepoel-in-giro-ditalia","status":"publish","type":"post","link":"https:\/\/www.welovecycling.com\/wide\/2023\/05\/05\/expect-a-tense-duel-between-roglic-and-evenepoel-in-giro-ditalia\/","title":{"rendered":"Expect a Tense Duel Between Rogli\u010d and Evenepoel in Giro d\u2019Italia"},"content":{"rendered":"<p><strong>It doesn\u2019t take a rocket scientist to know that this year\u2019s Giro d\u2019Italia, which kicks off on May 6, will most likely be decided between Jumbo-Visma\u2019s three-time Vuelta winner Primo\u017e Rogli\u010d and the world road race champion, Remco Evenepoel, of Lotto\u2013Quick Step. They are head and shoulders above everyone else in the race and, barring injury or illness, should fight it out for the maglia rosa.<\/strong><\/p>\n<p><!--more--><\/p>\n<p>At 33, Rogli\u010d is nearing the end of a fabulous career that includes ten Vuelta stage wins, victories in three <a href=\"http:\/\/letour.fr\">Tour de France<\/a> stages as well as wins in eight Classics and the gold medal in the 2021 Summer Olympics ITT. Ten years younger than his rival, Evenepoel has already won the Vuelta and is at the beginning of a career that may eventually make him one of the legends of the sport.<\/p>\n<p>Both riders have had excellent spring seasons. Rogli\u010d won both races he entered, the Tirreno-Adriatico, where he took all three major jerseys on offer, and the Volta Ciclista a Catalunya. In that race, Evenepoel finished second in the GC, 6 seconds behind the Slovenian. The third-place finisher, Jo\u00e3o Almeida (UAE Team Emirates), finished a further 2 min 05 sec adrift, which is an enormous distance in a race consisting of only seven stages.<\/p>\n<p>The comparison takeaways from that race tell an interesting tale. <a href=\"https:\/\/www.welovecycling.com\/wide\/2021\/06\/29\/ride2unite-podcast-with-primoz-roglic-i-had-to-learn-how-to-suffer\/\" target=\"_blank\" rel=\"noopener\">Rogli\u010d<\/a> seemed to take the steep mountains easily, without appearing near his limit, whereas his Belgian rival appeared to work much harder, and occasionally struggle, to stay close. On the other hand, on the one moderate climb in the Volta, Evenepoel beat Rogli\u010d by 2 seconds.<\/p>\n<figure id=\"attachment_192404\" aria-describedby=\"caption-attachment-192404\" style=\"width: 990px\" class=\"wp-caption alignnone\"><a href=\"https:\/\/d2p6e6u75xmxt8.cloudfront.net\/2\/2023\/03\/Primoz-Roglic-Volta-Catalunya-profimedia-0765450061-CVR.webp\"><img loading=\"lazy\" decoding=\"async\" class=\"wp-image-192404 size-full\" src=\"https:\/\/d2p6e6u75xmxt8.cloudfront.net\/2\/2023\/03\/Primoz-Roglic-Volta-Catalunya-profimedia-0765450061-CVR.webp\" alt=\"Primo\u017e Rogli\u010d\" width=\"990\" height=\"660\" srcset=\"https:\/\/d2p6e6u75xmxt8.cloudfront.net\/2\/2023\/03\/Primoz-Roglic-Volta-Catalunya-profimedia-0765450061-CVR.webp 990w, https:\/\/d2p6e6u75xmxt8.cloudfront.net\/2\/2023\/03\/Primoz-Roglic-Volta-Catalunya-profimedia-0765450061-CVR-300x200.webp 300w, https:\/\/d2p6e6u75xmxt8.cloudfront.net\/2\/2023\/03\/Primoz-Roglic-Volta-Catalunya-profimedia-0765450061-CVR-768x512.webp 768w, https:\/\/d2p6e6u75xmxt8.cloudfront.net\/2\/2023\/03\/Primoz-Roglic-Volta-Catalunya-profimedia-0765450061-CVR-400x267.webp 400w, https:\/\/d2p6e6u75xmxt8.cloudfront.net\/2\/2023\/03\/Primoz-Roglic-Volta-Catalunya-profimedia-0765450061-CVR-272x182.webp 272w\" sizes=\"auto, (max-width: 990px) 100vw, 990px\" \/><\/a><figcaption id=\"caption-attachment-192404\" class=\"wp-caption-text\">A total of 247 riders started the 2023 Volta Ciclista a Catalunya, but 245 of them were mere extras in the race for the GC title, which played out in a fierce duel between Remco Evenepoel and Primo\u017e Rogli\u010d. \u00a9 Profimedia<\/figcaption><\/figure>\n<p>This year\u2019s Giro has three, perhaps four, very difficult mountain stages where the Slovenian could be expected to gain some time on his Belgian rival. However, the race also has three ITTs, ranging in distance from 18.6 to 36 km. And based on recent races, Evenepoel appears to be the better time-trial rider, especially when you consider his performance in the recent Li\u00e8ge-Bastogne-Li\u00e8ge, where he left his rivals looking very tired while riding solo the final 29 km to easily win the last spring Classic. Rogli\u010d was once an excellent ITT rider and has 17 time-trial victories on his CV, including in the Olympics. But age may have blunted his speed.<\/p>\n<p>Perhaps the key stage will be the penultimate one with the final time trial, 18.6 km from Tarvisio to Monte Lussari, which ends with a Category 1 climb, 7.2 km with an average gradient of 11.2%, and ramps up to 18%. Rogli\u010d\u2019s last Grand Tour mountain time trial, in the 2020 Tour de France, did not go well. He entered the stage, also the race\u2019s next-to-last, with a healthy lead over Tadej Poga\u010dar, but faded badly, finishing nearly 2 minutes behind his countryman, who won his first Tour de France as a result. Presumably, Rogli\u010d took away an important lesson or two from that experience.<\/p>\n<p>On the face of it, the race looks like a toss-up between the two riders. However, one factor may count in Evenepoel\u2019s favour: the ten-year difference in their ages. Physical contests between experience and youth almost always seem to go to the youngster.<\/p>\n<p>If the two favourites falter, several excellent riders have a good chance to ride away with the GC, especially the only previous Giro winner in the race, Tao Geoghegan Hart (Ineos Grenadiers). He has been improving all spring, finishing sixth in the Vuelta a Andalucia, third in the Tirreno-Adriatico and winning the Tour of the Alps. He has a smart, strong team behind him, which includes another possible candidate for the win, Geraint Thomas, but if Geoghegan Hart wins this year, it will be an even bigger surprise than his 2020 Giro triumph.<\/p>\n<p>Thomas won the Tour de France in 2018 and finished second the following year but he will turn 37 on May 25 and has had a very modest spring season, with not a single top-ten finish to his credit.<\/p>\n<p>The 24-year-old Jo\u00e3o Almeida, however, is a different story. He finished third in the Volta Ciclista a Catalunya (behind Rogli\u010d and Evenepoel) and second in the Tirreno-Adriatico (behind Rogli\u010d but ahead of Geoghegan Hart). That makes him a strong podium candidate and probably the best of the rest. Other possibilities include Aleksandr Vlasov (Bora-Hansgrohe), EF Education-EasyPost\u2019s Rigoberto Uran and his teammate High Carthy. But it\u2019s difficult to look beyond the two big favourites for the rider who will occupy the top step of the podium when the race ends in Rome on May 28.<\/p>\n","protected":false},"excerpt":{"rendered":"<p>It doesn\u2019t take a rocket scientist to know that this year\u2019s Giro d\u2019Italia, which kicks off on May 6, will [&hellip;]<\/p>\n","protected":false},"author":99,"featured_media":192680,"comment_status":"closed","ping_status":"open","sticky":false,"template":"","format":"standard","meta":{"footnotes":""},"categories":[329],"tags":[7141,402,1221,3544,583,4515],"global-categories":[3366],"class_list":["post-192678","post","type-post","status-publish","format-standard","has-post-thumbnail","hentry","category-road-cycling","tag-2023-giro-ditalia","tag-giro-ditalia","tag-primoz-roglic","tag-remco-evenepoel","tag-road-cycling","tag-tao-geoghegan-hart","global-categories-cycling"],"yoast_head":"<!-- This site is optimized with the Yoast SEO Premium plugin v25.3 (Yoast SEO v25.9) - https:\/\/yoast.com\/wordpress\/plugins\/seo\/ -->\n<title>Expect a Tense Duel Between Rogli\u010d and Evenepoel in Giro d\u2019Italia<\/title>\n<meta name=\"description\" content=\"It doesn\u2019t take a rocket scientist to know that this year\u2019s Giro d\u2019Italia, which kicks off on May 6, will most likely be decided between Jumbo-Visma\u2019s\" \/>\n<meta name=\"robots\" content=\"index, follow, max-snippet:-1, max-image-preview:large, max-video-preview:-1\" \/>\n<link rel=\"canonical\" href=\"https:\/\/www.welovecycling.com\/wide\/2023\/05\/05\/expect-a-tense-duel-between-roglic-and-evenepoel-in-giro-ditalia\/\" \/>\n<meta property=\"og:locale\" content=\"en_US\" \/>\n<meta property=\"og:type\" content=\"article\" \/>\n<meta property=\"og:title\" content=\"Expect a Tense Duel Between Rogli\u010d and Evenepoel in Giro d\u2019Italia\" \/>\n<meta property=\"og:description\" content=\"It doesn\u2019t take a rocket scientist to know that this year\u2019s Giro d\u2019Italia, which kicks off on May 6, will most likely be decided between Jumbo-Visma\u2019s\" \/>\n<meta property=\"og:url\" content=\"https:\/\/www.welovecycling.com\/wide\/2023\/05\/05\/expect-a-tense-duel-between-roglic-and-evenepoel-in-giro-ditalia\/\" \/>\n<meta property=\"og:site_name\" content=\"\u0160koda We Love Cycling\" \/>\n<meta property=\"article:published_time\" content=\"2023-05-05T12:09:00+00:00\" \/>\n<meta property=\"article:modified_time\" content=\"2023-05-05T14:36:10+00:00\" \/>\n<meta property=\"og:image\" content=\"https:\/\/d2p6e6u75xmxt8.cloudfront.net\/2\/2023\/05\/Remco-Evenepoel-profimedia-0773963354-CVR.webp\" \/>\n\t<meta property=\"og:image:width\" content=\"990\" \/>\n\t<meta property=\"og:image:height\" content=\"660\" \/>\n\t<meta property=\"og:image:type\" content=\"image\/webp\" \/>\n<meta name=\"author\" content=\"tereza\" \/>\n<meta name=\"twitter:card\" content=\"summary_large_image\" \/>\n<meta name=\"twitter:label1\" content=\"Written by\" \/>\n\t<meta name=\"twitter:data1\" content=\"Siegfried Mortkowitz\" \/>\n\t<meta name=\"twitter:label2\" content=\"Est. reading time\" \/>\n\t<meta name=\"twitter:data2\" content=\"4\" \/>\n<script type=\"application\/ld+json\" class=\"yoast-schema-graph\">{\"@context\":\"https:\/\/schema.org\",\"@graph\":[{\"@type\":\"WebPage\",\"@id\":\"https:\/\/www.welovecycling.com\/wide\/2023\/05\/05\/expect-a-tense-duel-between-roglic-and-evenepoel-in-giro-ditalia\/\",\"url\":\"https:\/\/www.welovecycling.com\/wide\/2023\/05\/05\/expect-a-tense-duel-between-roglic-and-evenepoel-in-giro-ditalia\/\",\"name\":\"Expect a Tense Duel Between Rogli\u010d and Evenepoel in Giro d\u2019Italia\",\"isPartOf\":{\"@id\":\"https:\/\/www.welovecycling.com\/wide\/#website\"},\"primaryImageOfPage\":{\"@id\":\"https:\/\/www.welovecycling.com\/wide\/2023\/05\/05\/expect-a-tense-duel-between-roglic-and-evenepoel-in-giro-ditalia\/#primaryimage\"},\"image\":{\"@id\":\"https:\/\/www.welovecycling.com\/wide\/2023\/05\/05\/expect-a-tense-duel-between-roglic-and-evenepoel-in-giro-ditalia\/#primaryimage\"},\"thumbnailUrl\":\"https:\/\/d2p6e6u75xmxt8.cloudfront.net\/2\/2023\/05\/Remco-Evenepoel-profimedia-0773963354-CVR.webp\",\"datePublished\":\"2023-05-05T12:09:00+00:00\",\"dateModified\":\"2023-05-05T14:36:10+00:00\",\"author\":{\"@id\":\"https:\/\/www.welovecycling.com\/wide\/#\/schema\/person\/50f01ecd18718d2333cf72e823c4f926\"},\"description\":\"It doesn\u2019t take a rocket scientist to know that this year\u2019s Giro d\u2019Italia, which kicks off on May 6, will most likely be decided between Jumbo-Visma\u2019s\",\"breadcrumb\":{\"@id\":\"https:\/\/www.welovecycling.com\/wide\/2023\/05\/05\/expect-a-tense-duel-between-roglic-and-evenepoel-in-giro-ditalia\/#breadcrumb\"},\"inLanguage\":\"en-US\",\"potentialAction\":[{\"@type\":\"ReadAction\",\"target\":[\"https:\/\/www.welovecycling.com\/wide\/2023\/05\/05\/expect-a-tense-duel-between-roglic-and-evenepoel-in-giro-ditalia\/\"]}]},{\"@type\":\"ImageObject\",\"inLanguage\":\"en-US\",\"@id\":\"https:\/\/www.welovecycling.com\/wide\/2023\/05\/05\/expect-a-tense-duel-between-roglic-and-evenepoel-in-giro-ditalia\/#primaryimage\",\"url\":\"https:\/\/d2p6e6u75xmxt8.cloudfront.net\/2\/2023\/05\/Remco-Evenepoel-profimedia-0773963354-CVR.webp\",\"contentUrl\":\"https:\/\/d2p6e6u75xmxt8.cloudfront.net\/2\/2023\/05\/Remco-Evenepoel-profimedia-0773963354-CVR.webp\",\"width\":990,\"height\":660,\"caption\":\"Remco Evenepoel\"},{\"@type\":\"BreadcrumbList\",\"@id\":\"https:\/\/www.welovecycling.com\/wide\/2023\/05\/05\/expect-a-tense-duel-between-roglic-and-evenepoel-in-giro-ditalia\/#breadcrumb\",\"itemListElement\":[{\"@type\":\"ListItem\",\"position\":1,\"name\":\"Home\",\"item\":\"https:\/\/www.welovecycling.com\/wide\/\"},{\"@type\":\"ListItem\",\"position\":2,\"name\":\"Expect a Tense Duel Between Rogli\u010d and Evenepoel in Giro d\u2019Italia\"}]},{\"@type\":\"WebSite\",\"@id\":\"https:\/\/www.welovecycling.com\/wide\/#website\",\"url\":\"https:\/\/www.welovecycling.com\/wide\/\",\"name\":\"\u0160koda We Love Cycling\",\"description\":\"\u0160koda We Love Cycling magazine\",\"alternateName\":\"\u0160koda WLC\",\"potentialAction\":[{\"@type\":\"SearchAction\",\"target\":{\"@type\":\"EntryPoint\",\"urlTemplate\":\"https:\/\/www.welovecycling.com\/wide\/?s={search_term_string}\"},\"query-input\":{\"@type\":\"PropertyValueSpecification\",\"valueRequired\":true,\"valueName\":\"search_term_string\"}}],\"inLanguage\":\"en-US\"},{\"@type\":\"Person\",\"@id\":\"https:\/\/www.welovecycling.com\/wide\/#\/schema\/person\/50f01ecd18718d2333cf72e823c4f926\",\"name\":\"tereza\",\"image\":{\"@type\":\"ImageObject\",\"inLanguage\":\"en-US\",\"@id\":\"https:\/\/www.welovecycling.com\/wide\/#\/schema\/person\/image\/\",\"url\":\"https:\/\/secure.gravatar.com\/avatar\/1f9eb71be33845f0afabce3791bc1c58ecdb0a25c62964987e5dbcf7a20d2ec7?s=96&d=mm&r=g\",\"contentUrl\":\"https:\/\/secure.gravatar.com\/avatar\/1f9eb71be33845f0afabce3791bc1c58ecdb0a25c62964987e5dbcf7a20d2ec7?s=96&d=mm&r=g\",\"caption\":\"tereza\"},\"url\":\"https:\/\/www.welovecycling.com\/wide\/author\/tereza\/\"}]}<\/script>\n<!-- \/ Yoast SEO Premium plugin. -->","yoast_head_json":{"title":"Expect a Tense Duel Between Rogli\u010d and Evenepoel in Giro d\u2019Italia","description":"It doesn\u2019t take a rocket scientist to know that this year\u2019s Giro d\u2019Italia, which kicks off on May 6, will most likely be decided between Jumbo-Visma\u2019s","robots":{"index":"index","follow":"follow","max-snippet":"max-snippet:-1","max-image-preview":"max-image-preview:large","max-video-preview":"max-video-preview:-1"},"canonical":"https:\/\/www.welovecycling.com\/wide\/2023\/05\/05\/expect-a-tense-duel-between-roglic-and-evenepoel-in-giro-ditalia\/","og_locale":"en_US","og_type":"article","og_title":"Expect a Tense Duel Between Rogli\u010d and Evenepoel in Giro d\u2019Italia","og_description":"It doesn\u2019t take a rocket scientist to know that this year\u2019s Giro d\u2019Italia, which kicks off on May 6, will most likely be decided between Jumbo-Visma\u2019s","og_url":"https:\/\/www.welovecycling.com\/wide\/2023\/05\/05\/expect-a-tense-duel-between-roglic-and-evenepoel-in-giro-ditalia\/","og_site_name":"\u0160koda We Love Cycling","article_published_time":"2023-05-05T12:09:00+00:00","article_modified_time":"2023-05-05T14:36:10+00:00","og_image":[{"width":990,"height":660,"url":"https:\/\/d2p6e6u75xmxt8.cloudfront.net\/2\/2023\/05\/Remco-Evenepoel-profimedia-0773963354-CVR.webp","type":"image\/webp"}],"author":"tereza","twitter_card":"summary_large_image","twitter_misc":{"Written by":"Siegfried Mortkowitz","Est. reading time":"4"},"schema":{"@context":"https:\/\/schema.org","@graph":[{"@type":"WebPage","@id":"https:\/\/www.welovecycling.com\/wide\/2023\/05\/05\/expect-a-tense-duel-between-roglic-and-evenepoel-in-giro-ditalia\/","url":"https:\/\/www.welovecycling.com\/wide\/2023\/05\/05\/expect-a-tense-duel-between-roglic-and-evenepoel-in-giro-ditalia\/","name":"Expect a Tense Duel Between Rogli\u010d and Evenepoel in Giro d\u2019Italia","isPartOf":{"@id":"https:\/\/www.welovecycling.com\/wide\/#website"},"primaryImageOfPage":{"@id":"https:\/\/www.welovecycling.com\/wide\/2023\/05\/05\/expect-a-tense-duel-between-roglic-and-evenepoel-in-giro-ditalia\/#primaryimage"},"image":{"@id":"https:\/\/www.welovecycling.com\/wide\/2023\/05\/05\/expect-a-tense-duel-between-roglic-and-evenepoel-in-giro-ditalia\/#primaryimage"},"thumbnailUrl":"https:\/\/d2p6e6u75xmxt8.cloudfront.net\/2\/2023\/05\/Remco-Evenepoel-profimedia-0773963354-CVR.webp","datePublished":"2023-05-05T12:09:00+00:00","dateModified":"2023-05-05T14:36:10+00:00","author":{"@id":"https:\/\/www.welovecycling.com\/wide\/#\/schema\/person\/50f01ecd18718d2333cf72e823c4f926"},"description":"It doesn\u2019t take a rocket scientist to know that this year\u2019s Giro d\u2019Italia, which kicks off on May 6, will most likely be decided between Jumbo-Visma\u2019s","breadcrumb":{"@id":"https:\/\/www.welovecycling.com\/wide\/2023\/05\/05\/expect-a-tense-duel-between-roglic-and-evenepoel-in-giro-ditalia\/#breadcrumb"},"inLanguage":"en-US","potentialAction":[{"@type":"ReadAction","target":["https:\/\/www.welovecycling.com\/wide\/2023\/05\/05\/expect-a-tense-duel-between-roglic-and-evenepoel-in-giro-ditalia\/"]}]},{"@type":"ImageObject","inLanguage":"en-US","@id":"https:\/\/www.welovecycling.com\/wide\/2023\/05\/05\/expect-a-tense-duel-between-roglic-and-evenepoel-in-giro-ditalia\/#primaryimage","url":"https:\/\/d2p6e6u75xmxt8.cloudfront.net\/2\/2023\/05\/Remco-Evenepoel-profimedia-0773963354-CVR.webp","contentUrl":"https:\/\/d2p6e6u75xmxt8.cloudfront.net\/2\/2023\/05\/Remco-Evenepoel-profimedia-0773963354-CVR.webp","width":990,"height":660,"caption":"Remco Evenepoel"},{"@type":"BreadcrumbList","@id":"https:\/\/www.welovecycling.com\/wide\/2023\/05\/05\/expect-a-tense-duel-between-roglic-and-evenepoel-in-giro-ditalia\/#breadcrumb","itemListElement":[{"@type":"ListItem","position":1,"name":"Home","item":"https:\/\/www.welovecycling.com\/wide\/"},{"@type":"ListItem","position":2,"name":"Expect a Tense Duel Between Rogli\u010d and Evenepoel in Giro d\u2019Italia"}]},{"@type":"WebSite","@id":"https:\/\/www.welovecycling.com\/wide\/#website","url":"https:\/\/www.welovecycling.com\/wide\/","name":"\u0160koda We Love Cycling","description":"\u0160koda We Love Cycling magazine","alternateName":"\u0160koda WLC","potentialAction":[{"@type":"SearchAction","target":{"@type":"EntryPoint","urlTemplate":"https:\/\/www.welovecycling.com\/wide\/?s={search_term_string}"},"query-input":{"@type":"PropertyValueSpecification","valueRequired":true,"valueName":"search_term_string"}}],"inLanguage":"en-US"},{"@type":"Person","@id":"https:\/\/www.welovecycling.com\/wide\/#\/schema\/person\/50f01ecd18718d2333cf72e823c4f926","name":"tereza","image":{"@type":"ImageObject","inLanguage":"en-US","@id":"https:\/\/www.welovecycling.com\/wide\/#\/schema\/person\/image\/","url":"https:\/\/secure.gravatar.com\/avatar\/1f9eb71be33845f0afabce3791bc1c58ecdb0a25c62964987e5dbcf7a20d2ec7?s=96&d=mm&r=g","contentUrl":"https:\/\/secure.gravatar.com\/avatar\/1f9eb71be33845f0afabce3791bc1c58ecdb0a25c62964987e5dbcf7a20d2ec7?s=96&d=mm&r=g","caption":"tereza"},"url":"https:\/\/www.welovecycling.com\/wide\/author\/tereza\/"}]}},"_links":{"self":[{"href":"https:\/\/www.welovecycling.com\/wide\/wp-json\/wp\/v2\/posts\/192678","targetHints":{"allow":["GET"]}}],"collection":[{"href":"https:\/\/www.welovecycling.com\/wide\/wp-json\/wp\/v2\/posts"}],"about":[{"href":"https:\/\/www.welovecycling.com\/wide\/wp-json\/wp\/v2\/types\/post"}],"author":[{"embeddable":true,"href":"https:\/\/www.welovecycling.com\/wide\/wp-json\/wp\/v2\/users\/99"}],"replies":[{"embeddable":true,"href":"https:\/\/www.welovecycling.com\/wide\/wp-json\/wp\/v2\/comments?post=192678"}],"version-history":[{"count":2,"href":"https:\/\/www.welovecycling.com\/wide\/wp-json\/wp\/v2\/posts\/192678\/revisions"}],"predecessor-version":[{"id":192681,"href":"https:\/\/www.welovecycling.com\/wide\/wp-json\/wp\/v2\/posts\/192678\/revisions\/192681"}],"wp:featuredmedia":[{"embeddable":true,"href":"https:\/\/www.welovecycling.com\/wide\/wp-json\/wp\/v2\/media\/192680"}],"wp:attachment":[{"href":"https:\/\/www.welovecycling.com\/wide\/wp-json\/wp\/v2\/media?parent=192678"}],"wp:term":[{"taxonomy":"category","embeddable":true,"href":"https:\/\/www.welovecycling.com\/wide\/wp-json\/wp\/v2\/categories?post=192678"},{"taxonomy":"post_tag","embeddable":true,"href":"https:\/\/www.welovecycling.com\/wide\/wp-json\/wp\/v2\/tags?post=192678"},{"taxonomy":"global-categories","embeddable":true,"href":"https:\/\/www.welovecycling.com\/wide\/wp-json\/wp\/v2\/global-categories?post=192678"}],"curies":[{"name":"wp","href":"https:\/\/api.w.org\/{rel}","templated":true}]}}