{"id":192608,"date":"2023-04-26T13:01:22","date_gmt":"2023-04-26T13:01:22","guid":{"rendered":"https:\/\/www.welovecycling.com\/wide\/?p=192608"},"modified":"2023-04-26T13:01:22","modified_gmt":"2023-04-26T13:01:22","slug":"netflix-releases-official-trailer-for-tour-de-france-unchained-documentary-series","status":"publish","type":"post","link":"https:\/\/www.welovecycling.com\/wide\/2023\/04\/26\/netflix-releases-official-trailer-for-tour-de-france-unchained-documentary-series\/","title":{"rendered":"Netflix Releases Official Trailer for &#8220;Tour de France: Unchained&#8221; Documentary Series"},"content":{"rendered":"<p>The official trailer for Netflix&#8217;s highly-anticipated documentary series, &#8220;Tour de France: Unchained,&#8221; was released online on Wednesday.\u00a0Produced by Quadbox and Box to Box Films, the creators behind &#8220;F1: Drive to Survive,&#8221; the eight-part series offers exclusive behind-the-scenes access to eight teams competing in the 2022 Tour de France.<\/p>\n<p><!--more--><\/p>\n<p>The series is set to premiere on June 8, coinciding with this year&#8217;s Crit\u00e9rium du Dauphin\u00e9, the key event leading up to the Tour.\u00a0The one-minute video offers glimpses inside team cars and buses, on-bike footage, and interviews with team managers.<\/p>\n<p>&#8220;This project is part of our overall ambition to make our sport more accessible and meet an even wider audience,&#8221; ASO managing director Yann Le Mo\u00ebnner said when he confirmed the Netflix series during the winter.<\/p>\n<lite-youtube videoid=BCMtcXpwi_M params=\"enablejsapi=1\" style=\"background-image: url('https:\/\/i.ytimg.com\/vi_webp\/BCMtcXpwi_M\/maxresdefault.webp');\"><\/lite-youtube>\n<p>\u201cThrough a narrative approach, which is additive to the competition itself, the public will be able to discover how the Tour de France represents the ultimate challenge for the competitors; in particular in terms of suffering, pushing their limits and team spirit.&#8221;<\/p>\n<p>Netflix reportedly covered the \u20ac8 million production costs and paid a total of \u20ac1 million to the parties involved, with each team receiving about \u20ac62,000. The streaming platform is also working on a documentary about British road champion <a href=\"https:\/\/www.welovecycling.com\/wide\/2023\/02\/14\/mark-cavendish-finds-a-team-and-sets-sights-on-the-tour-de-france\/\" target=\"_blank\" rel=\"noopener\">Mark Cavendish,<\/a> who shares the record for the most stage wins at the Tour de France with Eddy Merckx at 34.<\/p>\n","protected":false},"excerpt":{"rendered":"<p>The official trailer for Netflix&#8217;s highly-anticipated documentary series, &#8220;Tour de France: Unchained,&#8221; was released online on Wednesday.\u00a0Produced by Quadbox and [&hellip;]<\/p>\n","protected":false},"author":99,"featured_media":192609,"comment_status":"closed","ping_status":"open","sticky":false,"template":"","format":"standard","meta":{"footnotes":""},"categories":[329],"tags":[6729,7120,433,7122,7121],"global-categories":[3366],"class_list":["post-192608","post","type-post","status-publish","format-standard","has-post-thumbnail","hentry","category-road-cycling","tag-2023-tour-de-france","tag-netflix","tag-tour-de-france","tag-tour-de-france-documentary-series","tag-tour-de-france-unchained","global-categories-cycling"],"yoast_head":"<!-- This site is optimized with the Yoast SEO Premium plugin v25.3 (Yoast SEO v25.9) - https:\/\/yoast.com\/wordpress\/plugins\/seo\/ -->\n<title>Netflix Releases Trailer for Tour de France Documentary Series<\/title>\n<meta name=\"description\" content=\"The official trailer for Netflix&#039;s highly-anticipated documentary series, &quot;Tour de France: Unchained,&quot; was released online on Wednesday.\u00a0Produced by\" \/>\n<meta name=\"robots\" content=\"index, follow, max-snippet:-1, max-image-preview:large, max-video-preview:-1\" \/>\n<link rel=\"canonical\" href=\"https:\/\/www.welovecycling.com\/wide\/2023\/04\/26\/netflix-releases-official-trailer-for-tour-de-france-unchained-documentary-series\/\" \/>\n<meta property=\"og:locale\" content=\"en_US\" \/>\n<meta property=\"og:type\" content=\"article\" \/>\n<meta property=\"og:title\" content=\"Netflix Releases Official Trailer for &quot;Tour de France: Unchained&quot; Documentary Series\" \/>\n<meta property=\"og:description\" content=\"The official trailer for Netflix&#039;s highly-anticipated documentary series, &quot;Tour de France: Unchained,&quot; was released online on Wednesday.\u00a0Produced by\" \/>\n<meta property=\"og:url\" content=\"https:\/\/www.welovecycling.com\/wide\/2023\/04\/26\/netflix-releases-official-trailer-for-tour-de-france-unchained-documentary-series\/\" \/>\n<meta property=\"og:site_name\" content=\"\u0160koda We Love Cycling\" \/>\n<meta property=\"article:published_time\" content=\"2023-04-26T13:01:22+00:00\" \/>\n<meta property=\"og:image\" content=\"https:\/\/d2p6e6u75xmxt8.cloudfront.net\/2\/2023\/04\/Tour-de-France-profimedia-0706958842-CVR.webp\" \/>\n\t<meta property=\"og:image:width\" content=\"990\" \/>\n\t<meta property=\"og:image:height\" content=\"660\" \/>\n\t<meta property=\"og:image:type\" content=\"image\/webp\" \/>\n<meta name=\"author\" content=\"tereza\" \/>\n<meta name=\"twitter:card\" content=\"summary_large_image\" \/>\n<meta name=\"twitter:label1\" content=\"Written by\" \/>\n\t<meta name=\"twitter:data1\" content=\"We Love Cycling\" \/>\n\t<meta name=\"twitter:label2\" content=\"Est. reading time\" \/>\n\t<meta name=\"twitter:data2\" content=\"3\" \/>\n<script type=\"application\/ld+json\" class=\"yoast-schema-graph\">{\"@context\":\"https:\/\/schema.org\",\"@graph\":[{\"@type\":\"WebPage\",\"@id\":\"https:\/\/www.welovecycling.com\/wide\/2023\/04\/26\/netflix-releases-official-trailer-for-tour-de-france-unchained-documentary-series\/\",\"url\":\"https:\/\/www.welovecycling.com\/wide\/2023\/04\/26\/netflix-releases-official-trailer-for-tour-de-france-unchained-documentary-series\/\",\"name\":\"Netflix Releases Trailer for Tour de France Documentary Series\",\"isPartOf\":{\"@id\":\"https:\/\/www.welovecycling.com\/wide\/#website\"},\"primaryImageOfPage\":{\"@id\":\"https:\/\/www.welovecycling.com\/wide\/2023\/04\/26\/netflix-releases-official-trailer-for-tour-de-france-unchained-documentary-series\/#primaryimage\"},\"image\":{\"@id\":\"https:\/\/www.welovecycling.com\/wide\/2023\/04\/26\/netflix-releases-official-trailer-for-tour-de-france-unchained-documentary-series\/#primaryimage\"},\"thumbnailUrl\":\"https:\/\/d2p6e6u75xmxt8.cloudfront.net\/2\/2023\/04\/Tour-de-France-profimedia-0706958842-CVR.webp\",\"datePublished\":\"2023-04-26T13:01:22+00:00\",\"author\":{\"@id\":\"https:\/\/www.welovecycling.com\/wide\/#\/schema\/person\/50f01ecd18718d2333cf72e823c4f926\"},\"description\":\"The official trailer for Netflix's highly-anticipated documentary series, \\\"Tour de France: Unchained,\\\" was released online on Wednesday.\u00a0Produced by\",\"breadcrumb\":{\"@id\":\"https:\/\/www.welovecycling.com\/wide\/2023\/04\/26\/netflix-releases-official-trailer-for-tour-de-france-unchained-documentary-series\/#breadcrumb\"},\"inLanguage\":\"en-US\",\"potentialAction\":[{\"@type\":\"ReadAction\",\"target\":[\"https:\/\/www.welovecycling.com\/wide\/2023\/04\/26\/netflix-releases-official-trailer-for-tour-de-france-unchained-documentary-series\/\"]}]},{\"@type\":\"ImageObject\",\"inLanguage\":\"en-US\",\"@id\":\"https:\/\/www.welovecycling.com\/wide\/2023\/04\/26\/netflix-releases-official-trailer-for-tour-de-france-unchained-documentary-series\/#primaryimage\",\"url\":\"https:\/\/d2p6e6u75xmxt8.cloudfront.net\/2\/2023\/04\/Tour-de-France-profimedia-0706958842-CVR.webp\",\"contentUrl\":\"https:\/\/d2p6e6u75xmxt8.cloudfront.net\/2\/2023\/04\/Tour-de-France-profimedia-0706958842-CVR.webp\",\"width\":990,\"height\":660,\"caption\":\"2022 Tour de France Peloton\"},{\"@type\":\"BreadcrumbList\",\"@id\":\"https:\/\/www.welovecycling.com\/wide\/2023\/04\/26\/netflix-releases-official-trailer-for-tour-de-france-unchained-documentary-series\/#breadcrumb\",\"itemListElement\":[{\"@type\":\"ListItem\",\"position\":1,\"name\":\"Home\",\"item\":\"https:\/\/www.welovecycling.com\/wide\/\"},{\"@type\":\"ListItem\",\"position\":2,\"name\":\"Netflix Releases Official Trailer for &#8220;Tour de France: Unchained&#8221; Documentary Series\"}]},{\"@type\":\"WebSite\",\"@id\":\"https:\/\/www.welovecycling.com\/wide\/#website\",\"url\":\"https:\/\/www.welovecycling.com\/wide\/\",\"name\":\"\u0160koda We Love Cycling\",\"description\":\"\u0160koda We Love Cycling magazine\",\"alternateName\":\"\u0160koda WLC\",\"potentialAction\":[{\"@type\":\"SearchAction\",\"target\":{\"@type\":\"EntryPoint\",\"urlTemplate\":\"https:\/\/www.welovecycling.com\/wide\/?s={search_term_string}\"},\"query-input\":{\"@type\":\"PropertyValueSpecification\",\"valueRequired\":true,\"valueName\":\"search_term_string\"}}],\"inLanguage\":\"en-US\"},{\"@type\":\"Person\",\"@id\":\"https:\/\/www.welovecycling.com\/wide\/#\/schema\/person\/50f01ecd18718d2333cf72e823c4f926\",\"name\":\"tereza\",\"image\":{\"@type\":\"ImageObject\",\"inLanguage\":\"en-US\",\"@id\":\"https:\/\/www.welovecycling.com\/wide\/#\/schema\/person\/image\/\",\"url\":\"https:\/\/secure.gravatar.com\/avatar\/1f9eb71be33845f0afabce3791bc1c58ecdb0a25c62964987e5dbcf7a20d2ec7?s=96&d=mm&r=g\",\"contentUrl\":\"https:\/\/secure.gravatar.com\/avatar\/1f9eb71be33845f0afabce3791bc1c58ecdb0a25c62964987e5dbcf7a20d2ec7?s=96&d=mm&r=g\",\"caption\":\"tereza\"},\"url\":\"https:\/\/www.welovecycling.com\/wide\/author\/tereza\/\"}]}<\/script>\n<!-- \/ Yoast SEO Premium plugin. -->","yoast_head_json":{"title":"Netflix Releases Trailer for Tour de France Documentary Series","description":"The official trailer for Netflix's highly-anticipated documentary series, \"Tour de France: Unchained,\" was released online on Wednesday.\u00a0Produced by","robots":{"index":"index","follow":"follow","max-snippet":"max-snippet:-1","max-image-preview":"max-image-preview:large","max-video-preview":"max-video-preview:-1"},"canonical":"https:\/\/www.welovecycling.com\/wide\/2023\/04\/26\/netflix-releases-official-trailer-for-tour-de-france-unchained-documentary-series\/","og_locale":"en_US","og_type":"article","og_title":"Netflix Releases Official Trailer for \"Tour de France: Unchained\" Documentary Series","og_description":"The official trailer for Netflix's highly-anticipated documentary series, \"Tour de France: Unchained,\" was released online on Wednesday.\u00a0Produced by","og_url":"https:\/\/www.welovecycling.com\/wide\/2023\/04\/26\/netflix-releases-official-trailer-for-tour-de-france-unchained-documentary-series\/","og_site_name":"\u0160koda We Love Cycling","article_published_time":"2023-04-26T13:01:22+00:00","og_image":[{"width":990,"height":660,"url":"https:\/\/d2p6e6u75xmxt8.cloudfront.net\/2\/2023\/04\/Tour-de-France-profimedia-0706958842-CVR.webp","type":"image\/webp"}],"author":"tereza","twitter_card":"summary_large_image","twitter_misc":{"Written by":"We Love Cycling","Est. reading time":"3"},"schema":{"@context":"https:\/\/schema.org","@graph":[{"@type":"WebPage","@id":"https:\/\/www.welovecycling.com\/wide\/2023\/04\/26\/netflix-releases-official-trailer-for-tour-de-france-unchained-documentary-series\/","url":"https:\/\/www.welovecycling.com\/wide\/2023\/04\/26\/netflix-releases-official-trailer-for-tour-de-france-unchained-documentary-series\/","name":"Netflix Releases Trailer for Tour de France Documentary Series","isPartOf":{"@id":"https:\/\/www.welovecycling.com\/wide\/#website"},"primaryImageOfPage":{"@id":"https:\/\/www.welovecycling.com\/wide\/2023\/04\/26\/netflix-releases-official-trailer-for-tour-de-france-unchained-documentary-series\/#primaryimage"},"image":{"@id":"https:\/\/www.welovecycling.com\/wide\/2023\/04\/26\/netflix-releases-official-trailer-for-tour-de-france-unchained-documentary-series\/#primaryimage"},"thumbnailUrl":"https:\/\/d2p6e6u75xmxt8.cloudfront.net\/2\/2023\/04\/Tour-de-France-profimedia-0706958842-CVR.webp","datePublished":"2023-04-26T13:01:22+00:00","author":{"@id":"https:\/\/www.welovecycling.com\/wide\/#\/schema\/person\/50f01ecd18718d2333cf72e823c4f926"},"description":"The official trailer for Netflix's highly-anticipated documentary series, \"Tour de France: Unchained,\" was released online on Wednesday.\u00a0Produced by","breadcrumb":{"@id":"https:\/\/www.welovecycling.com\/wide\/2023\/04\/26\/netflix-releases-official-trailer-for-tour-de-france-unchained-documentary-series\/#breadcrumb"},"inLanguage":"en-US","potentialAction":[{"@type":"ReadAction","target":["https:\/\/www.welovecycling.com\/wide\/2023\/04\/26\/netflix-releases-official-trailer-for-tour-de-france-unchained-documentary-series\/"]}]},{"@type":"ImageObject","inLanguage":"en-US","@id":"https:\/\/www.welovecycling.com\/wide\/2023\/04\/26\/netflix-releases-official-trailer-for-tour-de-france-unchained-documentary-series\/#primaryimage","url":"https:\/\/d2p6e6u75xmxt8.cloudfront.net\/2\/2023\/04\/Tour-de-France-profimedia-0706958842-CVR.webp","contentUrl":"https:\/\/d2p6e6u75xmxt8.cloudfront.net\/2\/2023\/04\/Tour-de-France-profimedia-0706958842-CVR.webp","width":990,"height":660,"caption":"2022 Tour de France Peloton"},{"@type":"BreadcrumbList","@id":"https:\/\/www.welovecycling.com\/wide\/2023\/04\/26\/netflix-releases-official-trailer-for-tour-de-france-unchained-documentary-series\/#breadcrumb","itemListElement":[{"@type":"ListItem","position":1,"name":"Home","item":"https:\/\/www.welovecycling.com\/wide\/"},{"@type":"ListItem","position":2,"name":"Netflix Releases Official Trailer for &#8220;Tour de France: Unchained&#8221; Documentary Series"}]},{"@type":"WebSite","@id":"https:\/\/www.welovecycling.com\/wide\/#website","url":"https:\/\/www.welovecycling.com\/wide\/","name":"\u0160koda We Love Cycling","description":"\u0160koda We Love Cycling magazine","alternateName":"\u0160koda WLC","potentialAction":[{"@type":"SearchAction","target":{"@type":"EntryPoint","urlTemplate":"https:\/\/www.welovecycling.com\/wide\/?s={search_term_string}"},"query-input":{"@type":"PropertyValueSpecification","valueRequired":true,"valueName":"search_term_string"}}],"inLanguage":"en-US"},{"@type":"Person","@id":"https:\/\/www.welovecycling.com\/wide\/#\/schema\/person\/50f01ecd18718d2333cf72e823c4f926","name":"tereza","image":{"@type":"ImageObject","inLanguage":"en-US","@id":"https:\/\/www.welovecycling.com\/wide\/#\/schema\/person\/image\/","url":"https:\/\/secure.gravatar.com\/avatar\/1f9eb71be33845f0afabce3791bc1c58ecdb0a25c62964987e5dbcf7a20d2ec7?s=96&d=mm&r=g","contentUrl":"https:\/\/secure.gravatar.com\/avatar\/1f9eb71be33845f0afabce3791bc1c58ecdb0a25c62964987e5dbcf7a20d2ec7?s=96&d=mm&r=g","caption":"tereza"},"url":"https:\/\/www.welovecycling.com\/wide\/author\/tereza\/"}]}},"_links":{"self":[{"href":"https:\/\/www.welovecycling.com\/wide\/wp-json\/wp\/v2\/posts\/192608","targetHints":{"allow":["GET"]}}],"collection":[{"href":"https:\/\/www.welovecycling.com\/wide\/wp-json\/wp\/v2\/posts"}],"about":[{"href":"https:\/\/www.welovecycling.com\/wide\/wp-json\/wp\/v2\/types\/post"}],"author":[{"embeddable":true,"href":"https:\/\/www.welovecycling.com\/wide\/wp-json\/wp\/v2\/users\/99"}],"replies":[{"embeddable":true,"href":"https:\/\/www.welovecycling.com\/wide\/wp-json\/wp\/v2\/comments?post=192608"}],"version-history":[{"count":1,"href":"https:\/\/www.welovecycling.com\/wide\/wp-json\/wp\/v2\/posts\/192608\/revisions"}],"predecessor-version":[{"id":192610,"href":"https:\/\/www.welovecycling.com\/wide\/wp-json\/wp\/v2\/posts\/192608\/revisions\/192610"}],"wp:featuredmedia":[{"embeddable":true,"href":"https:\/\/www.welovecycling.com\/wide\/wp-json\/wp\/v2\/media\/192609"}],"wp:attachment":[{"href":"https:\/\/www.welovecycling.com\/wide\/wp-json\/wp\/v2\/media?parent=192608"}],"wp:term":[{"taxonomy":"category","embeddable":true,"href":"https:\/\/www.welovecycling.com\/wide\/wp-json\/wp\/v2\/categories?post=192608"},{"taxonomy":"post_tag","embeddable":true,"href":"https:\/\/www.welovecycling.com\/wide\/wp-json\/wp\/v2\/tags?post=192608"},{"taxonomy":"global-categories","embeddable":true,"href":"https:\/\/www.welovecycling.com\/wide\/wp-json\/wp\/v2\/global-categories?post=192608"}],"curies":[{"name":"wp","href":"https:\/\/api.w.org\/{rel}","templated":true}]}}