{"id":192049,"date":"2023-02-16T05:00:47","date_gmt":"2023-02-16T05:00:47","guid":{"rendered":"https:\/\/www.welovecycling.com\/wide\/?p=192049"},"modified":"2023-02-15T21:49:21","modified_gmt":"2023-02-15T21:49:21","slug":"sleep-quality-may-be-more-important-than-duration","status":"publish","type":"post","link":"https:\/\/www.welovecycling.com\/wide\/2023\/02\/16\/sleep-quality-may-be-more-important-than-duration\/","title":{"rendered":"Sleep Quality May Be More Important Than Duration"},"content":{"rendered":"<p style=\"font-weight: 400;\"><strong>Studies show that poor sleep increases your risk of getting ill. But what exactly does it mean to sleep poorly? Is it enough to get 7 hours of sleep a night or is the quality of your sleep the thing to focus on? A new study shines some light on that question.<\/strong><\/p>\n<p><!--more--><\/p>\n<h2><strong>Athletes often struggle with sleep<\/strong><\/h2>\n<p style=\"font-weight: 400;\">Getting good sleep as an athlete is hard. Early sessions steal the morning hours in bed and late evening training makes it harder to fall asleep. Athletes, of course, have to juggle all of the other obligations and responsibilities on top of exercise too. If there\u2019s too much to do, sleep is usually the thing that gives. As if the time pressure wasn\u2019t enough, hard training itself can create extra stress that impacts sleep. Unfortunately, research shows that adults who habitually get fewer than 7 hours of sleep per night are more susceptible to respiratory infections.<\/p>\n<h2><strong>Sleep affects your immune health<\/strong><\/h2>\n<p style=\"font-weight: 400;\">There\u2019s nothing worse than missing a week of training because of an illness. That\u2019s why researchers at Liverpool John Moores University in the UK decided to investigate the relationship between sleep and immune health. They studied more than 1,300 army recruits who went through a 12-week training programme. The recruits were asked about their sleep habits before they joined the training and the researchers then divided them into two groups.<\/p>\n<ul>\n<li>Those who slept their usual number of hours during the 12-week training<\/li>\n<li>Those who were asked to sleep at least 2 hours fewer per night than their habitual sleep<\/li>\n<\/ul>\n<p style=\"font-weight: 400;\">Their sleep duration was recorded over the 12-week period and they were also asked to evaluate the quality of their sleep. Their physician-diagnosed upper respiratory tract infections were recorded to see which group was more likely to get ill.<\/p>\n<figure id=\"attachment_181025\" aria-describedby=\"caption-attachment-181025\" style=\"width: 1250px\" class=\"wp-caption alignnone\"><a href=\"https:\/\/d2p6e6u75xmxt8.cloudfront.net\/2\/2020\/12\/Man-sleeping-profimedia-0554147633.webp\"><img loading=\"lazy\" decoding=\"async\" class=\"size-full wp-image-181025\" src=\"https:\/\/d2p6e6u75xmxt8.cloudfront.net\/2\/2020\/12\/Man-sleeping-profimedia-0554147633.webp\" alt=\"Man sleeping\" width=\"1250\" height=\"833\" srcset=\"https:\/\/d2p6e6u75xmxt8.cloudfront.net\/2\/2020\/12\/Man-sleeping-profimedia-0554147633.webp 1250w, https:\/\/d2p6e6u75xmxt8.cloudfront.net\/2\/2020\/12\/Man-sleeping-profimedia-0554147633-300x200.webp 300w, https:\/\/d2p6e6u75xmxt8.cloudfront.net\/2\/2020\/12\/Man-sleeping-profimedia-0554147633-1024x682.webp 1024w, https:\/\/d2p6e6u75xmxt8.cloudfront.net\/2\/2020\/12\/Man-sleeping-profimedia-0554147633-768x512.webp 768w, https:\/\/d2p6e6u75xmxt8.cloudfront.net\/2\/2020\/12\/Man-sleeping-profimedia-0554147633-272x182.webp 272w\" sizes=\"auto, (max-width: 1250px) 100vw, 1250px\" \/><\/a><figcaption id=\"caption-attachment-181025\" class=\"wp-caption-text\">We all have natural inclinations for when to fall sleep and when to wake up and they are called chronotypes. \u00a9 Profimedia<\/figcaption><\/figure>\n<h2><strong>Sleep quality is more important<\/strong><\/h2>\n<p style=\"font-weight: 400;\">The study found the expected result that the group that slept 2 hours fewer than normally experienced more respiratory infections. Their risk was 3x higher compared to the group that slept normally. But the study also found something new and unexpected.<\/p>\n<ul>\n<li>Those recruits whose sleep was restricted and reported poor quality of sleep had a more than 2x greater chance of getting ill compared to the control group.<\/li>\n<li>The group that was sleep restricted but reported good sleep quality, seemed to be protected and was at the same risk of getting ill as the control group.<\/li>\n<\/ul>\n<p style=\"font-weight: 400;\">This shows that quality of sleep was more important than sleep duration when it comes to the risk of respiratory infections. This is quite important because the general public, athletes included, worries mostly about the number of hours in bed but not so much about the quality of those hours.<\/p>\n<h2><strong>5 tips for better sleep quality<\/strong><\/h2>\n<p style=\"font-weight: 400;\">The results of <a href=\"https:\/\/pubmed.ncbi.nlm.nih.gov\/33144349\/\">this study<\/a> show that athletes should focus much more on <a href=\"https:\/\/www.welovecycling.com\/wide\/series\/improve-your-sleep\/\" target=\"_blank\" rel=\"noopener\">improving sleep quality,<\/a> not just hours of sleep. The researchers offer the following five tips that are effective at improving the quality of your sleep. If you\u2019re struggling in one or more of these areas, you know what to work on now.<\/p>\n<ul>\n<li><strong>Consistency<\/strong> \u2013 Go to bed and wake up at roughly the same time every day, even on the weekends.<\/li>\n<li><strong>Nutrition<\/strong> \u2013 Avoid large meals 2 hours before bed. Move alcohol and caffeine consumption as far away from sleep time as possible.<\/li>\n<li><strong>Wind-down routine<\/strong> \u2013 Do something relaxing just before going to bed. Avoid screen time, news, social media or anything that raises your pulse.<\/li>\n<li><strong>Comfort<\/strong> \u2013 Sleep in a cool, dark, and quiet room and make sure your mattress and pillow are comfortable.<\/li>\n<li><strong>Exercise<\/strong> \u2013 Exercise during the day to build up some healthy fatigue that will help your body get into a deeper sleep.<\/li>\n<\/ul>\n","protected":false},"excerpt":{"rendered":"<p>Studies show that poor sleep increases your risk of getting ill. But what exactly does it mean to sleep poorly? [&hellip;]<\/p>\n","protected":false},"author":99,"featured_media":192052,"comment_status":"closed","ping_status":"open","sticky":false,"template":"","format":"standard","meta":{"footnotes":""},"categories":[332],"tags":[2040,5773],"global-categories":[3366],"class_list":["post-192049","post","type-post","status-publish","format-standard","has-post-thumbnail","hentry","category-health-and-training","tag-sleep","tag-sleep-quality","global-categories-cycling"],"yoast_head":"<!-- This site is optimized with the Yoast SEO Premium plugin v25.3 (Yoast SEO v25.9) - https:\/\/yoast.com\/wordpress\/plugins\/seo\/ -->\n<title>Sleep Quality May Be More Important Than Duration - \u0160koda We Love Cycling<\/title>\n<meta name=\"description\" content=\"Studies show that poor sleep increases your risk of getting ill. But what exactly does it mean to sleep poorly? Is it enough to get 7 hours of sleep a\" \/>\n<meta name=\"robots\" content=\"index, follow, max-snippet:-1, max-image-preview:large, max-video-preview:-1\" \/>\n<link rel=\"canonical\" href=\"https:\/\/www.welovecycling.com\/wide\/2023\/02\/16\/sleep-quality-may-be-more-important-than-duration\/\" \/>\n<meta property=\"og:locale\" content=\"en_US\" \/>\n<meta property=\"og:type\" content=\"article\" \/>\n<meta property=\"og:title\" content=\"Sleep Quality May Be More Important Than Duration\" \/>\n<meta property=\"og:description\" content=\"Studies show that poor sleep increases your risk of getting ill. But what exactly does it mean to sleep poorly? Is it enough to get 7 hours of sleep a\" \/>\n<meta property=\"og:url\" content=\"https:\/\/www.welovecycling.com\/wide\/2023\/02\/16\/sleep-quality-may-be-more-important-than-duration\/\" \/>\n<meta property=\"og:site_name\" content=\"\u0160koda We Love Cycling\" \/>\n<meta property=\"article:published_time\" content=\"2023-02-16T05:00:47+00:00\" \/>\n<meta property=\"og:image\" content=\"https:\/\/d2p6e6u75xmxt8.cloudfront.net\/2\/2023\/02\/Woman-sleeping-pexels-karolina-grabowska-6660783-CVR.webp\" \/>\n\t<meta property=\"og:image:width\" content=\"990\" \/>\n\t<meta property=\"og:image:height\" content=\"660\" \/>\n\t<meta property=\"og:image:type\" content=\"image\/webp\" \/>\n<meta name=\"author\" content=\"tereza\" \/>\n<meta name=\"twitter:card\" content=\"summary_large_image\" \/>\n<meta name=\"twitter:label1\" content=\"Written by\" \/>\n\t<meta name=\"twitter:data1\" content=\"Jiri Kaloc\" \/>\n\t<meta name=\"twitter:label2\" content=\"Est. reading time\" \/>\n\t<meta name=\"twitter:data2\" content=\"5\" \/>\n<script type=\"application\/ld+json\" class=\"yoast-schema-graph\">{\"@context\":\"https:\/\/schema.org\",\"@graph\":[{\"@type\":\"WebPage\",\"@id\":\"https:\/\/www.welovecycling.com\/wide\/2023\/02\/16\/sleep-quality-may-be-more-important-than-duration\/\",\"url\":\"https:\/\/www.welovecycling.com\/wide\/2023\/02\/16\/sleep-quality-may-be-more-important-than-duration\/\",\"name\":\"Sleep Quality May Be More Important Than Duration - \u0160koda We Love Cycling\",\"isPartOf\":{\"@id\":\"https:\/\/www.welovecycling.com\/wide\/#website\"},\"primaryImageOfPage\":{\"@id\":\"https:\/\/www.welovecycling.com\/wide\/2023\/02\/16\/sleep-quality-may-be-more-important-than-duration\/#primaryimage\"},\"image\":{\"@id\":\"https:\/\/www.welovecycling.com\/wide\/2023\/02\/16\/sleep-quality-may-be-more-important-than-duration\/#primaryimage\"},\"thumbnailUrl\":\"https:\/\/d2p6e6u75xmxt8.cloudfront.net\/2\/2023\/02\/Woman-sleeping-pexels-karolina-grabowska-6660783-CVR.webp\",\"datePublished\":\"2023-02-16T05:00:47+00:00\",\"author\":{\"@id\":\"https:\/\/www.welovecycling.com\/wide\/#\/schema\/person\/50f01ecd18718d2333cf72e823c4f926\"},\"description\":\"Studies show that poor sleep increases your risk of getting ill. But what exactly does it mean to sleep poorly? Is it enough to get 7 hours of sleep a\",\"breadcrumb\":{\"@id\":\"https:\/\/www.welovecycling.com\/wide\/2023\/02\/16\/sleep-quality-may-be-more-important-than-duration\/#breadcrumb\"},\"inLanguage\":\"en-US\",\"potentialAction\":[{\"@type\":\"ReadAction\",\"target\":[\"https:\/\/www.welovecycling.com\/wide\/2023\/02\/16\/sleep-quality-may-be-more-important-than-duration\/\"]}]},{\"@type\":\"ImageObject\",\"inLanguage\":\"en-US\",\"@id\":\"https:\/\/www.welovecycling.com\/wide\/2023\/02\/16\/sleep-quality-may-be-more-important-than-duration\/#primaryimage\",\"url\":\"https:\/\/d2p6e6u75xmxt8.cloudfront.net\/2\/2023\/02\/Woman-sleeping-pexels-karolina-grabowska-6660783-CVR.webp\",\"contentUrl\":\"https:\/\/d2p6e6u75xmxt8.cloudfront.net\/2\/2023\/02\/Woman-sleeping-pexels-karolina-grabowska-6660783-CVR.webp\",\"width\":990,\"height\":660,\"caption\":\"A sleeping woman\"},{\"@type\":\"BreadcrumbList\",\"@id\":\"https:\/\/www.welovecycling.com\/wide\/2023\/02\/16\/sleep-quality-may-be-more-important-than-duration\/#breadcrumb\",\"itemListElement\":[{\"@type\":\"ListItem\",\"position\":1,\"name\":\"Home\",\"item\":\"https:\/\/www.welovecycling.com\/wide\/\"},{\"@type\":\"ListItem\",\"position\":2,\"name\":\"Sleep Quality May Be More Important Than Duration\"}]},{\"@type\":\"WebSite\",\"@id\":\"https:\/\/www.welovecycling.com\/wide\/#website\",\"url\":\"https:\/\/www.welovecycling.com\/wide\/\",\"name\":\"\u0160koda We Love Cycling\",\"description\":\"\u0160koda We Love Cycling magazine\",\"alternateName\":\"\u0160koda WLC\",\"potentialAction\":[{\"@type\":\"SearchAction\",\"target\":{\"@type\":\"EntryPoint\",\"urlTemplate\":\"https:\/\/www.welovecycling.com\/wide\/?s={search_term_string}\"},\"query-input\":{\"@type\":\"PropertyValueSpecification\",\"valueRequired\":true,\"valueName\":\"search_term_string\"}}],\"inLanguage\":\"en-US\"},{\"@type\":\"Person\",\"@id\":\"https:\/\/www.welovecycling.com\/wide\/#\/schema\/person\/50f01ecd18718d2333cf72e823c4f926\",\"name\":\"tereza\",\"image\":{\"@type\":\"ImageObject\",\"inLanguage\":\"en-US\",\"@id\":\"https:\/\/www.welovecycling.com\/wide\/#\/schema\/person\/image\/\",\"url\":\"https:\/\/secure.gravatar.com\/avatar\/1f9eb71be33845f0afabce3791bc1c58ecdb0a25c62964987e5dbcf7a20d2ec7?s=96&d=mm&r=g\",\"contentUrl\":\"https:\/\/secure.gravatar.com\/avatar\/1f9eb71be33845f0afabce3791bc1c58ecdb0a25c62964987e5dbcf7a20d2ec7?s=96&d=mm&r=g\",\"caption\":\"tereza\"},\"url\":\"https:\/\/www.welovecycling.com\/wide\/author\/tereza\/\"}]}<\/script>\n<!-- \/ Yoast SEO Premium plugin. -->","yoast_head_json":{"title":"Sleep Quality May Be More Important Than Duration - \u0160koda We Love Cycling","description":"Studies show that poor sleep increases your risk of getting ill. But what exactly does it mean to sleep poorly? Is it enough to get 7 hours of sleep a","robots":{"index":"index","follow":"follow","max-snippet":"max-snippet:-1","max-image-preview":"max-image-preview:large","max-video-preview":"max-video-preview:-1"},"canonical":"https:\/\/www.welovecycling.com\/wide\/2023\/02\/16\/sleep-quality-may-be-more-important-than-duration\/","og_locale":"en_US","og_type":"article","og_title":"Sleep Quality May Be More Important Than Duration","og_description":"Studies show that poor sleep increases your risk of getting ill. But what exactly does it mean to sleep poorly? Is it enough to get 7 hours of sleep a","og_url":"https:\/\/www.welovecycling.com\/wide\/2023\/02\/16\/sleep-quality-may-be-more-important-than-duration\/","og_site_name":"\u0160koda We Love Cycling","article_published_time":"2023-02-16T05:00:47+00:00","og_image":[{"width":990,"height":660,"url":"https:\/\/d2p6e6u75xmxt8.cloudfront.net\/2\/2023\/02\/Woman-sleeping-pexels-karolina-grabowska-6660783-CVR.webp","type":"image\/webp"}],"author":"tereza","twitter_card":"summary_large_image","twitter_misc":{"Written by":"Jiri Kaloc","Est. reading time":"5"},"schema":{"@context":"https:\/\/schema.org","@graph":[{"@type":"WebPage","@id":"https:\/\/www.welovecycling.com\/wide\/2023\/02\/16\/sleep-quality-may-be-more-important-than-duration\/","url":"https:\/\/www.welovecycling.com\/wide\/2023\/02\/16\/sleep-quality-may-be-more-important-than-duration\/","name":"Sleep Quality May Be More Important Than Duration - \u0160koda We Love Cycling","isPartOf":{"@id":"https:\/\/www.welovecycling.com\/wide\/#website"},"primaryImageOfPage":{"@id":"https:\/\/www.welovecycling.com\/wide\/2023\/02\/16\/sleep-quality-may-be-more-important-than-duration\/#primaryimage"},"image":{"@id":"https:\/\/www.welovecycling.com\/wide\/2023\/02\/16\/sleep-quality-may-be-more-important-than-duration\/#primaryimage"},"thumbnailUrl":"https:\/\/d2p6e6u75xmxt8.cloudfront.net\/2\/2023\/02\/Woman-sleeping-pexels-karolina-grabowska-6660783-CVR.webp","datePublished":"2023-02-16T05:00:47+00:00","author":{"@id":"https:\/\/www.welovecycling.com\/wide\/#\/schema\/person\/50f01ecd18718d2333cf72e823c4f926"},"description":"Studies show that poor sleep increases your risk of getting ill. But what exactly does it mean to sleep poorly? Is it enough to get 7 hours of sleep a","breadcrumb":{"@id":"https:\/\/www.welovecycling.com\/wide\/2023\/02\/16\/sleep-quality-may-be-more-important-than-duration\/#breadcrumb"},"inLanguage":"en-US","potentialAction":[{"@type":"ReadAction","target":["https:\/\/www.welovecycling.com\/wide\/2023\/02\/16\/sleep-quality-may-be-more-important-than-duration\/"]}]},{"@type":"ImageObject","inLanguage":"en-US","@id":"https:\/\/www.welovecycling.com\/wide\/2023\/02\/16\/sleep-quality-may-be-more-important-than-duration\/#primaryimage","url":"https:\/\/d2p6e6u75xmxt8.cloudfront.net\/2\/2023\/02\/Woman-sleeping-pexels-karolina-grabowska-6660783-CVR.webp","contentUrl":"https:\/\/d2p6e6u75xmxt8.cloudfront.net\/2\/2023\/02\/Woman-sleeping-pexels-karolina-grabowska-6660783-CVR.webp","width":990,"height":660,"caption":"A sleeping woman"},{"@type":"BreadcrumbList","@id":"https:\/\/www.welovecycling.com\/wide\/2023\/02\/16\/sleep-quality-may-be-more-important-than-duration\/#breadcrumb","itemListElement":[{"@type":"ListItem","position":1,"name":"Home","item":"https:\/\/www.welovecycling.com\/wide\/"},{"@type":"ListItem","position":2,"name":"Sleep Quality May Be More Important Than Duration"}]},{"@type":"WebSite","@id":"https:\/\/www.welovecycling.com\/wide\/#website","url":"https:\/\/www.welovecycling.com\/wide\/","name":"\u0160koda We Love Cycling","description":"\u0160koda We Love Cycling magazine","alternateName":"\u0160koda WLC","potentialAction":[{"@type":"SearchAction","target":{"@type":"EntryPoint","urlTemplate":"https:\/\/www.welovecycling.com\/wide\/?s={search_term_string}"},"query-input":{"@type":"PropertyValueSpecification","valueRequired":true,"valueName":"search_term_string"}}],"inLanguage":"en-US"},{"@type":"Person","@id":"https:\/\/www.welovecycling.com\/wide\/#\/schema\/person\/50f01ecd18718d2333cf72e823c4f926","name":"tereza","image":{"@type":"ImageObject","inLanguage":"en-US","@id":"https:\/\/www.welovecycling.com\/wide\/#\/schema\/person\/image\/","url":"https:\/\/secure.gravatar.com\/avatar\/1f9eb71be33845f0afabce3791bc1c58ecdb0a25c62964987e5dbcf7a20d2ec7?s=96&d=mm&r=g","contentUrl":"https:\/\/secure.gravatar.com\/avatar\/1f9eb71be33845f0afabce3791bc1c58ecdb0a25c62964987e5dbcf7a20d2ec7?s=96&d=mm&r=g","caption":"tereza"},"url":"https:\/\/www.welovecycling.com\/wide\/author\/tereza\/"}]}},"_links":{"self":[{"href":"https:\/\/www.welovecycling.com\/wide\/wp-json\/wp\/v2\/posts\/192049","targetHints":{"allow":["GET"]}}],"collection":[{"href":"https:\/\/www.welovecycling.com\/wide\/wp-json\/wp\/v2\/posts"}],"about":[{"href":"https:\/\/www.welovecycling.com\/wide\/wp-json\/wp\/v2\/types\/post"}],"author":[{"embeddable":true,"href":"https:\/\/www.welovecycling.com\/wide\/wp-json\/wp\/v2\/users\/99"}],"replies":[{"embeddable":true,"href":"https:\/\/www.welovecycling.com\/wide\/wp-json\/wp\/v2\/comments?post=192049"}],"version-history":[{"count":2,"href":"https:\/\/www.welovecycling.com\/wide\/wp-json\/wp\/v2\/posts\/192049\/revisions"}],"predecessor-version":[{"id":192053,"href":"https:\/\/www.welovecycling.com\/wide\/wp-json\/wp\/v2\/posts\/192049\/revisions\/192053"}],"wp:featuredmedia":[{"embeddable":true,"href":"https:\/\/www.welovecycling.com\/wide\/wp-json\/wp\/v2\/media\/192052"}],"wp:attachment":[{"href":"https:\/\/www.welovecycling.com\/wide\/wp-json\/wp\/v2\/media?parent=192049"}],"wp:term":[{"taxonomy":"category","embeddable":true,"href":"https:\/\/www.welovecycling.com\/wide\/wp-json\/wp\/v2\/categories?post=192049"},{"taxonomy":"post_tag","embeddable":true,"href":"https:\/\/www.welovecycling.com\/wide\/wp-json\/wp\/v2\/tags?post=192049"},{"taxonomy":"global-categories","embeddable":true,"href":"https:\/\/www.welovecycling.com\/wide\/wp-json\/wp\/v2\/global-categories?post=192049"}],"curies":[{"name":"wp","href":"https:\/\/api.w.org\/{rel}","templated":true}]}}