{"id":191955,"date":"2023-02-06T15:38:14","date_gmt":"2023-02-06T15:38:14","guid":{"rendered":"https:\/\/www.welovecycling.com\/wide\/?p=191955"},"modified":"2023-02-06T15:38:14","modified_gmt":"2023-02-06T15:38:14","slug":"the-thrilling-cyclocross-world-championship-duel","status":"publish","type":"post","link":"https:\/\/www.welovecycling.com\/wide\/2023\/02\/06\/the-thrilling-cyclocross-world-championship-duel\/","title":{"rendered":"The Thrilling Cyclocross World Championship Duel"},"content":{"rendered":"<p style=\"font-weight: 400;\"><strong>When the history of competitive cycling is written, there should be a separate chapter devoted solely to the fierce competition between Belgian Jumbo-Visma rider Wout van Aert and Dutchman Mathieu van der Poel of Alpecin\u2013Deceuninck. Both men are 28 years old, both ride in multiple disciplines, both are among the best cyclists in the world and they have been racing against each other \u2013 in MTB, cyclocross and road racing \u2013 since they were teens.<\/strong><\/p>\n<p><!--more--><\/p>\n<p style=\"font-weight: 400;\">So it was only right and just that the 2023 UCI Cyclocross Elite Men\u2019s World Championship, held Sunday in the Dutch village of Hoogerheide, turned into a thrilling mano a mano between the two that the <em>Cyclocross<\/em> magazine <a href=\"https:\/\/www.cxmagazine.com\/2023-uci-cyclocross-world-championships-hoogerheide-elite-men-results-highlights\">rightly called<\/a> \u201ca duel for the ages.\u201d That the 10-lap race was not decided until the sprint finish, 1 hour, 7 minutes, 20 seconds after the start, and that van der Poel won because van Aert made a simple tactical error, tells you all you need to know about the kind of nail-biter the race was.<\/p>\n<p style=\"font-weight: 400;\">The strategy of the Dutch team was to turn it into a two-man race, and van der Poel\u2019s teammate Lars van der Haar set a blistering pace in the first lap until he and the two favourites had distanced themselves from the rest of the field. Van der Haar then dropped back \u2013 he would finish a brave fourth \u2013 and van Aert and van der Poel spent the rest of the race alone with each other.<\/p>\n<p style=\"font-weight: 400;\">The gap to the field was 8 seconds after the first lap. It would grow to as much as 23 seconds and then decrease again as the two leaders fought a tense tactical battle all the way to the end. Fortunately, for the riders, the course had dried out overnight \u2013 it had been damp and muddy for the Elite Women\u2019s Championship race the previous day \u2013 and all the two riders had to contend with were deep ruts, tricky corners and each other.<\/p>\n<div class=\"embed-controller-wrapper\">\n<blockquote class=\"twitter-tweet\" data-width=\"500\" data-dnt=\"true\">\n<p lang=\"en\" dir=\"ltr\">This crowd. \ud83e\udd2f<\/p>\n<p>Thank you, Hoogerheide. \ud83d\ude4c<a href=\"https:\/\/twitter.com\/hashtag\/Hoogerheide2023?src=hash&amp;ref_src=twsrc%5Etfw\">#Hoogerheide2023<\/a> <a href=\"https:\/\/t.co\/YmK4uG0OwQ\">pic.twitter.com\/YmK4uG0OwQ<\/a><\/p>\n<p>&mdash; UCI Cyclocross (@UCI_CX) <a href=\"https:\/\/twitter.com\/UCI_CX\/status\/1622579891500621825?ref_src=twsrc%5Etfw\">February 6, 2023<\/a><\/p><\/blockquote>\n<p><script async data-src=\"https:\/\/platform.twitter.com\/widgets.js\" charset=\"utf-8\"><\/script><\/div>\n<p style=\"font-weight: 400;\">Van der Poel was considered the slight favourite as he was riding in his home country on a course designed by his father, and he was definitely the fastest over the tall, uphill barriers. The two men traded jabs and counterpunches, as they sprinted when possible to try and put distance between the other. But they entered the final sprint over about 250 meters of paved road.<\/p>\n<p style=\"font-weight: 400;\">Van Aert had probably expected his rival to begin his final attack at the barriers, which came just a few turns before the pavement. But van der Poel simply stayed on van Aert\u2019s wheel, intent on being behind him for the sprint finish. When he stood up and took off, he caught the Belgian by surprise, from which he never recovered. \u201cIn retrospect, I had a better chance if I had started the sprint immediately,\u201d van Aert <a href=\"https:\/\/cyclinguptodate.com\/cyclocross\/i-had-a-better-chance-if-i-had-started-the-sprint-immediately-wout-van-aert-recollects-race-of-suffering-and-difficult-decisions\">told journalists<\/a> after the race. \u201cBut I didn&#8217;t, so that&#8217;s my fault. Mathieu was the strongest in the race.&#8221;<\/p>\n<p style=\"font-weight: 400;\">Van der Poel <a href=\"https:\/\/twitter.com\/UCI_CX\/status\/1622257255193219072?ref_src=twsrc%5Etfw%7Ctwcamp%5Etweetembed%7Ctwterm%5E1622257255193219072%7Ctwgr%5E%7Ctwcon%5Es1_&amp;ref_url=https%3A%2F%2Fwww.cxmagazine.com%2F2023-uci-cyclocross-world-championships-hoogerheide-elite-men-results-highlights\">called<\/a> the victory &#8220;for sure in my Top 3 nicest victories and I am going to remember this for a long time!&#8221; He also paid respect to his defeated opponent, saying: \u201cWe both bring each other to a higher level, but it\u2019s also the sport\u2014I\u2019ve never seen anything like this in cyclocross. Sometimes, we are a bit worried about each other but after our careers [are over], we will be really proud of all the medals we\u2019ve had. It\u2019s a super cool story we are writing. The road season is coming already and then it will be for sure against him again.\u201d<\/p>\n<p style=\"font-weight: 400;\">This was van der Poel\u2019s fifth cyclocross world championship win; van Aert has won three and finished second four times. The Belgian rider Eli Iserbyt finished third, 12 seconds behind the winner, with van der Haar another second adrift.<\/p>\n","protected":false},"excerpt":{"rendered":"<p>When the history of competitive cycling is written, there should be a separate chapter devoted solely to the fierce competition [&hellip;]<\/p>\n","protected":false},"author":99,"featured_media":191956,"comment_status":"closed","ping_status":"open","sticky":false,"template":"","format":"standard","meta":{"footnotes":""},"categories":[328],"tags":[6932,631,3691,2933,831],"global-categories":[3366],"class_list":["post-191955","post","type-post","status-publish","format-standard","has-post-thumbnail","hentry","category-outdoor-mountain","tag-2023-cx-world-championship","tag-cyclo-cross","tag-eli-iserbyt","tag-mathieu-van-der-poel","tag-wout-van-aert","global-categories-cycling"],"yoast_head":"<!-- This site is optimized with the Yoast SEO Premium plugin v25.3 (Yoast SEO v25.9) - https:\/\/yoast.com\/wordpress\/plugins\/seo\/ -->\n<title>The Thrilling Cyclocross World Championship Duel<\/title>\n<meta name=\"description\" content=\"When the history of competitive cycling is written, there should be a separate chapter devoted solely to the fierce competition between Belgian\" \/>\n<meta name=\"robots\" content=\"index, follow, max-snippet:-1, max-image-preview:large, max-video-preview:-1\" \/>\n<link rel=\"canonical\" href=\"https:\/\/www.welovecycling.com\/wide\/2023\/02\/06\/the-thrilling-cyclocross-world-championship-duel\/\" \/>\n<meta property=\"og:locale\" content=\"en_US\" \/>\n<meta property=\"og:type\" content=\"article\" \/>\n<meta property=\"og:title\" content=\"The Thrilling Cyclocross World Championship Duel\" \/>\n<meta property=\"og:description\" content=\"When the history of competitive cycling is written, there should be a separate chapter devoted solely to the fierce competition between Belgian\" \/>\n<meta property=\"og:url\" content=\"https:\/\/www.welovecycling.com\/wide\/2023\/02\/06\/the-thrilling-cyclocross-world-championship-duel\/\" \/>\n<meta property=\"og:site_name\" content=\"\u0160koda We Love Cycling\" \/>\n<meta property=\"article:published_time\" content=\"2023-02-06T15:38:14+00:00\" \/>\n<meta property=\"og:image\" content=\"https:\/\/d2p6e6u75xmxt8.cloudfront.net\/2\/2023\/02\/Mathieu-van-der-Poel-Wout-van-Aert-profimedia-0754240688-CVR.webp\" \/>\n\t<meta property=\"og:image:width\" content=\"990\" \/>\n\t<meta property=\"og:image:height\" content=\"660\" \/>\n\t<meta property=\"og:image:type\" content=\"image\/webp\" \/>\n<meta name=\"author\" content=\"tereza\" \/>\n<meta name=\"twitter:card\" content=\"summary_large_image\" \/>\n<meta name=\"twitter:label1\" content=\"Written by\" \/>\n\t<meta name=\"twitter:data1\" content=\"Siegfried Mortkowitz\" \/>\n\t<meta name=\"twitter:label2\" content=\"Est. reading time\" \/>\n\t<meta name=\"twitter:data2\" content=\"5\" \/>\n<script type=\"application\/ld+json\" class=\"yoast-schema-graph\">{\"@context\":\"https:\/\/schema.org\",\"@graph\":[{\"@type\":\"WebPage\",\"@id\":\"https:\/\/www.welovecycling.com\/wide\/2023\/02\/06\/the-thrilling-cyclocross-world-championship-duel\/\",\"url\":\"https:\/\/www.welovecycling.com\/wide\/2023\/02\/06\/the-thrilling-cyclocross-world-championship-duel\/\",\"name\":\"The Thrilling Cyclocross World Championship Duel\",\"isPartOf\":{\"@id\":\"https:\/\/www.welovecycling.com\/wide\/#website\"},\"primaryImageOfPage\":{\"@id\":\"https:\/\/www.welovecycling.com\/wide\/2023\/02\/06\/the-thrilling-cyclocross-world-championship-duel\/#primaryimage\"},\"image\":{\"@id\":\"https:\/\/www.welovecycling.com\/wide\/2023\/02\/06\/the-thrilling-cyclocross-world-championship-duel\/#primaryimage\"},\"thumbnailUrl\":\"https:\/\/d2p6e6u75xmxt8.cloudfront.net\/2\/2023\/02\/Mathieu-van-der-Poel-Wout-van-Aert-profimedia-0754240688-CVR.webp\",\"datePublished\":\"2023-02-06T15:38:14+00:00\",\"author\":{\"@id\":\"https:\/\/www.welovecycling.com\/wide\/#\/schema\/person\/50f01ecd18718d2333cf72e823c4f926\"},\"description\":\"When the history of competitive cycling is written, there should be a separate chapter devoted solely to the fierce competition between Belgian\",\"breadcrumb\":{\"@id\":\"https:\/\/www.welovecycling.com\/wide\/2023\/02\/06\/the-thrilling-cyclocross-world-championship-duel\/#breadcrumb\"},\"inLanguage\":\"en-US\",\"potentialAction\":[{\"@type\":\"ReadAction\",\"target\":[\"https:\/\/www.welovecycling.com\/wide\/2023\/02\/06\/the-thrilling-cyclocross-world-championship-duel\/\"]}]},{\"@type\":\"ImageObject\",\"inLanguage\":\"en-US\",\"@id\":\"https:\/\/www.welovecycling.com\/wide\/2023\/02\/06\/the-thrilling-cyclocross-world-championship-duel\/#primaryimage\",\"url\":\"https:\/\/d2p6e6u75xmxt8.cloudfront.net\/2\/2023\/02\/Mathieu-van-der-Poel-Wout-van-Aert-profimedia-0754240688-CVR.webp\",\"contentUrl\":\"https:\/\/d2p6e6u75xmxt8.cloudfront.net\/2\/2023\/02\/Mathieu-van-der-Poel-Wout-van-Aert-profimedia-0754240688-CVR.webp\",\"width\":990,\"height\":660,\"caption\":\"Van der Poel and van Aert at the CX Championship\"},{\"@type\":\"BreadcrumbList\",\"@id\":\"https:\/\/www.welovecycling.com\/wide\/2023\/02\/06\/the-thrilling-cyclocross-world-championship-duel\/#breadcrumb\",\"itemListElement\":[{\"@type\":\"ListItem\",\"position\":1,\"name\":\"Home\",\"item\":\"https:\/\/www.welovecycling.com\/wide\/\"},{\"@type\":\"ListItem\",\"position\":2,\"name\":\"The Thrilling Cyclocross World Championship Duel\"}]},{\"@type\":\"WebSite\",\"@id\":\"https:\/\/www.welovecycling.com\/wide\/#website\",\"url\":\"https:\/\/www.welovecycling.com\/wide\/\",\"name\":\"\u0160koda We Love Cycling\",\"description\":\"\u0160koda We Love Cycling magazine\",\"alternateName\":\"\u0160koda WLC\",\"potentialAction\":[{\"@type\":\"SearchAction\",\"target\":{\"@type\":\"EntryPoint\",\"urlTemplate\":\"https:\/\/www.welovecycling.com\/wide\/?s={search_term_string}\"},\"query-input\":{\"@type\":\"PropertyValueSpecification\",\"valueRequired\":true,\"valueName\":\"search_term_string\"}}],\"inLanguage\":\"en-US\"},{\"@type\":\"Person\",\"@id\":\"https:\/\/www.welovecycling.com\/wide\/#\/schema\/person\/50f01ecd18718d2333cf72e823c4f926\",\"name\":\"tereza\",\"image\":{\"@type\":\"ImageObject\",\"inLanguage\":\"en-US\",\"@id\":\"https:\/\/www.welovecycling.com\/wide\/#\/schema\/person\/image\/\",\"url\":\"https:\/\/secure.gravatar.com\/avatar\/1f9eb71be33845f0afabce3791bc1c58ecdb0a25c62964987e5dbcf7a20d2ec7?s=96&d=mm&r=g\",\"contentUrl\":\"https:\/\/secure.gravatar.com\/avatar\/1f9eb71be33845f0afabce3791bc1c58ecdb0a25c62964987e5dbcf7a20d2ec7?s=96&d=mm&r=g\",\"caption\":\"tereza\"},\"url\":\"https:\/\/www.welovecycling.com\/wide\/author\/tereza\/\"}]}<\/script>\n<!-- \/ Yoast SEO Premium plugin. -->","yoast_head_json":{"title":"The Thrilling Cyclocross World Championship Duel","description":"When the history of competitive cycling is written, there should be a separate chapter devoted solely to the fierce competition between Belgian","robots":{"index":"index","follow":"follow","max-snippet":"max-snippet:-1","max-image-preview":"max-image-preview:large","max-video-preview":"max-video-preview:-1"},"canonical":"https:\/\/www.welovecycling.com\/wide\/2023\/02\/06\/the-thrilling-cyclocross-world-championship-duel\/","og_locale":"en_US","og_type":"article","og_title":"The Thrilling Cyclocross World Championship Duel","og_description":"When the history of competitive cycling is written, there should be a separate chapter devoted solely to the fierce competition between Belgian","og_url":"https:\/\/www.welovecycling.com\/wide\/2023\/02\/06\/the-thrilling-cyclocross-world-championship-duel\/","og_site_name":"\u0160koda We Love Cycling","article_published_time":"2023-02-06T15:38:14+00:00","og_image":[{"width":990,"height":660,"url":"https:\/\/d2p6e6u75xmxt8.cloudfront.net\/2\/2023\/02\/Mathieu-van-der-Poel-Wout-van-Aert-profimedia-0754240688-CVR.webp","type":"image\/webp"}],"author":"tereza","twitter_card":"summary_large_image","twitter_misc":{"Written by":"Siegfried Mortkowitz","Est. reading time":"5"},"schema":{"@context":"https:\/\/schema.org","@graph":[{"@type":"WebPage","@id":"https:\/\/www.welovecycling.com\/wide\/2023\/02\/06\/the-thrilling-cyclocross-world-championship-duel\/","url":"https:\/\/www.welovecycling.com\/wide\/2023\/02\/06\/the-thrilling-cyclocross-world-championship-duel\/","name":"The Thrilling Cyclocross World Championship Duel","isPartOf":{"@id":"https:\/\/www.welovecycling.com\/wide\/#website"},"primaryImageOfPage":{"@id":"https:\/\/www.welovecycling.com\/wide\/2023\/02\/06\/the-thrilling-cyclocross-world-championship-duel\/#primaryimage"},"image":{"@id":"https:\/\/www.welovecycling.com\/wide\/2023\/02\/06\/the-thrilling-cyclocross-world-championship-duel\/#primaryimage"},"thumbnailUrl":"https:\/\/d2p6e6u75xmxt8.cloudfront.net\/2\/2023\/02\/Mathieu-van-der-Poel-Wout-van-Aert-profimedia-0754240688-CVR.webp","datePublished":"2023-02-06T15:38:14+00:00","author":{"@id":"https:\/\/www.welovecycling.com\/wide\/#\/schema\/person\/50f01ecd18718d2333cf72e823c4f926"},"description":"When the history of competitive cycling is written, there should be a separate chapter devoted solely to the fierce competition between Belgian","breadcrumb":{"@id":"https:\/\/www.welovecycling.com\/wide\/2023\/02\/06\/the-thrilling-cyclocross-world-championship-duel\/#breadcrumb"},"inLanguage":"en-US","potentialAction":[{"@type":"ReadAction","target":["https:\/\/www.welovecycling.com\/wide\/2023\/02\/06\/the-thrilling-cyclocross-world-championship-duel\/"]}]},{"@type":"ImageObject","inLanguage":"en-US","@id":"https:\/\/www.welovecycling.com\/wide\/2023\/02\/06\/the-thrilling-cyclocross-world-championship-duel\/#primaryimage","url":"https:\/\/d2p6e6u75xmxt8.cloudfront.net\/2\/2023\/02\/Mathieu-van-der-Poel-Wout-van-Aert-profimedia-0754240688-CVR.webp","contentUrl":"https:\/\/d2p6e6u75xmxt8.cloudfront.net\/2\/2023\/02\/Mathieu-van-der-Poel-Wout-van-Aert-profimedia-0754240688-CVR.webp","width":990,"height":660,"caption":"Van der Poel and van Aert at the CX Championship"},{"@type":"BreadcrumbList","@id":"https:\/\/www.welovecycling.com\/wide\/2023\/02\/06\/the-thrilling-cyclocross-world-championship-duel\/#breadcrumb","itemListElement":[{"@type":"ListItem","position":1,"name":"Home","item":"https:\/\/www.welovecycling.com\/wide\/"},{"@type":"ListItem","position":2,"name":"The Thrilling Cyclocross World Championship Duel"}]},{"@type":"WebSite","@id":"https:\/\/www.welovecycling.com\/wide\/#website","url":"https:\/\/www.welovecycling.com\/wide\/","name":"\u0160koda We Love Cycling","description":"\u0160koda We Love Cycling magazine","alternateName":"\u0160koda WLC","potentialAction":[{"@type":"SearchAction","target":{"@type":"EntryPoint","urlTemplate":"https:\/\/www.welovecycling.com\/wide\/?s={search_term_string}"},"query-input":{"@type":"PropertyValueSpecification","valueRequired":true,"valueName":"search_term_string"}}],"inLanguage":"en-US"},{"@type":"Person","@id":"https:\/\/www.welovecycling.com\/wide\/#\/schema\/person\/50f01ecd18718d2333cf72e823c4f926","name":"tereza","image":{"@type":"ImageObject","inLanguage":"en-US","@id":"https:\/\/www.welovecycling.com\/wide\/#\/schema\/person\/image\/","url":"https:\/\/secure.gravatar.com\/avatar\/1f9eb71be33845f0afabce3791bc1c58ecdb0a25c62964987e5dbcf7a20d2ec7?s=96&d=mm&r=g","contentUrl":"https:\/\/secure.gravatar.com\/avatar\/1f9eb71be33845f0afabce3791bc1c58ecdb0a25c62964987e5dbcf7a20d2ec7?s=96&d=mm&r=g","caption":"tereza"},"url":"https:\/\/www.welovecycling.com\/wide\/author\/tereza\/"}]}},"_links":{"self":[{"href":"https:\/\/www.welovecycling.com\/wide\/wp-json\/wp\/v2\/posts\/191955","targetHints":{"allow":["GET"]}}],"collection":[{"href":"https:\/\/www.welovecycling.com\/wide\/wp-json\/wp\/v2\/posts"}],"about":[{"href":"https:\/\/www.welovecycling.com\/wide\/wp-json\/wp\/v2\/types\/post"}],"author":[{"embeddable":true,"href":"https:\/\/www.welovecycling.com\/wide\/wp-json\/wp\/v2\/users\/99"}],"replies":[{"embeddable":true,"href":"https:\/\/www.welovecycling.com\/wide\/wp-json\/wp\/v2\/comments?post=191955"}],"version-history":[{"count":1,"href":"https:\/\/www.welovecycling.com\/wide\/wp-json\/wp\/v2\/posts\/191955\/revisions"}],"predecessor-version":[{"id":191958,"href":"https:\/\/www.welovecycling.com\/wide\/wp-json\/wp\/v2\/posts\/191955\/revisions\/191958"}],"wp:featuredmedia":[{"embeddable":true,"href":"https:\/\/www.welovecycling.com\/wide\/wp-json\/wp\/v2\/media\/191956"}],"wp:attachment":[{"href":"https:\/\/www.welovecycling.com\/wide\/wp-json\/wp\/v2\/media?parent=191955"}],"wp:term":[{"taxonomy":"category","embeddable":true,"href":"https:\/\/www.welovecycling.com\/wide\/wp-json\/wp\/v2\/categories?post=191955"},{"taxonomy":"post_tag","embeddable":true,"href":"https:\/\/www.welovecycling.com\/wide\/wp-json\/wp\/v2\/tags?post=191955"},{"taxonomy":"global-categories","embeddable":true,"href":"https:\/\/www.welovecycling.com\/wide\/wp-json\/wp\/v2\/global-categories?post=191955"}],"curies":[{"name":"wp","href":"https:\/\/api.w.org\/{rel}","templated":true}]}}