{"id":191891,"date":"2023-02-01T12:53:07","date_gmt":"2023-02-01T12:53:07","guid":{"rendered":"https:\/\/www.welovecycling.com\/wide\/?p=191891"},"modified":"2023-02-01T12:53:07","modified_gmt":"2023-02-01T12:53:07","slug":"pro-cycling-chef-hannah-grant-i-had-no-idea-what-i-was-getting-into","status":"publish","type":"post","link":"https:\/\/www.welovecycling.com\/wide\/2023\/02\/01\/pro-cycling-chef-hannah-grant-i-had-no-idea-what-i-was-getting-into\/","title":{"rendered":"Pro Cycling Chef Hannah Grant: \u2018I had no idea what I was getting into!\u2019"},"content":{"rendered":"<p><strong>Another instalment of the We Love Cycling Podcast hosted by Matt Stephens is here \u2013 and this time, he and his esteemed guest will take on pro cycling from an unusual angle.<\/strong><\/p>\n<p><!--more--><\/p>\n<p>As anyone with a somewhat keen interest in cycling and sports in general would agree, food (or more precisely, nutrition) can make or break an athlete and have a serious impact on their overall health, condition and race results.<\/p>\n<p>To get closer acquainted with the topic within the world of pro cycling, Matt invited over his long-time friend, Hannah Grant, to shed some light on how things go down in the \u201ckitchen\u201d of a pro cycling team. Born in Copenhagen, Denmark, Hannah is an accomplished chef with experience ranging from modern Danish-French restaurants to prepping meals aboard a kiteboarding expedition boat sailing the South Pacific. She is also an entrepreneur and author of such bestsellers as Eat, Race, Win or The Grand Tour Cookbook.<\/p>\n<p>https:\/\/open.spotify.com\/episode\/4SMgpKn5fPRky9CNrCFfY5?si=b8wkHwWyShmNw2IVuahA3Q<\/p>\n<p>Her newest exciting addition, <a href=\"https:\/\/www.amazon.com\/Cake-Cookbook-Have-your-veggies\/dp\/8887570647\">The Cake Cookbook,<\/a> focuses solely on cakes designed for cyclists and other athletes. She has been with the World Tour pro cycling team Tinkoff Saxo since 2011 and is working in parallel with Danish morning television as a TV chef as well as developing recipes for a number of sports publications.<\/p>\n<p>With Matt, Hannah discussed her background in the Danish Royal Navy, how she took interest in efficient and performance-driven food preparation and recipes, the initial hurdles of blending in with the high-profile cycling environment and more.<\/p>\n<p>Settle down comfortably and enjoy 30 minutes of inspirational and insightful banter.<\/p>\n","protected":false},"excerpt":{"rendered":"<p>Another instalment of the We Love Cycling Podcast hosted by Matt Stephens is here \u2013 and this time, he and [&hellip;]<\/p>\n","protected":false},"author":99,"featured_media":191892,"comment_status":"open","ping_status":"open","sticky":false,"template":"","format":"standard","meta":{"footnotes":""},"categories":[332,329,334],"tags":[6926,6399,4525,6508],"global-categories":[3366],"class_list":["post-191891","post","type-post","status-publish","format-standard","has-post-thumbnail","hentry","category-health-and-training","category-road-cycling","category-socialising-and-culture","tag-hannah-grant","tag-matt-stephens","tag-pro-nutrition","tag-wlc-podcast","global-categories-cycling"],"yoast_head":"<!-- This site is optimized with the Yoast SEO Premium plugin v25.3 (Yoast SEO v25.9) - https:\/\/yoast.com\/wordpress\/plugins\/seo\/ -->\n<title>Pro Cycling Chef Hannah Grant: \u2018I had no idea what I was getting into!\u2019<\/title>\n<meta name=\"description\" content=\"Matt Stephens talks with a professional chef, Hannah Grant, about how things go down in the \u201ckitchen\u201d of a pro cycling team.\" \/>\n<meta name=\"robots\" content=\"index, follow, max-snippet:-1, max-image-preview:large, max-video-preview:-1\" \/>\n<link rel=\"canonical\" href=\"https:\/\/www.welovecycling.com\/wide\/2023\/02\/01\/pro-cycling-chef-hannah-grant-i-had-no-idea-what-i-was-getting-into\/\" \/>\n<meta property=\"og:locale\" content=\"en_US\" \/>\n<meta property=\"og:type\" content=\"article\" \/>\n<meta property=\"og:title\" content=\"Pro Cycling Chef Hannah Grant: \u2018I had no idea what I was getting into!\u2019\" \/>\n<meta property=\"og:description\" content=\"Matt Stephens talks with a professional chef, Hannah Grant, about how things go down in the \u201ckitchen\u201d of a pro cycling team.\" \/>\n<meta property=\"og:url\" content=\"https:\/\/www.welovecycling.com\/wide\/2023\/02\/01\/pro-cycling-chef-hannah-grant-i-had-no-idea-what-i-was-getting-into\/\" \/>\n<meta property=\"og:site_name\" content=\"\u0160koda We Love Cycling\" \/>\n<meta property=\"article:published_time\" content=\"2023-02-01T12:53:07+00:00\" \/>\n<meta property=\"og:image\" content=\"https:\/\/d2p6e6u75xmxt8.cloudfront.net\/2\/2023\/02\/WLC_PODCAST_Hannah-Grant_CVR.webp\" \/>\n\t<meta property=\"og:image:width\" content=\"990\" \/>\n\t<meta property=\"og:image:height\" content=\"660\" \/>\n\t<meta property=\"og:image:type\" content=\"image\/webp\" \/>\n<meta name=\"author\" content=\"tereza\" \/>\n<meta name=\"twitter:card\" content=\"summary_large_image\" \/>\n<meta name=\"twitter:label1\" content=\"Written by\" \/>\n\t<meta name=\"twitter:data1\" content=\"We Love Cycling\" \/>\n\t<meta name=\"twitter:label2\" content=\"Est. reading time\" \/>\n\t<meta name=\"twitter:data2\" content=\"3\" \/>\n<script type=\"application\/ld+json\" class=\"yoast-schema-graph\">{\"@context\":\"https:\/\/schema.org\",\"@graph\":[{\"@type\":\"WebPage\",\"@id\":\"https:\/\/www.welovecycling.com\/wide\/2023\/02\/01\/pro-cycling-chef-hannah-grant-i-had-no-idea-what-i-was-getting-into\/\",\"url\":\"https:\/\/www.welovecycling.com\/wide\/2023\/02\/01\/pro-cycling-chef-hannah-grant-i-had-no-idea-what-i-was-getting-into\/\",\"name\":\"Pro Cycling Chef Hannah Grant: \u2018I had no idea what I was getting into!\u2019\",\"isPartOf\":{\"@id\":\"https:\/\/www.welovecycling.com\/wide\/#website\"},\"primaryImageOfPage\":{\"@id\":\"https:\/\/www.welovecycling.com\/wide\/2023\/02\/01\/pro-cycling-chef-hannah-grant-i-had-no-idea-what-i-was-getting-into\/#primaryimage\"},\"image\":{\"@id\":\"https:\/\/www.welovecycling.com\/wide\/2023\/02\/01\/pro-cycling-chef-hannah-grant-i-had-no-idea-what-i-was-getting-into\/#primaryimage\"},\"thumbnailUrl\":\"https:\/\/d2p6e6u75xmxt8.cloudfront.net\/2\/2023\/02\/WLC_PODCAST_Hannah-Grant_CVR.webp\",\"datePublished\":\"2023-02-01T12:53:07+00:00\",\"author\":{\"@id\":\"https:\/\/www.welovecycling.com\/wide\/#\/schema\/person\/50f01ecd18718d2333cf72e823c4f926\"},\"description\":\"Matt Stephens talks with a professional chef, Hannah Grant, about how things go down in the \u201ckitchen\u201d of a pro cycling team.\",\"breadcrumb\":{\"@id\":\"https:\/\/www.welovecycling.com\/wide\/2023\/02\/01\/pro-cycling-chef-hannah-grant-i-had-no-idea-what-i-was-getting-into\/#breadcrumb\"},\"inLanguage\":\"en-US\",\"potentialAction\":[{\"@type\":\"ReadAction\",\"target\":[\"https:\/\/www.welovecycling.com\/wide\/2023\/02\/01\/pro-cycling-chef-hannah-grant-i-had-no-idea-what-i-was-getting-into\/\"]}]},{\"@type\":\"ImageObject\",\"inLanguage\":\"en-US\",\"@id\":\"https:\/\/www.welovecycling.com\/wide\/2023\/02\/01\/pro-cycling-chef-hannah-grant-i-had-no-idea-what-i-was-getting-into\/#primaryimage\",\"url\":\"https:\/\/d2p6e6u75xmxt8.cloudfront.net\/2\/2023\/02\/WLC_PODCAST_Hannah-Grant_CVR.webp\",\"contentUrl\":\"https:\/\/d2p6e6u75xmxt8.cloudfront.net\/2\/2023\/02\/WLC_PODCAST_Hannah-Grant_CVR.webp\",\"width\":990,\"height\":660,\"caption\":\"Hannah Grant\"},{\"@type\":\"BreadcrumbList\",\"@id\":\"https:\/\/www.welovecycling.com\/wide\/2023\/02\/01\/pro-cycling-chef-hannah-grant-i-had-no-idea-what-i-was-getting-into\/#breadcrumb\",\"itemListElement\":[{\"@type\":\"ListItem\",\"position\":1,\"name\":\"Home\",\"item\":\"https:\/\/www.welovecycling.com\/wide\/\"},{\"@type\":\"ListItem\",\"position\":2,\"name\":\"Pro Cycling Chef Hannah Grant: \u2018I had no idea what I was getting into!\u2019\"}]},{\"@type\":\"WebSite\",\"@id\":\"https:\/\/www.welovecycling.com\/wide\/#website\",\"url\":\"https:\/\/www.welovecycling.com\/wide\/\",\"name\":\"\u0160koda We Love Cycling\",\"description\":\"\u0160koda We Love Cycling magazine\",\"alternateName\":\"\u0160koda WLC\",\"potentialAction\":[{\"@type\":\"SearchAction\",\"target\":{\"@type\":\"EntryPoint\",\"urlTemplate\":\"https:\/\/www.welovecycling.com\/wide\/?s={search_term_string}\"},\"query-input\":{\"@type\":\"PropertyValueSpecification\",\"valueRequired\":true,\"valueName\":\"search_term_string\"}}],\"inLanguage\":\"en-US\"},{\"@type\":\"Person\",\"@id\":\"https:\/\/www.welovecycling.com\/wide\/#\/schema\/person\/50f01ecd18718d2333cf72e823c4f926\",\"name\":\"tereza\",\"image\":{\"@type\":\"ImageObject\",\"inLanguage\":\"en-US\",\"@id\":\"https:\/\/www.welovecycling.com\/wide\/#\/schema\/person\/image\/\",\"url\":\"https:\/\/secure.gravatar.com\/avatar\/1f9eb71be33845f0afabce3791bc1c58ecdb0a25c62964987e5dbcf7a20d2ec7?s=96&d=mm&r=g\",\"contentUrl\":\"https:\/\/secure.gravatar.com\/avatar\/1f9eb71be33845f0afabce3791bc1c58ecdb0a25c62964987e5dbcf7a20d2ec7?s=96&d=mm&r=g\",\"caption\":\"tereza\"},\"url\":\"https:\/\/www.welovecycling.com\/wide\/author\/tereza\/\"}]}<\/script>\n<!-- \/ Yoast SEO Premium plugin. -->","yoast_head_json":{"title":"Pro Cycling Chef Hannah Grant: \u2018I had no idea what I was getting into!\u2019","description":"Matt Stephens talks with a professional chef, Hannah Grant, about how things go down in the \u201ckitchen\u201d of a pro cycling team.","robots":{"index":"index","follow":"follow","max-snippet":"max-snippet:-1","max-image-preview":"max-image-preview:large","max-video-preview":"max-video-preview:-1"},"canonical":"https:\/\/www.welovecycling.com\/wide\/2023\/02\/01\/pro-cycling-chef-hannah-grant-i-had-no-idea-what-i-was-getting-into\/","og_locale":"en_US","og_type":"article","og_title":"Pro Cycling Chef Hannah Grant: \u2018I had no idea what I was getting into!\u2019","og_description":"Matt Stephens talks with a professional chef, Hannah Grant, about how things go down in the \u201ckitchen\u201d of a pro cycling team.","og_url":"https:\/\/www.welovecycling.com\/wide\/2023\/02\/01\/pro-cycling-chef-hannah-grant-i-had-no-idea-what-i-was-getting-into\/","og_site_name":"\u0160koda We Love Cycling","article_published_time":"2023-02-01T12:53:07+00:00","og_image":[{"width":990,"height":660,"url":"https:\/\/d2p6e6u75xmxt8.cloudfront.net\/2\/2023\/02\/WLC_PODCAST_Hannah-Grant_CVR.webp","type":"image\/webp"}],"author":"tereza","twitter_card":"summary_large_image","twitter_misc":{"Written by":"We Love Cycling","Est. reading time":"3"},"schema":{"@context":"https:\/\/schema.org","@graph":[{"@type":"WebPage","@id":"https:\/\/www.welovecycling.com\/wide\/2023\/02\/01\/pro-cycling-chef-hannah-grant-i-had-no-idea-what-i-was-getting-into\/","url":"https:\/\/www.welovecycling.com\/wide\/2023\/02\/01\/pro-cycling-chef-hannah-grant-i-had-no-idea-what-i-was-getting-into\/","name":"Pro Cycling Chef Hannah Grant: \u2018I had no idea what I was getting into!\u2019","isPartOf":{"@id":"https:\/\/www.welovecycling.com\/wide\/#website"},"primaryImageOfPage":{"@id":"https:\/\/www.welovecycling.com\/wide\/2023\/02\/01\/pro-cycling-chef-hannah-grant-i-had-no-idea-what-i-was-getting-into\/#primaryimage"},"image":{"@id":"https:\/\/www.welovecycling.com\/wide\/2023\/02\/01\/pro-cycling-chef-hannah-grant-i-had-no-idea-what-i-was-getting-into\/#primaryimage"},"thumbnailUrl":"https:\/\/d2p6e6u75xmxt8.cloudfront.net\/2\/2023\/02\/WLC_PODCAST_Hannah-Grant_CVR.webp","datePublished":"2023-02-01T12:53:07+00:00","author":{"@id":"https:\/\/www.welovecycling.com\/wide\/#\/schema\/person\/50f01ecd18718d2333cf72e823c4f926"},"description":"Matt Stephens talks with a professional chef, Hannah Grant, about how things go down in the \u201ckitchen\u201d of a pro cycling team.","breadcrumb":{"@id":"https:\/\/www.welovecycling.com\/wide\/2023\/02\/01\/pro-cycling-chef-hannah-grant-i-had-no-idea-what-i-was-getting-into\/#breadcrumb"},"inLanguage":"en-US","potentialAction":[{"@type":"ReadAction","target":["https:\/\/www.welovecycling.com\/wide\/2023\/02\/01\/pro-cycling-chef-hannah-grant-i-had-no-idea-what-i-was-getting-into\/"]}]},{"@type":"ImageObject","inLanguage":"en-US","@id":"https:\/\/www.welovecycling.com\/wide\/2023\/02\/01\/pro-cycling-chef-hannah-grant-i-had-no-idea-what-i-was-getting-into\/#primaryimage","url":"https:\/\/d2p6e6u75xmxt8.cloudfront.net\/2\/2023\/02\/WLC_PODCAST_Hannah-Grant_CVR.webp","contentUrl":"https:\/\/d2p6e6u75xmxt8.cloudfront.net\/2\/2023\/02\/WLC_PODCAST_Hannah-Grant_CVR.webp","width":990,"height":660,"caption":"Hannah Grant"},{"@type":"BreadcrumbList","@id":"https:\/\/www.welovecycling.com\/wide\/2023\/02\/01\/pro-cycling-chef-hannah-grant-i-had-no-idea-what-i-was-getting-into\/#breadcrumb","itemListElement":[{"@type":"ListItem","position":1,"name":"Home","item":"https:\/\/www.welovecycling.com\/wide\/"},{"@type":"ListItem","position":2,"name":"Pro Cycling Chef Hannah Grant: \u2018I had no idea what I was getting into!\u2019"}]},{"@type":"WebSite","@id":"https:\/\/www.welovecycling.com\/wide\/#website","url":"https:\/\/www.welovecycling.com\/wide\/","name":"\u0160koda We Love Cycling","description":"\u0160koda We Love Cycling magazine","alternateName":"\u0160koda WLC","potentialAction":[{"@type":"SearchAction","target":{"@type":"EntryPoint","urlTemplate":"https:\/\/www.welovecycling.com\/wide\/?s={search_term_string}"},"query-input":{"@type":"PropertyValueSpecification","valueRequired":true,"valueName":"search_term_string"}}],"inLanguage":"en-US"},{"@type":"Person","@id":"https:\/\/www.welovecycling.com\/wide\/#\/schema\/person\/50f01ecd18718d2333cf72e823c4f926","name":"tereza","image":{"@type":"ImageObject","inLanguage":"en-US","@id":"https:\/\/www.welovecycling.com\/wide\/#\/schema\/person\/image\/","url":"https:\/\/secure.gravatar.com\/avatar\/1f9eb71be33845f0afabce3791bc1c58ecdb0a25c62964987e5dbcf7a20d2ec7?s=96&d=mm&r=g","contentUrl":"https:\/\/secure.gravatar.com\/avatar\/1f9eb71be33845f0afabce3791bc1c58ecdb0a25c62964987e5dbcf7a20d2ec7?s=96&d=mm&r=g","caption":"tereza"},"url":"https:\/\/www.welovecycling.com\/wide\/author\/tereza\/"}]}},"_links":{"self":[{"href":"https:\/\/www.welovecycling.com\/wide\/wp-json\/wp\/v2\/posts\/191891","targetHints":{"allow":["GET"]}}],"collection":[{"href":"https:\/\/www.welovecycling.com\/wide\/wp-json\/wp\/v2\/posts"}],"about":[{"href":"https:\/\/www.welovecycling.com\/wide\/wp-json\/wp\/v2\/types\/post"}],"author":[{"embeddable":true,"href":"https:\/\/www.welovecycling.com\/wide\/wp-json\/wp\/v2\/users\/99"}],"replies":[{"embeddable":true,"href":"https:\/\/www.welovecycling.com\/wide\/wp-json\/wp\/v2\/comments?post=191891"}],"version-history":[{"count":1,"href":"https:\/\/www.welovecycling.com\/wide\/wp-json\/wp\/v2\/posts\/191891\/revisions"}],"predecessor-version":[{"id":191893,"href":"https:\/\/www.welovecycling.com\/wide\/wp-json\/wp\/v2\/posts\/191891\/revisions\/191893"}],"wp:featuredmedia":[{"embeddable":true,"href":"https:\/\/www.welovecycling.com\/wide\/wp-json\/wp\/v2\/media\/191892"}],"wp:attachment":[{"href":"https:\/\/www.welovecycling.com\/wide\/wp-json\/wp\/v2\/media?parent=191891"}],"wp:term":[{"taxonomy":"category","embeddable":true,"href":"https:\/\/www.welovecycling.com\/wide\/wp-json\/wp\/v2\/categories?post=191891"},{"taxonomy":"post_tag","embeddable":true,"href":"https:\/\/www.welovecycling.com\/wide\/wp-json\/wp\/v2\/tags?post=191891"},{"taxonomy":"global-categories","embeddable":true,"href":"https:\/\/www.welovecycling.com\/wide\/wp-json\/wp\/v2\/global-categories?post=191891"}],"curies":[{"name":"wp","href":"https:\/\/api.w.org\/{rel}","templated":true}]}}