{"id":191710,"date":"2023-01-09T15:07:53","date_gmt":"2023-01-09T15:07:53","guid":{"rendered":"https:\/\/www.welovecycling.com\/wide\/?p=191710"},"modified":"2023-01-09T15:07:53","modified_gmt":"2023-01-09T15:07:53","slug":"will-2023-be-another-big-year-for-remco-evenepoel","status":"publish","type":"post","link":"https:\/\/www.welovecycling.com\/wide\/2023\/01\/09\/will-2023-be-another-big-year-for-remco-evenepoel\/","title":{"rendered":"Will 2023 Be Another Big Year for Remco Evenepoel?"},"content":{"rendered":"<p style=\"font-weight: 400;\"><strong>What is the 2022 V\u00e9lo d\u2019Or winner, Remco Evenepoel, up to? He has already said that his Grand Tour race for 2023 will be the Giro d\u2019Italia, presumably because he does not feel ready to face past Tour de France winners Tadej Poga\u010dar, Jonas Vingegaard and perhaps Egan Bernal in that race.<\/strong><!--more--><\/p>\n<p style=\"font-weight: 400;\">Others have speculated that the 70km of time trials in the Giro suit him better than the mountain-heavy Tour, which offers only one climbing time trial in 2023. And the soon-to-be (on January 25) 23-year-old Soudal-QuickStep rider from <a href=\"https:\/\/www.google.com\/search?sxsrf=AJOqlzWcJeMBm19k-kRMetLf2MEOdgPmDg:1673185971547&amp;q=Aalst&amp;stick=H4sIAAAAAAAAAOPgE-LVT9c3NEw3SDcpjq8sVOLUz9U3MDSxMC7SEstOttIvSM0vyEkFUkXF-XlWSflFeYtYWR0Tc4pLdrAy7mJn4mAAAJkqFylEAAAA&amp;sa=X&amp;ved=2ahUKEwjqlOi7j7j8AhXf7rsIHRqZCpIQmxMoAHoECCUQAg\">Aalst, Belgium<\/a>, confirmed this in late December, <a href=\"https:\/\/www.eurosport.com\/cycling\/giro-d-italia\/2023\/remco-evenepoel-says-giro-d-italia-2023-time-trials-suit-me-well-after-recce-i-look-forward-to-it_sto9262548\/story.shtml\">telling Eurosport<\/a>, \u201cI am really looking forward to the opening time trial and then to Stage 9 [another time trial]. We scouted the latter last week. There are beautiful time trials in this Giro that suit me well.\u201d<\/p>\n<p style=\"font-weight: 400;\">If he thinks so, why has he now publicly declared that he is not a guaranteed winner in the Giro? \u201cPersonally, I always find it difficult to predict a classification [win],&#8221; <a href=\"https:\/\/cyclinguptodate.com\/cycling\/remco-evenepoels-initial-ambitions-to-the-giro-ditalia-it-is-a-bit-safer-to-aim-for-a-stage-victory-he-claims\">Evenepoel said.<\/a> &#8220;Uphill at the wrong time, a crash, getting sick. Anything can happen.&#8221; He went on to say, \u201cIt\u2019s a bit safer to aim for a stage victory. For a classification [win] you have to go with the flow a bit. That&#8217;s how I did it last year in the Vuelta.&#8221;<\/p>\n<p style=\"font-weight: 400;\">That\u2019s quite modest for a rider who won both the Vuelta a Espa\u00f1a and the World Road Race Championship in dominating style near the end of last year\u2019s road race season. And Geraint Thomas and Primo\u017e Rogli\u010d\u00a0notwithstanding, Evenepoel is definitely the favorite to win the Giro\u2019s pink jersey, if he stays healthy and on his bike.<\/p>\n<figure id=\"attachment_191122\" aria-describedby=\"caption-attachment-191122\" style=\"width: 1250px\" class=\"wp-caption alignnone\"><a href=\"https:\/\/d2p6e6u75xmxt8.cloudfront.net\/2\/2022\/11\/profimedia-0727601865.webp\"><img loading=\"lazy\" decoding=\"async\" class=\"size-full wp-image-191122\" src=\"https:\/\/d2p6e6u75xmxt8.cloudfront.net\/2\/2022\/11\/profimedia-0727601865.webp\" alt=\"Remco Evenepoel\" width=\"1250\" height=\"833\" srcset=\"https:\/\/d2p6e6u75xmxt8.cloudfront.net\/2\/2022\/11\/profimedia-0727601865.webp 1250w, https:\/\/d2p6e6u75xmxt8.cloudfront.net\/2\/2022\/11\/profimedia-0727601865-300x200.webp 300w, https:\/\/d2p6e6u75xmxt8.cloudfront.net\/2\/2022\/11\/profimedia-0727601865-1024x682.webp 1024w, https:\/\/d2p6e6u75xmxt8.cloudfront.net\/2\/2022\/11\/profimedia-0727601865-768x512.webp 768w, https:\/\/d2p6e6u75xmxt8.cloudfront.net\/2\/2022\/11\/profimedia-0727601865-272x182.webp 272w\" sizes=\"auto, (max-width: 1250px) 100vw, 1250px\" \/><\/a><figcaption id=\"caption-attachment-191122\" class=\"wp-caption-text\">Evenepoel celebrates after his Vuelta win. \u00a9 Profimedia<\/figcaption><\/figure>\n<p style=\"font-weight: 400;\">But this statement and his reluctance to ride the Tour this year suggest that, while he is super-confident about his time-trialing, he may still lack confidence in his climbing ability. Perhaps that is why he will be spending much of his time before the Giro training at altitude, with four high-altitude training camps and four races scheduled before he tackles the first Grand Tour of the season.<\/p>\n<p style=\"font-weight: 400;\">He begins his road racing year Down Under \u2013 in Argentina, competing in the Vuelta a San Juan on January 22 to 29. That will be followed by the UAE Tour in late February, the Volta a Catalunya in late March and the Li\u00e8ge-Bastogne-Li\u00e8ge in late April, making for only 22 days of racing before May 6, when the Giro starts.<\/p>\n<p style=\"font-weight: 400;\">\u201cIt&#8217;s a lot of training, a lot of altitude camps, but we saw last year that it works for me, so there&#8217;s no need to change anything or try any different approaches,\u201d Evenepoel <a href=\"https:\/\/www.cyclingnews.com\/news\/remco-evenepoel-takes-race-light-altitude-heavy-road-to-giro-ditalia\/\">told reporters<\/a> at the Soudal-QuickStep presentation earlier this month.<\/p>\n<p style=\"font-weight: 400;\">The Belgian emphasized that he would be racing to win these early races. &#8220;Every race I&#8217;m doing is with the idea of being on the podium or at least winning a stage,&#8221; he said. &#8220;I&#8217;m not doing a lot of races, but they are all, apart from Argentina, at the highest level.&#8221;<\/p>\n<p style=\"font-weight: 400;\">He has said that what he wants most in racing is to win all three Grand Tours: \u201cTo win all three Grand Tours, that\u2019s my biggest dream,\u201d Evenepoel <a href=\"https:\/\/www.eurosport.com\/cycling\/vuelta-a-espana\/2022\/win-all-three-remco-evenepoel-already-dreaming-of-tour-de-france-and-giro-ditalia-after-vuelta-trium_sto9141193\/story.shtml\">told Alberto Contador<\/a> on Eurosport after his Vuelta victory.<\/p>\n<p style=\"font-weight: 400;\">So is there a chance that he will decide to race in the Tour de France this year after all? Everything is possible, but the Giro-Tour de France double is a tall order. Only seven riders have won that double, for a total of 12 times. Fausto Coppi, Bernard Hinault and <a href=\"https:\/\/www.welovecycling.com\/wide\/2022\/07\/16\/the-story-of-indurain-and-riis-at-the-1996-tour-de-france\/\" target=\"_blank\" rel=\"noopener\">Miguel Indurain<\/a> all did it twice and Eddy Merckx won the double three times, in 1970, 1972 and 1974. I don\u2019t think Evenepoel is racing at that level yet.<\/p>\n<p style=\"font-weight: 400;\">So, probably not the Giro and the Tour. \u00a0But he may be tempted to try for the Giro-Vuelta double, which is far more manageable, especially as he\u2019s already shown he can win the Spanish Grand Tour. And then perhaps he will go for the World Championship again. Winning those three races in a single year would make a very impressive trifecta.<\/p>\n<p style=\"font-weight: 400;\">But first he has to beat Rogli\u010d in the Giro.<\/p>\n","protected":false},"excerpt":{"rendered":"<p>What is the 2022 V\u00e9lo d\u2019Or winner, Remco Evenepoel, up to? He has already said that his Grand Tour race [&hellip;]<\/p>\n","protected":false},"author":99,"featured_media":191711,"comment_status":"open","ping_status":"open","sticky":false,"template":"","format":"standard","meta":{"footnotes":""},"categories":[329],"tags":[5450,2114,1221,2720,3544,583,3415],"global-categories":[3366],"class_list":["post-191710","post","type-post","status-publish","format-standard","has-post-thumbnail","hentry","category-road-cycling","tag-jonas-vingegaard","tag-miguel-indurain","tag-primoz-roglic","tag-pro-cycling","tag-remco-evenepoel","tag-road-cycling","tag-tadej-pogacar","global-categories-cycling"],"yoast_head":"<!-- This site is optimized with the Yoast SEO Premium plugin v25.3 (Yoast SEO v25.9) - https:\/\/yoast.com\/wordpress\/plugins\/seo\/ -->\n<title>Will 2023 Be Another Big Year for Remco Evenepoel?<\/title>\n<meta name=\"description\" content=\"What is the 2022 V\u00e9lo d\u2019Or winner, Remco Evenepoel, up to? He has already said that his Grand Tour race for 2023 will be the Giro d\u2019Italia, presumably\" \/>\n<meta name=\"robots\" content=\"index, follow, max-snippet:-1, max-image-preview:large, max-video-preview:-1\" \/>\n<link rel=\"canonical\" href=\"https:\/\/www.welovecycling.com\/wide\/2023\/01\/09\/will-2023-be-another-big-year-for-remco-evenepoel\/\" \/>\n<meta property=\"og:locale\" content=\"en_US\" \/>\n<meta property=\"og:type\" content=\"article\" \/>\n<meta property=\"og:title\" content=\"Will 2023 Be Another Big Year for Remco Evenepoel?\" \/>\n<meta property=\"og:description\" content=\"What is the 2022 V\u00e9lo d\u2019Or winner, Remco Evenepoel, up to? He has already said that his Grand Tour race for 2023 will be the Giro d\u2019Italia, presumably\" \/>\n<meta property=\"og:url\" content=\"https:\/\/www.welovecycling.com\/wide\/2023\/01\/09\/will-2023-be-another-big-year-for-remco-evenepoel\/\" \/>\n<meta property=\"og:site_name\" content=\"\u0160koda We Love Cycling\" \/>\n<meta property=\"article:published_time\" content=\"2023-01-09T15:07:53+00:00\" \/>\n<meta property=\"og:image\" content=\"https:\/\/d2p6e6u75xmxt8.cloudfront.net\/2\/2023\/01\/Remco-Evenepoel-profimedia-0748080787-CVR.webp\" \/>\n\t<meta property=\"og:image:width\" content=\"990\" \/>\n\t<meta property=\"og:image:height\" content=\"660\" \/>\n\t<meta property=\"og:image:type\" content=\"image\/webp\" \/>\n<meta name=\"author\" content=\"tereza\" \/>\n<meta name=\"twitter:card\" content=\"summary_large_image\" \/>\n<meta name=\"twitter:label1\" content=\"Written by\" \/>\n\t<meta name=\"twitter:data1\" content=\"Siegfried Mortkowitz\" \/>\n\t<meta name=\"twitter:label2\" content=\"Est. reading time\" \/>\n\t<meta name=\"twitter:data2\" content=\"5\" \/>\n<script type=\"application\/ld+json\" class=\"yoast-schema-graph\">{\"@context\":\"https:\/\/schema.org\",\"@graph\":[{\"@type\":\"WebPage\",\"@id\":\"https:\/\/www.welovecycling.com\/wide\/2023\/01\/09\/will-2023-be-another-big-year-for-remco-evenepoel\/\",\"url\":\"https:\/\/www.welovecycling.com\/wide\/2023\/01\/09\/will-2023-be-another-big-year-for-remco-evenepoel\/\",\"name\":\"Will 2023 Be Another Big Year for Remco Evenepoel?\",\"isPartOf\":{\"@id\":\"https:\/\/www.welovecycling.com\/wide\/#website\"},\"primaryImageOfPage\":{\"@id\":\"https:\/\/www.welovecycling.com\/wide\/2023\/01\/09\/will-2023-be-another-big-year-for-remco-evenepoel\/#primaryimage\"},\"image\":{\"@id\":\"https:\/\/www.welovecycling.com\/wide\/2023\/01\/09\/will-2023-be-another-big-year-for-remco-evenepoel\/#primaryimage\"},\"thumbnailUrl\":\"https:\/\/d2p6e6u75xmxt8.cloudfront.net\/2\/2023\/01\/Remco-Evenepoel-profimedia-0748080787-CVR.webp\",\"datePublished\":\"2023-01-09T15:07:53+00:00\",\"author\":{\"@id\":\"https:\/\/www.welovecycling.com\/wide\/#\/schema\/person\/50f01ecd18718d2333cf72e823c4f926\"},\"description\":\"What is the 2022 V\u00e9lo d\u2019Or winner, Remco Evenepoel, up to? He has already said that his Grand Tour race for 2023 will be the Giro d\u2019Italia, presumably\",\"breadcrumb\":{\"@id\":\"https:\/\/www.welovecycling.com\/wide\/2023\/01\/09\/will-2023-be-another-big-year-for-remco-evenepoel\/#breadcrumb\"},\"inLanguage\":\"en-US\",\"potentialAction\":[{\"@type\":\"ReadAction\",\"target\":[\"https:\/\/www.welovecycling.com\/wide\/2023\/01\/09\/will-2023-be-another-big-year-for-remco-evenepoel\/\"]}]},{\"@type\":\"ImageObject\",\"inLanguage\":\"en-US\",\"@id\":\"https:\/\/www.welovecycling.com\/wide\/2023\/01\/09\/will-2023-be-another-big-year-for-remco-evenepoel\/#primaryimage\",\"url\":\"https:\/\/d2p6e6u75xmxt8.cloudfront.net\/2\/2023\/01\/Remco-Evenepoel-profimedia-0748080787-CVR.webp\",\"contentUrl\":\"https:\/\/d2p6e6u75xmxt8.cloudfront.net\/2\/2023\/01\/Remco-Evenepoel-profimedia-0748080787-CVR.webp\",\"width\":990,\"height\":660,\"caption\":\"Remco Evenepoel\"},{\"@type\":\"BreadcrumbList\",\"@id\":\"https:\/\/www.welovecycling.com\/wide\/2023\/01\/09\/will-2023-be-another-big-year-for-remco-evenepoel\/#breadcrumb\",\"itemListElement\":[{\"@type\":\"ListItem\",\"position\":1,\"name\":\"Home\",\"item\":\"https:\/\/www.welovecycling.com\/wide\/\"},{\"@type\":\"ListItem\",\"position\":2,\"name\":\"Will 2023 Be Another Big Year for Remco Evenepoel?\"}]},{\"@type\":\"WebSite\",\"@id\":\"https:\/\/www.welovecycling.com\/wide\/#website\",\"url\":\"https:\/\/www.welovecycling.com\/wide\/\",\"name\":\"\u0160koda We Love Cycling\",\"description\":\"\u0160koda We Love Cycling magazine\",\"alternateName\":\"\u0160koda WLC\",\"potentialAction\":[{\"@type\":\"SearchAction\",\"target\":{\"@type\":\"EntryPoint\",\"urlTemplate\":\"https:\/\/www.welovecycling.com\/wide\/?s={search_term_string}\"},\"query-input\":{\"@type\":\"PropertyValueSpecification\",\"valueRequired\":true,\"valueName\":\"search_term_string\"}}],\"inLanguage\":\"en-US\"},{\"@type\":\"Person\",\"@id\":\"https:\/\/www.welovecycling.com\/wide\/#\/schema\/person\/50f01ecd18718d2333cf72e823c4f926\",\"name\":\"tereza\",\"image\":{\"@type\":\"ImageObject\",\"inLanguage\":\"en-US\",\"@id\":\"https:\/\/www.welovecycling.com\/wide\/#\/schema\/person\/image\/\",\"url\":\"https:\/\/secure.gravatar.com\/avatar\/1f9eb71be33845f0afabce3791bc1c58ecdb0a25c62964987e5dbcf7a20d2ec7?s=96&d=mm&r=g\",\"contentUrl\":\"https:\/\/secure.gravatar.com\/avatar\/1f9eb71be33845f0afabce3791bc1c58ecdb0a25c62964987e5dbcf7a20d2ec7?s=96&d=mm&r=g\",\"caption\":\"tereza\"},\"url\":\"https:\/\/www.welovecycling.com\/wide\/author\/tereza\/\"}]}<\/script>\n<!-- \/ Yoast SEO Premium plugin. -->","yoast_head_json":{"title":"Will 2023 Be Another Big Year for Remco Evenepoel?","description":"What is the 2022 V\u00e9lo d\u2019Or winner, Remco Evenepoel, up to? He has already said that his Grand Tour race for 2023 will be the Giro d\u2019Italia, presumably","robots":{"index":"index","follow":"follow","max-snippet":"max-snippet:-1","max-image-preview":"max-image-preview:large","max-video-preview":"max-video-preview:-1"},"canonical":"https:\/\/www.welovecycling.com\/wide\/2023\/01\/09\/will-2023-be-another-big-year-for-remco-evenepoel\/","og_locale":"en_US","og_type":"article","og_title":"Will 2023 Be Another Big Year for Remco Evenepoel?","og_description":"What is the 2022 V\u00e9lo d\u2019Or winner, Remco Evenepoel, up to? He has already said that his Grand Tour race for 2023 will be the Giro d\u2019Italia, presumably","og_url":"https:\/\/www.welovecycling.com\/wide\/2023\/01\/09\/will-2023-be-another-big-year-for-remco-evenepoel\/","og_site_name":"\u0160koda We Love Cycling","article_published_time":"2023-01-09T15:07:53+00:00","og_image":[{"width":990,"height":660,"url":"https:\/\/d2p6e6u75xmxt8.cloudfront.net\/2\/2023\/01\/Remco-Evenepoel-profimedia-0748080787-CVR.webp","type":"image\/webp"}],"author":"tereza","twitter_card":"summary_large_image","twitter_misc":{"Written by":"Siegfried Mortkowitz","Est. reading time":"5"},"schema":{"@context":"https:\/\/schema.org","@graph":[{"@type":"WebPage","@id":"https:\/\/www.welovecycling.com\/wide\/2023\/01\/09\/will-2023-be-another-big-year-for-remco-evenepoel\/","url":"https:\/\/www.welovecycling.com\/wide\/2023\/01\/09\/will-2023-be-another-big-year-for-remco-evenepoel\/","name":"Will 2023 Be Another Big Year for Remco Evenepoel?","isPartOf":{"@id":"https:\/\/www.welovecycling.com\/wide\/#website"},"primaryImageOfPage":{"@id":"https:\/\/www.welovecycling.com\/wide\/2023\/01\/09\/will-2023-be-another-big-year-for-remco-evenepoel\/#primaryimage"},"image":{"@id":"https:\/\/www.welovecycling.com\/wide\/2023\/01\/09\/will-2023-be-another-big-year-for-remco-evenepoel\/#primaryimage"},"thumbnailUrl":"https:\/\/d2p6e6u75xmxt8.cloudfront.net\/2\/2023\/01\/Remco-Evenepoel-profimedia-0748080787-CVR.webp","datePublished":"2023-01-09T15:07:53+00:00","author":{"@id":"https:\/\/www.welovecycling.com\/wide\/#\/schema\/person\/50f01ecd18718d2333cf72e823c4f926"},"description":"What is the 2022 V\u00e9lo d\u2019Or winner, Remco Evenepoel, up to? He has already said that his Grand Tour race for 2023 will be the Giro d\u2019Italia, presumably","breadcrumb":{"@id":"https:\/\/www.welovecycling.com\/wide\/2023\/01\/09\/will-2023-be-another-big-year-for-remco-evenepoel\/#breadcrumb"},"inLanguage":"en-US","potentialAction":[{"@type":"ReadAction","target":["https:\/\/www.welovecycling.com\/wide\/2023\/01\/09\/will-2023-be-another-big-year-for-remco-evenepoel\/"]}]},{"@type":"ImageObject","inLanguage":"en-US","@id":"https:\/\/www.welovecycling.com\/wide\/2023\/01\/09\/will-2023-be-another-big-year-for-remco-evenepoel\/#primaryimage","url":"https:\/\/d2p6e6u75xmxt8.cloudfront.net\/2\/2023\/01\/Remco-Evenepoel-profimedia-0748080787-CVR.webp","contentUrl":"https:\/\/d2p6e6u75xmxt8.cloudfront.net\/2\/2023\/01\/Remco-Evenepoel-profimedia-0748080787-CVR.webp","width":990,"height":660,"caption":"Remco Evenepoel"},{"@type":"BreadcrumbList","@id":"https:\/\/www.welovecycling.com\/wide\/2023\/01\/09\/will-2023-be-another-big-year-for-remco-evenepoel\/#breadcrumb","itemListElement":[{"@type":"ListItem","position":1,"name":"Home","item":"https:\/\/www.welovecycling.com\/wide\/"},{"@type":"ListItem","position":2,"name":"Will 2023 Be Another Big Year for Remco Evenepoel?"}]},{"@type":"WebSite","@id":"https:\/\/www.welovecycling.com\/wide\/#website","url":"https:\/\/www.welovecycling.com\/wide\/","name":"\u0160koda We Love Cycling","description":"\u0160koda We Love Cycling magazine","alternateName":"\u0160koda WLC","potentialAction":[{"@type":"SearchAction","target":{"@type":"EntryPoint","urlTemplate":"https:\/\/www.welovecycling.com\/wide\/?s={search_term_string}"},"query-input":{"@type":"PropertyValueSpecification","valueRequired":true,"valueName":"search_term_string"}}],"inLanguage":"en-US"},{"@type":"Person","@id":"https:\/\/www.welovecycling.com\/wide\/#\/schema\/person\/50f01ecd18718d2333cf72e823c4f926","name":"tereza","image":{"@type":"ImageObject","inLanguage":"en-US","@id":"https:\/\/www.welovecycling.com\/wide\/#\/schema\/person\/image\/","url":"https:\/\/secure.gravatar.com\/avatar\/1f9eb71be33845f0afabce3791bc1c58ecdb0a25c62964987e5dbcf7a20d2ec7?s=96&d=mm&r=g","contentUrl":"https:\/\/secure.gravatar.com\/avatar\/1f9eb71be33845f0afabce3791bc1c58ecdb0a25c62964987e5dbcf7a20d2ec7?s=96&d=mm&r=g","caption":"tereza"},"url":"https:\/\/www.welovecycling.com\/wide\/author\/tereza\/"}]}},"_links":{"self":[{"href":"https:\/\/www.welovecycling.com\/wide\/wp-json\/wp\/v2\/posts\/191710","targetHints":{"allow":["GET"]}}],"collection":[{"href":"https:\/\/www.welovecycling.com\/wide\/wp-json\/wp\/v2\/posts"}],"about":[{"href":"https:\/\/www.welovecycling.com\/wide\/wp-json\/wp\/v2\/types\/post"}],"author":[{"embeddable":true,"href":"https:\/\/www.welovecycling.com\/wide\/wp-json\/wp\/v2\/users\/99"}],"replies":[{"embeddable":true,"href":"https:\/\/www.welovecycling.com\/wide\/wp-json\/wp\/v2\/comments?post=191710"}],"version-history":[{"count":2,"href":"https:\/\/www.welovecycling.com\/wide\/wp-json\/wp\/v2\/posts\/191710\/revisions"}],"predecessor-version":[{"id":191713,"href":"https:\/\/www.welovecycling.com\/wide\/wp-json\/wp\/v2\/posts\/191710\/revisions\/191713"}],"wp:featuredmedia":[{"embeddable":true,"href":"https:\/\/www.welovecycling.com\/wide\/wp-json\/wp\/v2\/media\/191711"}],"wp:attachment":[{"href":"https:\/\/www.welovecycling.com\/wide\/wp-json\/wp\/v2\/media?parent=191710"}],"wp:term":[{"taxonomy":"category","embeddable":true,"href":"https:\/\/www.welovecycling.com\/wide\/wp-json\/wp\/v2\/categories?post=191710"},{"taxonomy":"post_tag","embeddable":true,"href":"https:\/\/www.welovecycling.com\/wide\/wp-json\/wp\/v2\/tags?post=191710"},{"taxonomy":"global-categories","embeddable":true,"href":"https:\/\/www.welovecycling.com\/wide\/wp-json\/wp\/v2\/global-categories?post=191710"}],"curies":[{"name":"wp","href":"https:\/\/api.w.org\/{rel}","templated":true}]}}