{"id":191428,"date":"2023-01-02T20:20:00","date_gmt":"2023-01-02T20:20:00","guid":{"rendered":"https:\/\/www.welovecycling.com\/wide\/?p=191428"},"modified":"2023-01-04T11:00:43","modified_gmt":"2023-01-04T11:00:43","slug":"is-a-uci-champions-league-in-the-future-of-the-worldtour","status":"publish","type":"post","link":"https:\/\/www.welovecycling.com\/wide\/2023\/01\/02\/is-a-uci-champions-league-in-the-future-of-the-worldtour\/","title":{"rendered":"Is a UCI Champions League in the Future of the WorldTour?"},"content":{"rendered":"<p style=\"font-weight: 400;\"><strong>As the popularity of professional cycling continues to grow, with women\u2019s competitions suddenly experiencing a global boom, some important changes are coming to the WorldTour in the near future, with the goal of growing the sport even more.<\/strong><\/p>\n<p style=\"font-weight: 400;\"><!--more--><\/p>\n<p style=\"font-weight: 400;\">Some of these proposed changes were discussed at a WorldTour seminar held at the end of November, and a <a href=\"https:\/\/www.linkedin.com\/posts\/unioncyclisteinternationale_building-the-future-of-professional-road-activity-7007974097720598528-3wYt\/?utm_source=share&amp;utm_medium=member_desktop&amp;src=aff-ref&amp;trk=aff-ir_progid.8005_partid.10078_sid._adid.449670&amp;clickid=RGswYOShExyITSM23oyBG2qwUkAzHsWxB3HmVo0&amp;mcid=6851962469594763264&amp;irgwc=1\">video was posted<\/a> to LinkedIn in which a number of influential cycling officials talked about some of these changes. One of them was Richard Plugge, the president of the <a href=\"https:\/\/www.lawinsport.com\/tag\/Association%20Internationale%20des%20Groupes%20Cyclistes%20Professionnels%20(AIGCP)\">Association International des Groupes Cyclistes Professionnels<\/a> (International Association of Professional Cycling Groups, or AIGCP). He said that these changes were proposed to maximize the benefits of the sport\u2019s popularity. \u201cWe can finally get the sleeping giant, as I\u2019d call cycling, and wake him up and get the business potential out of the sport,\u201d Plugge said. Perhaps the most exciting of these proposed changes is a series of races that UCI President David Lappartient has dubbed \u201ca kind of UCI Champions League.\u201d<\/p>\n<p style=\"font-weight: 400;\">\u201cIn the context of the WorldTour, we will have every year a series with a number of races still to be determined, perhaps some 15 races, with 5 or 6 being stage races, and not necessarily the same [races] every year,\u201d he explained. \u201cThe idea is to strengthen the attractiveness of our sport so that we can market it even better, broadcast it even better, and even have races where there aren\u2019t any now, in territories where we are not [represented].\u201d<\/p>\n<p style=\"font-weight: 400;\">The UCI has already created a UCI Track Champions League, collaborating with Discovery Sports Events, to produce a track racing series that exists in parallel with World Cup track racing events. Road safety was also a topic of discussion at the seminar, with Plugge discussing the creation of SAROC, for \u201csafe road cycling.\u201d He explained that courses need to be made safer and rider behaviour needs to be made safer and that race organizers and riders \u201cshould work together\u201d to create a safer racing environment.<\/p>\n<figure id=\"attachment_191462\" aria-describedby=\"caption-attachment-191462\" style=\"width: 1000px\" class=\"wp-caption alignnone\"><a href=\"https:\/\/d2p6e6u75xmxt8.cloudfront.net\/2\/2023\/01\/UCI-Track-Champions-League-profimedia-0742158472.webp\"><img loading=\"lazy\" decoding=\"async\" class=\"wp-image-191462 size-full\" src=\"https:\/\/d2p6e6u75xmxt8.cloudfront.net\/2\/2023\/01\/UCI-Track-Champions-League-profimedia-0742158472.webp\" alt=\"2022 UCI Track Champions League \" width=\"1000\" height=\"664\" srcset=\"https:\/\/d2p6e6u75xmxt8.cloudfront.net\/2\/2023\/01\/UCI-Track-Champions-League-profimedia-0742158472.webp 1000w, https:\/\/d2p6e6u75xmxt8.cloudfront.net\/2\/2023\/01\/UCI-Track-Champions-League-profimedia-0742158472-300x199.webp 300w, https:\/\/d2p6e6u75xmxt8.cloudfront.net\/2\/2023\/01\/UCI-Track-Champions-League-profimedia-0742158472-768x510.webp 768w, https:\/\/d2p6e6u75xmxt8.cloudfront.net\/2\/2023\/01\/UCI-Track-Champions-League-profimedia-0742158472-272x182.webp 272w\" sizes=\"auto, (max-width: 1000px) 100vw, 1000px\" \/><\/a><figcaption id=\"caption-attachment-191462\" class=\"wp-caption-text\">The 2022 UCI Track Champions League in London. \u00a9 Profimedia<\/figcaption><\/figure>\n<p style=\"font-weight: 400;\">According to Lappartient: \u201cWe\u2019ve already gone some way in this direction. For example, at the beginning of the year, there will be a safety training course for the safety managers of each event.\u201d Increasing the sustainability aspect of the sport by limiting the damage it does to the environment was also a hot issue. \u201cWe are well aware that our events need to be approached in a more sustainable way,\u201d noted Maya Leye, head of the Flanders Classics Women. \u201cIn the last few years, we\u2019ve been working to do that as much as possible. And I think we\u2019ve still got a long way to go.\u201d<\/p>\n<p style=\"font-weight: 400;\">Alessandro Tegner, Soudal-Quick Step\u2019s marketing and communication manager, said that \u201cthe entire cycling family is going in that direction. We <a href=\"https:\/\/www.welovecycling.com\/wide\/2019\/08\/02\/the-cycling-races-putting-sustainability-first\/\" target=\"_blank\" rel=\"noopener\">calculate our CO<sub>2<\/sub> footprint<\/a>, we analyze how we can reduce this footprint and we feel we are doing something for the environment and the world.\u201d UCI President Lappartient agreed. \u201cThe subject of sustainability is a major issue for everyone, on climate, on waste, on the economical use of resources,\u201d he said, adding: \u201cOur objective is to have some guidelines, or precise specifications, in that area.\u201d<\/p>\n<p style=\"font-weight: 400;\">He also suggested that in the near future, teams will be certified for WorldTour racing licenses not only on financial, administrative and sporting criteria, as is currently the case, but also on environmental and sustainability criteria.<\/p>\n<p style=\"font-weight: 400;\">It sounds as if our favourite sport is taking impressive strides into the future.<\/p>\n","protected":false},"excerpt":{"rendered":"<p>As the popularity of professional cycling continues to grow, with women\u2019s competitions suddenly experiencing a global boom, some important changes [&hellip;]<\/p>\n","protected":false},"author":99,"featured_media":191461,"comment_status":"open","ping_status":"open","sticky":false,"template":"","format":"standard","meta":{"footnotes":""},"categories":[329],"tags":[4619,2720,6859,3444,443,6858],"global-categories":[3366],"class_list":["post-191428","post","type-post","status-publish","format-standard","has-post-thumbnail","hentry","category-road-cycling","tag-cycling-news","tag-pro-cycling","tag-professional-cycling","tag-richard-plugge","tag-uci","tag-uci-champions-league","global-categories-cycling"],"yoast_head":"<!-- This site is optimized with the Yoast SEO Premium plugin v25.3 (Yoast SEO v25.9) - https:\/\/yoast.com\/wordpress\/plugins\/seo\/ -->\n<title>Is a UCI Champions League in the Future of the WorldTour?<\/title>\n<meta name=\"description\" content=\"Some important changes are coming to the WorldTour in the near future, with the goal of growing the sport even more.\" \/>\n<meta name=\"robots\" content=\"index, follow, max-snippet:-1, max-image-preview:large, max-video-preview:-1\" \/>\n<link rel=\"canonical\" href=\"https:\/\/www.welovecycling.com\/wide\/2023\/01\/02\/is-a-uci-champions-league-in-the-future-of-the-worldtour\/\" \/>\n<meta property=\"og:locale\" content=\"en_US\" \/>\n<meta property=\"og:type\" content=\"article\" \/>\n<meta property=\"og:title\" content=\"Is a UCI Champions League in the Future of the WorldTour?\" \/>\n<meta property=\"og:description\" content=\"Some important changes are coming to the WorldTour in the near future, with the goal of growing the sport even more.\" \/>\n<meta property=\"og:url\" content=\"https:\/\/www.welovecycling.com\/wide\/2023\/01\/02\/is-a-uci-champions-league-in-the-future-of-the-worldtour\/\" \/>\n<meta property=\"og:site_name\" content=\"\u0160koda We Love Cycling\" \/>\n<meta property=\"article:published_time\" content=\"2023-01-02T20:20:00+00:00\" \/>\n<meta property=\"article:modified_time\" content=\"2023-01-04T11:00:43+00:00\" \/>\n<meta property=\"og:image\" content=\"https:\/\/d2p6e6u75xmxt8.cloudfront.net\/2\/2023\/01\/Peloton-Il-Lombardia-profimedia-0729110310-CVR.webp\" \/>\n\t<meta property=\"og:image:width\" content=\"990\" \/>\n\t<meta property=\"og:image:height\" content=\"660\" \/>\n\t<meta property=\"og:image:type\" content=\"image\/webp\" \/>\n<meta name=\"author\" content=\"tereza\" \/>\n<meta name=\"twitter:card\" content=\"summary_large_image\" \/>\n<meta name=\"twitter:label1\" content=\"Written by\" \/>\n\t<meta name=\"twitter:data1\" content=\"Siegfried Mortkowitz\" \/>\n\t<meta name=\"twitter:label2\" content=\"Est. reading time\" \/>\n\t<meta name=\"twitter:data2\" content=\"5\" \/>\n<script type=\"application\/ld+json\" class=\"yoast-schema-graph\">{\"@context\":\"https:\/\/schema.org\",\"@graph\":[{\"@type\":\"WebPage\",\"@id\":\"https:\/\/www.welovecycling.com\/wide\/2023\/01\/02\/is-a-uci-champions-league-in-the-future-of-the-worldtour\/\",\"url\":\"https:\/\/www.welovecycling.com\/wide\/2023\/01\/02\/is-a-uci-champions-league-in-the-future-of-the-worldtour\/\",\"name\":\"Is a UCI Champions League in the Future of the WorldTour?\",\"isPartOf\":{\"@id\":\"https:\/\/www.welovecycling.com\/wide\/#website\"},\"primaryImageOfPage\":{\"@id\":\"https:\/\/www.welovecycling.com\/wide\/2023\/01\/02\/is-a-uci-champions-league-in-the-future-of-the-worldtour\/#primaryimage\"},\"image\":{\"@id\":\"https:\/\/www.welovecycling.com\/wide\/2023\/01\/02\/is-a-uci-champions-league-in-the-future-of-the-worldtour\/#primaryimage\"},\"thumbnailUrl\":\"https:\/\/d2p6e6u75xmxt8.cloudfront.net\/2\/2023\/01\/Peloton-Il-Lombardia-profimedia-0729110310-CVR.webp\",\"datePublished\":\"2023-01-02T20:20:00+00:00\",\"dateModified\":\"2023-01-04T11:00:43+00:00\",\"author\":{\"@id\":\"https:\/\/www.welovecycling.com\/wide\/#\/schema\/person\/50f01ecd18718d2333cf72e823c4f926\"},\"description\":\"Some important changes are coming to the WorldTour in the near future, with the goal of growing the sport even more.\",\"breadcrumb\":{\"@id\":\"https:\/\/www.welovecycling.com\/wide\/2023\/01\/02\/is-a-uci-champions-league-in-the-future-of-the-worldtour\/#breadcrumb\"},\"inLanguage\":\"en-US\",\"potentialAction\":[{\"@type\":\"ReadAction\",\"target\":[\"https:\/\/www.welovecycling.com\/wide\/2023\/01\/02\/is-a-uci-champions-league-in-the-future-of-the-worldtour\/\"]}]},{\"@type\":\"ImageObject\",\"inLanguage\":\"en-US\",\"@id\":\"https:\/\/www.welovecycling.com\/wide\/2023\/01\/02\/is-a-uci-champions-league-in-the-future-of-the-worldtour\/#primaryimage\",\"url\":\"https:\/\/d2p6e6u75xmxt8.cloudfront.net\/2\/2023\/01\/Peloton-Il-Lombardia-profimedia-0729110310-CVR.webp\",\"contentUrl\":\"https:\/\/d2p6e6u75xmxt8.cloudfront.net\/2\/2023\/01\/Peloton-Il-Lombardia-profimedia-0729110310-CVR.webp\",\"width\":990,\"height\":660,\"caption\":\"Il Lombardia\"},{\"@type\":\"BreadcrumbList\",\"@id\":\"https:\/\/www.welovecycling.com\/wide\/2023\/01\/02\/is-a-uci-champions-league-in-the-future-of-the-worldtour\/#breadcrumb\",\"itemListElement\":[{\"@type\":\"ListItem\",\"position\":1,\"name\":\"Home\",\"item\":\"https:\/\/www.welovecycling.com\/wide\/\"},{\"@type\":\"ListItem\",\"position\":2,\"name\":\"Is a UCI Champions League in the Future of the WorldTour?\"}]},{\"@type\":\"WebSite\",\"@id\":\"https:\/\/www.welovecycling.com\/wide\/#website\",\"url\":\"https:\/\/www.welovecycling.com\/wide\/\",\"name\":\"\u0160koda We Love Cycling\",\"description\":\"\u0160koda We Love Cycling magazine\",\"alternateName\":\"\u0160koda WLC\",\"potentialAction\":[{\"@type\":\"SearchAction\",\"target\":{\"@type\":\"EntryPoint\",\"urlTemplate\":\"https:\/\/www.welovecycling.com\/wide\/?s={search_term_string}\"},\"query-input\":{\"@type\":\"PropertyValueSpecification\",\"valueRequired\":true,\"valueName\":\"search_term_string\"}}],\"inLanguage\":\"en-US\"},{\"@type\":\"Person\",\"@id\":\"https:\/\/www.welovecycling.com\/wide\/#\/schema\/person\/50f01ecd18718d2333cf72e823c4f926\",\"name\":\"tereza\",\"image\":{\"@type\":\"ImageObject\",\"inLanguage\":\"en-US\",\"@id\":\"https:\/\/www.welovecycling.com\/wide\/#\/schema\/person\/image\/\",\"url\":\"https:\/\/secure.gravatar.com\/avatar\/1f9eb71be33845f0afabce3791bc1c58ecdb0a25c62964987e5dbcf7a20d2ec7?s=96&d=mm&r=g\",\"contentUrl\":\"https:\/\/secure.gravatar.com\/avatar\/1f9eb71be33845f0afabce3791bc1c58ecdb0a25c62964987e5dbcf7a20d2ec7?s=96&d=mm&r=g\",\"caption\":\"tereza\"},\"url\":\"https:\/\/www.welovecycling.com\/wide\/author\/tereza\/\"}]}<\/script>\n<!-- \/ Yoast SEO Premium plugin. -->","yoast_head_json":{"title":"Is a UCI Champions League in the Future of the WorldTour?","description":"Some important changes are coming to the WorldTour in the near future, with the goal of growing the sport even more.","robots":{"index":"index","follow":"follow","max-snippet":"max-snippet:-1","max-image-preview":"max-image-preview:large","max-video-preview":"max-video-preview:-1"},"canonical":"https:\/\/www.welovecycling.com\/wide\/2023\/01\/02\/is-a-uci-champions-league-in-the-future-of-the-worldtour\/","og_locale":"en_US","og_type":"article","og_title":"Is a UCI Champions League in the Future of the WorldTour?","og_description":"Some important changes are coming to the WorldTour in the near future, with the goal of growing the sport even more.","og_url":"https:\/\/www.welovecycling.com\/wide\/2023\/01\/02\/is-a-uci-champions-league-in-the-future-of-the-worldtour\/","og_site_name":"\u0160koda We Love Cycling","article_published_time":"2023-01-02T20:20:00+00:00","article_modified_time":"2023-01-04T11:00:43+00:00","og_image":[{"width":990,"height":660,"url":"https:\/\/d2p6e6u75xmxt8.cloudfront.net\/2\/2023\/01\/Peloton-Il-Lombardia-profimedia-0729110310-CVR.webp","type":"image\/webp"}],"author":"tereza","twitter_card":"summary_large_image","twitter_misc":{"Written by":"Siegfried Mortkowitz","Est. reading time":"5"},"schema":{"@context":"https:\/\/schema.org","@graph":[{"@type":"WebPage","@id":"https:\/\/www.welovecycling.com\/wide\/2023\/01\/02\/is-a-uci-champions-league-in-the-future-of-the-worldtour\/","url":"https:\/\/www.welovecycling.com\/wide\/2023\/01\/02\/is-a-uci-champions-league-in-the-future-of-the-worldtour\/","name":"Is a UCI Champions League in the Future of the WorldTour?","isPartOf":{"@id":"https:\/\/www.welovecycling.com\/wide\/#website"},"primaryImageOfPage":{"@id":"https:\/\/www.welovecycling.com\/wide\/2023\/01\/02\/is-a-uci-champions-league-in-the-future-of-the-worldtour\/#primaryimage"},"image":{"@id":"https:\/\/www.welovecycling.com\/wide\/2023\/01\/02\/is-a-uci-champions-league-in-the-future-of-the-worldtour\/#primaryimage"},"thumbnailUrl":"https:\/\/d2p6e6u75xmxt8.cloudfront.net\/2\/2023\/01\/Peloton-Il-Lombardia-profimedia-0729110310-CVR.webp","datePublished":"2023-01-02T20:20:00+00:00","dateModified":"2023-01-04T11:00:43+00:00","author":{"@id":"https:\/\/www.welovecycling.com\/wide\/#\/schema\/person\/50f01ecd18718d2333cf72e823c4f926"},"description":"Some important changes are coming to the WorldTour in the near future, with the goal of growing the sport even more.","breadcrumb":{"@id":"https:\/\/www.welovecycling.com\/wide\/2023\/01\/02\/is-a-uci-champions-league-in-the-future-of-the-worldtour\/#breadcrumb"},"inLanguage":"en-US","potentialAction":[{"@type":"ReadAction","target":["https:\/\/www.welovecycling.com\/wide\/2023\/01\/02\/is-a-uci-champions-league-in-the-future-of-the-worldtour\/"]}]},{"@type":"ImageObject","inLanguage":"en-US","@id":"https:\/\/www.welovecycling.com\/wide\/2023\/01\/02\/is-a-uci-champions-league-in-the-future-of-the-worldtour\/#primaryimage","url":"https:\/\/d2p6e6u75xmxt8.cloudfront.net\/2\/2023\/01\/Peloton-Il-Lombardia-profimedia-0729110310-CVR.webp","contentUrl":"https:\/\/d2p6e6u75xmxt8.cloudfront.net\/2\/2023\/01\/Peloton-Il-Lombardia-profimedia-0729110310-CVR.webp","width":990,"height":660,"caption":"Il Lombardia"},{"@type":"BreadcrumbList","@id":"https:\/\/www.welovecycling.com\/wide\/2023\/01\/02\/is-a-uci-champions-league-in-the-future-of-the-worldtour\/#breadcrumb","itemListElement":[{"@type":"ListItem","position":1,"name":"Home","item":"https:\/\/www.welovecycling.com\/wide\/"},{"@type":"ListItem","position":2,"name":"Is a UCI Champions League in the Future of the WorldTour?"}]},{"@type":"WebSite","@id":"https:\/\/www.welovecycling.com\/wide\/#website","url":"https:\/\/www.welovecycling.com\/wide\/","name":"\u0160koda We Love Cycling","description":"\u0160koda We Love Cycling magazine","alternateName":"\u0160koda WLC","potentialAction":[{"@type":"SearchAction","target":{"@type":"EntryPoint","urlTemplate":"https:\/\/www.welovecycling.com\/wide\/?s={search_term_string}"},"query-input":{"@type":"PropertyValueSpecification","valueRequired":true,"valueName":"search_term_string"}}],"inLanguage":"en-US"},{"@type":"Person","@id":"https:\/\/www.welovecycling.com\/wide\/#\/schema\/person\/50f01ecd18718d2333cf72e823c4f926","name":"tereza","image":{"@type":"ImageObject","inLanguage":"en-US","@id":"https:\/\/www.welovecycling.com\/wide\/#\/schema\/person\/image\/","url":"https:\/\/secure.gravatar.com\/avatar\/1f9eb71be33845f0afabce3791bc1c58ecdb0a25c62964987e5dbcf7a20d2ec7?s=96&d=mm&r=g","contentUrl":"https:\/\/secure.gravatar.com\/avatar\/1f9eb71be33845f0afabce3791bc1c58ecdb0a25c62964987e5dbcf7a20d2ec7?s=96&d=mm&r=g","caption":"tereza"},"url":"https:\/\/www.welovecycling.com\/wide\/author\/tereza\/"}]}},"_links":{"self":[{"href":"https:\/\/www.welovecycling.com\/wide\/wp-json\/wp\/v2\/posts\/191428","targetHints":{"allow":["GET"]}}],"collection":[{"href":"https:\/\/www.welovecycling.com\/wide\/wp-json\/wp\/v2\/posts"}],"about":[{"href":"https:\/\/www.welovecycling.com\/wide\/wp-json\/wp\/v2\/types\/post"}],"author":[{"embeddable":true,"href":"https:\/\/www.welovecycling.com\/wide\/wp-json\/wp\/v2\/users\/99"}],"replies":[{"embeddable":true,"href":"https:\/\/www.welovecycling.com\/wide\/wp-json\/wp\/v2\/comments?post=191428"}],"version-history":[{"count":2,"href":"https:\/\/www.welovecycling.com\/wide\/wp-json\/wp\/v2\/posts\/191428\/revisions"}],"predecessor-version":[{"id":191500,"href":"https:\/\/www.welovecycling.com\/wide\/wp-json\/wp\/v2\/posts\/191428\/revisions\/191500"}],"wp:featuredmedia":[{"embeddable":true,"href":"https:\/\/www.welovecycling.com\/wide\/wp-json\/wp\/v2\/media\/191461"}],"wp:attachment":[{"href":"https:\/\/www.welovecycling.com\/wide\/wp-json\/wp\/v2\/media?parent=191428"}],"wp:term":[{"taxonomy":"category","embeddable":true,"href":"https:\/\/www.welovecycling.com\/wide\/wp-json\/wp\/v2\/categories?post=191428"},{"taxonomy":"post_tag","embeddable":true,"href":"https:\/\/www.welovecycling.com\/wide\/wp-json\/wp\/v2\/tags?post=191428"},{"taxonomy":"global-categories","embeddable":true,"href":"https:\/\/www.welovecycling.com\/wide\/wp-json\/wp\/v2\/global-categories?post=191428"}],"curies":[{"name":"wp","href":"https:\/\/api.w.org\/{rel}","templated":true}]}}