{"id":191227,"date":"2022-12-06T16:14:53","date_gmt":"2022-12-06T16:14:53","guid":{"rendered":"https:\/\/www.welovecycling.com\/wide\/?p=191227"},"modified":"2022-12-13T11:46:28","modified_gmt":"2022-12-13T11:46:28","slug":"training-burnout-what-is-it","status":"publish","type":"post","link":"https:\/\/www.welovecycling.com\/wide\/2022\/12\/06\/training-burnout-what-is-it\/","title":{"rendered":"Training Burnout \u2013 What Is It?"},"content":{"rendered":"<p><strong>We all have days when it feels more appealing to stay in than go out and ride. What if you can\u2019t push past that feeling with a little self-talk or a friend calling you up? It might be a sign of training burnout. Let\u2019s take a closer look at what it is.<\/strong><\/p>\n<p><!--more--><\/p>\n<h2><strong>What is training burnout?<\/strong><\/h2>\n<p style=\"font-weight: 400;\">Training burnout is much more serious than simple fatigue, and it can feel worse than overtraining if you let it develop. When you\u2019re burnt out, you continually feel run down and nothing seems to make the fatigue go away. You lose interest and cycling slips way down your list of priorities. It\u2019s a serious problem that affects athletes on all levels. It\u2019s not something that only professional cyclists or seasoned amateurs deal with. Athletes can experience burnout while training as little as 3 times per week.<\/p>\n<h2><strong>What causes burnout?<\/strong><\/h2>\n<p style=\"font-weight: 400;\">Most cases of burnout can be traced back to the ambition or even obsession of an athlete. There has to be a fire in you if you\u2019re to burn out. Not managing that fire is where the problem starts. It <a href=\"https:\/\/www.welovecycling.com\/wide\/2018\/06\/12\/6-signs-you-might-be-overtraining\/\" target=\"_blank\" rel=\"noopener\">leads athletes to overtrain,<\/a> under-recover or both. It could also result in an overly rigid training routine that is mentally draining. If you consistently fail to get adequate rest, whether physical or mental, you are on the path to burnout.<\/p>\n<figure id=\"attachment_191229\" aria-describedby=\"caption-attachment-191229\" style=\"width: 1000px\" class=\"wp-caption alignnone\"><a href=\"https:\/\/d2p6e6u75xmxt8.cloudfront.net\/2\/2022\/12\/Road-Cyclists-Training-profimedia-0740970945.webp\"><img loading=\"lazy\" decoding=\"async\" class=\"wp-image-191229 size-full\" src=\"https:\/\/d2p6e6u75xmxt8.cloudfront.net\/2\/2022\/12\/Road-Cyclists-Training-profimedia-0740970945.webp\" alt=\"A group of cyclists\" width=\"1000\" height=\"667\" srcset=\"https:\/\/d2p6e6u75xmxt8.cloudfront.net\/2\/2022\/12\/Road-Cyclists-Training-profimedia-0740970945.webp 1000w, https:\/\/d2p6e6u75xmxt8.cloudfront.net\/2\/2022\/12\/Road-Cyclists-Training-profimedia-0740970945-300x200.webp 300w, https:\/\/d2p6e6u75xmxt8.cloudfront.net\/2\/2022\/12\/Road-Cyclists-Training-profimedia-0740970945-768x512.webp 768w, https:\/\/d2p6e6u75xmxt8.cloudfront.net\/2\/2022\/12\/Road-Cyclists-Training-profimedia-0740970945-272x182.webp 272w\" sizes=\"auto, (max-width: 1000px) 100vw, 1000px\" \/><\/a><figcaption id=\"caption-attachment-191229\" class=\"wp-caption-text\">Training burnout is a serious matter affecting not only professionals. \u00a9 Profimedia<\/figcaption><\/figure>\n<h2><strong>Symptoms of training burnout<\/strong><\/h2>\n<p style=\"font-weight: 400;\">Burnout can impact <a href=\"https:\/\/www.welovecycling.com\/wide\/2022\/05\/17\/why-its-important-to-listen-to-your-body-by-kasia-niewiadoma\/\" target=\"_blank\" rel=\"noopener\">both your physical and mental health.<\/a> The physical effects are very similar to overtraining. You will experience lethargy, decreased performance, slower recovery, trouble sleeping, and low heart rate variability among other symptoms. We will go into detail about these in the next article. Psychological symptoms are perhaps less known but can be crucial for identifying burnout. Here are some of the most typical ones.<\/p>\n<ul>\n<li><strong>Fearing<\/strong>: You get nervous and uneasy when the time for your ride is getting close. The thought of going for a ride fills you with dread rather than excitement.<\/li>\n<li><strong>Delaying<\/strong>: You\u2019re trying to find reasons to delay the start of your ride workout. For example, you may prioritize organizing your gear, cleaning the bike or even doing household chores over actually going for a ride. A common example is also obsessing about the weather and the route to the point that you cancel or postpone your ride when it\u2019s not necessary.<\/li>\n<li><strong>Wanting to quit<\/strong>: The feeling that you don\u2019t really want to go for a ride doesn\u2019t disappear even when you\u2019re on your bike and riding. You must repeatedly talk yourself into continuing and not giving up mid-ride.<\/li>\n<li><strong>Giving up<\/strong>: It may be appropriate to give up sometimes, when you simply can\u2019t keep up with a group on a climb or when you reach your limit during a race. But if you notice you tend to give up pre-emptively because you don\u2019t even feel like trying, that\u2019s a clear sign.<\/li>\n<\/ul>\n<p style=\"font-weight: 400;\">These symptoms can be hard to recognise if you don\u2019t feel like you are at risk for burnout. In the next article, we will take a look at ways to spot burnout and differentiate it from overtraining, whether the symptoms show up as physical or psychological.<\/p>\n","protected":false},"excerpt":{"rendered":"<p>We all have days when it feels more appealing to stay in than go out and ride. What if you [&hellip;]<\/p>\n","protected":false},"author":99,"featured_media":191228,"comment_status":"open","ping_status":"open","sticky":false,"template":"","format":"standard","meta":{"footnotes":""},"categories":[332],"tags":[3305,6812,6811],"global-categories":[3366],"class_list":["post-191227","post","type-post","status-publish","format-standard","has-post-thumbnail","hentry","category-health-and-training","tag-cycling-training","tag-symptoms-of-training-burnout","tag-training-burnout","global-categories-cycling"],"yoast_head":"<!-- This site is optimized with the Yoast SEO Premium plugin v25.3 (Yoast SEO v25.9) - https:\/\/yoast.com\/wordpress\/plugins\/seo\/ -->\n<title>What&#039;s a Training Burnout? - We Love Cycling Magazine<\/title>\n<meta name=\"description\" content=\"We all have days when it feels more appealing to stay in than go out and ride. What if you can\u2019t push past that feeling with a little self-talk or a\" \/>\n<meta name=\"robots\" content=\"index, follow, max-snippet:-1, max-image-preview:large, max-video-preview:-1\" \/>\n<link rel=\"canonical\" href=\"https:\/\/www.welovecycling.com\/wide\/2022\/12\/06\/training-burnout-what-is-it\/\" \/>\n<meta property=\"og:locale\" content=\"en_US\" \/>\n<meta property=\"og:type\" content=\"article\" \/>\n<meta property=\"og:title\" content=\"Training Burnout \u2013 What Is It?\" \/>\n<meta property=\"og:description\" content=\"We all have days when it feels more appealing to stay in than go out and ride. What if you can\u2019t push past that feeling with a little self-talk or a\" \/>\n<meta property=\"og:url\" content=\"https:\/\/www.welovecycling.com\/wide\/2022\/12\/06\/training-burnout-what-is-it\/\" \/>\n<meta property=\"og:site_name\" content=\"\u0160koda We Love Cycling\" \/>\n<meta property=\"article:published_time\" content=\"2022-12-06T16:14:53+00:00\" \/>\n<meta property=\"article:modified_time\" content=\"2022-12-13T11:46:28+00:00\" \/>\n<meta property=\"og:image\" content=\"https:\/\/d2p6e6u75xmxt8.cloudfront.net\/2\/2022\/12\/Cycling-Training-profimedia-0741433455-CVR.webp\" \/>\n\t<meta property=\"og:image:width\" content=\"990\" \/>\n\t<meta property=\"og:image:height\" content=\"660\" \/>\n\t<meta property=\"og:image:type\" content=\"image\/webp\" \/>\n<meta name=\"author\" content=\"tereza\" \/>\n<meta name=\"twitter:card\" content=\"summary_large_image\" \/>\n<meta name=\"twitter:label1\" content=\"Written by\" \/>\n\t<meta name=\"twitter:data1\" content=\"Jiri Kaloc\" \/>\n\t<meta name=\"twitter:label2\" content=\"Est. reading time\" \/>\n\t<meta name=\"twitter:data2\" content=\"4\" \/>\n<script type=\"application\/ld+json\" class=\"yoast-schema-graph\">{\"@context\":\"https:\/\/schema.org\",\"@graph\":[{\"@type\":\"WebPage\",\"@id\":\"https:\/\/www.welovecycling.com\/wide\/2022\/12\/06\/training-burnout-what-is-it\/\",\"url\":\"https:\/\/www.welovecycling.com\/wide\/2022\/12\/06\/training-burnout-what-is-it\/\",\"name\":\"What's a Training Burnout? - We Love Cycling Magazine\",\"isPartOf\":{\"@id\":\"https:\/\/www.welovecycling.com\/wide\/#website\"},\"primaryImageOfPage\":{\"@id\":\"https:\/\/www.welovecycling.com\/wide\/2022\/12\/06\/training-burnout-what-is-it\/#primaryimage\"},\"image\":{\"@id\":\"https:\/\/www.welovecycling.com\/wide\/2022\/12\/06\/training-burnout-what-is-it\/#primaryimage\"},\"thumbnailUrl\":\"https:\/\/d2p6e6u75xmxt8.cloudfront.net\/2\/2022\/12\/Cycling-Training-profimedia-0741433455-CVR.webp\",\"datePublished\":\"2022-12-06T16:14:53+00:00\",\"dateModified\":\"2022-12-13T11:46:28+00:00\",\"author\":{\"@id\":\"https:\/\/www.welovecycling.com\/wide\/#\/schema\/person\/50f01ecd18718d2333cf72e823c4f926\"},\"description\":\"We all have days when it feels more appealing to stay in than go out and ride. What if you can\u2019t push past that feeling with a little self-talk or a\",\"breadcrumb\":{\"@id\":\"https:\/\/www.welovecycling.com\/wide\/2022\/12\/06\/training-burnout-what-is-it\/#breadcrumb\"},\"inLanguage\":\"en-US\",\"potentialAction\":[{\"@type\":\"ReadAction\",\"target\":[\"https:\/\/www.welovecycling.com\/wide\/2022\/12\/06\/training-burnout-what-is-it\/\"]}]},{\"@type\":\"ImageObject\",\"inLanguage\":\"en-US\",\"@id\":\"https:\/\/www.welovecycling.com\/wide\/2022\/12\/06\/training-burnout-what-is-it\/#primaryimage\",\"url\":\"https:\/\/d2p6e6u75xmxt8.cloudfront.net\/2\/2022\/12\/Cycling-Training-profimedia-0741433455-CVR.webp\",\"contentUrl\":\"https:\/\/d2p6e6u75xmxt8.cloudfront.net\/2\/2022\/12\/Cycling-Training-profimedia-0741433455-CVR.webp\",\"width\":990,\"height\":660,\"caption\":\"Cycling Training\"},{\"@type\":\"BreadcrumbList\",\"@id\":\"https:\/\/www.welovecycling.com\/wide\/2022\/12\/06\/training-burnout-what-is-it\/#breadcrumb\",\"itemListElement\":[{\"@type\":\"ListItem\",\"position\":1,\"name\":\"Home\",\"item\":\"https:\/\/www.welovecycling.com\/wide\/\"},{\"@type\":\"ListItem\",\"position\":2,\"name\":\"Training Burnout \u2013 What Is It?\"}]},{\"@type\":\"WebSite\",\"@id\":\"https:\/\/www.welovecycling.com\/wide\/#website\",\"url\":\"https:\/\/www.welovecycling.com\/wide\/\",\"name\":\"\u0160koda We Love Cycling\",\"description\":\"\u0160koda We Love Cycling magazine\",\"alternateName\":\"\u0160koda WLC\",\"potentialAction\":[{\"@type\":\"SearchAction\",\"target\":{\"@type\":\"EntryPoint\",\"urlTemplate\":\"https:\/\/www.welovecycling.com\/wide\/?s={search_term_string}\"},\"query-input\":{\"@type\":\"PropertyValueSpecification\",\"valueRequired\":true,\"valueName\":\"search_term_string\"}}],\"inLanguage\":\"en-US\"},{\"@type\":\"Person\",\"@id\":\"https:\/\/www.welovecycling.com\/wide\/#\/schema\/person\/50f01ecd18718d2333cf72e823c4f926\",\"name\":\"tereza\",\"image\":{\"@type\":\"ImageObject\",\"inLanguage\":\"en-US\",\"@id\":\"https:\/\/www.welovecycling.com\/wide\/#\/schema\/person\/image\/\",\"url\":\"https:\/\/secure.gravatar.com\/avatar\/1f9eb71be33845f0afabce3791bc1c58ecdb0a25c62964987e5dbcf7a20d2ec7?s=96&d=mm&r=g\",\"contentUrl\":\"https:\/\/secure.gravatar.com\/avatar\/1f9eb71be33845f0afabce3791bc1c58ecdb0a25c62964987e5dbcf7a20d2ec7?s=96&d=mm&r=g\",\"caption\":\"tereza\"},\"url\":\"https:\/\/www.welovecycling.com\/wide\/author\/tereza\/\"}]}<\/script>\n<!-- \/ Yoast SEO Premium plugin. -->","yoast_head_json":{"title":"What's a Training Burnout? - We Love Cycling Magazine","description":"We all have days when it feels more appealing to stay in than go out and ride. What if you can\u2019t push past that feeling with a little self-talk or a","robots":{"index":"index","follow":"follow","max-snippet":"max-snippet:-1","max-image-preview":"max-image-preview:large","max-video-preview":"max-video-preview:-1"},"canonical":"https:\/\/www.welovecycling.com\/wide\/2022\/12\/06\/training-burnout-what-is-it\/","og_locale":"en_US","og_type":"article","og_title":"Training Burnout \u2013 What Is It?","og_description":"We all have days when it feels more appealing to stay in than go out and ride. What if you can\u2019t push past that feeling with a little self-talk or a","og_url":"https:\/\/www.welovecycling.com\/wide\/2022\/12\/06\/training-burnout-what-is-it\/","og_site_name":"\u0160koda We Love Cycling","article_published_time":"2022-12-06T16:14:53+00:00","article_modified_time":"2022-12-13T11:46:28+00:00","og_image":[{"width":990,"height":660,"url":"https:\/\/d2p6e6u75xmxt8.cloudfront.net\/2\/2022\/12\/Cycling-Training-profimedia-0741433455-CVR.webp","type":"image\/webp"}],"author":"tereza","twitter_card":"summary_large_image","twitter_misc":{"Written by":"Jiri Kaloc","Est. reading time":"4"},"schema":{"@context":"https:\/\/schema.org","@graph":[{"@type":"WebPage","@id":"https:\/\/www.welovecycling.com\/wide\/2022\/12\/06\/training-burnout-what-is-it\/","url":"https:\/\/www.welovecycling.com\/wide\/2022\/12\/06\/training-burnout-what-is-it\/","name":"What's a Training Burnout? - We Love Cycling Magazine","isPartOf":{"@id":"https:\/\/www.welovecycling.com\/wide\/#website"},"primaryImageOfPage":{"@id":"https:\/\/www.welovecycling.com\/wide\/2022\/12\/06\/training-burnout-what-is-it\/#primaryimage"},"image":{"@id":"https:\/\/www.welovecycling.com\/wide\/2022\/12\/06\/training-burnout-what-is-it\/#primaryimage"},"thumbnailUrl":"https:\/\/d2p6e6u75xmxt8.cloudfront.net\/2\/2022\/12\/Cycling-Training-profimedia-0741433455-CVR.webp","datePublished":"2022-12-06T16:14:53+00:00","dateModified":"2022-12-13T11:46:28+00:00","author":{"@id":"https:\/\/www.welovecycling.com\/wide\/#\/schema\/person\/50f01ecd18718d2333cf72e823c4f926"},"description":"We all have days when it feels more appealing to stay in than go out and ride. What if you can\u2019t push past that feeling with a little self-talk or a","breadcrumb":{"@id":"https:\/\/www.welovecycling.com\/wide\/2022\/12\/06\/training-burnout-what-is-it\/#breadcrumb"},"inLanguage":"en-US","potentialAction":[{"@type":"ReadAction","target":["https:\/\/www.welovecycling.com\/wide\/2022\/12\/06\/training-burnout-what-is-it\/"]}]},{"@type":"ImageObject","inLanguage":"en-US","@id":"https:\/\/www.welovecycling.com\/wide\/2022\/12\/06\/training-burnout-what-is-it\/#primaryimage","url":"https:\/\/d2p6e6u75xmxt8.cloudfront.net\/2\/2022\/12\/Cycling-Training-profimedia-0741433455-CVR.webp","contentUrl":"https:\/\/d2p6e6u75xmxt8.cloudfront.net\/2\/2022\/12\/Cycling-Training-profimedia-0741433455-CVR.webp","width":990,"height":660,"caption":"Cycling Training"},{"@type":"BreadcrumbList","@id":"https:\/\/www.welovecycling.com\/wide\/2022\/12\/06\/training-burnout-what-is-it\/#breadcrumb","itemListElement":[{"@type":"ListItem","position":1,"name":"Home","item":"https:\/\/www.welovecycling.com\/wide\/"},{"@type":"ListItem","position":2,"name":"Training Burnout \u2013 What Is It?"}]},{"@type":"WebSite","@id":"https:\/\/www.welovecycling.com\/wide\/#website","url":"https:\/\/www.welovecycling.com\/wide\/","name":"\u0160koda We Love Cycling","description":"\u0160koda We Love Cycling magazine","alternateName":"\u0160koda WLC","potentialAction":[{"@type":"SearchAction","target":{"@type":"EntryPoint","urlTemplate":"https:\/\/www.welovecycling.com\/wide\/?s={search_term_string}"},"query-input":{"@type":"PropertyValueSpecification","valueRequired":true,"valueName":"search_term_string"}}],"inLanguage":"en-US"},{"@type":"Person","@id":"https:\/\/www.welovecycling.com\/wide\/#\/schema\/person\/50f01ecd18718d2333cf72e823c4f926","name":"tereza","image":{"@type":"ImageObject","inLanguage":"en-US","@id":"https:\/\/www.welovecycling.com\/wide\/#\/schema\/person\/image\/","url":"https:\/\/secure.gravatar.com\/avatar\/1f9eb71be33845f0afabce3791bc1c58ecdb0a25c62964987e5dbcf7a20d2ec7?s=96&d=mm&r=g","contentUrl":"https:\/\/secure.gravatar.com\/avatar\/1f9eb71be33845f0afabce3791bc1c58ecdb0a25c62964987e5dbcf7a20d2ec7?s=96&d=mm&r=g","caption":"tereza"},"url":"https:\/\/www.welovecycling.com\/wide\/author\/tereza\/"}]}},"_links":{"self":[{"href":"https:\/\/www.welovecycling.com\/wide\/wp-json\/wp\/v2\/posts\/191227","targetHints":{"allow":["GET"]}}],"collection":[{"href":"https:\/\/www.welovecycling.com\/wide\/wp-json\/wp\/v2\/posts"}],"about":[{"href":"https:\/\/www.welovecycling.com\/wide\/wp-json\/wp\/v2\/types\/post"}],"author":[{"embeddable":true,"href":"https:\/\/www.welovecycling.com\/wide\/wp-json\/wp\/v2\/users\/99"}],"replies":[{"embeddable":true,"href":"https:\/\/www.welovecycling.com\/wide\/wp-json\/wp\/v2\/comments?post=191227"}],"version-history":[{"count":1,"href":"https:\/\/www.welovecycling.com\/wide\/wp-json\/wp\/v2\/posts\/191227\/revisions"}],"predecessor-version":[{"id":191230,"href":"https:\/\/www.welovecycling.com\/wide\/wp-json\/wp\/v2\/posts\/191227\/revisions\/191230"}],"wp:featuredmedia":[{"embeddable":true,"href":"https:\/\/www.welovecycling.com\/wide\/wp-json\/wp\/v2\/media\/191228"}],"wp:attachment":[{"href":"https:\/\/www.welovecycling.com\/wide\/wp-json\/wp\/v2\/media?parent=191227"}],"wp:term":[{"taxonomy":"category","embeddable":true,"href":"https:\/\/www.welovecycling.com\/wide\/wp-json\/wp\/v2\/categories?post=191227"},{"taxonomy":"post_tag","embeddable":true,"href":"https:\/\/www.welovecycling.com\/wide\/wp-json\/wp\/v2\/tags?post=191227"},{"taxonomy":"global-categories","embeddable":true,"href":"https:\/\/www.welovecycling.com\/wide\/wp-json\/wp\/v2\/global-categories?post=191227"}],"curies":[{"name":"wp","href":"https:\/\/api.w.org\/{rel}","templated":true}]}}