{"id":191216,"date":"2022-12-05T11:15:16","date_gmt":"2022-12-05T11:15:16","guid":{"rendered":"https:\/\/www.welovecycling.com\/wide\/?p=191216"},"modified":"2022-12-05T11:15:16","modified_gmt":"2022-12-05T11:15:16","slug":"mathieu-van-der-poel-wins-antwerp-cyclo-cross-world-cup-i-am-pretty-happy-with-today","status":"publish","type":"post","link":"https:\/\/www.welovecycling.com\/wide\/2022\/12\/05\/mathieu-van-der-poel-wins-antwerp-cyclo-cross-world-cup-i-am-pretty-happy-with-today\/","title":{"rendered":"Mathieu van der Poel Wins Antwerp Cyclo-cross World Cup: \u201cI am pretty happy with today&#8221;"},"content":{"rendered":"<p><strong>The season\u2019s first event where Mathieu van der Poel, Wout van Aert and Tom Pidcock went head to head ended in a comfortable win for van der Poel.<\/strong><\/p>\n<p><!--more--><\/p>\n<p>Van Aert was off to a good start but van der Poel went clear during the second lap and never looked back. In the end, he won by 23 seconds. Tom Pidcock finished eighth after a disappointing start.<\/p>\n<p>When asked after the race if he made any mistake, Van der Poel laughed: &#8220;Not that I can recall, so that&#8217;s a good thing. I felt good, I was able to get a good gap, maintain it and I am pretty happy with today.<\/p>\n<p>&#8220;I need to be better in the future as Wout will be getting better,&#8221; van der Poel added. &#8220;There will be a few really nice races in the busy [Christmas] period.&#8221;<\/p>\n<p>&#8220;When Mathieu was attacking he was way too fast, so I understood that I should focus on the second place,\u201d Wout van Aert said.<\/p>\n<p>&#8220;I feel way better than I expected to before. My pace during the race was quite steady, which was a good thing and from this, we will try to build up, get the accelerations in. It&#8217;s a super starting point for me.&#8221;<\/p>\n<figure id=\"attachment_191218\" aria-describedby=\"caption-attachment-191218\" style=\"width: 1250px\" class=\"wp-caption alignnone\"><a href=\"https:\/\/d2p6e6u75xmxt8.cloudfront.net\/2\/2022\/12\/Van-der-Poel-Cyclocross-Antwerp-profimedia-0742100610.webp\"><img loading=\"lazy\" decoding=\"async\" class=\"size-full wp-image-191218\" src=\"https:\/\/d2p6e6u75xmxt8.cloudfront.net\/2\/2022\/12\/Van-der-Poel-Cyclocross-Antwerp-profimedia-0742100610.webp\" alt=\"Mathieu van der Poel\" width=\"1250\" height=\"833\" srcset=\"https:\/\/d2p6e6u75xmxt8.cloudfront.net\/2\/2022\/12\/Van-der-Poel-Cyclocross-Antwerp-profimedia-0742100610.webp 1250w, https:\/\/d2p6e6u75xmxt8.cloudfront.net\/2\/2022\/12\/Van-der-Poel-Cyclocross-Antwerp-profimedia-0742100610-300x200.webp 300w, https:\/\/d2p6e6u75xmxt8.cloudfront.net\/2\/2022\/12\/Van-der-Poel-Cyclocross-Antwerp-profimedia-0742100610-1024x682.webp 1024w, https:\/\/d2p6e6u75xmxt8.cloudfront.net\/2\/2022\/12\/Van-der-Poel-Cyclocross-Antwerp-profimedia-0742100610-768x512.webp 768w, https:\/\/d2p6e6u75xmxt8.cloudfront.net\/2\/2022\/12\/Van-der-Poel-Cyclocross-Antwerp-profimedia-0742100610-272x182.webp 272w\" sizes=\"auto, (max-width: 1250px) 100vw, 1250px\" \/><\/a><figcaption id=\"caption-attachment-191218\" class=\"wp-caption-text\">Van der Poel in action. \u00a9 Profimedia<\/figcaption><\/figure>\n<p>Will Wout van Aert catch up to van der Poel\u2019s form? What do you think?<\/p>\n<h4>Cyclocross World Cup Antwerp 2022 results<\/h4>\n<p>1. Mathieu van der Poel (Alpecin-Deceuninck) \u2013 59:04<br \/>\n2. Wout van Aert (Jumbo-Visma) + 23 seconds<br \/>\n3. Michael Vanthourenhout (Pauwels Sauzen Bingoal) + 34 seconds<br \/>\n4. Laurens Sweeck (Crelan-Fristads) + 45 seconds<br \/>\n5. Lars van der Haar (Baloise Trek Lions) + 54 seconds<br \/>\n6. Eli Iserbyt (Pauwels Sauzen Bingoal) + 1:05<br \/>\n7. Jens Adams (Hollebeekhoeve CT) + 1:09<br \/>\n8. Tom Pidcock (Ineos Grenadiers) + 1:14<br \/>\n9. Niels Vandeputte (Alpecin-Deceuninck) + 1:45<br \/>\n10. Joran Wyseure (Crelan-Fristads) + 2:05<\/p>\n","protected":false},"excerpt":{"rendered":"<p>The season\u2019s first event where Mathieu van der Poel, Wout van Aert and Tom Pidcock went head to head ended [&hellip;]<\/p>\n","protected":false},"author":99,"featured_media":191217,"comment_status":"open","ping_status":"open","sticky":false,"template":"","format":"standard","meta":{"footnotes":""},"categories":[328],"tags":[6809,631,5864,632,2933,3871,831],"global-categories":[3366],"class_list":["post-191216","post","type-post","status-publish","format-standard","has-post-thumbnail","hentry","category-outdoor-mountain","tag-antwerp-cyclocross-world-cup","tag-cyclo-cross","tag-cyclo-cross-world-cup","tag-cyclocross","tag-mathieu-van-der-poel","tag-tom-pidcock","tag-wout-van-aert","global-categories-cycling"],"yoast_head":"<!-- This site is optimized with the Yoast SEO Premium plugin v25.3 (Yoast SEO v25.9) - https:\/\/yoast.com\/wordpress\/plugins\/seo\/ -->\n<title>Mathieu van der Poel Wins Antwerp Cyclocross World Cup<\/title>\n<meta name=\"description\" content=\"The season\u2019s first event where Mathieu van der Poel, Wout van Aert and Tom Pidcock went head to head ended in a comfortable win for van der Poel. Van Aert\" \/>\n<meta name=\"robots\" content=\"index, follow, max-snippet:-1, max-image-preview:large, max-video-preview:-1\" \/>\n<link rel=\"canonical\" href=\"https:\/\/www.welovecycling.com\/wide\/2022\/12\/05\/mathieu-van-der-poel-wins-antwerp-cyclo-cross-world-cup-i-am-pretty-happy-with-today\/\" \/>\n<meta property=\"og:locale\" content=\"en_US\" \/>\n<meta property=\"og:type\" content=\"article\" \/>\n<meta property=\"og:title\" content=\"Mathieu van der Poel Wins Antwerp Cyclo-cross World Cup: \u201cI am pretty happy with today&quot;\" \/>\n<meta property=\"og:description\" content=\"The season\u2019s first event where Mathieu van der Poel, Wout van Aert and Tom Pidcock went head to head ended in a comfortable win for van der Poel. Van Aert\" \/>\n<meta property=\"og:url\" content=\"https:\/\/www.welovecycling.com\/wide\/2022\/12\/05\/mathieu-van-der-poel-wins-antwerp-cyclo-cross-world-cup-i-am-pretty-happy-with-today\/\" \/>\n<meta property=\"og:site_name\" content=\"\u0160koda We Love Cycling\" \/>\n<meta property=\"article:published_time\" content=\"2022-12-05T11:15:16+00:00\" \/>\n<meta property=\"og:image\" content=\"https:\/\/d2p6e6u75xmxt8.cloudfront.net\/2\/2022\/12\/Mathieu-van-der-Poel-profimedia-0742242877-CVR.webp\" \/>\n\t<meta property=\"og:image:width\" content=\"990\" \/>\n\t<meta property=\"og:image:height\" content=\"660\" \/>\n\t<meta property=\"og:image:type\" content=\"image\/webp\" \/>\n<meta name=\"author\" content=\"tereza\" \/>\n<meta name=\"twitter:card\" content=\"summary_large_image\" \/>\n<meta name=\"twitter:label1\" content=\"Written by\" \/>\n\t<meta name=\"twitter:data1\" content=\"Monica Buck\" \/>\n\t<meta name=\"twitter:label2\" content=\"Est. reading time\" \/>\n\t<meta name=\"twitter:data2\" content=\"4\" \/>\n<script type=\"application\/ld+json\" class=\"yoast-schema-graph\">{\"@context\":\"https:\/\/schema.org\",\"@graph\":[{\"@type\":\"WebPage\",\"@id\":\"https:\/\/www.welovecycling.com\/wide\/2022\/12\/05\/mathieu-van-der-poel-wins-antwerp-cyclo-cross-world-cup-i-am-pretty-happy-with-today\/\",\"url\":\"https:\/\/www.welovecycling.com\/wide\/2022\/12\/05\/mathieu-van-der-poel-wins-antwerp-cyclo-cross-world-cup-i-am-pretty-happy-with-today\/\",\"name\":\"Mathieu van der Poel Wins Antwerp Cyclocross World Cup\",\"isPartOf\":{\"@id\":\"https:\/\/www.welovecycling.com\/wide\/#website\"},\"primaryImageOfPage\":{\"@id\":\"https:\/\/www.welovecycling.com\/wide\/2022\/12\/05\/mathieu-van-der-poel-wins-antwerp-cyclo-cross-world-cup-i-am-pretty-happy-with-today\/#primaryimage\"},\"image\":{\"@id\":\"https:\/\/www.welovecycling.com\/wide\/2022\/12\/05\/mathieu-van-der-poel-wins-antwerp-cyclo-cross-world-cup-i-am-pretty-happy-with-today\/#primaryimage\"},\"thumbnailUrl\":\"https:\/\/d2p6e6u75xmxt8.cloudfront.net\/2\/2022\/12\/Mathieu-van-der-Poel-profimedia-0742242877-CVR.webp\",\"datePublished\":\"2022-12-05T11:15:16+00:00\",\"author\":{\"@id\":\"https:\/\/www.welovecycling.com\/wide\/#\/schema\/person\/50f01ecd18718d2333cf72e823c4f926\"},\"description\":\"The season\u2019s first event where Mathieu van der Poel, Wout van Aert and Tom Pidcock went head to head ended in a comfortable win for van der Poel. Van Aert\",\"breadcrumb\":{\"@id\":\"https:\/\/www.welovecycling.com\/wide\/2022\/12\/05\/mathieu-van-der-poel-wins-antwerp-cyclo-cross-world-cup-i-am-pretty-happy-with-today\/#breadcrumb\"},\"inLanguage\":\"en-US\",\"potentialAction\":[{\"@type\":\"ReadAction\",\"target\":[\"https:\/\/www.welovecycling.com\/wide\/2022\/12\/05\/mathieu-van-der-poel-wins-antwerp-cyclo-cross-world-cup-i-am-pretty-happy-with-today\/\"]}]},{\"@type\":\"ImageObject\",\"inLanguage\":\"en-US\",\"@id\":\"https:\/\/www.welovecycling.com\/wide\/2022\/12\/05\/mathieu-van-der-poel-wins-antwerp-cyclo-cross-world-cup-i-am-pretty-happy-with-today\/#primaryimage\",\"url\":\"https:\/\/d2p6e6u75xmxt8.cloudfront.net\/2\/2022\/12\/Mathieu-van-der-Poel-profimedia-0742242877-CVR.webp\",\"contentUrl\":\"https:\/\/d2p6e6u75xmxt8.cloudfront.net\/2\/2022\/12\/Mathieu-van-der-Poel-profimedia-0742242877-CVR.webp\",\"width\":990,\"height\":660,\"caption\":\"Mathieu van der Poel\"},{\"@type\":\"BreadcrumbList\",\"@id\":\"https:\/\/www.welovecycling.com\/wide\/2022\/12\/05\/mathieu-van-der-poel-wins-antwerp-cyclo-cross-world-cup-i-am-pretty-happy-with-today\/#breadcrumb\",\"itemListElement\":[{\"@type\":\"ListItem\",\"position\":1,\"name\":\"Home\",\"item\":\"https:\/\/www.welovecycling.com\/wide\/\"},{\"@type\":\"ListItem\",\"position\":2,\"name\":\"Mathieu van der Poel Wins Antwerp Cyclo-cross World Cup: \u201cI am pretty happy with today&#8221;\"}]},{\"@type\":\"WebSite\",\"@id\":\"https:\/\/www.welovecycling.com\/wide\/#website\",\"url\":\"https:\/\/www.welovecycling.com\/wide\/\",\"name\":\"\u0160koda We Love Cycling\",\"description\":\"\u0160koda We Love Cycling magazine\",\"alternateName\":\"\u0160koda WLC\",\"potentialAction\":[{\"@type\":\"SearchAction\",\"target\":{\"@type\":\"EntryPoint\",\"urlTemplate\":\"https:\/\/www.welovecycling.com\/wide\/?s={search_term_string}\"},\"query-input\":{\"@type\":\"PropertyValueSpecification\",\"valueRequired\":true,\"valueName\":\"search_term_string\"}}],\"inLanguage\":\"en-US\"},{\"@type\":\"Person\",\"@id\":\"https:\/\/www.welovecycling.com\/wide\/#\/schema\/person\/50f01ecd18718d2333cf72e823c4f926\",\"name\":\"tereza\",\"image\":{\"@type\":\"ImageObject\",\"inLanguage\":\"en-US\",\"@id\":\"https:\/\/www.welovecycling.com\/wide\/#\/schema\/person\/image\/\",\"url\":\"https:\/\/secure.gravatar.com\/avatar\/1f9eb71be33845f0afabce3791bc1c58ecdb0a25c62964987e5dbcf7a20d2ec7?s=96&d=mm&r=g\",\"contentUrl\":\"https:\/\/secure.gravatar.com\/avatar\/1f9eb71be33845f0afabce3791bc1c58ecdb0a25c62964987e5dbcf7a20d2ec7?s=96&d=mm&r=g\",\"caption\":\"tereza\"},\"url\":\"https:\/\/www.welovecycling.com\/wide\/author\/tereza\/\"}]}<\/script>\n<!-- \/ Yoast SEO Premium plugin. -->","yoast_head_json":{"title":"Mathieu van der Poel Wins Antwerp Cyclocross World Cup","description":"The season\u2019s first event where Mathieu van der Poel, Wout van Aert and Tom Pidcock went head to head ended in a comfortable win for van der Poel. Van Aert","robots":{"index":"index","follow":"follow","max-snippet":"max-snippet:-1","max-image-preview":"max-image-preview:large","max-video-preview":"max-video-preview:-1"},"canonical":"https:\/\/www.welovecycling.com\/wide\/2022\/12\/05\/mathieu-van-der-poel-wins-antwerp-cyclo-cross-world-cup-i-am-pretty-happy-with-today\/","og_locale":"en_US","og_type":"article","og_title":"Mathieu van der Poel Wins Antwerp Cyclo-cross World Cup: \u201cI am pretty happy with today\"","og_description":"The season\u2019s first event where Mathieu van der Poel, Wout van Aert and Tom Pidcock went head to head ended in a comfortable win for van der Poel. Van Aert","og_url":"https:\/\/www.welovecycling.com\/wide\/2022\/12\/05\/mathieu-van-der-poel-wins-antwerp-cyclo-cross-world-cup-i-am-pretty-happy-with-today\/","og_site_name":"\u0160koda We Love Cycling","article_published_time":"2022-12-05T11:15:16+00:00","og_image":[{"width":990,"height":660,"url":"https:\/\/d2p6e6u75xmxt8.cloudfront.net\/2\/2022\/12\/Mathieu-van-der-Poel-profimedia-0742242877-CVR.webp","type":"image\/webp"}],"author":"tereza","twitter_card":"summary_large_image","twitter_misc":{"Written by":"Monica Buck","Est. reading time":"4"},"schema":{"@context":"https:\/\/schema.org","@graph":[{"@type":"WebPage","@id":"https:\/\/www.welovecycling.com\/wide\/2022\/12\/05\/mathieu-van-der-poel-wins-antwerp-cyclo-cross-world-cup-i-am-pretty-happy-with-today\/","url":"https:\/\/www.welovecycling.com\/wide\/2022\/12\/05\/mathieu-van-der-poel-wins-antwerp-cyclo-cross-world-cup-i-am-pretty-happy-with-today\/","name":"Mathieu van der Poel Wins Antwerp Cyclocross World Cup","isPartOf":{"@id":"https:\/\/www.welovecycling.com\/wide\/#website"},"primaryImageOfPage":{"@id":"https:\/\/www.welovecycling.com\/wide\/2022\/12\/05\/mathieu-van-der-poel-wins-antwerp-cyclo-cross-world-cup-i-am-pretty-happy-with-today\/#primaryimage"},"image":{"@id":"https:\/\/www.welovecycling.com\/wide\/2022\/12\/05\/mathieu-van-der-poel-wins-antwerp-cyclo-cross-world-cup-i-am-pretty-happy-with-today\/#primaryimage"},"thumbnailUrl":"https:\/\/d2p6e6u75xmxt8.cloudfront.net\/2\/2022\/12\/Mathieu-van-der-Poel-profimedia-0742242877-CVR.webp","datePublished":"2022-12-05T11:15:16+00:00","author":{"@id":"https:\/\/www.welovecycling.com\/wide\/#\/schema\/person\/50f01ecd18718d2333cf72e823c4f926"},"description":"The season\u2019s first event where Mathieu van der Poel, Wout van Aert and Tom Pidcock went head to head ended in a comfortable win for van der Poel. Van Aert","breadcrumb":{"@id":"https:\/\/www.welovecycling.com\/wide\/2022\/12\/05\/mathieu-van-der-poel-wins-antwerp-cyclo-cross-world-cup-i-am-pretty-happy-with-today\/#breadcrumb"},"inLanguage":"en-US","potentialAction":[{"@type":"ReadAction","target":["https:\/\/www.welovecycling.com\/wide\/2022\/12\/05\/mathieu-van-der-poel-wins-antwerp-cyclo-cross-world-cup-i-am-pretty-happy-with-today\/"]}]},{"@type":"ImageObject","inLanguage":"en-US","@id":"https:\/\/www.welovecycling.com\/wide\/2022\/12\/05\/mathieu-van-der-poel-wins-antwerp-cyclo-cross-world-cup-i-am-pretty-happy-with-today\/#primaryimage","url":"https:\/\/d2p6e6u75xmxt8.cloudfront.net\/2\/2022\/12\/Mathieu-van-der-Poel-profimedia-0742242877-CVR.webp","contentUrl":"https:\/\/d2p6e6u75xmxt8.cloudfront.net\/2\/2022\/12\/Mathieu-van-der-Poel-profimedia-0742242877-CVR.webp","width":990,"height":660,"caption":"Mathieu van der Poel"},{"@type":"BreadcrumbList","@id":"https:\/\/www.welovecycling.com\/wide\/2022\/12\/05\/mathieu-van-der-poel-wins-antwerp-cyclo-cross-world-cup-i-am-pretty-happy-with-today\/#breadcrumb","itemListElement":[{"@type":"ListItem","position":1,"name":"Home","item":"https:\/\/www.welovecycling.com\/wide\/"},{"@type":"ListItem","position":2,"name":"Mathieu van der Poel Wins Antwerp Cyclo-cross World Cup: \u201cI am pretty happy with today&#8221;"}]},{"@type":"WebSite","@id":"https:\/\/www.welovecycling.com\/wide\/#website","url":"https:\/\/www.welovecycling.com\/wide\/","name":"\u0160koda We Love Cycling","description":"\u0160koda We Love Cycling magazine","alternateName":"\u0160koda WLC","potentialAction":[{"@type":"SearchAction","target":{"@type":"EntryPoint","urlTemplate":"https:\/\/www.welovecycling.com\/wide\/?s={search_term_string}"},"query-input":{"@type":"PropertyValueSpecification","valueRequired":true,"valueName":"search_term_string"}}],"inLanguage":"en-US"},{"@type":"Person","@id":"https:\/\/www.welovecycling.com\/wide\/#\/schema\/person\/50f01ecd18718d2333cf72e823c4f926","name":"tereza","image":{"@type":"ImageObject","inLanguage":"en-US","@id":"https:\/\/www.welovecycling.com\/wide\/#\/schema\/person\/image\/","url":"https:\/\/secure.gravatar.com\/avatar\/1f9eb71be33845f0afabce3791bc1c58ecdb0a25c62964987e5dbcf7a20d2ec7?s=96&d=mm&r=g","contentUrl":"https:\/\/secure.gravatar.com\/avatar\/1f9eb71be33845f0afabce3791bc1c58ecdb0a25c62964987e5dbcf7a20d2ec7?s=96&d=mm&r=g","caption":"tereza"},"url":"https:\/\/www.welovecycling.com\/wide\/author\/tereza\/"}]}},"_links":{"self":[{"href":"https:\/\/www.welovecycling.com\/wide\/wp-json\/wp\/v2\/posts\/191216","targetHints":{"allow":["GET"]}}],"collection":[{"href":"https:\/\/www.welovecycling.com\/wide\/wp-json\/wp\/v2\/posts"}],"about":[{"href":"https:\/\/www.welovecycling.com\/wide\/wp-json\/wp\/v2\/types\/post"}],"author":[{"embeddable":true,"href":"https:\/\/www.welovecycling.com\/wide\/wp-json\/wp\/v2\/users\/99"}],"replies":[{"embeddable":true,"href":"https:\/\/www.welovecycling.com\/wide\/wp-json\/wp\/v2\/comments?post=191216"}],"version-history":[{"count":2,"href":"https:\/\/www.welovecycling.com\/wide\/wp-json\/wp\/v2\/posts\/191216\/revisions"}],"predecessor-version":[{"id":191220,"href":"https:\/\/www.welovecycling.com\/wide\/wp-json\/wp\/v2\/posts\/191216\/revisions\/191220"}],"wp:featuredmedia":[{"embeddable":true,"href":"https:\/\/www.welovecycling.com\/wide\/wp-json\/wp\/v2\/media\/191217"}],"wp:attachment":[{"href":"https:\/\/www.welovecycling.com\/wide\/wp-json\/wp\/v2\/media?parent=191216"}],"wp:term":[{"taxonomy":"category","embeddable":true,"href":"https:\/\/www.welovecycling.com\/wide\/wp-json\/wp\/v2\/categories?post=191216"},{"taxonomy":"post_tag","embeddable":true,"href":"https:\/\/www.welovecycling.com\/wide\/wp-json\/wp\/v2\/tags?post=191216"},{"taxonomy":"global-categories","embeddable":true,"href":"https:\/\/www.welovecycling.com\/wide\/wp-json\/wp\/v2\/global-categories?post=191216"}],"curies":[{"name":"wp","href":"https:\/\/api.w.org\/{rel}","templated":true}]}}