{"id":191118,"date":"2022-11-19T09:44:15","date_gmt":"2022-11-19T09:44:15","guid":{"rendered":"https:\/\/www.welovecycling.com\/wide\/?p=191118"},"modified":"2022-11-19T09:44:48","modified_gmt":"2022-11-19T09:44:48","slug":"can-remco-evenepoel-stay-the-course","status":"publish","type":"post","link":"https:\/\/www.welovecycling.com\/wide\/2022\/11\/19\/can-remco-evenepoel-stay-the-course\/","title":{"rendered":"Can Remco Evenepoel Stay the Course?"},"content":{"rendered":"<p style=\"font-weight: 400;\"><strong>When you think of countries that are cycling powerhouses, which ones come to mind first? I bet Belgium made the list. And that\u2019s thanks to the country\u2019s deep roots in the sport and its long list of past and present cycling superstars like Eddy Merckx, Roger De Vlaeminck, Johan Museeuw, Wout van Aert, Greg Van Avermaet, and Tom Boonen, among others.<\/strong><\/p>\n<p><!--more--><\/p>\n<p style=\"font-weight: 400;\">With this cycling prowess and these cumulative wins to their names, it\u2019s hard to believe it\u2019s been 44 years since a Belgian won a Grand Tour. In 2022, the drought was broken by 22-year-old Belgian Remco Evenepeol when he claimed victory at the Vuelta a Espa\u00f1a.<\/p>\n<h2><strong>Belgian Grand Tour Forefathers<\/strong><\/h2>\n<p style=\"font-weight: 400;\">The last Belgian to win a Grand Tour before Remco was Johan De Muynck in the 1978 Giro d\u2019Italia. That\u2019s a massive gap of 44 years, something difficult to fathom from this cycling fan\u2019s point of view. And as a non-Belgian, I can only imagine the enormity of Remo\u2019s Vuelta win in the eyes of his fellow patriots.<\/p>\n<p style=\"font-weight: 400;\">The last Belgian to triumph at the Vuelta was Freddy Maertens in 1977. He did it in impressive style, winning 13 stages, including the first and last. And the last fellow countryman to win the <a href=\"https:\/\/www.letour.fr\/en\/\">Tour de France<\/a> was Lucien Impe in 1976.<\/p>\n<p style=\"font-weight: 400;\">The most distinguished Belgian cyclist, and arguably the greatest of all time, is <a href=\"https:\/\/www.welovecycling.com\/wide\/2020\/09\/21\/eddy-merckx-versus-the-world-at-the-1971-tour-de-france\/\" target=\"_blank\" rel=\"noopener\">Eddy Merckx.<\/a> He has 11 Grand Tours, three World Championships, an hour record, five Monuments and 525 total victories over his 18-year career as a pro. Between 1970 and 1974, he even accomplished a Grand Tour double, meaning he won two Grand Tours in one year. He has only one Vuelta victory, in 1973.<\/p>\n<h2><strong>Remco Mania<\/strong><\/h2>\n<p style=\"font-weight: 400;\">If you\u2019ve been stranded on a desert island, Evenepoel&#8217;s Tour of Spain triumph may have gone unnoticed. But a mere three weeks later, young Remco achieved another impressive feat with a 34-km solo breakaway, becoming the 2022 UCI World Road Champion in Wollongong, Australia.<\/p>\n<p style=\"font-weight: 400;\">Remco\u2019s precocious skill as a cyclist, remember he\u2019s only 22, made him a budding star at home. Ending the 44-year Grand Tour drought and donning the Rainbow Bands in Australia transformed him into the pride of every Belgian citizen and a household name. And he received a hero\u2019s welcome. Impressive crowds flooded the Grote Markt (Grand-Place) in Brussels to catch a glimpse of King Remco and celebrate a moment of Flemish cycling history.<\/p>\n<figure id=\"attachment_191122\" aria-describedby=\"caption-attachment-191122\" style=\"width: 1250px\" class=\"wp-caption alignnone\"><a href=\"https:\/\/d2p6e6u75xmxt8.cloudfront.net\/2\/2022\/11\/profimedia-0727601865.webp\"><img loading=\"lazy\" decoding=\"async\" class=\"wp-image-191122 size-full\" src=\"https:\/\/d2p6e6u75xmxt8.cloudfront.net\/2\/2022\/11\/profimedia-0727601865.webp\" alt=\"Remco Evenepoel\" width=\"1250\" height=\"833\" srcset=\"https:\/\/d2p6e6u75xmxt8.cloudfront.net\/2\/2022\/11\/profimedia-0727601865.webp 1250w, https:\/\/d2p6e6u75xmxt8.cloudfront.net\/2\/2022\/11\/profimedia-0727601865-300x200.webp 300w, https:\/\/d2p6e6u75xmxt8.cloudfront.net\/2\/2022\/11\/profimedia-0727601865-1024x682.webp 1024w, https:\/\/d2p6e6u75xmxt8.cloudfront.net\/2\/2022\/11\/profimedia-0727601865-768x512.webp 768w, https:\/\/d2p6e6u75xmxt8.cloudfront.net\/2\/2022\/11\/profimedia-0727601865-272x182.webp 272w\" sizes=\"auto, (max-width: 1250px) 100vw, 1250px\" \/><\/a><figcaption id=\"caption-attachment-191122\" class=\"wp-caption-text\">Evenepoel celebrates in Brussels after his Vuelta win. \u00a9 Profimedia<\/figcaption><\/figure>\n<p style=\"font-weight: 400;\">Despite his age, Remco has been racing professionally since the age of 18 for the Belgian team Deceuninck-Quick Step. His Vuelta and World Championship achievements were part of a dream season that included a Monument (Li\u00e8ge-Bastogne-Li\u00e8ge) and 15 wins from 67 days of racing. Impressive stuff. If he continues in this fashion, he\u2019s on target to meet or exceed Merckx in total victories.<\/p>\n<p style=\"font-weight: 400;\">Yet Remco\u2019s path as a pro hasn\u2019t been without criticism or problems. At 20, he suffered a massive crash in the 2020 Il Lombardia, going over the edge of a narrow bridge and into the ravine below. The result was a potentially career-ending fractured pelvis, and a bruised lung. He lost an entire year of racing, recovering and getting back into the fold.<\/p>\n<p style=\"font-weight: 400;\">Prior to the Worlds, Remco received negative comments about how he handles himself in races. Some say he is criticised only because the Belgian media and fans are desperate for him to become the next \u201cCannibal\u201d. Others praise him for his willingness to work for others. In either case, I can\u2019t imagine the pressure he feels.<\/p>\n<h2><strong>Future Grand Tours<\/strong><\/h2>\n<p style=\"font-weight: 400;\">To silence critics and appease the expectation of Belgian fans, Remco needs to add victory in the Tour de France to his list of results. He\u2019s shown he can climb and time trial. But winning the Grand Boucle is never an easy feat, and he\u2019ll need to have a team built up around him to achieve it.<\/p>\n<p style=\"font-weight: 400;\">His attendance at the 2023 Tour seems unrealistic based on Quick Step Alpha Vinyl\u2019s current team roster. 2024 is a different matter. Strategic trades could reinforce the squad toward the Tour goal. But is it on their radar? Quick-Step Alpha Vinyl has traditionally gone for one-day victories and Grand Tour stages as opposed to general classifications. Remco could change that. And a win in France would bring an influx of valuable sponsorships to secure the team for years to come.<\/p>\n<p style=\"font-weight: 400;\">Can Remco stay the course and handle the additional pressure that comes with global fame? Time will tell. If he wins the Tour in 2024 or beyond, he will break an even longer record of 48 years or more since a Belgian wore yellow in Paris. There are many contenders along the way, which simply means more excellent racing for hungry spectators to enjoy.<\/p>\n","protected":false},"excerpt":{"rendered":"<p>When you think of countries that are cycling powerhouses, which ones come to mind first? I bet Belgium made the [&hellip;]<\/p>\n","protected":false},"author":99,"featured_media":191119,"comment_status":"open","ping_status":"open","sticky":false,"template":"","format":"standard","meta":{"footnotes":""},"categories":[329],"tags":[5954,954,2298,5755,6769,479,3544,583],"global-categories":[3366],"class_list":["post-191118","post","type-post","status-publish","format-standard","has-post-thumbnail","hentry","category-road-cycling","tag-2022-la-vuelta","tag-eddy-merckx","tag-freddy-maertens","tag-il-lombardia","tag-johan-de-muynck","tag-la-vuelta","tag-remco-evenepoel","tag-road-cycling","global-categories-cycling"],"yoast_head":"<!-- This site is optimized with the Yoast SEO Premium plugin v25.3 (Yoast SEO v25.9) - https:\/\/yoast.com\/wordpress\/plugins\/seo\/ -->\n<title>Can Remco Evenepoel Stay the Course? - \u0160koda We Love Cycling<\/title>\n<meta name=\"description\" content=\"When you think of countries that are cycling powerhouses, which ones come to mind first? I bet Belgium made the list. And that\u2019s thanks to the country\u2019s\" \/>\n<meta name=\"robots\" content=\"index, follow, max-snippet:-1, max-image-preview:large, max-video-preview:-1\" \/>\n<link rel=\"canonical\" href=\"https:\/\/www.welovecycling.com\/wide\/2022\/11\/19\/can-remco-evenepoel-stay-the-course\/\" \/>\n<meta property=\"og:locale\" content=\"en_US\" \/>\n<meta property=\"og:type\" content=\"article\" \/>\n<meta property=\"og:title\" content=\"Can Remco Evenepoel Stay the Course?\" \/>\n<meta property=\"og:description\" content=\"When you think of countries that are cycling powerhouses, which ones come to mind first? I bet Belgium made the list. And that\u2019s thanks to the country\u2019s\" \/>\n<meta property=\"og:url\" content=\"https:\/\/www.welovecycling.com\/wide\/2022\/11\/19\/can-remco-evenepoel-stay-the-course\/\" \/>\n<meta property=\"og:site_name\" content=\"\u0160koda We Love Cycling\" \/>\n<meta property=\"article:published_time\" content=\"2022-11-19T09:44:15+00:00\" \/>\n<meta property=\"article:modified_time\" content=\"2022-11-19T09:44:48+00:00\" \/>\n<meta property=\"og:image\" content=\"https:\/\/d2p6e6u75xmxt8.cloudfront.net\/2\/2022\/11\/Remco-Evenepoel-profimedia-0728019305-CVR.webp\" \/>\n\t<meta property=\"og:image:width\" content=\"990\" \/>\n\t<meta property=\"og:image:height\" content=\"660\" \/>\n\t<meta property=\"og:image:type\" content=\"image\/webp\" \/>\n<meta name=\"author\" content=\"tereza\" \/>\n<meta name=\"twitter:card\" content=\"summary_large_image\" \/>\n<meta name=\"twitter:label1\" content=\"Written by\" \/>\n\t<meta name=\"twitter:data1\" content=\"Andrea Champredonde\" \/>\n\t<meta name=\"twitter:label2\" content=\"Est. reading time\" \/>\n\t<meta name=\"twitter:data2\" content=\"6\" \/>\n<script type=\"application\/ld+json\" class=\"yoast-schema-graph\">{\"@context\":\"https:\/\/schema.org\",\"@graph\":[{\"@type\":\"WebPage\",\"@id\":\"https:\/\/www.welovecycling.com\/wide\/2022\/11\/19\/can-remco-evenepoel-stay-the-course\/\",\"url\":\"https:\/\/www.welovecycling.com\/wide\/2022\/11\/19\/can-remco-evenepoel-stay-the-course\/\",\"name\":\"Can Remco Evenepoel Stay the Course? - \u0160koda We Love Cycling\",\"isPartOf\":{\"@id\":\"https:\/\/www.welovecycling.com\/wide\/#website\"},\"primaryImageOfPage\":{\"@id\":\"https:\/\/www.welovecycling.com\/wide\/2022\/11\/19\/can-remco-evenepoel-stay-the-course\/#primaryimage\"},\"image\":{\"@id\":\"https:\/\/www.welovecycling.com\/wide\/2022\/11\/19\/can-remco-evenepoel-stay-the-course\/#primaryimage\"},\"thumbnailUrl\":\"https:\/\/d2p6e6u75xmxt8.cloudfront.net\/2\/2022\/11\/Remco-Evenepoel-profimedia-0728019305-CVR.webp\",\"datePublished\":\"2022-11-19T09:44:15+00:00\",\"dateModified\":\"2022-11-19T09:44:48+00:00\",\"author\":{\"@id\":\"https:\/\/www.welovecycling.com\/wide\/#\/schema\/person\/50f01ecd18718d2333cf72e823c4f926\"},\"description\":\"When you think of countries that are cycling powerhouses, which ones come to mind first? I bet Belgium made the list. And that\u2019s thanks to the country\u2019s\",\"breadcrumb\":{\"@id\":\"https:\/\/www.welovecycling.com\/wide\/2022\/11\/19\/can-remco-evenepoel-stay-the-course\/#breadcrumb\"},\"inLanguage\":\"en-US\",\"potentialAction\":[{\"@type\":\"ReadAction\",\"target\":[\"https:\/\/www.welovecycling.com\/wide\/2022\/11\/19\/can-remco-evenepoel-stay-the-course\/\"]}]},{\"@type\":\"ImageObject\",\"inLanguage\":\"en-US\",\"@id\":\"https:\/\/www.welovecycling.com\/wide\/2022\/11\/19\/can-remco-evenepoel-stay-the-course\/#primaryimage\",\"url\":\"https:\/\/d2p6e6u75xmxt8.cloudfront.net\/2\/2022\/11\/Remco-Evenepoel-profimedia-0728019305-CVR.webp\",\"contentUrl\":\"https:\/\/d2p6e6u75xmxt8.cloudfront.net\/2\/2022\/11\/Remco-Evenepoel-profimedia-0728019305-CVR.webp\",\"width\":990,\"height\":660,\"caption\":\"Remco Evenepoel\"},{\"@type\":\"BreadcrumbList\",\"@id\":\"https:\/\/www.welovecycling.com\/wide\/2022\/11\/19\/can-remco-evenepoel-stay-the-course\/#breadcrumb\",\"itemListElement\":[{\"@type\":\"ListItem\",\"position\":1,\"name\":\"Home\",\"item\":\"https:\/\/www.welovecycling.com\/wide\/\"},{\"@type\":\"ListItem\",\"position\":2,\"name\":\"Can Remco Evenepoel Stay the Course?\"}]},{\"@type\":\"WebSite\",\"@id\":\"https:\/\/www.welovecycling.com\/wide\/#website\",\"url\":\"https:\/\/www.welovecycling.com\/wide\/\",\"name\":\"\u0160koda We Love Cycling\",\"description\":\"\u0160koda We Love Cycling magazine\",\"alternateName\":\"\u0160koda WLC\",\"potentialAction\":[{\"@type\":\"SearchAction\",\"target\":{\"@type\":\"EntryPoint\",\"urlTemplate\":\"https:\/\/www.welovecycling.com\/wide\/?s={search_term_string}\"},\"query-input\":{\"@type\":\"PropertyValueSpecification\",\"valueRequired\":true,\"valueName\":\"search_term_string\"}}],\"inLanguage\":\"en-US\"},{\"@type\":\"Person\",\"@id\":\"https:\/\/www.welovecycling.com\/wide\/#\/schema\/person\/50f01ecd18718d2333cf72e823c4f926\",\"name\":\"tereza\",\"image\":{\"@type\":\"ImageObject\",\"inLanguage\":\"en-US\",\"@id\":\"https:\/\/www.welovecycling.com\/wide\/#\/schema\/person\/image\/\",\"url\":\"https:\/\/secure.gravatar.com\/avatar\/1f9eb71be33845f0afabce3791bc1c58ecdb0a25c62964987e5dbcf7a20d2ec7?s=96&d=mm&r=g\",\"contentUrl\":\"https:\/\/secure.gravatar.com\/avatar\/1f9eb71be33845f0afabce3791bc1c58ecdb0a25c62964987e5dbcf7a20d2ec7?s=96&d=mm&r=g\",\"caption\":\"tereza\"},\"url\":\"https:\/\/www.welovecycling.com\/wide\/author\/tereza\/\"}]}<\/script>\n<!-- \/ Yoast SEO Premium plugin. -->","yoast_head_json":{"title":"Can Remco Evenepoel Stay the Course? - \u0160koda We Love Cycling","description":"When you think of countries that are cycling powerhouses, which ones come to mind first? I bet Belgium made the list. And that\u2019s thanks to the country\u2019s","robots":{"index":"index","follow":"follow","max-snippet":"max-snippet:-1","max-image-preview":"max-image-preview:large","max-video-preview":"max-video-preview:-1"},"canonical":"https:\/\/www.welovecycling.com\/wide\/2022\/11\/19\/can-remco-evenepoel-stay-the-course\/","og_locale":"en_US","og_type":"article","og_title":"Can Remco Evenepoel Stay the Course?","og_description":"When you think of countries that are cycling powerhouses, which ones come to mind first? I bet Belgium made the list. And that\u2019s thanks to the country\u2019s","og_url":"https:\/\/www.welovecycling.com\/wide\/2022\/11\/19\/can-remco-evenepoel-stay-the-course\/","og_site_name":"\u0160koda We Love Cycling","article_published_time":"2022-11-19T09:44:15+00:00","article_modified_time":"2022-11-19T09:44:48+00:00","og_image":[{"width":990,"height":660,"url":"https:\/\/d2p6e6u75xmxt8.cloudfront.net\/2\/2022\/11\/Remco-Evenepoel-profimedia-0728019305-CVR.webp","type":"image\/webp"}],"author":"tereza","twitter_card":"summary_large_image","twitter_misc":{"Written by":"Andrea Champredonde","Est. reading time":"6"},"schema":{"@context":"https:\/\/schema.org","@graph":[{"@type":"WebPage","@id":"https:\/\/www.welovecycling.com\/wide\/2022\/11\/19\/can-remco-evenepoel-stay-the-course\/","url":"https:\/\/www.welovecycling.com\/wide\/2022\/11\/19\/can-remco-evenepoel-stay-the-course\/","name":"Can Remco Evenepoel Stay the Course? - \u0160koda We Love Cycling","isPartOf":{"@id":"https:\/\/www.welovecycling.com\/wide\/#website"},"primaryImageOfPage":{"@id":"https:\/\/www.welovecycling.com\/wide\/2022\/11\/19\/can-remco-evenepoel-stay-the-course\/#primaryimage"},"image":{"@id":"https:\/\/www.welovecycling.com\/wide\/2022\/11\/19\/can-remco-evenepoel-stay-the-course\/#primaryimage"},"thumbnailUrl":"https:\/\/d2p6e6u75xmxt8.cloudfront.net\/2\/2022\/11\/Remco-Evenepoel-profimedia-0728019305-CVR.webp","datePublished":"2022-11-19T09:44:15+00:00","dateModified":"2022-11-19T09:44:48+00:00","author":{"@id":"https:\/\/www.welovecycling.com\/wide\/#\/schema\/person\/50f01ecd18718d2333cf72e823c4f926"},"description":"When you think of countries that are cycling powerhouses, which ones come to mind first? I bet Belgium made the list. And that\u2019s thanks to the country\u2019s","breadcrumb":{"@id":"https:\/\/www.welovecycling.com\/wide\/2022\/11\/19\/can-remco-evenepoel-stay-the-course\/#breadcrumb"},"inLanguage":"en-US","potentialAction":[{"@type":"ReadAction","target":["https:\/\/www.welovecycling.com\/wide\/2022\/11\/19\/can-remco-evenepoel-stay-the-course\/"]}]},{"@type":"ImageObject","inLanguage":"en-US","@id":"https:\/\/www.welovecycling.com\/wide\/2022\/11\/19\/can-remco-evenepoel-stay-the-course\/#primaryimage","url":"https:\/\/d2p6e6u75xmxt8.cloudfront.net\/2\/2022\/11\/Remco-Evenepoel-profimedia-0728019305-CVR.webp","contentUrl":"https:\/\/d2p6e6u75xmxt8.cloudfront.net\/2\/2022\/11\/Remco-Evenepoel-profimedia-0728019305-CVR.webp","width":990,"height":660,"caption":"Remco Evenepoel"},{"@type":"BreadcrumbList","@id":"https:\/\/www.welovecycling.com\/wide\/2022\/11\/19\/can-remco-evenepoel-stay-the-course\/#breadcrumb","itemListElement":[{"@type":"ListItem","position":1,"name":"Home","item":"https:\/\/www.welovecycling.com\/wide\/"},{"@type":"ListItem","position":2,"name":"Can Remco Evenepoel Stay the Course?"}]},{"@type":"WebSite","@id":"https:\/\/www.welovecycling.com\/wide\/#website","url":"https:\/\/www.welovecycling.com\/wide\/","name":"\u0160koda We Love Cycling","description":"\u0160koda We Love Cycling magazine","alternateName":"\u0160koda WLC","potentialAction":[{"@type":"SearchAction","target":{"@type":"EntryPoint","urlTemplate":"https:\/\/www.welovecycling.com\/wide\/?s={search_term_string}"},"query-input":{"@type":"PropertyValueSpecification","valueRequired":true,"valueName":"search_term_string"}}],"inLanguage":"en-US"},{"@type":"Person","@id":"https:\/\/www.welovecycling.com\/wide\/#\/schema\/person\/50f01ecd18718d2333cf72e823c4f926","name":"tereza","image":{"@type":"ImageObject","inLanguage":"en-US","@id":"https:\/\/www.welovecycling.com\/wide\/#\/schema\/person\/image\/","url":"https:\/\/secure.gravatar.com\/avatar\/1f9eb71be33845f0afabce3791bc1c58ecdb0a25c62964987e5dbcf7a20d2ec7?s=96&d=mm&r=g","contentUrl":"https:\/\/secure.gravatar.com\/avatar\/1f9eb71be33845f0afabce3791bc1c58ecdb0a25c62964987e5dbcf7a20d2ec7?s=96&d=mm&r=g","caption":"tereza"},"url":"https:\/\/www.welovecycling.com\/wide\/author\/tereza\/"}]}},"_links":{"self":[{"href":"https:\/\/www.welovecycling.com\/wide\/wp-json\/wp\/v2\/posts\/191118","targetHints":{"allow":["GET"]}}],"collection":[{"href":"https:\/\/www.welovecycling.com\/wide\/wp-json\/wp\/v2\/posts"}],"about":[{"href":"https:\/\/www.welovecycling.com\/wide\/wp-json\/wp\/v2\/types\/post"}],"author":[{"embeddable":true,"href":"https:\/\/www.welovecycling.com\/wide\/wp-json\/wp\/v2\/users\/99"}],"replies":[{"embeddable":true,"href":"https:\/\/www.welovecycling.com\/wide\/wp-json\/wp\/v2\/comments?post=191118"}],"version-history":[{"count":2,"href":"https:\/\/www.welovecycling.com\/wide\/wp-json\/wp\/v2\/posts\/191118\/revisions"}],"predecessor-version":[{"id":191123,"href":"https:\/\/www.welovecycling.com\/wide\/wp-json\/wp\/v2\/posts\/191118\/revisions\/191123"}],"wp:featuredmedia":[{"embeddable":true,"href":"https:\/\/www.welovecycling.com\/wide\/wp-json\/wp\/v2\/media\/191119"}],"wp:attachment":[{"href":"https:\/\/www.welovecycling.com\/wide\/wp-json\/wp\/v2\/media?parent=191118"}],"wp:term":[{"taxonomy":"category","embeddable":true,"href":"https:\/\/www.welovecycling.com\/wide\/wp-json\/wp\/v2\/categories?post=191118"},{"taxonomy":"post_tag","embeddable":true,"href":"https:\/\/www.welovecycling.com\/wide\/wp-json\/wp\/v2\/tags?post=191118"},{"taxonomy":"global-categories","embeddable":true,"href":"https:\/\/www.welovecycling.com\/wide\/wp-json\/wp\/v2\/global-categories?post=191118"}],"curies":[{"name":"wp","href":"https:\/\/api.w.org\/{rel}","templated":true}]}}