{"id":191070,"date":"2022-11-11T14:36:31","date_gmt":"2022-11-11T14:36:31","guid":{"rendered":"https:\/\/www.welovecycling.com\/wide\/?p=191070"},"modified":"2022-11-11T14:36:31","modified_gmt":"2022-11-11T14:36:31","slug":"5-things-you-want-to-consider-when-choosing-between-a-tarp-and-a-tent-for-your-bikepacking-trip","status":"publish","type":"post","link":"https:\/\/www.welovecycling.com\/wide\/2022\/11\/11\/5-things-you-want-to-consider-when-choosing-between-a-tarp-and-a-tent-for-your-bikepacking-trip\/","title":{"rendered":"5 Things You Want to Consider When Choosing Between a Tarp and a Tent for Your Bikepacking Trip"},"content":{"rendered":"<p><strong>Whether you\u2019re a lifelong bikepacker or you\u2019re new to the field, figuring out your setup is an ongoing process. Determining which shelter is best for bikepacking will be part of that process. There\u2019s no right or wrong answer, and each option, whether that\u2019s a tent or a tarp with hammock or without, will have its pros and cons.<\/strong><\/p>\n<p><!--more--><\/p>\n<p>The debate could go on forever, but we\u2019ve provided a list of considerations to start you off\u2026<\/p>\n<h2><strong>1. Protection from the elements<\/strong><\/h2>\n<p>This is really the sole purpose of your shelter, everything else you consider will only serve to make life easier. So of course you want to give it some thought. Depending on where you\u2019re riding will determine the weather conditions for your trip. The shelter you choose will be, hopefully, keeping you safe and comfortable every night of your trip. Therefore you want to ask whether you\u2019ll need certain levels of protection from the elements. Will it keep you warm, or maybe you\u2019ll need protection against bugs and small animals.<\/p>\n<p>A tent will likely keep you warmer and if you\u2019ve got a 4-season tent then you can be mostly reassured that you\u2019re protected from snow. A tarp on the other hand will have more airflow, making it cooler but you\u2019ll avoid condensation. If you were to combine a tarp with a hammock then you could be protected against damp or muddy ground. Of course if there aren\u2019t going to be many trees on your trip then a hammock won\u2019t work.<\/p>\n<figure id=\"attachment_181121\" aria-describedby=\"caption-attachment-181121\" style=\"width: 1008px\" class=\"wp-caption alignnone\"><a href=\"https:\/\/d2p6e6u75xmxt8.cloudfront.net\/2\/2021\/01\/Bikepacking-3.webp\"><img loading=\"lazy\" decoding=\"async\" class=\"wp-image-181121 size-full\" src=\"https:\/\/d2p6e6u75xmxt8.cloudfront.net\/2\/2021\/01\/Bikepacking-3.webp\" alt=\"Bikepacking\" width=\"1008\" height=\"756\" srcset=\"https:\/\/d2p6e6u75xmxt8.cloudfront.net\/2\/2021\/01\/Bikepacking-3.webp 1008w, https:\/\/d2p6e6u75xmxt8.cloudfront.net\/2\/2021\/01\/Bikepacking-3-300x225.webp 300w, https:\/\/d2p6e6u75xmxt8.cloudfront.net\/2\/2021\/01\/Bikepacking-3-768x576.webp 768w\" sizes=\"auto, (max-width: 1008px) 100vw, 1008px\" \/><\/a><figcaption id=\"caption-attachment-181121\" class=\"wp-caption-text\">When sleeping in a hammock, you might feel cold coming from below, so consider using it with an ultralight mat.<\/figcaption><\/figure>\n<h2><strong>2. Weight and size<\/strong><\/h2>\n<p>Weight is a big consideration for your shelter and its components. It\u2019s less important on a bikepacking trip if you\u2019ll mostly be riding, but if you anticipate plenty of hike-a-bike then you\u2019ll be wanting to cut the weight where possible.<\/p>\n<p>There are plenty of high-end <a href=\"https:\/\/www.amazon.com\/lightweight-tents-backpacking\/s?k=lightweight+tents+for+backpacking\">lightweight tents on the market<\/a> but it\u2019s possible that utilising a tarp set-up with your bike wheels will cut down weight considerably. There is the advantage of not carrying poles too which will add weight and bulkiness to your setup. Carbon fibre poles are the lightest and most durable tent poles you can get, so if you\u2019ve got the cash then you can splash out on these.<\/p>\n<h2><strong>3. Location<\/strong><\/h2>\n<p>Will you be able to find appropriate places to set up your shelter? Are there any locations which limit your pitching opportunities? For example, if your setup consists of a hammock and tarp, then you\u2019ll need trees. This likely won\u2019t be much use if you\u2019re bikepacking <a href=\"https:\/\/www.welovecycling.com\/wide\/2022\/04\/28\/how-to-prepare-for-a-cycling-race-in-the-desert-advice-by-a-pro-cyclist\/\" target=\"_blank\" rel=\"noopener\">across the desert.<\/a> Where there are trees, are your straps big enough to fit around the type of tree you\u2019re likely to come across? Maybe the trees are too weak to withstand the weight of a hammock and person. You want to consider these factors before you arrive at your camp.<\/p>\n<p>Of course tents have their drawbacks too with regards to a location. With a tent you want to find flat and relatively dry ground that is capable of holding your stakes. With a tarp, this isn\u2019t as crucial. It\u2019s even less so if you\u2019ve got a hammock as part of your setup.<\/p>\n<h2><strong>4. Bike and gear storage<\/strong><\/h2>\n<p>Depending on where you\u2019re camping, you may want to be able to see your bike. I don\u2019t recommend taking it into your tent with you and risking your groundsheet. Whatever you choose to do, you need to have enough space for your bags and of course space for yourself too.<\/p>\n<p>The best option in a scenario where you want your bike close by is to use your wheels as part of your shelter. This can be easily done with a tarp &#8211; though you might want to practise at home first. You then need to ensure you have plenty of space to store your bags too.<\/p>\n<p>You may be somewhere wild and remote so it\u2019s likely your bike will be completely safe outside of your tent but it\u2019s certainly worth considering.<\/p>\n<h2><strong>5.\u00a0Comfort<\/strong><\/h2>\n<p>This factor could be personal preference but you\u2019ll want to ask how comfortable you can sleep in your chosen shelter. If you\u2019re only heading out for an overnighter, then you may not be too concerned by having a sound sleep and waking up feeling well-rested in the morning. But if you\u2019re going to be peddling for a while, then you want to ensure that each night you\u2019re getting good quality sleep.<\/p>\n<p>Ultimately, your bike setup will be personal to you. It\u2019s not the same for every person. Hence why it\u2019s a bit of a lifelong process. It may change with time, and it\u2019ll definitely change with the seasons and location. Whatever you choose, enjoy it. Find the beauty in sleeping outside even if you\u2019re shivering in your tent or lying awake listening to the rain hammering down. There\u2019s a reason we have these adventures, even if it doesn\u2019t always feel like it!<\/p>\n","protected":false},"excerpt":{"rendered":"<p>Whether you\u2019re a lifelong bikepacker or you\u2019re new to the field, figuring out your setup is an ongoing process. Determining [&hellip;]<\/p>\n","protected":false},"author":99,"featured_media":191071,"comment_status":"open","ping_status":"open","sticky":false,"template":"","format":"standard","meta":{"footnotes":""},"categories":[328],"tags":[1280,4875,6751,6752],"global-categories":[3366],"class_list":["post-191070","post","type-post","status-publish","format-standard","has-post-thumbnail","hentry","category-outdoor-mountain","tag-bikepacking","tag-bikepacking-tips","tag-tarp","tag-tents","global-categories-cycling"],"yoast_head":"<!-- This site is optimized with the Yoast SEO Premium plugin v25.3 (Yoast SEO v25.9) - https:\/\/yoast.com\/wordpress\/plugins\/seo\/ -->\n<title>5 Things You Want to Consider When Choosing Between a Tarp and a Tent<\/title>\n<meta name=\"description\" content=\"Whether you\u2019re a lifelong bikepacker or you\u2019re new to the field, figuring out your setup is an ongoing process. Determining which shelter is best for\" \/>\n<meta name=\"robots\" content=\"index, follow, max-snippet:-1, max-image-preview:large, max-video-preview:-1\" \/>\n<link rel=\"canonical\" href=\"https:\/\/www.welovecycling.com\/wide\/2022\/11\/11\/5-things-you-want-to-consider-when-choosing-between-a-tarp-and-a-tent-for-your-bikepacking-trip\/\" \/>\n<meta property=\"og:locale\" content=\"en_US\" \/>\n<meta property=\"og:type\" content=\"article\" \/>\n<meta property=\"og:title\" content=\"5 Things You Want to Consider When Choosing Between a Tarp and a Tent for Your Bikepacking Trip\" \/>\n<meta property=\"og:description\" content=\"Whether you\u2019re a lifelong bikepacker or you\u2019re new to the field, figuring out your setup is an ongoing process. Determining which shelter is best for\" \/>\n<meta property=\"og:url\" content=\"https:\/\/www.welovecycling.com\/wide\/2022\/11\/11\/5-things-you-want-to-consider-when-choosing-between-a-tarp-and-a-tent-for-your-bikepacking-trip\/\" \/>\n<meta property=\"og:site_name\" content=\"\u0160koda We Love Cycling\" \/>\n<meta property=\"article:published_time\" content=\"2022-11-11T14:36:31+00:00\" \/>\n<meta property=\"og:image\" content=\"https:\/\/d2p6e6u75xmxt8.cloudfront.net\/2\/2022\/11\/Bikepacking-bicycles-profimedia-0361761231-CVR.webp\" \/>\n\t<meta property=\"og:image:width\" content=\"990\" \/>\n\t<meta property=\"og:image:height\" content=\"660\" \/>\n\t<meta property=\"og:image:type\" content=\"image\/webp\" \/>\n<meta name=\"author\" content=\"tereza\" \/>\n<meta name=\"twitter:card\" content=\"summary_large_image\" \/>\n<meta name=\"twitter:label1\" content=\"Written by\" \/>\n\t<meta name=\"twitter:data1\" content=\"Charlotte Murray\" \/>\n\t<meta name=\"twitter:label2\" content=\"Est. reading time\" \/>\n\t<meta name=\"twitter:data2\" content=\"5\" \/>\n<script type=\"application\/ld+json\" class=\"yoast-schema-graph\">{\"@context\":\"https:\/\/schema.org\",\"@graph\":[{\"@type\":\"WebPage\",\"@id\":\"https:\/\/www.welovecycling.com\/wide\/2022\/11\/11\/5-things-you-want-to-consider-when-choosing-between-a-tarp-and-a-tent-for-your-bikepacking-trip\/\",\"url\":\"https:\/\/www.welovecycling.com\/wide\/2022\/11\/11\/5-things-you-want-to-consider-when-choosing-between-a-tarp-and-a-tent-for-your-bikepacking-trip\/\",\"name\":\"5 Things You Want to Consider When Choosing Between a Tarp and a Tent\",\"isPartOf\":{\"@id\":\"https:\/\/www.welovecycling.com\/wide\/#website\"},\"primaryImageOfPage\":{\"@id\":\"https:\/\/www.welovecycling.com\/wide\/2022\/11\/11\/5-things-you-want-to-consider-when-choosing-between-a-tarp-and-a-tent-for-your-bikepacking-trip\/#primaryimage\"},\"image\":{\"@id\":\"https:\/\/www.welovecycling.com\/wide\/2022\/11\/11\/5-things-you-want-to-consider-when-choosing-between-a-tarp-and-a-tent-for-your-bikepacking-trip\/#primaryimage\"},\"thumbnailUrl\":\"https:\/\/d2p6e6u75xmxt8.cloudfront.net\/2\/2022\/11\/Bikepacking-bicycles-profimedia-0361761231-CVR.webp\",\"datePublished\":\"2022-11-11T14:36:31+00:00\",\"author\":{\"@id\":\"https:\/\/www.welovecycling.com\/wide\/#\/schema\/person\/50f01ecd18718d2333cf72e823c4f926\"},\"description\":\"Whether you\u2019re a lifelong bikepacker or you\u2019re new to the field, figuring out your setup is an ongoing process. Determining which shelter is best for\",\"breadcrumb\":{\"@id\":\"https:\/\/www.welovecycling.com\/wide\/2022\/11\/11\/5-things-you-want-to-consider-when-choosing-between-a-tarp-and-a-tent-for-your-bikepacking-trip\/#breadcrumb\"},\"inLanguage\":\"en-US\",\"potentialAction\":[{\"@type\":\"ReadAction\",\"target\":[\"https:\/\/www.welovecycling.com\/wide\/2022\/11\/11\/5-things-you-want-to-consider-when-choosing-between-a-tarp-and-a-tent-for-your-bikepacking-trip\/\"]}]},{\"@type\":\"ImageObject\",\"inLanguage\":\"en-US\",\"@id\":\"https:\/\/www.welovecycling.com\/wide\/2022\/11\/11\/5-things-you-want-to-consider-when-choosing-between-a-tarp-and-a-tent-for-your-bikepacking-trip\/#primaryimage\",\"url\":\"https:\/\/d2p6e6u75xmxt8.cloudfront.net\/2\/2022\/11\/Bikepacking-bicycles-profimedia-0361761231-CVR.webp\",\"contentUrl\":\"https:\/\/d2p6e6u75xmxt8.cloudfront.net\/2\/2022\/11\/Bikepacking-bicycles-profimedia-0361761231-CVR.webp\",\"width\":990,\"height\":660,\"caption\":\"Bikepacking\"},{\"@type\":\"BreadcrumbList\",\"@id\":\"https:\/\/www.welovecycling.com\/wide\/2022\/11\/11\/5-things-you-want-to-consider-when-choosing-between-a-tarp-and-a-tent-for-your-bikepacking-trip\/#breadcrumb\",\"itemListElement\":[{\"@type\":\"ListItem\",\"position\":1,\"name\":\"Home\",\"item\":\"https:\/\/www.welovecycling.com\/wide\/\"},{\"@type\":\"ListItem\",\"position\":2,\"name\":\"5 Things You Want to Consider When Choosing Between a Tarp and a Tent for Your Bikepacking Trip\"}]},{\"@type\":\"WebSite\",\"@id\":\"https:\/\/www.welovecycling.com\/wide\/#website\",\"url\":\"https:\/\/www.welovecycling.com\/wide\/\",\"name\":\"\u0160koda We Love Cycling\",\"description\":\"\u0160koda We Love Cycling magazine\",\"alternateName\":\"\u0160koda WLC\",\"potentialAction\":[{\"@type\":\"SearchAction\",\"target\":{\"@type\":\"EntryPoint\",\"urlTemplate\":\"https:\/\/www.welovecycling.com\/wide\/?s={search_term_string}\"},\"query-input\":{\"@type\":\"PropertyValueSpecification\",\"valueRequired\":true,\"valueName\":\"search_term_string\"}}],\"inLanguage\":\"en-US\"},{\"@type\":\"Person\",\"@id\":\"https:\/\/www.welovecycling.com\/wide\/#\/schema\/person\/50f01ecd18718d2333cf72e823c4f926\",\"name\":\"tereza\",\"image\":{\"@type\":\"ImageObject\",\"inLanguage\":\"en-US\",\"@id\":\"https:\/\/www.welovecycling.com\/wide\/#\/schema\/person\/image\/\",\"url\":\"https:\/\/secure.gravatar.com\/avatar\/1f9eb71be33845f0afabce3791bc1c58ecdb0a25c62964987e5dbcf7a20d2ec7?s=96&d=mm&r=g\",\"contentUrl\":\"https:\/\/secure.gravatar.com\/avatar\/1f9eb71be33845f0afabce3791bc1c58ecdb0a25c62964987e5dbcf7a20d2ec7?s=96&d=mm&r=g\",\"caption\":\"tereza\"},\"url\":\"https:\/\/www.welovecycling.com\/wide\/author\/tereza\/\"}]}<\/script>\n<!-- \/ Yoast SEO Premium plugin. -->","yoast_head_json":{"title":"5 Things You Want to Consider When Choosing Between a Tarp and a Tent","description":"Whether you\u2019re a lifelong bikepacker or you\u2019re new to the field, figuring out your setup is an ongoing process. Determining which shelter is best for","robots":{"index":"index","follow":"follow","max-snippet":"max-snippet:-1","max-image-preview":"max-image-preview:large","max-video-preview":"max-video-preview:-1"},"canonical":"https:\/\/www.welovecycling.com\/wide\/2022\/11\/11\/5-things-you-want-to-consider-when-choosing-between-a-tarp-and-a-tent-for-your-bikepacking-trip\/","og_locale":"en_US","og_type":"article","og_title":"5 Things You Want to Consider When Choosing Between a Tarp and a Tent for Your Bikepacking Trip","og_description":"Whether you\u2019re a lifelong bikepacker or you\u2019re new to the field, figuring out your setup is an ongoing process. Determining which shelter is best for","og_url":"https:\/\/www.welovecycling.com\/wide\/2022\/11\/11\/5-things-you-want-to-consider-when-choosing-between-a-tarp-and-a-tent-for-your-bikepacking-trip\/","og_site_name":"\u0160koda We Love Cycling","article_published_time":"2022-11-11T14:36:31+00:00","og_image":[{"width":990,"height":660,"url":"https:\/\/d2p6e6u75xmxt8.cloudfront.net\/2\/2022\/11\/Bikepacking-bicycles-profimedia-0361761231-CVR.webp","type":"image\/webp"}],"author":"tereza","twitter_card":"summary_large_image","twitter_misc":{"Written by":"Charlotte Murray","Est. reading time":"5"},"schema":{"@context":"https:\/\/schema.org","@graph":[{"@type":"WebPage","@id":"https:\/\/www.welovecycling.com\/wide\/2022\/11\/11\/5-things-you-want-to-consider-when-choosing-between-a-tarp-and-a-tent-for-your-bikepacking-trip\/","url":"https:\/\/www.welovecycling.com\/wide\/2022\/11\/11\/5-things-you-want-to-consider-when-choosing-between-a-tarp-and-a-tent-for-your-bikepacking-trip\/","name":"5 Things You Want to Consider When Choosing Between a Tarp and a Tent","isPartOf":{"@id":"https:\/\/www.welovecycling.com\/wide\/#website"},"primaryImageOfPage":{"@id":"https:\/\/www.welovecycling.com\/wide\/2022\/11\/11\/5-things-you-want-to-consider-when-choosing-between-a-tarp-and-a-tent-for-your-bikepacking-trip\/#primaryimage"},"image":{"@id":"https:\/\/www.welovecycling.com\/wide\/2022\/11\/11\/5-things-you-want-to-consider-when-choosing-between-a-tarp-and-a-tent-for-your-bikepacking-trip\/#primaryimage"},"thumbnailUrl":"https:\/\/d2p6e6u75xmxt8.cloudfront.net\/2\/2022\/11\/Bikepacking-bicycles-profimedia-0361761231-CVR.webp","datePublished":"2022-11-11T14:36:31+00:00","author":{"@id":"https:\/\/www.welovecycling.com\/wide\/#\/schema\/person\/50f01ecd18718d2333cf72e823c4f926"},"description":"Whether you\u2019re a lifelong bikepacker or you\u2019re new to the field, figuring out your setup is an ongoing process. Determining which shelter is best for","breadcrumb":{"@id":"https:\/\/www.welovecycling.com\/wide\/2022\/11\/11\/5-things-you-want-to-consider-when-choosing-between-a-tarp-and-a-tent-for-your-bikepacking-trip\/#breadcrumb"},"inLanguage":"en-US","potentialAction":[{"@type":"ReadAction","target":["https:\/\/www.welovecycling.com\/wide\/2022\/11\/11\/5-things-you-want-to-consider-when-choosing-between-a-tarp-and-a-tent-for-your-bikepacking-trip\/"]}]},{"@type":"ImageObject","inLanguage":"en-US","@id":"https:\/\/www.welovecycling.com\/wide\/2022\/11\/11\/5-things-you-want-to-consider-when-choosing-between-a-tarp-and-a-tent-for-your-bikepacking-trip\/#primaryimage","url":"https:\/\/d2p6e6u75xmxt8.cloudfront.net\/2\/2022\/11\/Bikepacking-bicycles-profimedia-0361761231-CVR.webp","contentUrl":"https:\/\/d2p6e6u75xmxt8.cloudfront.net\/2\/2022\/11\/Bikepacking-bicycles-profimedia-0361761231-CVR.webp","width":990,"height":660,"caption":"Bikepacking"},{"@type":"BreadcrumbList","@id":"https:\/\/www.welovecycling.com\/wide\/2022\/11\/11\/5-things-you-want-to-consider-when-choosing-between-a-tarp-and-a-tent-for-your-bikepacking-trip\/#breadcrumb","itemListElement":[{"@type":"ListItem","position":1,"name":"Home","item":"https:\/\/www.welovecycling.com\/wide\/"},{"@type":"ListItem","position":2,"name":"5 Things You Want to Consider When Choosing Between a Tarp and a Tent for Your Bikepacking Trip"}]},{"@type":"WebSite","@id":"https:\/\/www.welovecycling.com\/wide\/#website","url":"https:\/\/www.welovecycling.com\/wide\/","name":"\u0160koda We Love Cycling","description":"\u0160koda We Love Cycling magazine","alternateName":"\u0160koda WLC","potentialAction":[{"@type":"SearchAction","target":{"@type":"EntryPoint","urlTemplate":"https:\/\/www.welovecycling.com\/wide\/?s={search_term_string}"},"query-input":{"@type":"PropertyValueSpecification","valueRequired":true,"valueName":"search_term_string"}}],"inLanguage":"en-US"},{"@type":"Person","@id":"https:\/\/www.welovecycling.com\/wide\/#\/schema\/person\/50f01ecd18718d2333cf72e823c4f926","name":"tereza","image":{"@type":"ImageObject","inLanguage":"en-US","@id":"https:\/\/www.welovecycling.com\/wide\/#\/schema\/person\/image\/","url":"https:\/\/secure.gravatar.com\/avatar\/1f9eb71be33845f0afabce3791bc1c58ecdb0a25c62964987e5dbcf7a20d2ec7?s=96&d=mm&r=g","contentUrl":"https:\/\/secure.gravatar.com\/avatar\/1f9eb71be33845f0afabce3791bc1c58ecdb0a25c62964987e5dbcf7a20d2ec7?s=96&d=mm&r=g","caption":"tereza"},"url":"https:\/\/www.welovecycling.com\/wide\/author\/tereza\/"}]}},"_links":{"self":[{"href":"https:\/\/www.welovecycling.com\/wide\/wp-json\/wp\/v2\/posts\/191070","targetHints":{"allow":["GET"]}}],"collection":[{"href":"https:\/\/www.welovecycling.com\/wide\/wp-json\/wp\/v2\/posts"}],"about":[{"href":"https:\/\/www.welovecycling.com\/wide\/wp-json\/wp\/v2\/types\/post"}],"author":[{"embeddable":true,"href":"https:\/\/www.welovecycling.com\/wide\/wp-json\/wp\/v2\/users\/99"}],"replies":[{"embeddable":true,"href":"https:\/\/www.welovecycling.com\/wide\/wp-json\/wp\/v2\/comments?post=191070"}],"version-history":[{"count":1,"href":"https:\/\/www.welovecycling.com\/wide\/wp-json\/wp\/v2\/posts\/191070\/revisions"}],"predecessor-version":[{"id":191072,"href":"https:\/\/www.welovecycling.com\/wide\/wp-json\/wp\/v2\/posts\/191070\/revisions\/191072"}],"wp:featuredmedia":[{"embeddable":true,"href":"https:\/\/www.welovecycling.com\/wide\/wp-json\/wp\/v2\/media\/191071"}],"wp:attachment":[{"href":"https:\/\/www.welovecycling.com\/wide\/wp-json\/wp\/v2\/media?parent=191070"}],"wp:term":[{"taxonomy":"category","embeddable":true,"href":"https:\/\/www.welovecycling.com\/wide\/wp-json\/wp\/v2\/categories?post=191070"},{"taxonomy":"post_tag","embeddable":true,"href":"https:\/\/www.welovecycling.com\/wide\/wp-json\/wp\/v2\/tags?post=191070"},{"taxonomy":"global-categories","embeddable":true,"href":"https:\/\/www.welovecycling.com\/wide\/wp-json\/wp\/v2\/global-categories?post=191070"}],"curies":[{"name":"wp","href":"https:\/\/api.w.org\/{rel}","templated":true}]}}