{"id":191050,"date":"2022-11-09T16:34:13","date_gmt":"2022-11-09T16:34:13","guid":{"rendered":"https:\/\/www.welovecycling.com\/wide\/?p=191050"},"modified":"2022-11-09T16:34:13","modified_gmt":"2022-11-09T16:34:13","slug":"community-e-bikes-the-gateway-to-riding-electric","status":"publish","type":"post","link":"https:\/\/www.welovecycling.com\/wide\/2022\/11\/09\/community-e-bikes-the-gateway-to-riding-electric\/","title":{"rendered":"Community E-Bikes: The Gateway to Riding Electric?"},"content":{"rendered":"<p><strong>As much as some will try to deny it, electric bike sales are on the rise. It is projected that by 2030, an estimated 30 million bikes will be sold per year, with around half of those being electric bikes.<\/strong><\/p>\n<p><!--more--><\/p>\n<p>But for some, despite the clear benefits both personally and to the environment, there are barriers to purchasing such a bike. With the cost of living rising, investing in something which you\u2019re not sure you will use or enjoy is a big risk.\u00a0That\u2019s where e-bike sharing comes in.<\/p>\n<p>Bike sharing isn\u2019t a new concept. It began in a simple form in Amsterdam in the 1960s. Through the decades, it has evolved with technology to an advanced and sophisticated system of accessible transport. They\u2019re used both in docking and parking stations, or are dockless &#8211; these can be picked up and dropped off anywhere. They are also found in workplaces, railway stations, lockers and used between peers.<\/p>\n<p>According to a <a href=\"https:\/\/www.como.org.uk\/shared-bikes\/overview-and-benefits\">2021 report by CoMoUK,<\/a> over half of bike share users said that a bike share was the motivation they needed to start cycling again. If that\u2019s the case, an ebike share scheme is likely to be a strong contender for getting people out on an e-bike.<\/p>\n<p>In the same report, CoMoUK shared that there\u2019s a gradual increase in schemes offering e-bikes (21 locations according to the report at that time). These are now firmly established as a popular form of bike sharing.<\/p>\n<figure id=\"attachment_191053\" aria-describedby=\"caption-attachment-191053\" style=\"width: 1000px\" class=\"wp-caption alignnone\"><a href=\"https:\/\/d2p6e6u75xmxt8.cloudfront.net\/2\/2022\/11\/E-Bike-Sharing-profimedia-0700924167.webp\"><img loading=\"lazy\" decoding=\"async\" class=\"size-full wp-image-191053\" src=\"https:\/\/d2p6e6u75xmxt8.cloudfront.net\/2\/2022\/11\/E-Bike-Sharing-profimedia-0700924167.webp\" alt=\"E-bike sharing\" width=\"1000\" height=\"666\" srcset=\"https:\/\/d2p6e6u75xmxt8.cloudfront.net\/2\/2022\/11\/E-Bike-Sharing-profimedia-0700924167.webp 1000w, https:\/\/d2p6e6u75xmxt8.cloudfront.net\/2\/2022\/11\/E-Bike-Sharing-profimedia-0700924167-300x200.webp 300w, https:\/\/d2p6e6u75xmxt8.cloudfront.net\/2\/2022\/11\/E-Bike-Sharing-profimedia-0700924167-768x511.webp 768w, https:\/\/d2p6e6u75xmxt8.cloudfront.net\/2\/2022\/11\/E-Bike-Sharing-profimedia-0700924167-272x182.webp 272w\" sizes=\"auto, (max-width: 1000px) 100vw, 1000px\" \/><\/a><figcaption id=\"caption-attachment-191053\" class=\"wp-caption-text\">Are e-bikes the future of urban transportation? \u00a9 Profimedia<\/figcaption><\/figure>\n<p>One such scheme is supported and run by the <a href=\"https:\/\/www.communityebikes.org\/staveley\/\">Sustainability &amp; Energy Network in Staveley.<\/a> The idea is to get more people onto a bike &#8211; to promote a more sustainable way of living. The ebike offers an easier way of making local trips, especially being in a hilly location.<\/p>\n<p>With the initial and running costs of an e-bike being relatively high, this community eb-ike sharing scheme offers everything you need without the cost and the admin associated with having your own bike.<\/p>\n<p>The ebikes are stored in a central location alongside a battery charger, helmets, locks and lights &#8211; all included in the cost of your hire. There are various subscription options too so users don\u2019t have to make a long-term commitment like with an ebike purchase.<\/p>\n<h2><strong>So, what are the investments you need to consider when buying an e-bike?<\/strong><\/h2>\n<h4>Tyres<\/h4>\n<p>You will likely need e-bike specific tyres. Since ebikes often travel further and faster than a regular bike, they will need to be more durable.<\/p>\n<h4>Charging costs<\/h4>\n<p>During a time when energy costs aren\u2019t cheap, this is certainly a consideration. The cost of this will depend on the battery and type of charger but Bosch batteries are claimed to use between 5p and 10p worth of electricity per charge.<\/p>\n<h4>Servicing and maintenance<\/h4>\n<p>Servicing should be carried out at least once a year if you\u2019re hoping to maintain the bike in good condition, but should be more the more you\u2019re riding it. Maintenance costs will also be slightly different to a regular bike as there are more parts which could wear out or be damaged. The non-electric parts are also subject to greater speeds, weight and force than non-electric bikes, so may require <a href=\"https:\/\/www.welovecycling.com\/wide\/2021\/12\/07\/indulge-your-e-bike-with-special-winter-care\/\" target=\"_blank\" rel=\"noopener\">more frequent maintenance.<\/a><\/p>\n<h4>Safety equipment<\/h4>\n<p>A helmet, lights and a lock are necessities to an ebike if you want to ensure adequate protection. Helmets, while not illegal to ride without one, are relatively inexpensive for a potentially life-saving addition. Lights on the other hand are a legal requirement between sunset and sunrise, according to the UK\u2019s Road Vehicles Lighting Regulations (RVLR). The lock required to protect an ebike may be similar to that of a motorbike, especially if you\u2019ve invested a lot of money. These can therefore be more costly.<\/p>\n<h4>Upgrades<\/h4>\n<p>A decent ebike should expect to last around seven to ten years if well looked after. But with the rate of technological advancements in ebikes, it may be that a user upgrades sooner than that.<\/p>\n<h4>Insurance<\/h4>\n<p>With such an expensive purchase, you\u2019re likely to want to protect it. This may be a monthly cost which is in relation to the level of cover you want (theft, damage, personal liability etc.) and the cost of the bike, i.e. the more expensive the bike, the more expensive the insurance.<\/p>\n<p>All of this isn\u2019t to say that you shouldn\u2019t purchase an e-bike. The opposite in fact. But like with many large purchases, it pays to do a bit of research. With e-bike sharing schemes popping up all over the world, it\u2019s worth giving them a go. You\u2019ll no doubt find the enjoyment of an e-bike well worth the investment.<\/p>\n","protected":false},"excerpt":{"rendered":"<p>As much as some will try to deny it, electric bike sales are on the rise. It is projected that [&hellip;]<\/p>\n","protected":false},"author":99,"featured_media":191051,"comment_status":"open","ping_status":"open","sticky":false,"template":"","format":"standard","meta":{"footnotes":""},"categories":[334,330],"tags":[2048,6746,6745,348,4435],"global-categories":[3366,3367],"class_list":["post-191050","post","type-post","status-publish","format-standard","has-post-thumbnail","hentry","category-socialising-and-culture","category-urban-cycling","tag-bike-sharing","tag-comouk","tag-e-bike-sharing","tag-e-bikes","tag-e-mobility","global-categories-cycling","global-categories-emobility"],"yoast_head":"<!-- This site is optimized with the Yoast SEO Premium plugin v25.3 (Yoast SEO v25.9) - https:\/\/yoast.com\/wordpress\/plugins\/seo\/ -->\n<title>Community E-Bikes: The Gateway to Riding Electric? - We Love Cycling<\/title>\n<meta name=\"description\" content=\"As much as some will try to deny it, electric bike sales are on the rise. It is projected that by 2030, an estimated 30 million bikes will be sold per\" \/>\n<meta name=\"robots\" content=\"index, follow, max-snippet:-1, max-image-preview:large, max-video-preview:-1\" \/>\n<link rel=\"canonical\" href=\"https:\/\/www.welovecycling.com\/wide\/2022\/11\/09\/community-e-bikes-the-gateway-to-riding-electric\/\" \/>\n<meta property=\"og:locale\" content=\"en_US\" \/>\n<meta property=\"og:type\" content=\"article\" \/>\n<meta property=\"og:title\" content=\"Community E-Bikes: The Gateway to Riding Electric?\" \/>\n<meta property=\"og:description\" content=\"As much as some will try to deny it, electric bike sales are on the rise. It is projected that by 2030, an estimated 30 million bikes will be sold per\" \/>\n<meta property=\"og:url\" content=\"https:\/\/www.welovecycling.com\/wide\/2022\/11\/09\/community-e-bikes-the-gateway-to-riding-electric\/\" \/>\n<meta property=\"og:site_name\" content=\"\u0160koda We Love Cycling\" \/>\n<meta property=\"article:published_time\" content=\"2022-11-09T16:34:13+00:00\" \/>\n<meta property=\"og:image\" content=\"https:\/\/d2p6e6u75xmxt8.cloudfront.net\/2\/2022\/11\/E-Bike-Sharing-profimedia-0727169542-CVR.webp\" \/>\n\t<meta property=\"og:image:width\" content=\"990\" \/>\n\t<meta property=\"og:image:height\" content=\"660\" \/>\n\t<meta property=\"og:image:type\" content=\"image\/webp\" \/>\n<meta name=\"author\" content=\"tereza\" \/>\n<meta name=\"twitter:card\" content=\"summary_large_image\" \/>\n<meta name=\"twitter:label1\" content=\"Written by\" \/>\n\t<meta name=\"twitter:data1\" content=\"Charlotte Murray\" \/>\n\t<meta name=\"twitter:label2\" content=\"Est. reading time\" \/>\n\t<meta name=\"twitter:data2\" content=\"5\" \/>\n<script type=\"application\/ld+json\" class=\"yoast-schema-graph\">{\"@context\":\"https:\/\/schema.org\",\"@graph\":[{\"@type\":\"WebPage\",\"@id\":\"https:\/\/www.welovecycling.com\/wide\/2022\/11\/09\/community-e-bikes-the-gateway-to-riding-electric\/\",\"url\":\"https:\/\/www.welovecycling.com\/wide\/2022\/11\/09\/community-e-bikes-the-gateway-to-riding-electric\/\",\"name\":\"Community E-Bikes: The Gateway to Riding Electric? - We Love Cycling\",\"isPartOf\":{\"@id\":\"https:\/\/www.welovecycling.com\/wide\/#website\"},\"primaryImageOfPage\":{\"@id\":\"https:\/\/www.welovecycling.com\/wide\/2022\/11\/09\/community-e-bikes-the-gateway-to-riding-electric\/#primaryimage\"},\"image\":{\"@id\":\"https:\/\/www.welovecycling.com\/wide\/2022\/11\/09\/community-e-bikes-the-gateway-to-riding-electric\/#primaryimage\"},\"thumbnailUrl\":\"https:\/\/d2p6e6u75xmxt8.cloudfront.net\/2\/2022\/11\/E-Bike-Sharing-profimedia-0727169542-CVR.webp\",\"datePublished\":\"2022-11-09T16:34:13+00:00\",\"author\":{\"@id\":\"https:\/\/www.welovecycling.com\/wide\/#\/schema\/person\/50f01ecd18718d2333cf72e823c4f926\"},\"description\":\"As much as some will try to deny it, electric bike sales are on the rise. It is projected that by 2030, an estimated 30 million bikes will be sold per\",\"breadcrumb\":{\"@id\":\"https:\/\/www.welovecycling.com\/wide\/2022\/11\/09\/community-e-bikes-the-gateway-to-riding-electric\/#breadcrumb\"},\"inLanguage\":\"en-US\",\"potentialAction\":[{\"@type\":\"ReadAction\",\"target\":[\"https:\/\/www.welovecycling.com\/wide\/2022\/11\/09\/community-e-bikes-the-gateway-to-riding-electric\/\"]}]},{\"@type\":\"ImageObject\",\"inLanguage\":\"en-US\",\"@id\":\"https:\/\/www.welovecycling.com\/wide\/2022\/11\/09\/community-e-bikes-the-gateway-to-riding-electric\/#primaryimage\",\"url\":\"https:\/\/d2p6e6u75xmxt8.cloudfront.net\/2\/2022\/11\/E-Bike-Sharing-profimedia-0727169542-CVR.webp\",\"contentUrl\":\"https:\/\/d2p6e6u75xmxt8.cloudfront.net\/2\/2022\/11\/E-Bike-Sharing-profimedia-0727169542-CVR.webp\",\"width\":990,\"height\":660,\"caption\":\"E-Bike sharing\"},{\"@type\":\"BreadcrumbList\",\"@id\":\"https:\/\/www.welovecycling.com\/wide\/2022\/11\/09\/community-e-bikes-the-gateway-to-riding-electric\/#breadcrumb\",\"itemListElement\":[{\"@type\":\"ListItem\",\"position\":1,\"name\":\"Home\",\"item\":\"https:\/\/www.welovecycling.com\/wide\/\"},{\"@type\":\"ListItem\",\"position\":2,\"name\":\"Community E-Bikes: The Gateway to Riding Electric?\"}]},{\"@type\":\"WebSite\",\"@id\":\"https:\/\/www.welovecycling.com\/wide\/#website\",\"url\":\"https:\/\/www.welovecycling.com\/wide\/\",\"name\":\"\u0160koda We Love Cycling\",\"description\":\"\u0160koda We Love Cycling magazine\",\"alternateName\":\"\u0160koda WLC\",\"potentialAction\":[{\"@type\":\"SearchAction\",\"target\":{\"@type\":\"EntryPoint\",\"urlTemplate\":\"https:\/\/www.welovecycling.com\/wide\/?s={search_term_string}\"},\"query-input\":{\"@type\":\"PropertyValueSpecification\",\"valueRequired\":true,\"valueName\":\"search_term_string\"}}],\"inLanguage\":\"en-US\"},{\"@type\":\"Person\",\"@id\":\"https:\/\/www.welovecycling.com\/wide\/#\/schema\/person\/50f01ecd18718d2333cf72e823c4f926\",\"name\":\"tereza\",\"image\":{\"@type\":\"ImageObject\",\"inLanguage\":\"en-US\",\"@id\":\"https:\/\/www.welovecycling.com\/wide\/#\/schema\/person\/image\/\",\"url\":\"https:\/\/secure.gravatar.com\/avatar\/1f9eb71be33845f0afabce3791bc1c58ecdb0a25c62964987e5dbcf7a20d2ec7?s=96&d=mm&r=g\",\"contentUrl\":\"https:\/\/secure.gravatar.com\/avatar\/1f9eb71be33845f0afabce3791bc1c58ecdb0a25c62964987e5dbcf7a20d2ec7?s=96&d=mm&r=g\",\"caption\":\"tereza\"},\"url\":\"https:\/\/www.welovecycling.com\/wide\/author\/tereza\/\"}]}<\/script>\n<!-- \/ Yoast SEO Premium plugin. -->","yoast_head_json":{"title":"Community E-Bikes: The Gateway to Riding Electric? - We Love Cycling","description":"As much as some will try to deny it, electric bike sales are on the rise. It is projected that by 2030, an estimated 30 million bikes will be sold per","robots":{"index":"index","follow":"follow","max-snippet":"max-snippet:-1","max-image-preview":"max-image-preview:large","max-video-preview":"max-video-preview:-1"},"canonical":"https:\/\/www.welovecycling.com\/wide\/2022\/11\/09\/community-e-bikes-the-gateway-to-riding-electric\/","og_locale":"en_US","og_type":"article","og_title":"Community E-Bikes: The Gateway to Riding Electric?","og_description":"As much as some will try to deny it, electric bike sales are on the rise. It is projected that by 2030, an estimated 30 million bikes will be sold per","og_url":"https:\/\/www.welovecycling.com\/wide\/2022\/11\/09\/community-e-bikes-the-gateway-to-riding-electric\/","og_site_name":"\u0160koda We Love Cycling","article_published_time":"2022-11-09T16:34:13+00:00","og_image":[{"width":990,"height":660,"url":"https:\/\/d2p6e6u75xmxt8.cloudfront.net\/2\/2022\/11\/E-Bike-Sharing-profimedia-0727169542-CVR.webp","type":"image\/webp"}],"author":"tereza","twitter_card":"summary_large_image","twitter_misc":{"Written by":"Charlotte Murray","Est. reading time":"5"},"schema":{"@context":"https:\/\/schema.org","@graph":[{"@type":"WebPage","@id":"https:\/\/www.welovecycling.com\/wide\/2022\/11\/09\/community-e-bikes-the-gateway-to-riding-electric\/","url":"https:\/\/www.welovecycling.com\/wide\/2022\/11\/09\/community-e-bikes-the-gateway-to-riding-electric\/","name":"Community E-Bikes: The Gateway to Riding Electric? - We Love Cycling","isPartOf":{"@id":"https:\/\/www.welovecycling.com\/wide\/#website"},"primaryImageOfPage":{"@id":"https:\/\/www.welovecycling.com\/wide\/2022\/11\/09\/community-e-bikes-the-gateway-to-riding-electric\/#primaryimage"},"image":{"@id":"https:\/\/www.welovecycling.com\/wide\/2022\/11\/09\/community-e-bikes-the-gateway-to-riding-electric\/#primaryimage"},"thumbnailUrl":"https:\/\/d2p6e6u75xmxt8.cloudfront.net\/2\/2022\/11\/E-Bike-Sharing-profimedia-0727169542-CVR.webp","datePublished":"2022-11-09T16:34:13+00:00","author":{"@id":"https:\/\/www.welovecycling.com\/wide\/#\/schema\/person\/50f01ecd18718d2333cf72e823c4f926"},"description":"As much as some will try to deny it, electric bike sales are on the rise. It is projected that by 2030, an estimated 30 million bikes will be sold per","breadcrumb":{"@id":"https:\/\/www.welovecycling.com\/wide\/2022\/11\/09\/community-e-bikes-the-gateway-to-riding-electric\/#breadcrumb"},"inLanguage":"en-US","potentialAction":[{"@type":"ReadAction","target":["https:\/\/www.welovecycling.com\/wide\/2022\/11\/09\/community-e-bikes-the-gateway-to-riding-electric\/"]}]},{"@type":"ImageObject","inLanguage":"en-US","@id":"https:\/\/www.welovecycling.com\/wide\/2022\/11\/09\/community-e-bikes-the-gateway-to-riding-electric\/#primaryimage","url":"https:\/\/d2p6e6u75xmxt8.cloudfront.net\/2\/2022\/11\/E-Bike-Sharing-profimedia-0727169542-CVR.webp","contentUrl":"https:\/\/d2p6e6u75xmxt8.cloudfront.net\/2\/2022\/11\/E-Bike-Sharing-profimedia-0727169542-CVR.webp","width":990,"height":660,"caption":"E-Bike sharing"},{"@type":"BreadcrumbList","@id":"https:\/\/www.welovecycling.com\/wide\/2022\/11\/09\/community-e-bikes-the-gateway-to-riding-electric\/#breadcrumb","itemListElement":[{"@type":"ListItem","position":1,"name":"Home","item":"https:\/\/www.welovecycling.com\/wide\/"},{"@type":"ListItem","position":2,"name":"Community E-Bikes: The Gateway to Riding Electric?"}]},{"@type":"WebSite","@id":"https:\/\/www.welovecycling.com\/wide\/#website","url":"https:\/\/www.welovecycling.com\/wide\/","name":"\u0160koda We Love Cycling","description":"\u0160koda We Love Cycling magazine","alternateName":"\u0160koda WLC","potentialAction":[{"@type":"SearchAction","target":{"@type":"EntryPoint","urlTemplate":"https:\/\/www.welovecycling.com\/wide\/?s={search_term_string}"},"query-input":{"@type":"PropertyValueSpecification","valueRequired":true,"valueName":"search_term_string"}}],"inLanguage":"en-US"},{"@type":"Person","@id":"https:\/\/www.welovecycling.com\/wide\/#\/schema\/person\/50f01ecd18718d2333cf72e823c4f926","name":"tereza","image":{"@type":"ImageObject","inLanguage":"en-US","@id":"https:\/\/www.welovecycling.com\/wide\/#\/schema\/person\/image\/","url":"https:\/\/secure.gravatar.com\/avatar\/1f9eb71be33845f0afabce3791bc1c58ecdb0a25c62964987e5dbcf7a20d2ec7?s=96&d=mm&r=g","contentUrl":"https:\/\/secure.gravatar.com\/avatar\/1f9eb71be33845f0afabce3791bc1c58ecdb0a25c62964987e5dbcf7a20d2ec7?s=96&d=mm&r=g","caption":"tereza"},"url":"https:\/\/www.welovecycling.com\/wide\/author\/tereza\/"}]}},"_links":{"self":[{"href":"https:\/\/www.welovecycling.com\/wide\/wp-json\/wp\/v2\/posts\/191050","targetHints":{"allow":["GET"]}}],"collection":[{"href":"https:\/\/www.welovecycling.com\/wide\/wp-json\/wp\/v2\/posts"}],"about":[{"href":"https:\/\/www.welovecycling.com\/wide\/wp-json\/wp\/v2\/types\/post"}],"author":[{"embeddable":true,"href":"https:\/\/www.welovecycling.com\/wide\/wp-json\/wp\/v2\/users\/99"}],"replies":[{"embeddable":true,"href":"https:\/\/www.welovecycling.com\/wide\/wp-json\/wp\/v2\/comments?post=191050"}],"version-history":[{"count":1,"href":"https:\/\/www.welovecycling.com\/wide\/wp-json\/wp\/v2\/posts\/191050\/revisions"}],"predecessor-version":[{"id":191054,"href":"https:\/\/www.welovecycling.com\/wide\/wp-json\/wp\/v2\/posts\/191050\/revisions\/191054"}],"wp:featuredmedia":[{"embeddable":true,"href":"https:\/\/www.welovecycling.com\/wide\/wp-json\/wp\/v2\/media\/191051"}],"wp:attachment":[{"href":"https:\/\/www.welovecycling.com\/wide\/wp-json\/wp\/v2\/media?parent=191050"}],"wp:term":[{"taxonomy":"category","embeddable":true,"href":"https:\/\/www.welovecycling.com\/wide\/wp-json\/wp\/v2\/categories?post=191050"},{"taxonomy":"post_tag","embeddable":true,"href":"https:\/\/www.welovecycling.com\/wide\/wp-json\/wp\/v2\/tags?post=191050"},{"taxonomy":"global-categories","embeddable":true,"href":"https:\/\/www.welovecycling.com\/wide\/wp-json\/wp\/v2\/global-categories?post=191050"}],"curies":[{"name":"wp","href":"https:\/\/api.w.org\/{rel}","templated":true}]}}