{"id":191016,"date":"2022-11-03T10:37:43","date_gmt":"2022-11-03T10:37:43","guid":{"rendered":"https:\/\/www.welovecycling.com\/wide\/?p=191016"},"modified":"2022-11-03T10:39:03","modified_gmt":"2022-11-03T10:39:03","slug":"dealing-with-the-challenges-of-adjusting-to-off-season-mode","status":"publish","type":"post","link":"https:\/\/www.welovecycling.com\/wide\/2022\/11\/03\/dealing-with-the-challenges-of-adjusting-to-off-season-mode\/","title":{"rendered":"Dealing with the Challenges of Adjusting to Off-season Mode"},"content":{"rendered":"<p><strong>It\u2019s that time of year again. As professional athletes, I think it\u2019s crucial that we speak more about the challenges of adjusting to off-season mode. Downshifting after a packed racing season can be very challenging. Going from a full-day schedule where you work out your body a lot to practically zero activity causes some significant confusion that is not unlike an addiction.<\/strong><!--more--><\/p>\n<p>Every year, for the first couple of days of the off-season, it\u2019s very tricky for me to accept the new situation and to be OK with not leaving the house immediately after breakfast and training. I feel unsatisfied and like I lack the goals that usually help guide my day. Regardless of other appointments I have planned, if I don\u2019t go out riding, I\u2019m just not there\u2014not happy.<\/p>\n<h2><strong>Finding other routes to joy<\/strong><\/h2>\n<p>Of course, I realise I can\u2019t dwell on these feelings and try to find ways to overcome them. I try to take up the projects I left to the side during the season. Usually, this means house maintenance, catching up with friends, plus baking and cooking a lot! I think that actually being busy in the kitchen is something that helps me stay away from training. I love how creative you can be while you experiment with making something new. I also sleep a lot! It\u2019s crazy how little sleep you get when your body is fatigued. I feel I can recover much better during the off-season than when I\u2019m in race mode.<\/p>\n<p>As the weeks wear on, things get easier. The beginning is the most challenging, for sure. There is just this huge change that happens. You go from high intensity and lots of energy to the total opposite. You are constantly engaging with people, there\u2019s a lot of travelling, and you get used to always having everything planned. Then suddenly, you\u2019re left with a blank slate. It is super cool in its own way, don\u2019t get me wrong, but also very, very confusing.<\/p>\n<p>https:\/\/www.instagram.com\/p\/CjoHjY2Ilpa\/<\/p>\n<p>However, learning to deal with the disorientation is a critical part of being a successful athlete. As I have never had a severe injury that would stop me from riding for a long time, I don\u2019t have much experience dealing with the mental toll it takes. I don\u2019t like resting for longer than one week, as I feel I\u2019m not fully living my life. As much as I understand the importance of literally doing nothing, it is still really hard on me!<\/p>\n<p>Training is hard work, but it is also very addictive. I find myself wondering how other athletes feel about it. I guess I could somehow compare it to caffeine addiction\u2014 if you have coffee every day and suddenly you can\u2019t have it for a couple of weeks, in the beginning, you feel off. However, when it comes to training, it usually is a big part of your day, and lots of other things revolve around it. Your body learns how to operate under specific effort, so suddenly, you must readjust little things you are not even conscious of.<\/p>\n<h2><strong>Thinking about exercise addiction<\/strong><\/h2>\n<p>It is also true that there is also a growing number of people who might not be professional athletes but who suffer from exercise addiction. What I go through during this time of year allows me to relate to them. Although everyone needs a unique solution for their challenges, one thing that has definitely helped me is focusing on time management.<\/p>\n<p>I really value this skill, as sometimes I have so many ideas for the projects I want to accomplish that it gets overwhelming. If I didn\u2019t write them down and make a structure for them, I would never be able to manage all of them. Looking for things that interest you outside of exercise and not being afraid to take the time to dive deeper into them is definitely something I recommend!<\/p>\n<p>https:\/\/www.instagram.com\/p\/CjveTbDosV9\/<\/p>\n<p>But again, I know it is easier said than done, and I\u2019m still working on it. The most important thing is being kind to yourself and reminding yourself that you deserve a break and you deserve to enjoy it. It is about accepting the fact that leading a balanced life means not going out every day and constantly pushing your body to train harder.<\/p>\n<h2><strong>Trying to appreciate where I am right now<\/strong><\/h2>\n<p>So, for now, I\u2019m trying to enjoy what these open days bring me and live in the moment. I love not having to think about tomorrow all the time. It allows me to enjoy being with my people and not having to leave them sooner because I need to sleep or rest before my next training. Also, I value not having to obsess about little details like stretching, core workout, proper nutrition, body recovery, and little injuries, etc. It\u2019s nice to feel that I can be present for the people I love and not think too much about myself.<\/p>\n","protected":false},"excerpt":{"rendered":"<p>It\u2019s that time of year again. As professional athletes, I think it\u2019s crucial that we speak more about the challenges [&hellip;]<\/p>\n","protected":false},"author":12,"featured_media":191021,"comment_status":"open","ping_status":"open","sticky":false,"template":"","format":"standard","meta":{"footnotes":""},"categories":[329],"tags":[2809,2043,2213,3899],"global-categories":[3366],"class_list":["post-191016","post","type-post","status-publish","format-standard","has-post-thumbnail","hentry","category-road-cycling","tag-cycling-and-mental-health","tag-kasia-niewiadoma","tag-mental-health","tag-off-season-phase","global-categories-cycling"],"yoast_head":"<!-- This site is optimized with the Yoast SEO Premium plugin v25.3 (Yoast SEO v25.9) - https:\/\/yoast.com\/wordpress\/plugins\/seo\/ -->\n<title>Dealing with the Challenges of Adjusting to Off-season Mode - \u0160koda We Love Cycling<\/title>\n<meta name=\"description\" content=\"It\u2019s that time of year again. As professional athletes, I think it\u2019s crucial that we speak more about the challenges of adjusting to off-season mode.\" \/>\n<meta name=\"robots\" content=\"index, follow, max-snippet:-1, max-image-preview:large, max-video-preview:-1\" \/>\n<link rel=\"canonical\" href=\"https:\/\/www.welovecycling.com\/wide\/2022\/11\/03\/dealing-with-the-challenges-of-adjusting-to-off-season-mode\/\" \/>\n<meta property=\"og:locale\" content=\"en_US\" \/>\n<meta property=\"og:type\" content=\"article\" \/>\n<meta property=\"og:title\" content=\"Dealing with the Challenges of Adjusting to Off-season Mode\" \/>\n<meta property=\"og:description\" content=\"It\u2019s that time of year again. As professional athletes, I think it\u2019s crucial that we speak more about the challenges of adjusting to off-season mode.\" \/>\n<meta property=\"og:url\" content=\"https:\/\/www.welovecycling.com\/wide\/2022\/11\/03\/dealing-with-the-challenges-of-adjusting-to-off-season-mode\/\" \/>\n<meta property=\"og:site_name\" content=\"\u0160koda We Love Cycling\" \/>\n<meta property=\"article:published_time\" content=\"2022-11-03T10:37:43+00:00\" \/>\n<meta property=\"article:modified_time\" content=\"2022-11-03T10:39:03+00:00\" \/>\n<meta property=\"og:image\" content=\"https:\/\/d2p6e6u75xmxt8.cloudfront.net\/2\/2022\/11\/Kasia-CVR-OldrichDrnec.webp\" \/>\n\t<meta property=\"og:image:width\" content=\"990\" \/>\n\t<meta property=\"og:image:height\" content=\"660\" \/>\n\t<meta property=\"og:image:type\" content=\"image\/webp\" \/>\n<meta name=\"twitter:card\" content=\"summary_large_image\" \/>\n<meta name=\"twitter:label1\" content=\"Written by\" \/>\n\t<meta name=\"twitter:data1\" content=\"Kasia Niewiadoma\" \/>\n\t<meta name=\"twitter:label2\" content=\"Est. reading time\" \/>\n\t<meta name=\"twitter:data2\" content=\"6\" \/>\n<script type=\"application\/ld+json\" class=\"yoast-schema-graph\">{\"@context\":\"https:\/\/schema.org\",\"@graph\":[{\"@type\":\"WebPage\",\"@id\":\"https:\/\/www.welovecycling.com\/wide\/2022\/11\/03\/dealing-with-the-challenges-of-adjusting-to-off-season-mode\/\",\"url\":\"https:\/\/www.welovecycling.com\/wide\/2022\/11\/03\/dealing-with-the-challenges-of-adjusting-to-off-season-mode\/\",\"name\":\"Dealing with the Challenges of Adjusting to Off-season Mode - \u0160koda We Love Cycling\",\"isPartOf\":{\"@id\":\"https:\/\/www.welovecycling.com\/wide\/#website\"},\"primaryImageOfPage\":{\"@id\":\"https:\/\/www.welovecycling.com\/wide\/2022\/11\/03\/dealing-with-the-challenges-of-adjusting-to-off-season-mode\/#primaryimage\"},\"image\":{\"@id\":\"https:\/\/www.welovecycling.com\/wide\/2022\/11\/03\/dealing-with-the-challenges-of-adjusting-to-off-season-mode\/#primaryimage\"},\"thumbnailUrl\":\"https:\/\/d2p6e6u75xmxt8.cloudfront.net\/2\/2022\/11\/Kasia-CVR-OldrichDrnec.webp\",\"datePublished\":\"2022-11-03T10:37:43+00:00\",\"dateModified\":\"2022-11-03T10:39:03+00:00\",\"author\":{\"@id\":\"\"},\"description\":\"It\u2019s that time of year again. As professional athletes, I think it\u2019s crucial that we speak more about the challenges of adjusting to off-season mode.\",\"breadcrumb\":{\"@id\":\"https:\/\/www.welovecycling.com\/wide\/2022\/11\/03\/dealing-with-the-challenges-of-adjusting-to-off-season-mode\/#breadcrumb\"},\"inLanguage\":\"en-US\",\"potentialAction\":[{\"@type\":\"ReadAction\",\"target\":[\"https:\/\/www.welovecycling.com\/wide\/2022\/11\/03\/dealing-with-the-challenges-of-adjusting-to-off-season-mode\/\"]}]},{\"@type\":\"ImageObject\",\"inLanguage\":\"en-US\",\"@id\":\"https:\/\/www.welovecycling.com\/wide\/2022\/11\/03\/dealing-with-the-challenges-of-adjusting-to-off-season-mode\/#primaryimage\",\"url\":\"https:\/\/d2p6e6u75xmxt8.cloudfront.net\/2\/2022\/11\/Kasia-CVR-OldrichDrnec.webp\",\"contentUrl\":\"https:\/\/d2p6e6u75xmxt8.cloudfront.net\/2\/2022\/11\/Kasia-CVR-OldrichDrnec.webp\",\"width\":990,\"height\":660,\"caption\":\"Kasia Niewiadoma\"},{\"@type\":\"BreadcrumbList\",\"@id\":\"https:\/\/www.welovecycling.com\/wide\/2022\/11\/03\/dealing-with-the-challenges-of-adjusting-to-off-season-mode\/#breadcrumb\",\"itemListElement\":[{\"@type\":\"ListItem\",\"position\":1,\"name\":\"Home\",\"item\":\"https:\/\/www.welovecycling.com\/wide\/\"},{\"@type\":\"ListItem\",\"position\":2,\"name\":\"Dealing with the Challenges of Adjusting to Off-season Mode\"}]},{\"@type\":\"WebSite\",\"@id\":\"https:\/\/www.welovecycling.com\/wide\/#website\",\"url\":\"https:\/\/www.welovecycling.com\/wide\/\",\"name\":\"\u0160koda We Love Cycling\",\"description\":\"\u0160koda We Love Cycling magazine\",\"alternateName\":\"\u0160koda WLC\",\"potentialAction\":[{\"@type\":\"SearchAction\",\"target\":{\"@type\":\"EntryPoint\",\"urlTemplate\":\"https:\/\/www.welovecycling.com\/wide\/?s={search_term_string}\"},\"query-input\":{\"@type\":\"PropertyValueSpecification\",\"valueRequired\":true,\"valueName\":\"search_term_string\"}}],\"inLanguage\":\"en-US\"},{\"@type\":\"Person\",\"@id\":\"\",\"url\":\"https:\/\/www.welovecycling.com\/wide\/author\/\"}]}<\/script>\n<!-- \/ Yoast SEO Premium plugin. -->","yoast_head_json":{"title":"Dealing with the Challenges of Adjusting to Off-season Mode - \u0160koda We Love Cycling","description":"It\u2019s that time of year again. As professional athletes, I think it\u2019s crucial that we speak more about the challenges of adjusting to off-season mode.","robots":{"index":"index","follow":"follow","max-snippet":"max-snippet:-1","max-image-preview":"max-image-preview:large","max-video-preview":"max-video-preview:-1"},"canonical":"https:\/\/www.welovecycling.com\/wide\/2022\/11\/03\/dealing-with-the-challenges-of-adjusting-to-off-season-mode\/","og_locale":"en_US","og_type":"article","og_title":"Dealing with the Challenges of Adjusting to Off-season Mode","og_description":"It\u2019s that time of year again. As professional athletes, I think it\u2019s crucial that we speak more about the challenges of adjusting to off-season mode.","og_url":"https:\/\/www.welovecycling.com\/wide\/2022\/11\/03\/dealing-with-the-challenges-of-adjusting-to-off-season-mode\/","og_site_name":"\u0160koda We Love Cycling","article_published_time":"2022-11-03T10:37:43+00:00","article_modified_time":"2022-11-03T10:39:03+00:00","og_image":[{"width":990,"height":660,"url":"https:\/\/d2p6e6u75xmxt8.cloudfront.net\/2\/2022\/11\/Kasia-CVR-OldrichDrnec.webp","type":"image\/webp"}],"twitter_card":"summary_large_image","twitter_misc":{"Written by":"Kasia Niewiadoma","Est. reading time":"6"},"schema":{"@context":"https:\/\/schema.org","@graph":[{"@type":"WebPage","@id":"https:\/\/www.welovecycling.com\/wide\/2022\/11\/03\/dealing-with-the-challenges-of-adjusting-to-off-season-mode\/","url":"https:\/\/www.welovecycling.com\/wide\/2022\/11\/03\/dealing-with-the-challenges-of-adjusting-to-off-season-mode\/","name":"Dealing with the Challenges of Adjusting to Off-season Mode - \u0160koda We Love Cycling","isPartOf":{"@id":"https:\/\/www.welovecycling.com\/wide\/#website"},"primaryImageOfPage":{"@id":"https:\/\/www.welovecycling.com\/wide\/2022\/11\/03\/dealing-with-the-challenges-of-adjusting-to-off-season-mode\/#primaryimage"},"image":{"@id":"https:\/\/www.welovecycling.com\/wide\/2022\/11\/03\/dealing-with-the-challenges-of-adjusting-to-off-season-mode\/#primaryimage"},"thumbnailUrl":"https:\/\/d2p6e6u75xmxt8.cloudfront.net\/2\/2022\/11\/Kasia-CVR-OldrichDrnec.webp","datePublished":"2022-11-03T10:37:43+00:00","dateModified":"2022-11-03T10:39:03+00:00","author":{"@id":""},"description":"It\u2019s that time of year again. As professional athletes, I think it\u2019s crucial that we speak more about the challenges of adjusting to off-season mode.","breadcrumb":{"@id":"https:\/\/www.welovecycling.com\/wide\/2022\/11\/03\/dealing-with-the-challenges-of-adjusting-to-off-season-mode\/#breadcrumb"},"inLanguage":"en-US","potentialAction":[{"@type":"ReadAction","target":["https:\/\/www.welovecycling.com\/wide\/2022\/11\/03\/dealing-with-the-challenges-of-adjusting-to-off-season-mode\/"]}]},{"@type":"ImageObject","inLanguage":"en-US","@id":"https:\/\/www.welovecycling.com\/wide\/2022\/11\/03\/dealing-with-the-challenges-of-adjusting-to-off-season-mode\/#primaryimage","url":"https:\/\/d2p6e6u75xmxt8.cloudfront.net\/2\/2022\/11\/Kasia-CVR-OldrichDrnec.webp","contentUrl":"https:\/\/d2p6e6u75xmxt8.cloudfront.net\/2\/2022\/11\/Kasia-CVR-OldrichDrnec.webp","width":990,"height":660,"caption":"Kasia Niewiadoma"},{"@type":"BreadcrumbList","@id":"https:\/\/www.welovecycling.com\/wide\/2022\/11\/03\/dealing-with-the-challenges-of-adjusting-to-off-season-mode\/#breadcrumb","itemListElement":[{"@type":"ListItem","position":1,"name":"Home","item":"https:\/\/www.welovecycling.com\/wide\/"},{"@type":"ListItem","position":2,"name":"Dealing with the Challenges of Adjusting to Off-season Mode"}]},{"@type":"WebSite","@id":"https:\/\/www.welovecycling.com\/wide\/#website","url":"https:\/\/www.welovecycling.com\/wide\/","name":"\u0160koda We Love Cycling","description":"\u0160koda We Love Cycling magazine","alternateName":"\u0160koda WLC","potentialAction":[{"@type":"SearchAction","target":{"@type":"EntryPoint","urlTemplate":"https:\/\/www.welovecycling.com\/wide\/?s={search_term_string}"},"query-input":{"@type":"PropertyValueSpecification","valueRequired":true,"valueName":"search_term_string"}}],"inLanguage":"en-US"},{"@type":"Person","@id":"","url":"https:\/\/www.welovecycling.com\/wide\/author\/"}]}},"_links":{"self":[{"href":"https:\/\/www.welovecycling.com\/wide\/wp-json\/wp\/v2\/posts\/191016","targetHints":{"allow":["GET"]}}],"collection":[{"href":"https:\/\/www.welovecycling.com\/wide\/wp-json\/wp\/v2\/posts"}],"about":[{"href":"https:\/\/www.welovecycling.com\/wide\/wp-json\/wp\/v2\/types\/post"}],"author":[{"embeddable":true,"href":"https:\/\/www.welovecycling.com\/wide\/wp-json\/wp\/v2\/users\/12"}],"replies":[{"embeddable":true,"href":"https:\/\/www.welovecycling.com\/wide\/wp-json\/wp\/v2\/comments?post=191016"}],"version-history":[{"count":2,"href":"https:\/\/www.welovecycling.com\/wide\/wp-json\/wp\/v2\/posts\/191016\/revisions"}],"predecessor-version":[{"id":191022,"href":"https:\/\/www.welovecycling.com\/wide\/wp-json\/wp\/v2\/posts\/191016\/revisions\/191022"}],"wp:featuredmedia":[{"embeddable":true,"href":"https:\/\/www.welovecycling.com\/wide\/wp-json\/wp\/v2\/media\/191021"}],"wp:attachment":[{"href":"https:\/\/www.welovecycling.com\/wide\/wp-json\/wp\/v2\/media?parent=191016"}],"wp:term":[{"taxonomy":"category","embeddable":true,"href":"https:\/\/www.welovecycling.com\/wide\/wp-json\/wp\/v2\/categories?post=191016"},{"taxonomy":"post_tag","embeddable":true,"href":"https:\/\/www.welovecycling.com\/wide\/wp-json\/wp\/v2\/tags?post=191016"},{"taxonomy":"global-categories","embeddable":true,"href":"https:\/\/www.welovecycling.com\/wide\/wp-json\/wp\/v2\/global-categories?post=191016"}],"curies":[{"name":"wp","href":"https:\/\/api.w.org\/{rel}","templated":true}]}}