{"id":190984,"date":"2022-10-27T18:12:14","date_gmt":"2022-10-27T18:12:14","guid":{"rendered":"https:\/\/www.welovecycling.com\/wide\/?p=190984"},"modified":"2022-10-27T18:19:27","modified_gmt":"2022-10-27T18:19:27","slug":"matt-stephens-on-the-2023-tour-de-france-route","status":"publish","type":"post","link":"https:\/\/www.welovecycling.com\/wide\/2022\/10\/27\/matt-stephens-on-the-2023-tour-de-france-route\/","title":{"rendered":"Matt Stephens on the 2023 Tour de France Route"},"content":{"rendered":"<p><strong>The route for the 110th edition of the Tour de France was revealed today at the Palais des Congr\u00e8s in Paris and my simple initial conclusion was this: it\u2019s \u2018Climby.\u2019 Ok, that might not actually be a word but I think you get my drift. Thierry Gouvenou, the course director, has designed a beast of a route, suited to the riders whose abilities appear to defy gravity. Tadej Pogacar and Jonas Vingegaard will be licking their lips. And, with only 22km of time trialling the likes of Geraint Thomas, Remco Evenepoel and Primoz Roglic may be tempted to look to the Giro to target instead.<\/strong><!--more--><\/p>\n<p>To summarise, before I take a deeper dive into the race, organisers ASO have come up with a 3,404km route with eight flat stages for the fast men, four hilly stages for the breakaways and eight mountain stages including four summit finishes with one individual TT.<\/p>\n<p>The course looks to be the most brutal and creative in years, its design clearly favouring aggressive, disruptive, racing that\u2019s hard to control and dictate, as it passes through all of France\u2019s five major mountain ranges.<\/p>\n<p>https:\/\/www.instagram.com\/p\/CkBTPOEowLa\/<\/p>\n<p>So, here\u2019s a stage by stage look at the mountainous 2023 route.<\/p>\n<p>The Grand Depart kicks off in the Basque Region of Spain and the team presentation takes place in front of the imposing beauty of the Guggenheim Museum.<\/p>\n<p>There\u2019s no easing into this race at all, with\u00a0<strong>stage 1\u00a0<\/strong>featuring 3300m of climbing over 180km around the Bay of Biscay, think Van Aert and Alaphilippe as early contenders for yellow.. Heck, even Pogacar.<\/p>\n<p>The hilly theme continues on\u00a0<strong>stage 2<\/strong>\u00a0with the famous Jaizkibel climb from the Classica San Sebastien being slotted in with only 20km to go.<\/p>\n<p>Stage 3 over 185km starts in Amorebietta-Etxano and finishes just over the French border Bayonne, the first opportunity for the sprinters to flex their muscles.<\/p>\n<p><strong>Stage 4\u00a0<\/strong>should be another day for the sprinters and features a finish on the Nogaro motor racing circuit.<\/p>\n<p>We\u2019re only on\u00a0<strong>stage 5\u00a0<\/strong>and the race hits the mountains for the first time with a 165km route through the Pyrenees including the iconic haul up the Col de Marie Blanc before the drop down to Laruns.<\/p>\n<figure id=\"attachment_190958\" aria-describedby=\"caption-attachment-190958\" style=\"width: 959px\" class=\"wp-caption alignnone\"><a href=\"https:\/\/d2p6e6u75xmxt8.cloudfront.net\/2\/2022\/10\/stage5-tour.webp\"><img loading=\"lazy\" decoding=\"async\" class=\"size-full wp-image-190958\" src=\"https:\/\/d2p6e6u75xmxt8.cloudfront.net\/2\/2022\/10\/stage5-tour.webp\" alt=\"\" width=\"959\" height=\"639\" srcset=\"https:\/\/d2p6e6u75xmxt8.cloudfront.net\/2\/2022\/10\/stage5-tour.webp 959w, https:\/\/d2p6e6u75xmxt8.cloudfront.net\/2\/2022\/10\/stage5-tour-300x200.webp 300w, https:\/\/d2p6e6u75xmxt8.cloudfront.net\/2\/2022\/10\/stage5-tour-768x512.webp 768w, https:\/\/d2p6e6u75xmxt8.cloudfront.net\/2\/2022\/10\/stage5-tour-272x182.webp 272w\" sizes=\"auto, (max-width: 959px) 100vw, 959px\" \/><\/a><figcaption id=\"caption-attachment-190958\" class=\"wp-caption-text\">Christian Prudhomme: There\u2019s still time for questions going into the first rendezvous in the mountains. The climbs of the Col de Soudet and Col de Marie Blanque will provide some answers about the form of the contenders for the title, but the terrain isn\u2019t really suitable for big attacks.<\/figcaption><\/figure>\n<p>We\u2019re still in the Pyrenees for\u00a0<strong>stage 6<\/strong>\u00a0which has a classic feel to it; on the menu we have the Col d\u2019Aspen, Col du Tourmalet and the first mountain top finish at Cauterets Cambasque.<\/p>\n<p>The sprinters should have their third opportunity to shine on\u00a0<strong>stage 7\u00a0<\/strong>as the race heads north from Mont-de-Marsan to Bordeaux. The last time the Tour visited here was back in 2010 when Mark Cavendish took the win.. could history be made here? Certainly we\u2019ll have a good idea of who\u2019ll be in line for the \u0160koda Green Jersey by now.<\/p>\n<p><strong>Stage 8<\/strong>\u00a0sees the Tour peloton visit Libourne for the first time in 35 years as the race heads North East for another probable sprint in Limoges.<\/p>\n<p>The last time the iconic Puy de Dome was raced up in the Tour was 1988, and two years before that I watched Greg Lemond and Bernard Hinault thread their way through the dense crowds to its summit as a 16 year old. This climb has fond memories for me and I&#8217;m glad the race is finally returning. The 184km\u00a0<strong>stage 9<\/strong>\u00a0starts in Saint-L\u00e9onard-de-Noblat before climbing the Puy, its slopes average 7.7% over the 13.3km length, but the final few kilometres are well over 9%.<\/p>\n<p>After the welcome first rest day,\u00a0<strong>stage 10<\/strong>\u00a0offers up a potential opportunity for a breakaway on the rolling parcours between Vulcania (St-Ours-Les-Roches) and Issoire.<\/p>\n<p>On\u00a0<strong>stage 11\u00a0<\/strong>the sprinters teams will surely look to control the flat eastward 180km run from Clermont &#8211; Ferrand to Moulins as the chances for the fast men diminish rapidly and the green Jersey battle take shape.<\/p>\n<p><strong>Stage 12\u00a0<\/strong>appears to be one where a break may prosper or where the sprinters may have another chance, although the terrain from Roanne to Chiroubles ou Belleville-en-Beaujolais will make it hard to control.<\/p>\n<p>It\u2019s Bastille day and who will be lucky on\u00a0<strong>stage 13<\/strong>? It\u2019s a proper mountain test but the climbs come densely packed over what will surely be an intense, yet short day&#8217;s racing, finishing atop the mighty Grand Colombier which made it\u2019s Tour debut in 2020. As ever, the French will want victory, could this be a day for Thibault Pinot, Romain Bardet or David Gaudu?<\/p>\n<p><strong>Stage 14\u00a0<\/strong>stays in the high mountains with an epic day of climbing over 152km taking in 4200m of elevation, starting in Annemasse and finishing in Morzine after the rapid decent of the Col du Joux Plane. A technical test as well as a physical one, just to add some tension.<\/p>\n<p>The high mountains theme continues through\u00a0<strong>stage 15\u00a0<\/strong>from Les Gets to Saint-Gervais Mont-Blanc where no doubt we\u2019ll see another GC battle, as the final slopes to the summit finish at Saint &#8211; Gervais are some of the steepest in the Tour, offering no hiding place. This climb gets steeper and steeper towards the summit and with some gradients at 17% there will be little benefit sitting in the wheel, it\u2019s every man for himself territory.<\/p>\n<figure id=\"attachment_190961\" aria-describedby=\"caption-attachment-190961\" style=\"width: 960px\" class=\"wp-caption alignnone\"><a href=\"https:\/\/d2p6e6u75xmxt8.cloudfront.net\/2\/2022\/10\/stage15-tour.webp\"><img loading=\"lazy\" decoding=\"async\" class=\"size-full wp-image-190961\" src=\"https:\/\/d2p6e6u75xmxt8.cloudfront.net\/2\/2022\/10\/stage15-tour.webp\" alt=\"Stage 15 Tour de France\" width=\"960\" height=\"640\" srcset=\"https:\/\/d2p6e6u75xmxt8.cloudfront.net\/2\/2022\/10\/stage15-tour.webp 960w, https:\/\/d2p6e6u75xmxt8.cloudfront.net\/2\/2022\/10\/stage15-tour-300x200.webp 300w, https:\/\/d2p6e6u75xmxt8.cloudfront.net\/2\/2022\/10\/stage15-tour-768x512.webp 768w, https:\/\/d2p6e6u75xmxt8.cloudfront.net\/2\/2022\/10\/stage15-tour-272x182.webp 272w\" sizes=\"auto, (max-width: 960px) 100vw, 960px\" \/><\/a><figcaption id=\"caption-attachment-190961\" class=\"wp-caption-text\">Christian Prudhomme: At the end of a demanding weekend, the stage is set for a crucial battle between the contenders. This particularly undulating route through Haute-Savoie will take the riders over the Col de la Forclaz de Montmin, then to the Croix Fry and the Aravis passes. The most impactful blows will probably be delivered on the final climb to Le Bettex in the Amerands climb, where some sections touch 17% gradient.<\/figcaption><\/figure>\n<p>\u2018Fresh\u2019 out of the final rest day we hit\u00a0<strong>stage 16<\/strong>\u00a0and the only time trial of the 110th Tour de France. At only 22km it\u2019s not a long one, but what it lacks in distance it makes up for in climbs and technicalities. Over the rolling, twisting route the riders face the climb of the Cote de Domancy, 2.5km at 9.5% but with pitches as steep as 16% before the road continues to rise all the way to the line in Combloux. This could be one for a bike change too, so lots to consider and weigh up.<\/p>\n<p>The relentless nature of this exceptionally mountainous edition continues with\u00a0<strong>stage 17<\/strong>\u00a0and its 166km trip from Saint-Gervais Mont Blanc to Courchevel. Taking in three Alpine passes, including the highest point of the Tour at the summit of the Col de la Loze at 2304m, before the short but savagely steep kick to the finish on the runway. Another opportunity to steal valuable seconds and arguably the Queen stage of the race.<\/p>\n<p><strong>Stage 18\u00a0<\/strong>heads away from the Alps taking the weary peloton from Mo\u00fbtiers to Bourg-en-Bresse over 186km and offers up again an opportunity for the sprinters or breakaway protagonists to savour victory, although the hillier parcours may favour a break.<\/p>\n<p>The northward run of\u00a0<strong>stage 19\u00a0<\/strong>from Moirans-en-Montagne to Poligny will be the penultimate chance for the sprint teams to deliver their men to the line, although the course isn\u2019t totally flat as it passes through the Jura, so there may be slim chance a break could still steal the show.<\/p>\n<figure id=\"attachment_190964\" aria-describedby=\"caption-attachment-190964\" style=\"width: 960px\" class=\"wp-caption alignnone\"><a href=\"https:\/\/d2p6e6u75xmxt8.cloudfront.net\/2\/2022\/10\/stage20-tour.webp\"><img loading=\"lazy\" decoding=\"async\" class=\"size-full wp-image-190964\" src=\"https:\/\/d2p6e6u75xmxt8.cloudfront.net\/2\/2022\/10\/stage20-tour.webp\" alt=\"Stage 20 Tour de France\" width=\"960\" height=\"640\" srcset=\"https:\/\/d2p6e6u75xmxt8.cloudfront.net\/2\/2022\/10\/stage20-tour.webp 960w, https:\/\/d2p6e6u75xmxt8.cloudfront.net\/2\/2022\/10\/stage20-tour-300x200.webp 300w, https:\/\/d2p6e6u75xmxt8.cloudfront.net\/2\/2022\/10\/stage20-tour-768x512.webp 768w, https:\/\/d2p6e6u75xmxt8.cloudfront.net\/2\/2022\/10\/stage20-tour-272x182.webp 272w\" sizes=\"auto, (max-width: 960px) 100vw, 960px\" \/><\/a><figcaption id=\"caption-attachment-190964\" class=\"wp-caption-text\">Christian Prudhomme: The penultimate stage features an Alsatian menu that is likely to cause indigestion, even over a distance this short, as the riders face a cumulative total of 3,600 metres of climbing. If the contest for the Yellow Jersey is still alive, anything is possible: after the Ballon d\u2019Alsace, there will be an opportunity to launch attacks on the Col de la Croix des Moinats, then a little bit further on when climbing the Col de Grosse Pierre, then on the Schlucht, before then tackling the Petit Ballon and the Platzerwasel&#8230; It\u2019s a minefield!<\/figcaption><\/figure>\n<p>The final Saturday of the race and\u00a0<strong>stage 20<\/strong>, but not a time trial. Instead we have a very spicy looking stage that could provide the catalyst for very aggressive racing, but without actually venturing into the high mountains. Starting in Belfort and passing over 5 categorised, punchy, steep climbs before the finish in Le Markstein Fellering (debuting in the Tour). At just over 133km this stage has potential chaos written all over it! Could it be pivotal? We\u2019ll have to wait and see. But one thing is for sure; it looks to be the type of terrain that is truly difficult to control and that is exactly what the Tour de France organisers want..<\/p>\n<p>Onto Paris!\u00a0<strong>Stage 21.<\/strong>\u00a0The sight of the Eiffel Tower will be a welcome relief for the entire peloton but especially for the man who&#8217;s wearing yellow as they roll into the \u2018City of Love.\u2019 The sprint teams too will be honed and focussed for one last thrilling push.<\/p>\n<p>On paper this Tour looks to be the hardest in many editions. However, there\u2019s a real creative feel about it too which I think mirrors this new era and style of racing which we\u2019ve seen emerge of late. I\u2019m certainly excited to see it unfurl in all its glory next July.<\/p>\n","protected":false},"excerpt":{"rendered":"<p>The route for the 110th edition of the Tour de France was revealed today at the Palais des Congr\u00e8s in [&hellip;]<\/p>\n","protected":false},"author":12,"featured_media":190985,"comment_status":"open","ping_status":"open","sticky":false,"template":"","format":"standard","meta":{"footnotes":""},"categories":[329],"tags":[5450,6399,3415,433],"global-categories":[3366],"class_list":["post-190984","post","type-post","status-publish","format-standard","has-post-thumbnail","hentry","category-road-cycling","tag-jonas-vingegaard","tag-matt-stephens","tag-tadej-pogacar","tag-tour-de-france","global-categories-cycling"],"yoast_head":"<!-- This site is optimized with the Yoast SEO Premium plugin v25.3 (Yoast SEO v25.9) - https:\/\/yoast.com\/wordpress\/plugins\/seo\/ -->\n<title>Matt Stephens on the 2023 Tour de France Route - \u0160koda We Love Cycling<\/title>\n<meta name=\"description\" content=\"The route for the 110th edition of the Tour de France was revealed today at the Palais des Congr\u00e8s in Paris and my simple initial conclusion was this:\" \/>\n<meta name=\"robots\" content=\"index, follow, max-snippet:-1, max-image-preview:large, max-video-preview:-1\" \/>\n<link rel=\"canonical\" href=\"https:\/\/www.welovecycling.com\/wide\/2022\/10\/27\/matt-stephens-on-the-2023-tour-de-france-route\/\" \/>\n<meta property=\"og:locale\" content=\"en_US\" \/>\n<meta property=\"og:type\" content=\"article\" \/>\n<meta property=\"og:title\" content=\"Matt Stephens on the 2023 Tour de France Route\" \/>\n<meta property=\"og:description\" content=\"The route for the 110th edition of the Tour de France was revealed today at the Palais des Congr\u00e8s in Paris and my simple initial conclusion was this:\" \/>\n<meta property=\"og:url\" content=\"https:\/\/www.welovecycling.com\/wide\/2022\/10\/27\/matt-stephens-on-the-2023-tour-de-france-route\/\" \/>\n<meta property=\"og:site_name\" content=\"\u0160koda We Love Cycling\" \/>\n<meta property=\"article:published_time\" content=\"2022-10-27T18:12:14+00:00\" \/>\n<meta property=\"article:modified_time\" content=\"2022-10-27T18:19:27+00:00\" \/>\n<meta property=\"og:image\" content=\"https:\/\/d2p6e6u75xmxt8.cloudfront.net\/2\/2022\/10\/Christian-Prudhomme-CVR-profimedia-0733548897.webp\" \/>\n\t<meta property=\"og:image:width\" content=\"990\" \/>\n\t<meta property=\"og:image:height\" content=\"660\" \/>\n\t<meta property=\"og:image:type\" content=\"image\/webp\" \/>\n<meta name=\"twitter:card\" content=\"summary_large_image\" \/>\n<meta name=\"twitter:label1\" content=\"Written by\" \/>\n\t<meta name=\"twitter:data1\" content=\"Matt Stephens\" \/>\n\t<meta name=\"twitter:label2\" content=\"Est. reading time\" \/>\n\t<meta name=\"twitter:data2\" content=\"7\" \/>\n<script type=\"application\/ld+json\" class=\"yoast-schema-graph\">{\"@context\":\"https:\/\/schema.org\",\"@graph\":[{\"@type\":\"WebPage\",\"@id\":\"https:\/\/www.welovecycling.com\/wide\/2022\/10\/27\/matt-stephens-on-the-2023-tour-de-france-route\/\",\"url\":\"https:\/\/www.welovecycling.com\/wide\/2022\/10\/27\/matt-stephens-on-the-2023-tour-de-france-route\/\",\"name\":\"Matt Stephens on the 2023 Tour de France Route - \u0160koda We Love Cycling\",\"isPartOf\":{\"@id\":\"https:\/\/www.welovecycling.com\/wide\/#website\"},\"primaryImageOfPage\":{\"@id\":\"https:\/\/www.welovecycling.com\/wide\/2022\/10\/27\/matt-stephens-on-the-2023-tour-de-france-route\/#primaryimage\"},\"image\":{\"@id\":\"https:\/\/www.welovecycling.com\/wide\/2022\/10\/27\/matt-stephens-on-the-2023-tour-de-france-route\/#primaryimage\"},\"thumbnailUrl\":\"https:\/\/d2p6e6u75xmxt8.cloudfront.net\/2\/2022\/10\/Christian-Prudhomme-CVR-profimedia-0733548897.webp\",\"datePublished\":\"2022-10-27T18:12:14+00:00\",\"dateModified\":\"2022-10-27T18:19:27+00:00\",\"author\":{\"@id\":\"\"},\"description\":\"The route for the 110th edition of the Tour de France was revealed today at the Palais des Congr\u00e8s in Paris and my simple initial conclusion was this:\",\"breadcrumb\":{\"@id\":\"https:\/\/www.welovecycling.com\/wide\/2022\/10\/27\/matt-stephens-on-the-2023-tour-de-france-route\/#breadcrumb\"},\"inLanguage\":\"en-US\",\"potentialAction\":[{\"@type\":\"ReadAction\",\"target\":[\"https:\/\/www.welovecycling.com\/wide\/2022\/10\/27\/matt-stephens-on-the-2023-tour-de-france-route\/\"]}]},{\"@type\":\"ImageObject\",\"inLanguage\":\"en-US\",\"@id\":\"https:\/\/www.welovecycling.com\/wide\/2022\/10\/27\/matt-stephens-on-the-2023-tour-de-france-route\/#primaryimage\",\"url\":\"https:\/\/d2p6e6u75xmxt8.cloudfront.net\/2\/2022\/10\/Christian-Prudhomme-CVR-profimedia-0733548897.webp\",\"contentUrl\":\"https:\/\/d2p6e6u75xmxt8.cloudfront.net\/2\/2022\/10\/Christian-Prudhomme-CVR-profimedia-0733548897.webp\",\"width\":990,\"height\":660,\"caption\":\"Tour de France\"},{\"@type\":\"BreadcrumbList\",\"@id\":\"https:\/\/www.welovecycling.com\/wide\/2022\/10\/27\/matt-stephens-on-the-2023-tour-de-france-route\/#breadcrumb\",\"itemListElement\":[{\"@type\":\"ListItem\",\"position\":1,\"name\":\"Home\",\"item\":\"https:\/\/www.welovecycling.com\/wide\/\"},{\"@type\":\"ListItem\",\"position\":2,\"name\":\"Matt Stephens on the 2023 Tour de France Route\"}]},{\"@type\":\"WebSite\",\"@id\":\"https:\/\/www.welovecycling.com\/wide\/#website\",\"url\":\"https:\/\/www.welovecycling.com\/wide\/\",\"name\":\"\u0160koda We Love Cycling\",\"description\":\"\u0160koda We Love Cycling magazine\",\"alternateName\":\"\u0160koda WLC\",\"potentialAction\":[{\"@type\":\"SearchAction\",\"target\":{\"@type\":\"EntryPoint\",\"urlTemplate\":\"https:\/\/www.welovecycling.com\/wide\/?s={search_term_string}\"},\"query-input\":{\"@type\":\"PropertyValueSpecification\",\"valueRequired\":true,\"valueName\":\"search_term_string\"}}],\"inLanguage\":\"en-US\"},{\"@type\":\"Person\",\"@id\":\"\",\"url\":\"https:\/\/www.welovecycling.com\/wide\/author\/\"}]}<\/script>\n<!-- \/ Yoast SEO Premium plugin. -->","yoast_head_json":{"title":"Matt Stephens on the 2023 Tour de France Route - \u0160koda We Love Cycling","description":"The route for the 110th edition of the Tour de France was revealed today at the Palais des Congr\u00e8s in Paris and my simple initial conclusion was this:","robots":{"index":"index","follow":"follow","max-snippet":"max-snippet:-1","max-image-preview":"max-image-preview:large","max-video-preview":"max-video-preview:-1"},"canonical":"https:\/\/www.welovecycling.com\/wide\/2022\/10\/27\/matt-stephens-on-the-2023-tour-de-france-route\/","og_locale":"en_US","og_type":"article","og_title":"Matt Stephens on the 2023 Tour de France Route","og_description":"The route for the 110th edition of the Tour de France was revealed today at the Palais des Congr\u00e8s in Paris and my simple initial conclusion was this:","og_url":"https:\/\/www.welovecycling.com\/wide\/2022\/10\/27\/matt-stephens-on-the-2023-tour-de-france-route\/","og_site_name":"\u0160koda We Love Cycling","article_published_time":"2022-10-27T18:12:14+00:00","article_modified_time":"2022-10-27T18:19:27+00:00","og_image":[{"width":990,"height":660,"url":"https:\/\/d2p6e6u75xmxt8.cloudfront.net\/2\/2022\/10\/Christian-Prudhomme-CVR-profimedia-0733548897.webp","type":"image\/webp"}],"twitter_card":"summary_large_image","twitter_misc":{"Written by":"Matt Stephens","Est. reading time":"7"},"schema":{"@context":"https:\/\/schema.org","@graph":[{"@type":"WebPage","@id":"https:\/\/www.welovecycling.com\/wide\/2022\/10\/27\/matt-stephens-on-the-2023-tour-de-france-route\/","url":"https:\/\/www.welovecycling.com\/wide\/2022\/10\/27\/matt-stephens-on-the-2023-tour-de-france-route\/","name":"Matt Stephens on the 2023 Tour de France Route - \u0160koda We Love Cycling","isPartOf":{"@id":"https:\/\/www.welovecycling.com\/wide\/#website"},"primaryImageOfPage":{"@id":"https:\/\/www.welovecycling.com\/wide\/2022\/10\/27\/matt-stephens-on-the-2023-tour-de-france-route\/#primaryimage"},"image":{"@id":"https:\/\/www.welovecycling.com\/wide\/2022\/10\/27\/matt-stephens-on-the-2023-tour-de-france-route\/#primaryimage"},"thumbnailUrl":"https:\/\/d2p6e6u75xmxt8.cloudfront.net\/2\/2022\/10\/Christian-Prudhomme-CVR-profimedia-0733548897.webp","datePublished":"2022-10-27T18:12:14+00:00","dateModified":"2022-10-27T18:19:27+00:00","author":{"@id":""},"description":"The route for the 110th edition of the Tour de France was revealed today at the Palais des Congr\u00e8s in Paris and my simple initial conclusion was this:","breadcrumb":{"@id":"https:\/\/www.welovecycling.com\/wide\/2022\/10\/27\/matt-stephens-on-the-2023-tour-de-france-route\/#breadcrumb"},"inLanguage":"en-US","potentialAction":[{"@type":"ReadAction","target":["https:\/\/www.welovecycling.com\/wide\/2022\/10\/27\/matt-stephens-on-the-2023-tour-de-france-route\/"]}]},{"@type":"ImageObject","inLanguage":"en-US","@id":"https:\/\/www.welovecycling.com\/wide\/2022\/10\/27\/matt-stephens-on-the-2023-tour-de-france-route\/#primaryimage","url":"https:\/\/d2p6e6u75xmxt8.cloudfront.net\/2\/2022\/10\/Christian-Prudhomme-CVR-profimedia-0733548897.webp","contentUrl":"https:\/\/d2p6e6u75xmxt8.cloudfront.net\/2\/2022\/10\/Christian-Prudhomme-CVR-profimedia-0733548897.webp","width":990,"height":660,"caption":"Tour de France"},{"@type":"BreadcrumbList","@id":"https:\/\/www.welovecycling.com\/wide\/2022\/10\/27\/matt-stephens-on-the-2023-tour-de-france-route\/#breadcrumb","itemListElement":[{"@type":"ListItem","position":1,"name":"Home","item":"https:\/\/www.welovecycling.com\/wide\/"},{"@type":"ListItem","position":2,"name":"Matt Stephens on the 2023 Tour de France Route"}]},{"@type":"WebSite","@id":"https:\/\/www.welovecycling.com\/wide\/#website","url":"https:\/\/www.welovecycling.com\/wide\/","name":"\u0160koda We Love Cycling","description":"\u0160koda We Love Cycling magazine","alternateName":"\u0160koda WLC","potentialAction":[{"@type":"SearchAction","target":{"@type":"EntryPoint","urlTemplate":"https:\/\/www.welovecycling.com\/wide\/?s={search_term_string}"},"query-input":{"@type":"PropertyValueSpecification","valueRequired":true,"valueName":"search_term_string"}}],"inLanguage":"en-US"},{"@type":"Person","@id":"","url":"https:\/\/www.welovecycling.com\/wide\/author\/"}]}},"_links":{"self":[{"href":"https:\/\/www.welovecycling.com\/wide\/wp-json\/wp\/v2\/posts\/190984","targetHints":{"allow":["GET"]}}],"collection":[{"href":"https:\/\/www.welovecycling.com\/wide\/wp-json\/wp\/v2\/posts"}],"about":[{"href":"https:\/\/www.welovecycling.com\/wide\/wp-json\/wp\/v2\/types\/post"}],"author":[{"embeddable":true,"href":"https:\/\/www.welovecycling.com\/wide\/wp-json\/wp\/v2\/users\/12"}],"replies":[{"embeddable":true,"href":"https:\/\/www.welovecycling.com\/wide\/wp-json\/wp\/v2\/comments?post=190984"}],"version-history":[{"count":2,"href":"https:\/\/www.welovecycling.com\/wide\/wp-json\/wp\/v2\/posts\/190984\/revisions"}],"predecessor-version":[{"id":190988,"href":"https:\/\/www.welovecycling.com\/wide\/wp-json\/wp\/v2\/posts\/190984\/revisions\/190988"}],"wp:featuredmedia":[{"embeddable":true,"href":"https:\/\/www.welovecycling.com\/wide\/wp-json\/wp\/v2\/media\/190985"}],"wp:attachment":[{"href":"https:\/\/www.welovecycling.com\/wide\/wp-json\/wp\/v2\/media?parent=190984"}],"wp:term":[{"taxonomy":"category","embeddable":true,"href":"https:\/\/www.welovecycling.com\/wide\/wp-json\/wp\/v2\/categories?post=190984"},{"taxonomy":"post_tag","embeddable":true,"href":"https:\/\/www.welovecycling.com\/wide\/wp-json\/wp\/v2\/tags?post=190984"},{"taxonomy":"global-categories","embeddable":true,"href":"https:\/\/www.welovecycling.com\/wide\/wp-json\/wp\/v2\/global-categories?post=190984"}],"curies":[{"name":"wp","href":"https:\/\/api.w.org\/{rel}","templated":true}]}}