{"id":190897,"date":"2022-10-19T07:00:59","date_gmt":"2022-10-19T07:00:59","guid":{"rendered":"https:\/\/www.welovecycling.com\/wide\/?p=190897"},"modified":"2022-11-09T11:13:40","modified_gmt":"2022-11-09T11:13:40","slug":"alejandro-valverdes-career-comes-to-a-close","status":"publish","type":"post","link":"https:\/\/www.welovecycling.com\/wide\/2022\/10\/19\/alejandro-valverdes-career-comes-to-a-close\/","title":{"rendered":"Alejandro Valverde\u2019s Career Comes to a Close"},"content":{"rendered":"<p><strong>Alejandro Valverde of Team Movistar is one of the most iconic, successful, and well-respected professional cyclists of our time. After 20 years in the pro peloton and with 134 victories to his name, \u2019El Bala\u2019 (The Bullet) crossed the finish line as a pro for the last time at the 2022 edition of the Il Lombardia in front of thousands of fans and the media.<\/strong><\/p>\n<p><!--more--><\/p>\n<p>Despite his 42 years, Valverde, who is still in top form, was considered a favourite to win. He was hoping to add one more victory to his results in what would have been an incredible ending to his already fairy-tale career.<\/p>\n<h2><strong>Delayed retirement<\/strong><\/h2>\n<p>Valverde initially announced his decision to retire in 2020 but the effects of the pandemic changed his mind. The Bullet didn\u2019t want his legacy to end on empty roads with no fans. His love of the sport and the hopes of winning an Olympic medal in Tokyo, a result missing from his extensive palmares, spurred him on.<\/p>\n<p>While he finished a disappointing 42nd in Tokyo, he was still flirting with Grand Tour stage wins. Valverde finished second on Stage 15 of the 2021 <a href=\"https:\/\/www.letour.fr\/en\/\">Tour de Franc<\/a>e and 24th overall. Not too shabby. As a result, he added a final year to his racing program with the Il Lombardia as \u2018la \u00faltima bala\u2019, or his last bullet.<\/p>\n<h2><strong>Missed opportunity<\/strong><\/h2>\n<p>While at the Vuelta, it was decided Valverde would be absent from the <a href=\"https:\/\/www.welovecycling.com\/wide\/uci-road-world-championships-by-we-love-cycling\/\" target=\"_blank\" rel=\"noopener\">2022 World Road Championships in Wollongong,<\/a> Australia. With Team Movistar flirting with relegation, they needed Valverde in top form for end-of-season racing to score as many UCI points as possible.<\/p>\n<p>This decision was contrary to the wishes of the Spanish National Team but having jet-lagged Valverde on his return from Down Under wouldn\u2019t boost Movistar\u2019s chances for success in keeping their WorldTour standing. Too bad for Valverde, as it would have been the last chance to repeat his 2018 World Championship title.<\/p>\n<h2><strong>Labelled a favourite<\/strong><\/h2>\n<p>Movistar\u2019s decision to not send Valverde to Worlds paid off. There were three races on the calendar in the weeks leading up to Il Lombardia and Bala showed he was still hungry for wins and ready to go out with a bang.<\/p>\n<p>He finished second at the Coppa Agostini, fourth in the Giro dell\u2019Emilia after working for his teammate and eventual winner, Enric Mas, and third at the Tre Valli Varesine. Valverde was back in form, pleased with his performance after a lacklustre showing in his final Grand Tour at the 2022 Vuelta where he suffered a hit-and-run accident prior to the start, coupled with illness.<\/p>\n<p>A Spaniard ending his career in Spain at the Vuelta would have been a logical choice but the results weren\u2019t there. Il Lombardia had been the traditional last race of the year for Valverde. He liked the course, and he had proven to do well in the past. He first appeared on its starting line in 2003 and landed on the podium multiple times thereafter, finishing fifth in the 2021\u2019s edition, and three times in second place in 2013, 14 and 19.<\/p>\n<h2><strong>Il Lombardia<\/strong><\/h2>\n<p>This mythical Italian race with deep roots in cycling history is the fifth and final Monument of the year. 2022 marks the 116th year and brings the Classics and Monuments of the season to a close. The prestige, media coverage and fans this event draws make it an exceptional race to end a career. So much so, Vincenzo Nibali did the same, as well as Dan Martin in 2021.<\/p>\n<p>Also known as the \u201cRace of the Falling Leaves\u201d because of its October date, the first edition took place in 1905 when it was called the Milan-Milan. Racing action this year covered 253 km between Bergamo and Como. Every WorldTour team was present, including the UAE Emirates and <a href=\"https:\/\/www.welovecycling.com\/wide\/2021\/10\/11\/tadej-pogacar-triumphs-at-il-lombardia-and-other-cool-news-from-the-world-of-cycling\/\" target=\"_blank\" rel=\"noopener\">Tadej Poga\u010dar<\/a> who won the race last year. Pogi pulled off a repeat performance by out-sprinting Valverde\u2019s teammate, Enric Mas, to take the victory.<\/p>\n<p>Valverde didn\u2019t win but he finished in a more-than-respectable sixth place. Pogi had his time in front of the media but the spotlight quickly turned to Valverde and Nibali. And Valverde was pleased to savour the team\u2019s celebration of a second-place podium. Not a bad way to end a career.<\/p>\n<figure id=\"attachment_190899\" aria-describedby=\"caption-attachment-190899\" style=\"width: 1000px\" class=\"wp-caption alignnone\"><a href=\"https:\/\/d2p6e6u75xmxt8.cloudfront.net\/2\/2022\/10\/Alejandro-Valverde-profimedia-0729086235.jpg\"><img loading=\"lazy\" decoding=\"async\" class=\"size-full wp-image-190899\" src=\"https:\/\/d2p6e6u75xmxt8.cloudfront.net\/2\/2022\/10\/Alejandro-Valverde-profimedia-0729086235.jpg\" alt=\"Alejandro Valverde\" width=\"1000\" height=\"663\" \/><\/a><figcaption id=\"caption-attachment-190899\" class=\"wp-caption-text\">Valverde at his last Grand Tour. \u00a9 Profimedia<\/figcaption><\/figure>\n<h2><strong>What\u2019s next for El Bala?<\/strong><\/h2>\n<p>While his definitive plans have yet to be officially revealed, it\u2019s rumoured he won\u2019t be going too far into unchartered territory. Other than animating and winning races, his age and extensive experience in the pro peloton have moulded him into an oracle on the subject.<\/p>\n<p>He has already taken on a natural teaching role for the younger, up-and-coming riders. And I bet this continues off the bike, still wearing Movistar (or their morph-team) colours. He&#8217;s quoted as saying he\u2019s retiring at the best time, leaving cycling at the ideal moment, at his maximum level. And that he gave it everything so the fans could enjoy cycling. I agree with him. How about you? What do you think Valverde will do next?<\/p>\n","protected":false},"excerpt":{"rendered":"<p>Alejandro Valverde of Team Movistar is one of the most iconic, successful, and well-respected professional cyclists of our time. After [&hellip;]<\/p>\n","protected":false},"author":99,"featured_media":190898,"comment_status":"open","ping_status":"open","sticky":false,"template":"","format":"standard","meta":{"footnotes":""},"categories":[329],"tags":[6712,1886,5755,6711,426],"global-categories":[3366],"class_list":["post-190897","post","type-post","status-publish","format-standard","has-post-thumbnail","hentry","category-road-cycling","tag-2022-il-lombardia","tag-alejandro-valverde","tag-il-lombardia","tag-valverde-retirement","tag-vincenzo-nibali","global-categories-cycling"],"yoast_head":"<!-- This site is optimized with the Yoast SEO Premium plugin v25.3 (Yoast SEO v25.9) - https:\/\/yoast.com\/wordpress\/plugins\/seo\/ -->\n<title>Alejandro Valverde&#039;s Retirement: What Comes Next? - We Love Cycling<\/title>\n<meta name=\"description\" content=\"Alejandro Valverde of Team Movistar is one of the most iconic, successful, and well-respected professional cyclists of our time. After 20 years in the pro\" \/>\n<meta name=\"robots\" content=\"index, follow, max-snippet:-1, max-image-preview:large, max-video-preview:-1\" \/>\n<link rel=\"canonical\" href=\"https:\/\/www.welovecycling.com\/wide\/2022\/10\/19\/alejandro-valverdes-career-comes-to-a-close\/\" \/>\n<meta property=\"og:locale\" content=\"en_US\" \/>\n<meta property=\"og:type\" content=\"article\" \/>\n<meta property=\"og:title\" content=\"Alejandro Valverde\u2019s Career Comes to a Close\" \/>\n<meta property=\"og:description\" content=\"Alejandro Valverde of Team Movistar is one of the most iconic, successful, and well-respected professional cyclists of our time. After 20 years in the pro\" \/>\n<meta property=\"og:url\" content=\"https:\/\/www.welovecycling.com\/wide\/2022\/10\/19\/alejandro-valverdes-career-comes-to-a-close\/\" \/>\n<meta property=\"og:site_name\" content=\"\u0160koda We Love Cycling\" \/>\n<meta property=\"article:published_time\" content=\"2022-10-19T07:00:59+00:00\" \/>\n<meta property=\"article:modified_time\" content=\"2022-11-09T11:13:40+00:00\" \/>\n<meta property=\"og:image\" content=\"https:\/\/d2p6e6u75xmxt8.cloudfront.net\/2\/2022\/10\/Alejandro-Valverde-profimedia-0729161986_CVR.webp\" \/>\n\t<meta property=\"og:image:width\" content=\"990\" \/>\n\t<meta property=\"og:image:height\" content=\"660\" \/>\n\t<meta property=\"og:image:type\" content=\"image\/webp\" \/>\n<meta name=\"author\" content=\"tereza\" \/>\n<meta name=\"twitter:card\" content=\"summary_large_image\" \/>\n<meta name=\"twitter:label1\" content=\"Written by\" \/>\n\t<meta name=\"twitter:data1\" content=\"Andrea Champredonde\" \/>\n\t<meta name=\"twitter:label2\" content=\"Est. reading time\" \/>\n\t<meta name=\"twitter:data2\" content=\"6\" \/>\n<script type=\"application\/ld+json\" class=\"yoast-schema-graph\">{\"@context\":\"https:\/\/schema.org\",\"@graph\":[{\"@type\":\"WebPage\",\"@id\":\"https:\/\/www.welovecycling.com\/wide\/2022\/10\/19\/alejandro-valverdes-career-comes-to-a-close\/\",\"url\":\"https:\/\/www.welovecycling.com\/wide\/2022\/10\/19\/alejandro-valverdes-career-comes-to-a-close\/\",\"name\":\"Alejandro Valverde's Retirement: What Comes Next? - We Love Cycling\",\"isPartOf\":{\"@id\":\"https:\/\/www.welovecycling.com\/wide\/#website\"},\"primaryImageOfPage\":{\"@id\":\"https:\/\/www.welovecycling.com\/wide\/2022\/10\/19\/alejandro-valverdes-career-comes-to-a-close\/#primaryimage\"},\"image\":{\"@id\":\"https:\/\/www.welovecycling.com\/wide\/2022\/10\/19\/alejandro-valverdes-career-comes-to-a-close\/#primaryimage\"},\"thumbnailUrl\":\"https:\/\/d2p6e6u75xmxt8.cloudfront.net\/2\/2022\/10\/Alejandro-Valverde-profimedia-0729161986_CVR.webp\",\"datePublished\":\"2022-10-19T07:00:59+00:00\",\"dateModified\":\"2022-11-09T11:13:40+00:00\",\"author\":{\"@id\":\"https:\/\/www.welovecycling.com\/wide\/#\/schema\/person\/50f01ecd18718d2333cf72e823c4f926\"},\"description\":\"Alejandro Valverde of Team Movistar is one of the most iconic, successful, and well-respected professional cyclists of our time. After 20 years in the pro\",\"breadcrumb\":{\"@id\":\"https:\/\/www.welovecycling.com\/wide\/2022\/10\/19\/alejandro-valverdes-career-comes-to-a-close\/#breadcrumb\"},\"inLanguage\":\"en-US\",\"potentialAction\":[{\"@type\":\"ReadAction\",\"target\":[\"https:\/\/www.welovecycling.com\/wide\/2022\/10\/19\/alejandro-valverdes-career-comes-to-a-close\/\"]}]},{\"@type\":\"ImageObject\",\"inLanguage\":\"en-US\",\"@id\":\"https:\/\/www.welovecycling.com\/wide\/2022\/10\/19\/alejandro-valverdes-career-comes-to-a-close\/#primaryimage\",\"url\":\"https:\/\/d2p6e6u75xmxt8.cloudfront.net\/2\/2022\/10\/Alejandro-Valverde-profimedia-0729161986_CVR.webp\",\"contentUrl\":\"https:\/\/d2p6e6u75xmxt8.cloudfront.net\/2\/2022\/10\/Alejandro-Valverde-profimedia-0729161986_CVR.webp\",\"width\":990,\"height\":660,\"caption\":\"Alejandro Valverde\"},{\"@type\":\"BreadcrumbList\",\"@id\":\"https:\/\/www.welovecycling.com\/wide\/2022\/10\/19\/alejandro-valverdes-career-comes-to-a-close\/#breadcrumb\",\"itemListElement\":[{\"@type\":\"ListItem\",\"position\":1,\"name\":\"Home\",\"item\":\"https:\/\/www.welovecycling.com\/wide\/\"},{\"@type\":\"ListItem\",\"position\":2,\"name\":\"Alejandro Valverde\u2019s Career Comes to a Close\"}]},{\"@type\":\"WebSite\",\"@id\":\"https:\/\/www.welovecycling.com\/wide\/#website\",\"url\":\"https:\/\/www.welovecycling.com\/wide\/\",\"name\":\"\u0160koda We Love Cycling\",\"description\":\"\u0160koda We Love Cycling magazine\",\"alternateName\":\"\u0160koda WLC\",\"potentialAction\":[{\"@type\":\"SearchAction\",\"target\":{\"@type\":\"EntryPoint\",\"urlTemplate\":\"https:\/\/www.welovecycling.com\/wide\/?s={search_term_string}\"},\"query-input\":{\"@type\":\"PropertyValueSpecification\",\"valueRequired\":true,\"valueName\":\"search_term_string\"}}],\"inLanguage\":\"en-US\"},{\"@type\":\"Person\",\"@id\":\"https:\/\/www.welovecycling.com\/wide\/#\/schema\/person\/50f01ecd18718d2333cf72e823c4f926\",\"name\":\"tereza\",\"image\":{\"@type\":\"ImageObject\",\"inLanguage\":\"en-US\",\"@id\":\"https:\/\/www.welovecycling.com\/wide\/#\/schema\/person\/image\/\",\"url\":\"https:\/\/secure.gravatar.com\/avatar\/1f9eb71be33845f0afabce3791bc1c58ecdb0a25c62964987e5dbcf7a20d2ec7?s=96&d=mm&r=g\",\"contentUrl\":\"https:\/\/secure.gravatar.com\/avatar\/1f9eb71be33845f0afabce3791bc1c58ecdb0a25c62964987e5dbcf7a20d2ec7?s=96&d=mm&r=g\",\"caption\":\"tereza\"},\"url\":\"https:\/\/www.welovecycling.com\/wide\/author\/tereza\/\"}]}<\/script>\n<!-- \/ Yoast SEO Premium plugin. -->","yoast_head_json":{"title":"Alejandro Valverde's Retirement: What Comes Next? - We Love Cycling","description":"Alejandro Valverde of Team Movistar is one of the most iconic, successful, and well-respected professional cyclists of our time. After 20 years in the pro","robots":{"index":"index","follow":"follow","max-snippet":"max-snippet:-1","max-image-preview":"max-image-preview:large","max-video-preview":"max-video-preview:-1"},"canonical":"https:\/\/www.welovecycling.com\/wide\/2022\/10\/19\/alejandro-valverdes-career-comes-to-a-close\/","og_locale":"en_US","og_type":"article","og_title":"Alejandro Valverde\u2019s Career Comes to a Close","og_description":"Alejandro Valverde of Team Movistar is one of the most iconic, successful, and well-respected professional cyclists of our time. After 20 years in the pro","og_url":"https:\/\/www.welovecycling.com\/wide\/2022\/10\/19\/alejandro-valverdes-career-comes-to-a-close\/","og_site_name":"\u0160koda We Love Cycling","article_published_time":"2022-10-19T07:00:59+00:00","article_modified_time":"2022-11-09T11:13:40+00:00","og_image":[{"width":990,"height":660,"url":"https:\/\/d2p6e6u75xmxt8.cloudfront.net\/2\/2022\/10\/Alejandro-Valverde-profimedia-0729161986_CVR.webp","type":"image\/webp"}],"author":"tereza","twitter_card":"summary_large_image","twitter_misc":{"Written by":"Andrea Champredonde","Est. reading time":"6"},"schema":{"@context":"https:\/\/schema.org","@graph":[{"@type":"WebPage","@id":"https:\/\/www.welovecycling.com\/wide\/2022\/10\/19\/alejandro-valverdes-career-comes-to-a-close\/","url":"https:\/\/www.welovecycling.com\/wide\/2022\/10\/19\/alejandro-valverdes-career-comes-to-a-close\/","name":"Alejandro Valverde's Retirement: What Comes Next? - We Love Cycling","isPartOf":{"@id":"https:\/\/www.welovecycling.com\/wide\/#website"},"primaryImageOfPage":{"@id":"https:\/\/www.welovecycling.com\/wide\/2022\/10\/19\/alejandro-valverdes-career-comes-to-a-close\/#primaryimage"},"image":{"@id":"https:\/\/www.welovecycling.com\/wide\/2022\/10\/19\/alejandro-valverdes-career-comes-to-a-close\/#primaryimage"},"thumbnailUrl":"https:\/\/d2p6e6u75xmxt8.cloudfront.net\/2\/2022\/10\/Alejandro-Valverde-profimedia-0729161986_CVR.webp","datePublished":"2022-10-19T07:00:59+00:00","dateModified":"2022-11-09T11:13:40+00:00","author":{"@id":"https:\/\/www.welovecycling.com\/wide\/#\/schema\/person\/50f01ecd18718d2333cf72e823c4f926"},"description":"Alejandro Valverde of Team Movistar is one of the most iconic, successful, and well-respected professional cyclists of our time. After 20 years in the pro","breadcrumb":{"@id":"https:\/\/www.welovecycling.com\/wide\/2022\/10\/19\/alejandro-valverdes-career-comes-to-a-close\/#breadcrumb"},"inLanguage":"en-US","potentialAction":[{"@type":"ReadAction","target":["https:\/\/www.welovecycling.com\/wide\/2022\/10\/19\/alejandro-valverdes-career-comes-to-a-close\/"]}]},{"@type":"ImageObject","inLanguage":"en-US","@id":"https:\/\/www.welovecycling.com\/wide\/2022\/10\/19\/alejandro-valverdes-career-comes-to-a-close\/#primaryimage","url":"https:\/\/d2p6e6u75xmxt8.cloudfront.net\/2\/2022\/10\/Alejandro-Valverde-profimedia-0729161986_CVR.webp","contentUrl":"https:\/\/d2p6e6u75xmxt8.cloudfront.net\/2\/2022\/10\/Alejandro-Valverde-profimedia-0729161986_CVR.webp","width":990,"height":660,"caption":"Alejandro Valverde"},{"@type":"BreadcrumbList","@id":"https:\/\/www.welovecycling.com\/wide\/2022\/10\/19\/alejandro-valverdes-career-comes-to-a-close\/#breadcrumb","itemListElement":[{"@type":"ListItem","position":1,"name":"Home","item":"https:\/\/www.welovecycling.com\/wide\/"},{"@type":"ListItem","position":2,"name":"Alejandro Valverde\u2019s Career Comes to a Close"}]},{"@type":"WebSite","@id":"https:\/\/www.welovecycling.com\/wide\/#website","url":"https:\/\/www.welovecycling.com\/wide\/","name":"\u0160koda We Love Cycling","description":"\u0160koda We Love Cycling magazine","alternateName":"\u0160koda WLC","potentialAction":[{"@type":"SearchAction","target":{"@type":"EntryPoint","urlTemplate":"https:\/\/www.welovecycling.com\/wide\/?s={search_term_string}"},"query-input":{"@type":"PropertyValueSpecification","valueRequired":true,"valueName":"search_term_string"}}],"inLanguage":"en-US"},{"@type":"Person","@id":"https:\/\/www.welovecycling.com\/wide\/#\/schema\/person\/50f01ecd18718d2333cf72e823c4f926","name":"tereza","image":{"@type":"ImageObject","inLanguage":"en-US","@id":"https:\/\/www.welovecycling.com\/wide\/#\/schema\/person\/image\/","url":"https:\/\/secure.gravatar.com\/avatar\/1f9eb71be33845f0afabce3791bc1c58ecdb0a25c62964987e5dbcf7a20d2ec7?s=96&d=mm&r=g","contentUrl":"https:\/\/secure.gravatar.com\/avatar\/1f9eb71be33845f0afabce3791bc1c58ecdb0a25c62964987e5dbcf7a20d2ec7?s=96&d=mm&r=g","caption":"tereza"},"url":"https:\/\/www.welovecycling.com\/wide\/author\/tereza\/"}]}},"_links":{"self":[{"href":"https:\/\/www.welovecycling.com\/wide\/wp-json\/wp\/v2\/posts\/190897","targetHints":{"allow":["GET"]}}],"collection":[{"href":"https:\/\/www.welovecycling.com\/wide\/wp-json\/wp\/v2\/posts"}],"about":[{"href":"https:\/\/www.welovecycling.com\/wide\/wp-json\/wp\/v2\/types\/post"}],"author":[{"embeddable":true,"href":"https:\/\/www.welovecycling.com\/wide\/wp-json\/wp\/v2\/users\/99"}],"replies":[{"embeddable":true,"href":"https:\/\/www.welovecycling.com\/wide\/wp-json\/wp\/v2\/comments?post=190897"}],"version-history":[{"count":1,"href":"https:\/\/www.welovecycling.com\/wide\/wp-json\/wp\/v2\/posts\/190897\/revisions"}],"predecessor-version":[{"id":190900,"href":"https:\/\/www.welovecycling.com\/wide\/wp-json\/wp\/v2\/posts\/190897\/revisions\/190900"}],"wp:featuredmedia":[{"embeddable":true,"href":"https:\/\/www.welovecycling.com\/wide\/wp-json\/wp\/v2\/media\/190898"}],"wp:attachment":[{"href":"https:\/\/www.welovecycling.com\/wide\/wp-json\/wp\/v2\/media?parent=190897"}],"wp:term":[{"taxonomy":"category","embeddable":true,"href":"https:\/\/www.welovecycling.com\/wide\/wp-json\/wp\/v2\/categories?post=190897"},{"taxonomy":"post_tag","embeddable":true,"href":"https:\/\/www.welovecycling.com\/wide\/wp-json\/wp\/v2\/tags?post=190897"},{"taxonomy":"global-categories","embeddable":true,"href":"https:\/\/www.welovecycling.com\/wide\/wp-json\/wp\/v2\/global-categories?post=190897"}],"curies":[{"name":"wp","href":"https:\/\/api.w.org\/{rel}","templated":true}]}}