{"id":190888,"date":"2022-10-20T07:00:57","date_gmt":"2022-10-20T07:00:57","guid":{"rendered":"https:\/\/www.welovecycling.com\/wide\/?p=190888"},"modified":"2022-10-18T12:01:05","modified_gmt":"2022-10-18T12:01:05","slug":"why-do-the-pros-train-at-altitude-and-should-you-do-it-too","status":"publish","type":"post","link":"https:\/\/www.welovecycling.com\/wide\/2022\/10\/20\/why-do-the-pros-train-at-altitude-and-should-you-do-it-too\/","title":{"rendered":"Why Do the Pros Train at Altitude and Should You Do It Too?"},"content":{"rendered":"<p><strong>Most professional cyclists spend at least some time training at altitude before a big race like the Tour de France. Why do they voluntarily expose themselves to the harsh conditions where oxygen concentrations are low?<\/strong><\/p>\n<p><!--more--><\/p>\n<h2><strong>More red blood cells<\/strong><\/h2>\n<p>Cyclists train at altitude mainly for the increased red blood cell count. The body produces more red blood cells in response to thin air to improve oxygen-carrying and delivery capacity. But this is exactly what makes exercising at high altitudes hard if you normally live close to sea level. You take in less oxygen with every breath, which makes you fatigue quicker, recover slower, and constantly feel like you\u2019re short on air. You wouldn\u2019t be able to do the same amount of training as normal in such an environment before you fully acclimatize. This begs the question if it\u2019s even worth it to sacrifice training volume in order to gain those red blood cells.<\/p>\n<h2><strong>Hypoxic memory<\/strong><\/h2>\n<p>Pros can spend almost as much time at altitude as they want, which means they can take advantage of something called hypoxic memory. This theory says that the beneficial adaptations of altitude training accumulate much faster with frequent exposure. It\u2019s the same reasoning as to why 4 separate hour-long rides per week are better for training adaptations than a single 4-hour ride. Hypoxic memory enables the pros to acclimatise quicker to altitude with each subsequent altitude camp they do. This means they get the best of both worlds, high-quality training and more red blood cells. Some professional teams even provide their riders with altitude generators and tents so that they can top up their altitude adaptations between camps.<\/p>\n<h2><strong>Sleep in the mountains, train at the sea<\/strong><\/h2>\n<p>Altitude can be a double-edged sword unless you use it right. That\u2019s because while blood markers improve at altitude, muscles actually detrain. This is the reason why the \u201clive high, train low\u201d scenario is very popular. Cyclists would sleep at elevation but come down to train at a course that\u2019s much closer to sea level. This way their muscles can\u2019t detrain and their blood markers get boosted.<\/p>\n<figure id=\"attachment_180431\" aria-describedby=\"caption-attachment-180431\" style=\"width: 1250px\" class=\"wp-caption alignnone\"><a href=\"https:\/\/d2p6e6u75xmxt8.cloudfront.net\/2\/2020\/11\/Woman-Mallorca-profimedia-0334499774.jpg\"><img loading=\"lazy\" decoding=\"async\" class=\"size-full wp-image-180431\" src=\"https:\/\/d2p6e6u75xmxt8.cloudfront.net\/2\/2020\/11\/Woman-Mallorca-profimedia-0334499774.jpg\" alt=\"Cycling in Mallorca\" width=\"1250\" height=\"781\" \/><\/a><figcaption id=\"caption-attachment-180431\" class=\"wp-caption-text\">Sleep in the mountains, train at the sea. \u00a9 Profimedia<\/figcaption><\/figure>\n<h2><strong>How long does it take to see the benefits?<\/strong><\/h2>\n<p>Another issue with altitude training is that the effects take time to appear. In the \u2018sleep high, train low\u2019 scenario, the first week does little to nothing for your red blood cell count. In the second and third week, you see increases in red blood cells, but no real performance benefits. It takes at least four weeks to start seeing improvements.<\/p>\n<h2><strong>Nutrition for altitude training<\/strong><\/h2>\n<p>If you\u2019re thinking about altitude training, you should also make sure your <a href=\"https:\/\/www.youtube.com\/watch?v=im6UcjXIXoo&amp;list=PLNxkOK-P7O9w6TgCbACzGeCAjlxIwnX7P&amp;ab_channel=WeLoveCycling\">nutrition is properly adjusted.<\/a> For example, arriving at an altitude training camp with low-iron status would result in more problems than benefits. Professional cyclists go for blood tests and if a deficiency is found, they take iron supplements weeks before a camp to correct it. Altitude also asks for an increased intake of carbohydrates. Altitude is a source of stress, which causes the body to burn less fat and more carbs in response. You should keep this in mind and increase your carb intake when cycling at high altitudes.<\/p>\n<h2><strong>Should you train at altitude?<\/strong><\/h2>\n<p>The pros are regularly training at altitude in preparation for the biggest races of the season. But should you? It\u2019s expensive to get the perfect setup going with sleeping high and <a href=\"https:\/\/www.welovecycling.com\/wide\/2020\/06\/09\/how-to-avoid-detraining-does-experience-slow-it-down\/\" target=\"_blank\" rel=\"noopener\">training low,<\/a> especially for multiple weeks in a row. Also, doing altitude camps repeatedly, to activate hypoxic memory is also not feasible for most amateurs. Unless you have the free time and money to invest in an effective altitude training schedule, it\u2019s probably best to leave it to the pros and focus on the gains you can get from regular training.<\/p>\n","protected":false},"excerpt":{"rendered":"<p>Most professional cyclists spend at least some time training at altitude before a big race like the Tour de France. [&hellip;]<\/p>\n","protected":false},"author":99,"featured_media":190889,"comment_status":"open","ping_status":"open","sticky":false,"template":"","format":"standard","meta":{"footnotes":""},"categories":[332],"tags":[6705,6704,3305,6706],"global-categories":[3366],"class_list":["post-190888","post","type-post","status-publish","format-standard","has-post-thumbnail","hentry","category-health-and-training","tag-altitude-cycling","tag-altitude-training","tag-cycling-training","tag-nutrition-for-altitude-training","global-categories-cycling"],"yoast_head":"<!-- This site is optimized with the Yoast SEO Premium plugin v25.3 (Yoast SEO v25.9) - https:\/\/yoast.com\/wordpress\/plugins\/seo\/ -->\n<title>Why Do the Pros Train at Altitude and Should You Do It Too?<\/title>\n<meta name=\"description\" content=\"Most professional cyclists spend at least some time training at altitude before a big race like the Tour de France. Why do they voluntarily expose\" \/>\n<meta name=\"robots\" content=\"index, follow, max-snippet:-1, max-image-preview:large, max-video-preview:-1\" \/>\n<link rel=\"canonical\" href=\"https:\/\/www.welovecycling.com\/wide\/2022\/10\/20\/why-do-the-pros-train-at-altitude-and-should-you-do-it-too\/\" \/>\n<meta property=\"og:locale\" content=\"en_US\" \/>\n<meta property=\"og:type\" content=\"article\" \/>\n<meta property=\"og:title\" content=\"Why Do the Pros Train at Altitude and Should You Do It Too?\" \/>\n<meta property=\"og:description\" content=\"Most professional cyclists spend at least some time training at altitude before a big race like the Tour de France. Why do they voluntarily expose\" \/>\n<meta property=\"og:url\" content=\"https:\/\/www.welovecycling.com\/wide\/2022\/10\/20\/why-do-the-pros-train-at-altitude-and-should-you-do-it-too\/\" \/>\n<meta property=\"og:site_name\" content=\"\u0160koda We Love Cycling\" \/>\n<meta property=\"article:published_time\" content=\"2022-10-20T07:00:57+00:00\" \/>\n<meta property=\"og:image\" content=\"https:\/\/d2p6e6u75xmxt8.cloudfront.net\/2\/2022\/10\/Altitude-Cycling-profimedia-0627854209-CVR.webp\" \/>\n\t<meta property=\"og:image:width\" content=\"990\" \/>\n\t<meta property=\"og:image:height\" content=\"660\" \/>\n\t<meta property=\"og:image:type\" content=\"image\/webp\" \/>\n<meta name=\"author\" content=\"tereza\" \/>\n<meta name=\"twitter:card\" content=\"summary_large_image\" \/>\n<meta name=\"twitter:label1\" content=\"Written by\" \/>\n\t<meta name=\"twitter:data1\" content=\"Jiri Kaloc\" \/>\n\t<meta name=\"twitter:label2\" content=\"Est. reading time\" \/>\n\t<meta name=\"twitter:data2\" content=\"5\" \/>\n<script type=\"application\/ld+json\" class=\"yoast-schema-graph\">{\"@context\":\"https:\/\/schema.org\",\"@graph\":[{\"@type\":\"WebPage\",\"@id\":\"https:\/\/www.welovecycling.com\/wide\/2022\/10\/20\/why-do-the-pros-train-at-altitude-and-should-you-do-it-too\/\",\"url\":\"https:\/\/www.welovecycling.com\/wide\/2022\/10\/20\/why-do-the-pros-train-at-altitude-and-should-you-do-it-too\/\",\"name\":\"Why Do the Pros Train at Altitude and Should You Do It Too?\",\"isPartOf\":{\"@id\":\"https:\/\/www.welovecycling.com\/wide\/#website\"},\"primaryImageOfPage\":{\"@id\":\"https:\/\/www.welovecycling.com\/wide\/2022\/10\/20\/why-do-the-pros-train-at-altitude-and-should-you-do-it-too\/#primaryimage\"},\"image\":{\"@id\":\"https:\/\/www.welovecycling.com\/wide\/2022\/10\/20\/why-do-the-pros-train-at-altitude-and-should-you-do-it-too\/#primaryimage\"},\"thumbnailUrl\":\"https:\/\/d2p6e6u75xmxt8.cloudfront.net\/2\/2022\/10\/Altitude-Cycling-profimedia-0627854209-CVR.webp\",\"datePublished\":\"2022-10-20T07:00:57+00:00\",\"author\":{\"@id\":\"https:\/\/www.welovecycling.com\/wide\/#\/schema\/person\/50f01ecd18718d2333cf72e823c4f926\"},\"description\":\"Most professional cyclists spend at least some time training at altitude before a big race like the Tour de France. Why do they voluntarily expose\",\"breadcrumb\":{\"@id\":\"https:\/\/www.welovecycling.com\/wide\/2022\/10\/20\/why-do-the-pros-train-at-altitude-and-should-you-do-it-too\/#breadcrumb\"},\"inLanguage\":\"en-US\",\"potentialAction\":[{\"@type\":\"ReadAction\",\"target\":[\"https:\/\/www.welovecycling.com\/wide\/2022\/10\/20\/why-do-the-pros-train-at-altitude-and-should-you-do-it-too\/\"]}]},{\"@type\":\"ImageObject\",\"inLanguage\":\"en-US\",\"@id\":\"https:\/\/www.welovecycling.com\/wide\/2022\/10\/20\/why-do-the-pros-train-at-altitude-and-should-you-do-it-too\/#primaryimage\",\"url\":\"https:\/\/d2p6e6u75xmxt8.cloudfront.net\/2\/2022\/10\/Altitude-Cycling-profimedia-0627854209-CVR.webp\",\"contentUrl\":\"https:\/\/d2p6e6u75xmxt8.cloudfront.net\/2\/2022\/10\/Altitude-Cycling-profimedia-0627854209-CVR.webp\",\"width\":990,\"height\":660,\"caption\":\"Altitude Cycling\"},{\"@type\":\"BreadcrumbList\",\"@id\":\"https:\/\/www.welovecycling.com\/wide\/2022\/10\/20\/why-do-the-pros-train-at-altitude-and-should-you-do-it-too\/#breadcrumb\",\"itemListElement\":[{\"@type\":\"ListItem\",\"position\":1,\"name\":\"Home\",\"item\":\"https:\/\/www.welovecycling.com\/wide\/\"},{\"@type\":\"ListItem\",\"position\":2,\"name\":\"Why Do the Pros Train at Altitude and Should You Do It Too?\"}]},{\"@type\":\"WebSite\",\"@id\":\"https:\/\/www.welovecycling.com\/wide\/#website\",\"url\":\"https:\/\/www.welovecycling.com\/wide\/\",\"name\":\"\u0160koda We Love Cycling\",\"description\":\"\u0160koda We Love Cycling magazine\",\"alternateName\":\"\u0160koda WLC\",\"potentialAction\":[{\"@type\":\"SearchAction\",\"target\":{\"@type\":\"EntryPoint\",\"urlTemplate\":\"https:\/\/www.welovecycling.com\/wide\/?s={search_term_string}\"},\"query-input\":{\"@type\":\"PropertyValueSpecification\",\"valueRequired\":true,\"valueName\":\"search_term_string\"}}],\"inLanguage\":\"en-US\"},{\"@type\":\"Person\",\"@id\":\"https:\/\/www.welovecycling.com\/wide\/#\/schema\/person\/50f01ecd18718d2333cf72e823c4f926\",\"name\":\"tereza\",\"image\":{\"@type\":\"ImageObject\",\"inLanguage\":\"en-US\",\"@id\":\"https:\/\/www.welovecycling.com\/wide\/#\/schema\/person\/image\/\",\"url\":\"https:\/\/secure.gravatar.com\/avatar\/1f9eb71be33845f0afabce3791bc1c58ecdb0a25c62964987e5dbcf7a20d2ec7?s=96&d=mm&r=g\",\"contentUrl\":\"https:\/\/secure.gravatar.com\/avatar\/1f9eb71be33845f0afabce3791bc1c58ecdb0a25c62964987e5dbcf7a20d2ec7?s=96&d=mm&r=g\",\"caption\":\"tereza\"},\"url\":\"https:\/\/www.welovecycling.com\/wide\/author\/tereza\/\"}]}<\/script>\n<!-- \/ Yoast SEO Premium plugin. -->","yoast_head_json":{"title":"Why Do the Pros Train at Altitude and Should You Do It Too?","description":"Most professional cyclists spend at least some time training at altitude before a big race like the Tour de France. Why do they voluntarily expose","robots":{"index":"index","follow":"follow","max-snippet":"max-snippet:-1","max-image-preview":"max-image-preview:large","max-video-preview":"max-video-preview:-1"},"canonical":"https:\/\/www.welovecycling.com\/wide\/2022\/10\/20\/why-do-the-pros-train-at-altitude-and-should-you-do-it-too\/","og_locale":"en_US","og_type":"article","og_title":"Why Do the Pros Train at Altitude and Should You Do It Too?","og_description":"Most professional cyclists spend at least some time training at altitude before a big race like the Tour de France. Why do they voluntarily expose","og_url":"https:\/\/www.welovecycling.com\/wide\/2022\/10\/20\/why-do-the-pros-train-at-altitude-and-should-you-do-it-too\/","og_site_name":"\u0160koda We Love Cycling","article_published_time":"2022-10-20T07:00:57+00:00","og_image":[{"width":990,"height":660,"url":"https:\/\/d2p6e6u75xmxt8.cloudfront.net\/2\/2022\/10\/Altitude-Cycling-profimedia-0627854209-CVR.webp","type":"image\/webp"}],"author":"tereza","twitter_card":"summary_large_image","twitter_misc":{"Written by":"Jiri Kaloc","Est. reading time":"5"},"schema":{"@context":"https:\/\/schema.org","@graph":[{"@type":"WebPage","@id":"https:\/\/www.welovecycling.com\/wide\/2022\/10\/20\/why-do-the-pros-train-at-altitude-and-should-you-do-it-too\/","url":"https:\/\/www.welovecycling.com\/wide\/2022\/10\/20\/why-do-the-pros-train-at-altitude-and-should-you-do-it-too\/","name":"Why Do the Pros Train at Altitude and Should You Do It Too?","isPartOf":{"@id":"https:\/\/www.welovecycling.com\/wide\/#website"},"primaryImageOfPage":{"@id":"https:\/\/www.welovecycling.com\/wide\/2022\/10\/20\/why-do-the-pros-train-at-altitude-and-should-you-do-it-too\/#primaryimage"},"image":{"@id":"https:\/\/www.welovecycling.com\/wide\/2022\/10\/20\/why-do-the-pros-train-at-altitude-and-should-you-do-it-too\/#primaryimage"},"thumbnailUrl":"https:\/\/d2p6e6u75xmxt8.cloudfront.net\/2\/2022\/10\/Altitude-Cycling-profimedia-0627854209-CVR.webp","datePublished":"2022-10-20T07:00:57+00:00","author":{"@id":"https:\/\/www.welovecycling.com\/wide\/#\/schema\/person\/50f01ecd18718d2333cf72e823c4f926"},"description":"Most professional cyclists spend at least some time training at altitude before a big race like the Tour de France. Why do they voluntarily expose","breadcrumb":{"@id":"https:\/\/www.welovecycling.com\/wide\/2022\/10\/20\/why-do-the-pros-train-at-altitude-and-should-you-do-it-too\/#breadcrumb"},"inLanguage":"en-US","potentialAction":[{"@type":"ReadAction","target":["https:\/\/www.welovecycling.com\/wide\/2022\/10\/20\/why-do-the-pros-train-at-altitude-and-should-you-do-it-too\/"]}]},{"@type":"ImageObject","inLanguage":"en-US","@id":"https:\/\/www.welovecycling.com\/wide\/2022\/10\/20\/why-do-the-pros-train-at-altitude-and-should-you-do-it-too\/#primaryimage","url":"https:\/\/d2p6e6u75xmxt8.cloudfront.net\/2\/2022\/10\/Altitude-Cycling-profimedia-0627854209-CVR.webp","contentUrl":"https:\/\/d2p6e6u75xmxt8.cloudfront.net\/2\/2022\/10\/Altitude-Cycling-profimedia-0627854209-CVR.webp","width":990,"height":660,"caption":"Altitude Cycling"},{"@type":"BreadcrumbList","@id":"https:\/\/www.welovecycling.com\/wide\/2022\/10\/20\/why-do-the-pros-train-at-altitude-and-should-you-do-it-too\/#breadcrumb","itemListElement":[{"@type":"ListItem","position":1,"name":"Home","item":"https:\/\/www.welovecycling.com\/wide\/"},{"@type":"ListItem","position":2,"name":"Why Do the Pros Train at Altitude and Should You Do It Too?"}]},{"@type":"WebSite","@id":"https:\/\/www.welovecycling.com\/wide\/#website","url":"https:\/\/www.welovecycling.com\/wide\/","name":"\u0160koda We Love Cycling","description":"\u0160koda We Love Cycling magazine","alternateName":"\u0160koda WLC","potentialAction":[{"@type":"SearchAction","target":{"@type":"EntryPoint","urlTemplate":"https:\/\/www.welovecycling.com\/wide\/?s={search_term_string}"},"query-input":{"@type":"PropertyValueSpecification","valueRequired":true,"valueName":"search_term_string"}}],"inLanguage":"en-US"},{"@type":"Person","@id":"https:\/\/www.welovecycling.com\/wide\/#\/schema\/person\/50f01ecd18718d2333cf72e823c4f926","name":"tereza","image":{"@type":"ImageObject","inLanguage":"en-US","@id":"https:\/\/www.welovecycling.com\/wide\/#\/schema\/person\/image\/","url":"https:\/\/secure.gravatar.com\/avatar\/1f9eb71be33845f0afabce3791bc1c58ecdb0a25c62964987e5dbcf7a20d2ec7?s=96&d=mm&r=g","contentUrl":"https:\/\/secure.gravatar.com\/avatar\/1f9eb71be33845f0afabce3791bc1c58ecdb0a25c62964987e5dbcf7a20d2ec7?s=96&d=mm&r=g","caption":"tereza"},"url":"https:\/\/www.welovecycling.com\/wide\/author\/tereza\/"}]}},"_links":{"self":[{"href":"https:\/\/www.welovecycling.com\/wide\/wp-json\/wp\/v2\/posts\/190888","targetHints":{"allow":["GET"]}}],"collection":[{"href":"https:\/\/www.welovecycling.com\/wide\/wp-json\/wp\/v2\/posts"}],"about":[{"href":"https:\/\/www.welovecycling.com\/wide\/wp-json\/wp\/v2\/types\/post"}],"author":[{"embeddable":true,"href":"https:\/\/www.welovecycling.com\/wide\/wp-json\/wp\/v2\/users\/99"}],"replies":[{"embeddable":true,"href":"https:\/\/www.welovecycling.com\/wide\/wp-json\/wp\/v2\/comments?post=190888"}],"version-history":[{"count":1,"href":"https:\/\/www.welovecycling.com\/wide\/wp-json\/wp\/v2\/posts\/190888\/revisions"}],"predecessor-version":[{"id":190890,"href":"https:\/\/www.welovecycling.com\/wide\/wp-json\/wp\/v2\/posts\/190888\/revisions\/190890"}],"wp:featuredmedia":[{"embeddable":true,"href":"https:\/\/www.welovecycling.com\/wide\/wp-json\/wp\/v2\/media\/190889"}],"wp:attachment":[{"href":"https:\/\/www.welovecycling.com\/wide\/wp-json\/wp\/v2\/media?parent=190888"}],"wp:term":[{"taxonomy":"category","embeddable":true,"href":"https:\/\/www.welovecycling.com\/wide\/wp-json\/wp\/v2\/categories?post=190888"},{"taxonomy":"post_tag","embeddable":true,"href":"https:\/\/www.welovecycling.com\/wide\/wp-json\/wp\/v2\/tags?post=190888"},{"taxonomy":"global-categories","embeddable":true,"href":"https:\/\/www.welovecycling.com\/wide\/wp-json\/wp\/v2\/global-categories?post=190888"}],"curies":[{"name":"wp","href":"https:\/\/api.w.org\/{rel}","templated":true}]}}