{"id":190784,"date":"2022-10-03T11:38:31","date_gmt":"2022-10-03T11:38:31","guid":{"rendered":"https:\/\/www.welovecycling.com\/wide\/?p=190784"},"modified":"2022-10-03T11:38:31","modified_gmt":"2022-10-03T11:38:31","slug":"young-riders-are-conquering-the-sport-of-cycling","status":"publish","type":"post","link":"https:\/\/www.welovecycling.com\/wide\/2022\/10\/03\/young-riders-are-conquering-the-sport-of-cycling\/","title":{"rendered":"Young Riders Are Conquering the Sport of Cycling"},"content":{"rendered":"<p><strong>What do Egan Bernal, Tadej Poga\u010dar, Remco Evenepoel, Jonas Vingegaard and Tao Geoghegan Hart\u00a0have in common? They are all professional cyclists and they have all won a Grand Tour at age 25 or younger in the past three years. And Jai Hindley won the 2022 Giro d\u2019Italia while turning 26.<\/strong><\/p>\n<p><!--more--><\/p>\n<p>To get more granular, Bernal was 22 when he won the 2019 Tour de France and 24 when he won last year\u2019s Giro. Poga\u010dar was 21 when he won the first of his two Tour de France yellow jerseys, and two other jerseys as well (King of the Mountains and young rider); he repeated this feat at age 22. Evenepoel was 22 when he won this year\u2019s Vuelta a <a href=\"https:\/\/en.wikipedia.org\/wiki\/2022_Vuelta_a_Espa%C3%B1a\">Espa\u00f1a<\/a>\u00a0and, two weeks later, the UCI World Road Race Championship. Vingegaard was 25 when he won this year\u2019s Tour and Hart was the same age when he won a surprise victory in the 2020 Giro.<\/p>\n<p>That\u2019s a lot of riders winning a lot of major races at a very young age. And you can add to that riders like Wout van Aert who have not won a Grand Tour but have won Grand Tour stages and were influential in Grand Tour races in their early 20s. In fact, young riders seem to have taken over the sport. And it also seems that every year, another young rider explodes on the scene. This year, for example, it was Vingegaard and Evenepoel. If we look ahead to next year, it seems that the major trophies will be fought out among Bernal, Poga\u010dar, Evenepoel and Vingegaard. Is this an actual trend and how long has it been going on?<\/p>\n<p><a href=\"https:\/\/www.velonews.com\/culture\/the-outer-line-the-youth-movement-real-or-imaginary\/\">According to a study<\/a> carried out by VeloNews, cycling\u2019s youth movement actually began in 2015 and \u201cvirtually exploded\u201d since the emergence of Egan Bernal in 2017 when he won <a href=\"https:\/\/en.wikipedia.org\/wiki\/2017_Sibiu_Cycling_Tour\">Sibiu Cycling Tour<\/a>, the <a href=\"https:\/\/en.wikipedia.org\/wiki\/Tour_de_Savoie_Mont_Blanc\">Tour de Savoie Mont Blanc<\/a> and the Tour de l\u2019Avenir. \u201cIt gained momentum in 2019 when 20-year-old\u00a0<a href=\"https:\/\/www.velonews.com\/tag\/Tadej-Pogacar\">Tadej Poga\u010dar<\/a>\u00a0won the final Tour of California, and when Bernal claimed the Tour de France\u2019s podium later that summer, at only 22 years of age,\u201d VeloNews wrote. \u201cYounger talents weren\u2019t just being developed by top teams; rather, the talent had already arrived on the world stage.\u201d<\/p>\n<p>Why have young riders suddenly become the stars and not, as they had been, apprentices to their elders until they had learned the trade well enough to become stars themselves? One reason is certainly that there are more young cyclists in general. There has been a boom for at least a decade in people riding bikes as part of a new mobility strategy to reduce pollution in urban areas and as part of their personal fitness programs. This trend looks likely to continue because the Covid epidemic led to another boom of bike sales around the world, as people sought to avoid catching the virus.<\/p>\n<p>Another reason may be that as these new cyclists became interested in the sport, they began purchasing high-level equipment to improve their performances. As a result, these products \u2013 power meters, indoor bike trainers, fitness trackers, etc. \u2013 became less expensive, and therefore more accessible. This made it possible for riders to become good riders at an early age. In addition, these young cyclists would have been aware of the best sport science practices, such as what to eat to improve their performances, so that when they decided to become professional road racers, they were far more prepared \u2013 and fitter \u2013 than their elders had been at the same age.<\/p>\n<p>Finally (and this might be a stretch), professional cycling teams needing to cut their budgets to survive may have taken some of these young riders on and let their more expensive, older riders go. It\u2019s almost certain now, though, that as more young riders make it big on the world stage, more teams will be looking to sign up the next <a href=\"https:\/\/www.welovecycling.com\/wide\/2021\/11\/17\/pogacar-says-he-can-be-beaten-can-he-really\/\" target=\"_blank\" rel=\"noopener\">Tadej Poga\u010dar<\/a>\u00a0or Remco Evenepoel as early as possible and that the age of Grand Tour winners will continue to decline. So we have to ask: When will the first teenager win the <a href=\"https:\/\/www.letour.fr\/en\/\">Tour de France?<\/a><\/p>\n","protected":false},"excerpt":{"rendered":"<p>What do Egan Bernal, Tadej Poga\u010dar, Remco Evenepoel, Jonas Vingegaard and Tao Geoghegan Hart\u00a0have in common? They are all professional [&hellip;]<\/p>\n","protected":false},"author":99,"featured_media":190786,"comment_status":"open","ping_status":"open","sticky":false,"template":"","format":"standard","meta":{"footnotes":""},"categories":[329],"tags":[2621,6403,5450,3544,3415,4515],"global-categories":[3366],"class_list":["post-190784","post","type-post","status-publish","format-standard","has-post-thumbnail","hentry","category-road-cycling","tag-egan-bernal","tag-jai-hindley","tag-jonas-vingegaard","tag-remco-evenepoel","tag-tadej-pogacar","tag-tao-geoghegan-hart","global-categories-cycling"],"yoast_head":"<!-- This site is optimized with the Yoast SEO Premium plugin v25.3 (Yoast SEO v25.9) - https:\/\/yoast.com\/wordpress\/plugins\/seo\/ -->\n<title>Young Riders Are Conquering the Sport of Cycling - We Love Cycling<\/title>\n<meta name=\"description\" content=\"What do Egan Bernal, Tadej Poga\u010dar, Remco Evenepoel, Jonas Vingegaard and Tao Geoghegan Hart\u00a0have in common? They are all professional cyclists and they\" \/>\n<meta name=\"robots\" content=\"index, follow, max-snippet:-1, max-image-preview:large, max-video-preview:-1\" \/>\n<link rel=\"canonical\" href=\"https:\/\/www.welovecycling.com\/wide\/2022\/10\/03\/young-riders-are-conquering-the-sport-of-cycling\/\" \/>\n<meta property=\"og:locale\" content=\"en_US\" \/>\n<meta property=\"og:type\" content=\"article\" \/>\n<meta property=\"og:title\" content=\"Young Riders Are Conquering the Sport of Cycling\" \/>\n<meta property=\"og:description\" content=\"What do Egan Bernal, Tadej Poga\u010dar, Remco Evenepoel, Jonas Vingegaard and Tao Geoghegan Hart\u00a0have in common? They are all professional cyclists and they\" \/>\n<meta property=\"og:url\" content=\"https:\/\/www.welovecycling.com\/wide\/2022\/10\/03\/young-riders-are-conquering-the-sport-of-cycling\/\" \/>\n<meta property=\"og:site_name\" content=\"\u0160koda We Love Cycling\" \/>\n<meta property=\"article:published_time\" content=\"2022-10-03T11:38:31+00:00\" \/>\n<meta property=\"og:image\" content=\"https:\/\/d2p6e6u75xmxt8.cloudfront.net\/2\/2022\/10\/Vingegaard-Pogacar-profimedia-0709548351.CVR_.webp\" \/>\n\t<meta property=\"og:image:width\" content=\"990\" \/>\n\t<meta property=\"og:image:height\" content=\"660\" \/>\n\t<meta property=\"og:image:type\" content=\"image\/webp\" \/>\n<meta name=\"author\" content=\"tereza\" \/>\n<meta name=\"twitter:card\" content=\"summary_large_image\" \/>\n<meta name=\"twitter:label1\" content=\"Written by\" \/>\n\t<meta name=\"twitter:data1\" content=\"Siegfried Mortkowitz\" \/>\n\t<meta name=\"twitter:label2\" content=\"Est. reading time\" \/>\n\t<meta name=\"twitter:data2\" content=\"5\" \/>\n<script type=\"application\/ld+json\" class=\"yoast-schema-graph\">{\"@context\":\"https:\/\/schema.org\",\"@graph\":[{\"@type\":\"WebPage\",\"@id\":\"https:\/\/www.welovecycling.com\/wide\/2022\/10\/03\/young-riders-are-conquering-the-sport-of-cycling\/\",\"url\":\"https:\/\/www.welovecycling.com\/wide\/2022\/10\/03\/young-riders-are-conquering-the-sport-of-cycling\/\",\"name\":\"Young Riders Are Conquering the Sport of Cycling - We Love Cycling\",\"isPartOf\":{\"@id\":\"https:\/\/www.welovecycling.com\/wide\/#website\"},\"primaryImageOfPage\":{\"@id\":\"https:\/\/www.welovecycling.com\/wide\/2022\/10\/03\/young-riders-are-conquering-the-sport-of-cycling\/#primaryimage\"},\"image\":{\"@id\":\"https:\/\/www.welovecycling.com\/wide\/2022\/10\/03\/young-riders-are-conquering-the-sport-of-cycling\/#primaryimage\"},\"thumbnailUrl\":\"https:\/\/d2p6e6u75xmxt8.cloudfront.net\/2\/2022\/10\/Vingegaard-Pogacar-profimedia-0709548351.CVR_.webp\",\"datePublished\":\"2022-10-03T11:38:31+00:00\",\"author\":{\"@id\":\"https:\/\/www.welovecycling.com\/wide\/#\/schema\/person\/50f01ecd18718d2333cf72e823c4f926\"},\"description\":\"What do Egan Bernal, Tadej Poga\u010dar, Remco Evenepoel, Jonas Vingegaard and Tao Geoghegan Hart\u00a0have in common? They are all professional cyclists and they\",\"breadcrumb\":{\"@id\":\"https:\/\/www.welovecycling.com\/wide\/2022\/10\/03\/young-riders-are-conquering-the-sport-of-cycling\/#breadcrumb\"},\"inLanguage\":\"en-US\",\"potentialAction\":[{\"@type\":\"ReadAction\",\"target\":[\"https:\/\/www.welovecycling.com\/wide\/2022\/10\/03\/young-riders-are-conquering-the-sport-of-cycling\/\"]}]},{\"@type\":\"ImageObject\",\"inLanguage\":\"en-US\",\"@id\":\"https:\/\/www.welovecycling.com\/wide\/2022\/10\/03\/young-riders-are-conquering-the-sport-of-cycling\/#primaryimage\",\"url\":\"https:\/\/d2p6e6u75xmxt8.cloudfront.net\/2\/2022\/10\/Vingegaard-Pogacar-profimedia-0709548351.CVR_.webp\",\"contentUrl\":\"https:\/\/d2p6e6u75xmxt8.cloudfront.net\/2\/2022\/10\/Vingegaard-Pogacar-profimedia-0709548351.CVR_.webp\",\"width\":990,\"height\":660,\"caption\":\"V\u00edngegaard and Poga\u010dar at the Tour\"},{\"@type\":\"BreadcrumbList\",\"@id\":\"https:\/\/www.welovecycling.com\/wide\/2022\/10\/03\/young-riders-are-conquering-the-sport-of-cycling\/#breadcrumb\",\"itemListElement\":[{\"@type\":\"ListItem\",\"position\":1,\"name\":\"Home\",\"item\":\"https:\/\/www.welovecycling.com\/wide\/\"},{\"@type\":\"ListItem\",\"position\":2,\"name\":\"Young Riders Are Conquering the Sport of Cycling\"}]},{\"@type\":\"WebSite\",\"@id\":\"https:\/\/www.welovecycling.com\/wide\/#website\",\"url\":\"https:\/\/www.welovecycling.com\/wide\/\",\"name\":\"\u0160koda We Love Cycling\",\"description\":\"\u0160koda We Love Cycling magazine\",\"alternateName\":\"\u0160koda WLC\",\"potentialAction\":[{\"@type\":\"SearchAction\",\"target\":{\"@type\":\"EntryPoint\",\"urlTemplate\":\"https:\/\/www.welovecycling.com\/wide\/?s={search_term_string}\"},\"query-input\":{\"@type\":\"PropertyValueSpecification\",\"valueRequired\":true,\"valueName\":\"search_term_string\"}}],\"inLanguage\":\"en-US\"},{\"@type\":\"Person\",\"@id\":\"https:\/\/www.welovecycling.com\/wide\/#\/schema\/person\/50f01ecd18718d2333cf72e823c4f926\",\"name\":\"tereza\",\"image\":{\"@type\":\"ImageObject\",\"inLanguage\":\"en-US\",\"@id\":\"https:\/\/www.welovecycling.com\/wide\/#\/schema\/person\/image\/\",\"url\":\"https:\/\/secure.gravatar.com\/avatar\/1f9eb71be33845f0afabce3791bc1c58ecdb0a25c62964987e5dbcf7a20d2ec7?s=96&d=mm&r=g\",\"contentUrl\":\"https:\/\/secure.gravatar.com\/avatar\/1f9eb71be33845f0afabce3791bc1c58ecdb0a25c62964987e5dbcf7a20d2ec7?s=96&d=mm&r=g\",\"caption\":\"tereza\"},\"url\":\"https:\/\/www.welovecycling.com\/wide\/author\/tereza\/\"}]}<\/script>\n<!-- \/ Yoast SEO Premium plugin. -->","yoast_head_json":{"title":"Young Riders Are Conquering the Sport of Cycling - We Love Cycling","description":"What do Egan Bernal, Tadej Poga\u010dar, Remco Evenepoel, Jonas Vingegaard and Tao Geoghegan Hart\u00a0have in common? They are all professional cyclists and they","robots":{"index":"index","follow":"follow","max-snippet":"max-snippet:-1","max-image-preview":"max-image-preview:large","max-video-preview":"max-video-preview:-1"},"canonical":"https:\/\/www.welovecycling.com\/wide\/2022\/10\/03\/young-riders-are-conquering-the-sport-of-cycling\/","og_locale":"en_US","og_type":"article","og_title":"Young Riders Are Conquering the Sport of Cycling","og_description":"What do Egan Bernal, Tadej Poga\u010dar, Remco Evenepoel, Jonas Vingegaard and Tao Geoghegan Hart\u00a0have in common? They are all professional cyclists and they","og_url":"https:\/\/www.welovecycling.com\/wide\/2022\/10\/03\/young-riders-are-conquering-the-sport-of-cycling\/","og_site_name":"\u0160koda We Love Cycling","article_published_time":"2022-10-03T11:38:31+00:00","og_image":[{"width":990,"height":660,"url":"https:\/\/d2p6e6u75xmxt8.cloudfront.net\/2\/2022\/10\/Vingegaard-Pogacar-profimedia-0709548351.CVR_.webp","type":"image\/webp"}],"author":"tereza","twitter_card":"summary_large_image","twitter_misc":{"Written by":"Siegfried Mortkowitz","Est. reading time":"5"},"schema":{"@context":"https:\/\/schema.org","@graph":[{"@type":"WebPage","@id":"https:\/\/www.welovecycling.com\/wide\/2022\/10\/03\/young-riders-are-conquering-the-sport-of-cycling\/","url":"https:\/\/www.welovecycling.com\/wide\/2022\/10\/03\/young-riders-are-conquering-the-sport-of-cycling\/","name":"Young Riders Are Conquering the Sport of Cycling - We Love Cycling","isPartOf":{"@id":"https:\/\/www.welovecycling.com\/wide\/#website"},"primaryImageOfPage":{"@id":"https:\/\/www.welovecycling.com\/wide\/2022\/10\/03\/young-riders-are-conquering-the-sport-of-cycling\/#primaryimage"},"image":{"@id":"https:\/\/www.welovecycling.com\/wide\/2022\/10\/03\/young-riders-are-conquering-the-sport-of-cycling\/#primaryimage"},"thumbnailUrl":"https:\/\/d2p6e6u75xmxt8.cloudfront.net\/2\/2022\/10\/Vingegaard-Pogacar-profimedia-0709548351.CVR_.webp","datePublished":"2022-10-03T11:38:31+00:00","author":{"@id":"https:\/\/www.welovecycling.com\/wide\/#\/schema\/person\/50f01ecd18718d2333cf72e823c4f926"},"description":"What do Egan Bernal, Tadej Poga\u010dar, Remco Evenepoel, Jonas Vingegaard and Tao Geoghegan Hart\u00a0have in common? They are all professional cyclists and they","breadcrumb":{"@id":"https:\/\/www.welovecycling.com\/wide\/2022\/10\/03\/young-riders-are-conquering-the-sport-of-cycling\/#breadcrumb"},"inLanguage":"en-US","potentialAction":[{"@type":"ReadAction","target":["https:\/\/www.welovecycling.com\/wide\/2022\/10\/03\/young-riders-are-conquering-the-sport-of-cycling\/"]}]},{"@type":"ImageObject","inLanguage":"en-US","@id":"https:\/\/www.welovecycling.com\/wide\/2022\/10\/03\/young-riders-are-conquering-the-sport-of-cycling\/#primaryimage","url":"https:\/\/d2p6e6u75xmxt8.cloudfront.net\/2\/2022\/10\/Vingegaard-Pogacar-profimedia-0709548351.CVR_.webp","contentUrl":"https:\/\/d2p6e6u75xmxt8.cloudfront.net\/2\/2022\/10\/Vingegaard-Pogacar-profimedia-0709548351.CVR_.webp","width":990,"height":660,"caption":"V\u00edngegaard and Poga\u010dar at the Tour"},{"@type":"BreadcrumbList","@id":"https:\/\/www.welovecycling.com\/wide\/2022\/10\/03\/young-riders-are-conquering-the-sport-of-cycling\/#breadcrumb","itemListElement":[{"@type":"ListItem","position":1,"name":"Home","item":"https:\/\/www.welovecycling.com\/wide\/"},{"@type":"ListItem","position":2,"name":"Young Riders Are Conquering the Sport of Cycling"}]},{"@type":"WebSite","@id":"https:\/\/www.welovecycling.com\/wide\/#website","url":"https:\/\/www.welovecycling.com\/wide\/","name":"\u0160koda We Love Cycling","description":"\u0160koda We Love Cycling magazine","alternateName":"\u0160koda WLC","potentialAction":[{"@type":"SearchAction","target":{"@type":"EntryPoint","urlTemplate":"https:\/\/www.welovecycling.com\/wide\/?s={search_term_string}"},"query-input":{"@type":"PropertyValueSpecification","valueRequired":true,"valueName":"search_term_string"}}],"inLanguage":"en-US"},{"@type":"Person","@id":"https:\/\/www.welovecycling.com\/wide\/#\/schema\/person\/50f01ecd18718d2333cf72e823c4f926","name":"tereza","image":{"@type":"ImageObject","inLanguage":"en-US","@id":"https:\/\/www.welovecycling.com\/wide\/#\/schema\/person\/image\/","url":"https:\/\/secure.gravatar.com\/avatar\/1f9eb71be33845f0afabce3791bc1c58ecdb0a25c62964987e5dbcf7a20d2ec7?s=96&d=mm&r=g","contentUrl":"https:\/\/secure.gravatar.com\/avatar\/1f9eb71be33845f0afabce3791bc1c58ecdb0a25c62964987e5dbcf7a20d2ec7?s=96&d=mm&r=g","caption":"tereza"},"url":"https:\/\/www.welovecycling.com\/wide\/author\/tereza\/"}]}},"_links":{"self":[{"href":"https:\/\/www.welovecycling.com\/wide\/wp-json\/wp\/v2\/posts\/190784","targetHints":{"allow":["GET"]}}],"collection":[{"href":"https:\/\/www.welovecycling.com\/wide\/wp-json\/wp\/v2\/posts"}],"about":[{"href":"https:\/\/www.welovecycling.com\/wide\/wp-json\/wp\/v2\/types\/post"}],"author":[{"embeddable":true,"href":"https:\/\/www.welovecycling.com\/wide\/wp-json\/wp\/v2\/users\/99"}],"replies":[{"embeddable":true,"href":"https:\/\/www.welovecycling.com\/wide\/wp-json\/wp\/v2\/comments?post=190784"}],"version-history":[{"count":2,"href":"https:\/\/www.welovecycling.com\/wide\/wp-json\/wp\/v2\/posts\/190784\/revisions"}],"predecessor-version":[{"id":190787,"href":"https:\/\/www.welovecycling.com\/wide\/wp-json\/wp\/v2\/posts\/190784\/revisions\/190787"}],"wp:featuredmedia":[{"embeddable":true,"href":"https:\/\/www.welovecycling.com\/wide\/wp-json\/wp\/v2\/media\/190786"}],"wp:attachment":[{"href":"https:\/\/www.welovecycling.com\/wide\/wp-json\/wp\/v2\/media?parent=190784"}],"wp:term":[{"taxonomy":"category","embeddable":true,"href":"https:\/\/www.welovecycling.com\/wide\/wp-json\/wp\/v2\/categories?post=190784"},{"taxonomy":"post_tag","embeddable":true,"href":"https:\/\/www.welovecycling.com\/wide\/wp-json\/wp\/v2\/tags?post=190784"},{"taxonomy":"global-categories","embeddable":true,"href":"https:\/\/www.welovecycling.com\/wide\/wp-json\/wp\/v2\/global-categories?post=190784"}],"curies":[{"name":"wp","href":"https:\/\/api.w.org\/{rel}","templated":true}]}}