{"id":190497,"date":"2022-08-24T13:26:07","date_gmt":"2022-08-24T13:26:07","guid":{"rendered":"https:\/\/www.welovecycling.com\/wide\/?p=190497"},"modified":"2022-08-24T13:26:07","modified_gmt":"2022-08-24T13:26:07","slug":"a-brief-history-of-the-vuelta-a-espana-skoda-green-jersey","status":"publish","type":"post","link":"https:\/\/www.welovecycling.com\/wide\/2022\/08\/24\/a-brief-history-of-the-vuelta-a-espana-skoda-green-jersey\/","title":{"rendered":"A Brief History of the Vuelta a Espa\u00f1a \u0160koda Green Jersey"},"content":{"rendered":"<p><strong>The first Vuelta a Espa\u00f1a was run in 1935, inspired by the popularity of the Tour de France. Ten years later, again taking a page from the Tour, it began awarding a prize for the best sprinter, calculated from points allocated on the basis of the stage finish. At that time, the winner of a stage received 100 points, the second-place finisher received 99 and so on. If cyclists arrived in a group that was given the same time, each of them received the same number of points.<\/strong><\/p>\n<p><!--more--><\/p>\n<p>In addition, the first five cyclists in a stage received 12 points for every minute they arrived ahead of the stage\u2019s sixth-place finisher. For every point scored for the\u00a0<a href=\"https:\/\/en.wikipedia.org\/wiki\/Mountains_classification_in_the_Vuelta_a_Espa%C3%B1a\">mountains classification<\/a>, two points were given for the points classification. Points could also be won on intermediate sprints: eight for the winner, six for the second, four and two for the third and fourth, respectively. The points classification was then sponsored by the Italian tire manufacturer Pirelli and the leader wore a blue jersey with yellow fish on it.<\/p>\n<p>Though Pirelli said the points classification competition had been a great success, it was dropped from the race for 10 years, reappearing in the 1955 Vuelta with a changed method of calculating points. Then it used the method of adding up the stage ranks, as did the\u00a0<a href=\"https:\/\/en.wikipedia.org\/wiki\/Points_classification_in_the_Tour_de_France\">points classification in the Tour de France<\/a>\u00a0at the time. This meant that the rider with the fewest points won the competition. And, just as in the Tour, the leader of the points classification now wore a green jersey. In 1963, the points system changed so that points were given to the first cyclists to reach the finish, and the cyclist with the most points was the leader.<\/p>\n<figure id=\"attachment_190499\" aria-describedby=\"caption-attachment-190499\" style=\"width: 1000px\" class=\"wp-caption alignnone\"><a href=\"https:\/\/d2p6e6u75xmxt8.cloudfront.net\/2\/2022\/08\/Sam-Bennett-profimedia-0715666617.jpg\"><img loading=\"lazy\" decoding=\"async\" class=\"size-full wp-image-190499\" src=\"https:\/\/d2p6e6u75xmxt8.cloudfront.net\/2\/2022\/08\/Sam-Bennett-profimedia-0715666617.jpg\" alt=\"Sam Bennett\" width=\"1000\" height=\"719\" \/><\/a><figcaption id=\"caption-attachment-190499\" class=\"wp-caption-text\">Sam Bennett in the \u0160koda Green Jersey at stage three of this year&#8217;s La Vuelta. \u00a9 Profimedia<\/figcaption><\/figure>\n<p>Unlike in the Tour de France, the green jersey in the Vuelta has not necessarily been the exclusive property of the sprinters. That\u2019s because an equal number of points were traditionally awarded in the mountains as in the flat stages. Because of the high number of mountain stages and summit finishes in the Vuelta, there has often been a correlation between the general classification and the green jersey. For example, Alejandro Valverde, who has never been known as a great sprinter, has won the Vuelta green jersey four times, as did the French puncheur Laurent Jalabert.<\/p>\n<p>Speaking of Alejandro Valverde, it was him who became the first holder of the \u0160koda Green Jersey in 2015; the year that marked the beginning of \u0160koda\u2019s sponsorship of the Vuelta\u2019s green jersey. It\u2019s a natural partnership, considering the fact that \u0160koda began operations as a manufacturer of bicycles in 1895.<\/p>\n<p>Chris Froome won the \u0160koda Green Jersey in 2017 and three-time Vuelta GC winner <a href=\"https:\/\/www.welovecycling.com\/wide\/2021\/06\/29\/ride2unite-podcast-with-primoz-roglic-i-had-to-learn-how-to-suffer\/\" target=\"_blank\" rel=\"noopener\">Primo\u017e Rogli\u010d<\/a> won it in 2019 and 2020, while also winning the GC those years. However, sprinters have also had their share of green-jersey success in the race, with three victories for Erik Zabel and solo wins by such stellar sprinters as Mark Cavendish, Alessandro Petacchi, Andr\u00e9 Greipel and, last year, Fabio Jakobsen. Generally they managed to win when there were fewer summit finishes and relatively more mass-sprint stages. This year, however, the rules changed: 50 points will be awarded to the winner of a flat stage, 30 points for winning a medium-mountain or hilly stage and 20 points for those who finish first in a mountain stage. So, we may be in for a surprise.<\/p>\n<p>Are you as excited as we are to see the riders battle for green this year?<\/p>\n","protected":false},"excerpt":{"rendered":"<p>The first Vuelta a Espa\u00f1a was run in 1935, inspired by the popularity of the Tour de France. Ten years [&hellip;]<\/p>\n","protected":false},"author":99,"featured_media":190498,"comment_status":"open","ping_status":"open","sticky":false,"template":"","format":"standard","meta":{"footnotes":""},"categories":[329],"tags":[5954,894,4397,3891,479,461,3453],"global-categories":[3366],"class_list":["post-190497","post","type-post","status-publish","format-standard","has-post-thumbnail","hentry","category-road-cycling","tag-2022-la-vuelta","tag-andre-greipel","tag-erik-zabel","tag-fabio-jakobsen","tag-la-vuelta","tag-mark-cavendish","tag-skoda-green-jersey","global-categories-cycling"],"yoast_head":"<!-- This site is optimized with the Yoast SEO Premium plugin v25.3 (Yoast SEO v25.9) - https:\/\/yoast.com\/wordpress\/plugins\/seo\/ -->\n<title>A Brief History of the Vuelta a Espa\u00f1a \u0160koda Green Jersey<\/title>\n<meta name=\"description\" content=\"The first Vuelta a Espa\u00f1a was run in 1935, inspired by the popularity of the Tour de France. Ten years later, again taking a page from the Tour, it began\" \/>\n<meta name=\"robots\" content=\"index, follow, max-snippet:-1, max-image-preview:large, max-video-preview:-1\" \/>\n<link rel=\"canonical\" href=\"https:\/\/www.welovecycling.com\/wide\/2022\/08\/24\/a-brief-history-of-the-vuelta-a-espana-skoda-green-jersey\/\" \/>\n<meta property=\"og:locale\" content=\"en_US\" \/>\n<meta property=\"og:type\" content=\"article\" \/>\n<meta property=\"og:title\" content=\"A Brief History of the Vuelta a Espa\u00f1a \u0160koda Green Jersey\" \/>\n<meta property=\"og:description\" content=\"The first Vuelta a Espa\u00f1a was run in 1935, inspired by the popularity of the Tour de France. Ten years later, again taking a page from the Tour, it began\" \/>\n<meta property=\"og:url\" content=\"https:\/\/www.welovecycling.com\/wide\/2022\/08\/24\/a-brief-history-of-the-vuelta-a-espana-skoda-green-jersey\/\" \/>\n<meta property=\"og:site_name\" content=\"\u0160koda We Love Cycling\" \/>\n<meta property=\"article:published_time\" content=\"2022-08-24T13:26:07+00:00\" \/>\n<meta property=\"og:image\" content=\"https:\/\/d2p6e6u75xmxt8.cloudfront.net\/2\/2022\/08\/Primoz-Roglic-SKODA-Green-Jersey-La-Vuelta-profimedia-0715187548-CVR.webp\" \/>\n\t<meta property=\"og:image:width\" content=\"990\" \/>\n\t<meta property=\"og:image:height\" content=\"660\" \/>\n\t<meta property=\"og:image:type\" content=\"image\/webp\" \/>\n<meta name=\"author\" content=\"tereza\" \/>\n<meta name=\"twitter:card\" content=\"summary_large_image\" \/>\n<meta name=\"twitter:label1\" content=\"Written by\" \/>\n\t<meta name=\"twitter:data1\" content=\"Siegfried Mortkowitz\" \/>\n\t<meta name=\"twitter:label2\" content=\"Est. reading time\" \/>\n\t<meta name=\"twitter:data2\" content=\"5\" \/>\n<script type=\"application\/ld+json\" class=\"yoast-schema-graph\">{\"@context\":\"https:\/\/schema.org\",\"@graph\":[{\"@type\":\"WebPage\",\"@id\":\"https:\/\/www.welovecycling.com\/wide\/2022\/08\/24\/a-brief-history-of-the-vuelta-a-espana-skoda-green-jersey\/\",\"url\":\"https:\/\/www.welovecycling.com\/wide\/2022\/08\/24\/a-brief-history-of-the-vuelta-a-espana-skoda-green-jersey\/\",\"name\":\"A Brief History of the Vuelta a Espa\u00f1a \u0160koda Green Jersey\",\"isPartOf\":{\"@id\":\"https:\/\/www.welovecycling.com\/wide\/#website\"},\"primaryImageOfPage\":{\"@id\":\"https:\/\/www.welovecycling.com\/wide\/2022\/08\/24\/a-brief-history-of-the-vuelta-a-espana-skoda-green-jersey\/#primaryimage\"},\"image\":{\"@id\":\"https:\/\/www.welovecycling.com\/wide\/2022\/08\/24\/a-brief-history-of-the-vuelta-a-espana-skoda-green-jersey\/#primaryimage\"},\"thumbnailUrl\":\"https:\/\/d2p6e6u75xmxt8.cloudfront.net\/2\/2022\/08\/Primoz-Roglic-SKODA-Green-Jersey-La-Vuelta-profimedia-0715187548-CVR.webp\",\"datePublished\":\"2022-08-24T13:26:07+00:00\",\"author\":{\"@id\":\"https:\/\/www.welovecycling.com\/wide\/#\/schema\/person\/50f01ecd18718d2333cf72e823c4f926\"},\"description\":\"The first Vuelta a Espa\u00f1a was run in 1935, inspired by the popularity of the Tour de France. Ten years later, again taking a page from the Tour, it began\",\"breadcrumb\":{\"@id\":\"https:\/\/www.welovecycling.com\/wide\/2022\/08\/24\/a-brief-history-of-the-vuelta-a-espana-skoda-green-jersey\/#breadcrumb\"},\"inLanguage\":\"en-US\",\"potentialAction\":[{\"@type\":\"ReadAction\",\"target\":[\"https:\/\/www.welovecycling.com\/wide\/2022\/08\/24\/a-brief-history-of-the-vuelta-a-espana-skoda-green-jersey\/\"]}]},{\"@type\":\"ImageObject\",\"inLanguage\":\"en-US\",\"@id\":\"https:\/\/www.welovecycling.com\/wide\/2022\/08\/24\/a-brief-history-of-the-vuelta-a-espana-skoda-green-jersey\/#primaryimage\",\"url\":\"https:\/\/d2p6e6u75xmxt8.cloudfront.net\/2\/2022\/08\/Primoz-Roglic-SKODA-Green-Jersey-La-Vuelta-profimedia-0715187548-CVR.webp\",\"contentUrl\":\"https:\/\/d2p6e6u75xmxt8.cloudfront.net\/2\/2022\/08\/Primoz-Roglic-SKODA-Green-Jersey-La-Vuelta-profimedia-0715187548-CVR.webp\",\"width\":990,\"height\":660,\"caption\":\"Rogli\u010d at La Vuelta\"},{\"@type\":\"BreadcrumbList\",\"@id\":\"https:\/\/www.welovecycling.com\/wide\/2022\/08\/24\/a-brief-history-of-the-vuelta-a-espana-skoda-green-jersey\/#breadcrumb\",\"itemListElement\":[{\"@type\":\"ListItem\",\"position\":1,\"name\":\"Home\",\"item\":\"https:\/\/www.welovecycling.com\/wide\/\"},{\"@type\":\"ListItem\",\"position\":2,\"name\":\"A Brief History of the Vuelta a Espa\u00f1a \u0160koda Green Jersey\"}]},{\"@type\":\"WebSite\",\"@id\":\"https:\/\/www.welovecycling.com\/wide\/#website\",\"url\":\"https:\/\/www.welovecycling.com\/wide\/\",\"name\":\"\u0160koda We Love Cycling\",\"description\":\"\u0160koda We Love Cycling magazine\",\"alternateName\":\"\u0160koda WLC\",\"potentialAction\":[{\"@type\":\"SearchAction\",\"target\":{\"@type\":\"EntryPoint\",\"urlTemplate\":\"https:\/\/www.welovecycling.com\/wide\/?s={search_term_string}\"},\"query-input\":{\"@type\":\"PropertyValueSpecification\",\"valueRequired\":true,\"valueName\":\"search_term_string\"}}],\"inLanguage\":\"en-US\"},{\"@type\":\"Person\",\"@id\":\"https:\/\/www.welovecycling.com\/wide\/#\/schema\/person\/50f01ecd18718d2333cf72e823c4f926\",\"name\":\"tereza\",\"image\":{\"@type\":\"ImageObject\",\"inLanguage\":\"en-US\",\"@id\":\"https:\/\/www.welovecycling.com\/wide\/#\/schema\/person\/image\/\",\"url\":\"https:\/\/secure.gravatar.com\/avatar\/1f9eb71be33845f0afabce3791bc1c58ecdb0a25c62964987e5dbcf7a20d2ec7?s=96&d=mm&r=g\",\"contentUrl\":\"https:\/\/secure.gravatar.com\/avatar\/1f9eb71be33845f0afabce3791bc1c58ecdb0a25c62964987e5dbcf7a20d2ec7?s=96&d=mm&r=g\",\"caption\":\"tereza\"},\"url\":\"https:\/\/www.welovecycling.com\/wide\/author\/tereza\/\"}]}<\/script>\n<!-- \/ Yoast SEO Premium plugin. -->","yoast_head_json":{"title":"A Brief History of the Vuelta a Espa\u00f1a \u0160koda Green Jersey","description":"The first Vuelta a Espa\u00f1a was run in 1935, inspired by the popularity of the Tour de France. Ten years later, again taking a page from the Tour, it began","robots":{"index":"index","follow":"follow","max-snippet":"max-snippet:-1","max-image-preview":"max-image-preview:large","max-video-preview":"max-video-preview:-1"},"canonical":"https:\/\/www.welovecycling.com\/wide\/2022\/08\/24\/a-brief-history-of-the-vuelta-a-espana-skoda-green-jersey\/","og_locale":"en_US","og_type":"article","og_title":"A Brief History of the Vuelta a Espa\u00f1a \u0160koda Green Jersey","og_description":"The first Vuelta a Espa\u00f1a was run in 1935, inspired by the popularity of the Tour de France. Ten years later, again taking a page from the Tour, it began","og_url":"https:\/\/www.welovecycling.com\/wide\/2022\/08\/24\/a-brief-history-of-the-vuelta-a-espana-skoda-green-jersey\/","og_site_name":"\u0160koda We Love Cycling","article_published_time":"2022-08-24T13:26:07+00:00","og_image":[{"width":990,"height":660,"url":"https:\/\/d2p6e6u75xmxt8.cloudfront.net\/2\/2022\/08\/Primoz-Roglic-SKODA-Green-Jersey-La-Vuelta-profimedia-0715187548-CVR.webp","type":"image\/webp"}],"author":"tereza","twitter_card":"summary_large_image","twitter_misc":{"Written by":"Siegfried Mortkowitz","Est. reading time":"5"},"schema":{"@context":"https:\/\/schema.org","@graph":[{"@type":"WebPage","@id":"https:\/\/www.welovecycling.com\/wide\/2022\/08\/24\/a-brief-history-of-the-vuelta-a-espana-skoda-green-jersey\/","url":"https:\/\/www.welovecycling.com\/wide\/2022\/08\/24\/a-brief-history-of-the-vuelta-a-espana-skoda-green-jersey\/","name":"A Brief History of the Vuelta a Espa\u00f1a \u0160koda Green Jersey","isPartOf":{"@id":"https:\/\/www.welovecycling.com\/wide\/#website"},"primaryImageOfPage":{"@id":"https:\/\/www.welovecycling.com\/wide\/2022\/08\/24\/a-brief-history-of-the-vuelta-a-espana-skoda-green-jersey\/#primaryimage"},"image":{"@id":"https:\/\/www.welovecycling.com\/wide\/2022\/08\/24\/a-brief-history-of-the-vuelta-a-espana-skoda-green-jersey\/#primaryimage"},"thumbnailUrl":"https:\/\/d2p6e6u75xmxt8.cloudfront.net\/2\/2022\/08\/Primoz-Roglic-SKODA-Green-Jersey-La-Vuelta-profimedia-0715187548-CVR.webp","datePublished":"2022-08-24T13:26:07+00:00","author":{"@id":"https:\/\/www.welovecycling.com\/wide\/#\/schema\/person\/50f01ecd18718d2333cf72e823c4f926"},"description":"The first Vuelta a Espa\u00f1a was run in 1935, inspired by the popularity of the Tour de France. Ten years later, again taking a page from the Tour, it began","breadcrumb":{"@id":"https:\/\/www.welovecycling.com\/wide\/2022\/08\/24\/a-brief-history-of-the-vuelta-a-espana-skoda-green-jersey\/#breadcrumb"},"inLanguage":"en-US","potentialAction":[{"@type":"ReadAction","target":["https:\/\/www.welovecycling.com\/wide\/2022\/08\/24\/a-brief-history-of-the-vuelta-a-espana-skoda-green-jersey\/"]}]},{"@type":"ImageObject","inLanguage":"en-US","@id":"https:\/\/www.welovecycling.com\/wide\/2022\/08\/24\/a-brief-history-of-the-vuelta-a-espana-skoda-green-jersey\/#primaryimage","url":"https:\/\/d2p6e6u75xmxt8.cloudfront.net\/2\/2022\/08\/Primoz-Roglic-SKODA-Green-Jersey-La-Vuelta-profimedia-0715187548-CVR.webp","contentUrl":"https:\/\/d2p6e6u75xmxt8.cloudfront.net\/2\/2022\/08\/Primoz-Roglic-SKODA-Green-Jersey-La-Vuelta-profimedia-0715187548-CVR.webp","width":990,"height":660,"caption":"Rogli\u010d at La Vuelta"},{"@type":"BreadcrumbList","@id":"https:\/\/www.welovecycling.com\/wide\/2022\/08\/24\/a-brief-history-of-the-vuelta-a-espana-skoda-green-jersey\/#breadcrumb","itemListElement":[{"@type":"ListItem","position":1,"name":"Home","item":"https:\/\/www.welovecycling.com\/wide\/"},{"@type":"ListItem","position":2,"name":"A Brief History of the Vuelta a Espa\u00f1a \u0160koda Green Jersey"}]},{"@type":"WebSite","@id":"https:\/\/www.welovecycling.com\/wide\/#website","url":"https:\/\/www.welovecycling.com\/wide\/","name":"\u0160koda We Love Cycling","description":"\u0160koda We Love Cycling magazine","alternateName":"\u0160koda WLC","potentialAction":[{"@type":"SearchAction","target":{"@type":"EntryPoint","urlTemplate":"https:\/\/www.welovecycling.com\/wide\/?s={search_term_string}"},"query-input":{"@type":"PropertyValueSpecification","valueRequired":true,"valueName":"search_term_string"}}],"inLanguage":"en-US"},{"@type":"Person","@id":"https:\/\/www.welovecycling.com\/wide\/#\/schema\/person\/50f01ecd18718d2333cf72e823c4f926","name":"tereza","image":{"@type":"ImageObject","inLanguage":"en-US","@id":"https:\/\/www.welovecycling.com\/wide\/#\/schema\/person\/image\/","url":"https:\/\/secure.gravatar.com\/avatar\/1f9eb71be33845f0afabce3791bc1c58ecdb0a25c62964987e5dbcf7a20d2ec7?s=96&d=mm&r=g","contentUrl":"https:\/\/secure.gravatar.com\/avatar\/1f9eb71be33845f0afabce3791bc1c58ecdb0a25c62964987e5dbcf7a20d2ec7?s=96&d=mm&r=g","caption":"tereza"},"url":"https:\/\/www.welovecycling.com\/wide\/author\/tereza\/"}]}},"_links":{"self":[{"href":"https:\/\/www.welovecycling.com\/wide\/wp-json\/wp\/v2\/posts\/190497","targetHints":{"allow":["GET"]}}],"collection":[{"href":"https:\/\/www.welovecycling.com\/wide\/wp-json\/wp\/v2\/posts"}],"about":[{"href":"https:\/\/www.welovecycling.com\/wide\/wp-json\/wp\/v2\/types\/post"}],"author":[{"embeddable":true,"href":"https:\/\/www.welovecycling.com\/wide\/wp-json\/wp\/v2\/users\/99"}],"replies":[{"embeddable":true,"href":"https:\/\/www.welovecycling.com\/wide\/wp-json\/wp\/v2\/comments?post=190497"}],"version-history":[{"count":1,"href":"https:\/\/www.welovecycling.com\/wide\/wp-json\/wp\/v2\/posts\/190497\/revisions"}],"predecessor-version":[{"id":190500,"href":"https:\/\/www.welovecycling.com\/wide\/wp-json\/wp\/v2\/posts\/190497\/revisions\/190500"}],"wp:featuredmedia":[{"embeddable":true,"href":"https:\/\/www.welovecycling.com\/wide\/wp-json\/wp\/v2\/media\/190498"}],"wp:attachment":[{"href":"https:\/\/www.welovecycling.com\/wide\/wp-json\/wp\/v2\/media?parent=190497"}],"wp:term":[{"taxonomy":"category","embeddable":true,"href":"https:\/\/www.welovecycling.com\/wide\/wp-json\/wp\/v2\/categories?post=190497"},{"taxonomy":"post_tag","embeddable":true,"href":"https:\/\/www.welovecycling.com\/wide\/wp-json\/wp\/v2\/tags?post=190497"},{"taxonomy":"global-categories","embeddable":true,"href":"https:\/\/www.welovecycling.com\/wide\/wp-json\/wp\/v2\/global-categories?post=190497"}],"curies":[{"name":"wp","href":"https:\/\/api.w.org\/{rel}","templated":true}]}}