{"id":190472,"date":"2022-08-22T14:50:21","date_gmt":"2022-08-22T14:50:21","guid":{"rendered":"https:\/\/www.welovecycling.com\/wide\/?p=190472"},"modified":"2022-08-22T14:53:21","modified_gmt":"2022-08-22T14:53:21","slug":"the-amazing-season-of-team-jumbo-visma","status":"publish","type":"post","link":"https:\/\/www.welovecycling.com\/wide\/2022\/08\/22\/the-amazing-season-of-team-jumbo-visma\/","title":{"rendered":"The Amazing Season of Team Jumbo-Visma"},"content":{"rendered":"<p><strong>Cycling aficionados tend, much less than, say, football fans, to follow the exploits of individual cyclists, rather than teams. The reason is obvious: Football teams have community followings that don\u2019t end when a fan moves to another city or country. A fan of the Chelsea football club will remain one even if he or she later lives in Paris or New York.<\/strong><\/p>\n<p><!--more--><\/p>\n<p>However, professional cycling teams are always named for their commercial sponsors, which inspires little loyalty. But they are country-based \u2013 for example, Jumbo-Visma is Dutch \u2013 which helps create a fan base. But I believe there are more followers of, say, Wout van Aert than of his team. Or that many fans follow Jumbo-Visma primarily because they are fans of of van Aert or 2022 Tour de France winner Jonas Vingegaard.<\/p>\n<p>This is one reason that we will focus on the team today. The other, more important reason is that Jumbo-Visma is on an amazing roll. Vingegaard won the Tour de France yellow jersey; van Aert, the team\u2019s super-domestique, won the <a href=\"https:\/\/www.welovecycling.com\/wide\/2022\/07\/07\/the-race-for-the-skoda-green-jersey\/\" target=\"_blank\" rel=\"noopener\">Tour\u2019s \u0160koda Green Jersey<\/a> and the team won six stages. The recently completed Tour of Denmark was won by Jumbo-Visma\u2019s Christophe Laporte. And the team won the stage 1 team time trial of the ongoing Vuelta a Espa\u00f1a, in which team leader Primo\u017e Rogli\u010d is shooting for his third consecutive GC victory. That\u2019s quite a winning streak, and chances are good, barring accident or illness, that it will continue at least into September. Jumbo-Visma riders have held the <em>maillot rojo<\/em> (red jersey) for the first three Vuelta stages, with Italian Edoardo Affini set to wear it in Tuesday\u2019s stage 4. And, frankly, there is little evidence that anyone can challenge Rogli\u010d for the GC victory.<\/p>\n<div class=\"embed-controller-wrapper\">\n<blockquote class=\"twitter-tweet\" data-width=\"500\" data-dnt=\"true\">\n<p lang=\"en\" dir=\"ltr\">\ud83d\udd34 Wow! This was a fantastic start to the Vuelta a Espa\u00f1a!<\/p>\n<p>\ud83d\udd19 Take a look at the best photos and relive the first three stages of the Spanish grand tour in our home country.\ud83c\uddf3\ud83c\uddf1<\/p>\n<p>&mdash; Team Visma | Lease a Bike (@vismaleaseabike) <a href=\"https:\/\/twitter.com\/vismaleaseabike\/status\/1561686956291014656?ref_src=twsrc%5Etfw\">August 22, 2022<\/a><\/p><\/blockquote>\n<p><script async data-src=\"https:\/\/platform.twitter.com\/widgets.js\" charset=\"utf-8\"><\/script><\/div>\n<p>Richard Carapaz, of Ineos Grenadiers, is an excellent rider who finished second in the 2020 Vuelta, to Rogli\u010d. And this may be his last race for Ineos, as he has <a href=\"https:\/\/www.cyclingweekly.com\/racing\/richard-carapaz-joins-ef-education-easypost-from-ineos-grenadiers\">signed up<\/a> to ride for the US team EF Education-EasyPost\u00a0next year. He will certainly wish to go out on a high note, but he hasn\u2019t yet demonstrated that he can beat a rider of Rogli\u010d\u2019s caliber in a Grand Tour. Other potential rivals already trail the Slovenian by significant margins. Frenchman Thibaud Pinot sits 39 secs behind after only three stages, and Australian Jai Hindley who won this year\u2019s Giro, is 41seconds adrift. It will surely take an unusual event or a sudden lapse in form to keep the Jumbo-Visma juggernaut from capturing another Grand Tour.<\/p>\n<p>The team known today as Jumbo-Visma was founded after the 1983 season as a result of the breakup of the TI-Raleigh team due to personal conflicts among the riders. Six of the TI-Raleigh riders were part of the new team, known as Kwantum\u2013Decosol\u2013Yoko, which would become Jumbo-Visma in 2019. Seven different sponsors lent their names to the team before it became Jumbo-Visma, the most important one being Rabobank. That sponsorship lasted from 1996 to 2012 and was responsible for the team\u2019s first three Grand Tour victories, all by Denis Menchov, the Vuelta (2005 and 2007) and the Giro (2009). The team did not win another Grand Tour GC until Rogli\u010d won the 2019 Vuelta under Jumbo-Visma sponsorship. Under these colors, it has become the best road racing team in the world.<\/p>\n<p>And sports director <a href=\"https:\/\/www.procyclingstats.com\/staff\/merijn-zeeman\">Merijn Zeeman<\/a> is working hard to\u00a0 ensure that the team\u2019s dominance continues for a few years more. At the start of the Vuelta, <a href=\"https:\/\/www.teamjumbovisma.com\/news\/news\/van-baarle-and-kelderman-give-team-jumbo-visma-an-orange-quality-boost-over-the-next-three-years\/\">Jumbo-Visma announced<\/a> that it had signed two strong Dutch riders, Dylan van Baarle and Wilco Kelderman. Van Baarle won this year\u2019s grueling Paris-Roubaix, while Kelderman finished third in the 2020 Giro and fifth in last year\u2019s Tour de France.<\/p>\n<p>Zeeman was of course delighted with the new signings, and noted that they would contribute to helping the team meet its competitive goals. \u201cWe aim for big prizes,&#8221; he said, as if we didn\u2019t know.<\/p>\n","protected":false},"excerpt":{"rendered":"<p>Cycling aficionados tend, much less than, say, football fans, to follow the exploits of individual cyclists, rather than teams. The [&hellip;]<\/p>\n","protected":false},"author":99,"featured_media":190478,"comment_status":"open","ping_status":"open","sticky":false,"template":"","format":"standard","meta":{"footnotes":""},"categories":[329],"tags":[5954,3140,5450,2718,479,4141],"global-categories":[3366],"class_list":["post-190472","post","type-post","status-publish","format-standard","has-post-thumbnail","hentry","category-road-cycling","tag-2022-la-vuelta","tag-dylan-van-baarle","tag-jonas-vingegaard","tag-jumbo-visma","tag-la-vuelta","tag-wilco-kelderman","global-categories-cycling"],"yoast_head":"<!-- This site is optimized with the Yoast SEO Premium plugin v25.3 (Yoast SEO v25.9) - https:\/\/yoast.com\/wordpress\/plugins\/seo\/ -->\n<title>The Amazing Season of Team Jumbo-Visma - \u0160koda We Love Cycling<\/title>\n<meta name=\"description\" content=\"Cycling aficionados tend, much less than, say, football fans, to follow the exploits of individual cyclists, rather than teams. The reason is obvious:\" \/>\n<meta name=\"robots\" content=\"index, follow, max-snippet:-1, max-image-preview:large, max-video-preview:-1\" \/>\n<link rel=\"canonical\" href=\"https:\/\/www.welovecycling.com\/wide\/2022\/08\/22\/the-amazing-season-of-team-jumbo-visma\/\" \/>\n<meta property=\"og:locale\" content=\"en_US\" \/>\n<meta property=\"og:type\" content=\"article\" \/>\n<meta property=\"og:title\" content=\"The Amazing Season of Team Jumbo-Visma\" \/>\n<meta property=\"og:description\" content=\"Cycling aficionados tend, much less than, say, football fans, to follow the exploits of individual cyclists, rather than teams. The reason is obvious:\" \/>\n<meta property=\"og:url\" content=\"https:\/\/www.welovecycling.com\/wide\/2022\/08\/22\/the-amazing-season-of-team-jumbo-visma\/\" \/>\n<meta property=\"og:site_name\" content=\"\u0160koda We Love Cycling\" \/>\n<meta property=\"article:published_time\" content=\"2022-08-22T14:50:21+00:00\" \/>\n<meta property=\"article:modified_time\" content=\"2022-08-22T14:53:21+00:00\" \/>\n<meta property=\"og:image\" content=\"https:\/\/d2p6e6u75xmxt8.cloudfront.net\/2\/2022\/08\/Jumbo-Visma-profimedia-0715666537-CVR.webp\" \/>\n\t<meta property=\"og:image:width\" content=\"990\" \/>\n\t<meta property=\"og:image:height\" content=\"660\" \/>\n\t<meta property=\"og:image:type\" content=\"image\/webp\" \/>\n<meta name=\"author\" content=\"tereza\" \/>\n<meta name=\"twitter:card\" content=\"summary_large_image\" \/>\n<meta name=\"twitter:label1\" content=\"Written by\" \/>\n\t<meta name=\"twitter:data1\" content=\"Siegfried Mortkowitz\" \/>\n\t<meta name=\"twitter:label2\" content=\"Est. reading time\" \/>\n\t<meta name=\"twitter:data2\" content=\"5\" \/>\n<script type=\"application\/ld+json\" class=\"yoast-schema-graph\">{\"@context\":\"https:\/\/schema.org\",\"@graph\":[{\"@type\":\"WebPage\",\"@id\":\"https:\/\/www.welovecycling.com\/wide\/2022\/08\/22\/the-amazing-season-of-team-jumbo-visma\/\",\"url\":\"https:\/\/www.welovecycling.com\/wide\/2022\/08\/22\/the-amazing-season-of-team-jumbo-visma\/\",\"name\":\"The Amazing Season of Team Jumbo-Visma - \u0160koda We Love Cycling\",\"isPartOf\":{\"@id\":\"https:\/\/www.welovecycling.com\/wide\/#website\"},\"primaryImageOfPage\":{\"@id\":\"https:\/\/www.welovecycling.com\/wide\/2022\/08\/22\/the-amazing-season-of-team-jumbo-visma\/#primaryimage\"},\"image\":{\"@id\":\"https:\/\/www.welovecycling.com\/wide\/2022\/08\/22\/the-amazing-season-of-team-jumbo-visma\/#primaryimage\"},\"thumbnailUrl\":\"https:\/\/d2p6e6u75xmxt8.cloudfront.net\/2\/2022\/08\/Jumbo-Visma-profimedia-0715666537-CVR.webp\",\"datePublished\":\"2022-08-22T14:50:21+00:00\",\"dateModified\":\"2022-08-22T14:53:21+00:00\",\"author\":{\"@id\":\"https:\/\/www.welovecycling.com\/wide\/#\/schema\/person\/50f01ecd18718d2333cf72e823c4f926\"},\"description\":\"Cycling aficionados tend, much less than, say, football fans, to follow the exploits of individual cyclists, rather than teams. The reason is obvious:\",\"breadcrumb\":{\"@id\":\"https:\/\/www.welovecycling.com\/wide\/2022\/08\/22\/the-amazing-season-of-team-jumbo-visma\/#breadcrumb\"},\"inLanguage\":\"en-US\",\"potentialAction\":[{\"@type\":\"ReadAction\",\"target\":[\"https:\/\/www.welovecycling.com\/wide\/2022\/08\/22\/the-amazing-season-of-team-jumbo-visma\/\"]}]},{\"@type\":\"ImageObject\",\"inLanguage\":\"en-US\",\"@id\":\"https:\/\/www.welovecycling.com\/wide\/2022\/08\/22\/the-amazing-season-of-team-jumbo-visma\/#primaryimage\",\"url\":\"https:\/\/d2p6e6u75xmxt8.cloudfront.net\/2\/2022\/08\/Jumbo-Visma-profimedia-0715666537-CVR.webp\",\"contentUrl\":\"https:\/\/d2p6e6u75xmxt8.cloudfront.net\/2\/2022\/08\/Jumbo-Visma-profimedia-0715666537-CVR.webp\",\"width\":990,\"height\":660,\"caption\":\"Jumbo-Visma\"},{\"@type\":\"BreadcrumbList\",\"@id\":\"https:\/\/www.welovecycling.com\/wide\/2022\/08\/22\/the-amazing-season-of-team-jumbo-visma\/#breadcrumb\",\"itemListElement\":[{\"@type\":\"ListItem\",\"position\":1,\"name\":\"Home\",\"item\":\"https:\/\/www.welovecycling.com\/wide\/\"},{\"@type\":\"ListItem\",\"position\":2,\"name\":\"The Amazing Season of Team Jumbo-Visma\"}]},{\"@type\":\"WebSite\",\"@id\":\"https:\/\/www.welovecycling.com\/wide\/#website\",\"url\":\"https:\/\/www.welovecycling.com\/wide\/\",\"name\":\"\u0160koda We Love Cycling\",\"description\":\"\u0160koda We Love Cycling magazine\",\"alternateName\":\"\u0160koda WLC\",\"potentialAction\":[{\"@type\":\"SearchAction\",\"target\":{\"@type\":\"EntryPoint\",\"urlTemplate\":\"https:\/\/www.welovecycling.com\/wide\/?s={search_term_string}\"},\"query-input\":{\"@type\":\"PropertyValueSpecification\",\"valueRequired\":true,\"valueName\":\"search_term_string\"}}],\"inLanguage\":\"en-US\"},{\"@type\":\"Person\",\"@id\":\"https:\/\/www.welovecycling.com\/wide\/#\/schema\/person\/50f01ecd18718d2333cf72e823c4f926\",\"name\":\"tereza\",\"image\":{\"@type\":\"ImageObject\",\"inLanguage\":\"en-US\",\"@id\":\"https:\/\/www.welovecycling.com\/wide\/#\/schema\/person\/image\/\",\"url\":\"https:\/\/secure.gravatar.com\/avatar\/1f9eb71be33845f0afabce3791bc1c58ecdb0a25c62964987e5dbcf7a20d2ec7?s=96&d=mm&r=g\",\"contentUrl\":\"https:\/\/secure.gravatar.com\/avatar\/1f9eb71be33845f0afabce3791bc1c58ecdb0a25c62964987e5dbcf7a20d2ec7?s=96&d=mm&r=g\",\"caption\":\"tereza\"},\"url\":\"https:\/\/www.welovecycling.com\/wide\/author\/tereza\/\"}]}<\/script>\n<!-- \/ Yoast SEO Premium plugin. -->","yoast_head_json":{"title":"The Amazing Season of Team Jumbo-Visma - \u0160koda We Love Cycling","description":"Cycling aficionados tend, much less than, say, football fans, to follow the exploits of individual cyclists, rather than teams. The reason is obvious:","robots":{"index":"index","follow":"follow","max-snippet":"max-snippet:-1","max-image-preview":"max-image-preview:large","max-video-preview":"max-video-preview:-1"},"canonical":"https:\/\/www.welovecycling.com\/wide\/2022\/08\/22\/the-amazing-season-of-team-jumbo-visma\/","og_locale":"en_US","og_type":"article","og_title":"The Amazing Season of Team Jumbo-Visma","og_description":"Cycling aficionados tend, much less than, say, football fans, to follow the exploits of individual cyclists, rather than teams. The reason is obvious:","og_url":"https:\/\/www.welovecycling.com\/wide\/2022\/08\/22\/the-amazing-season-of-team-jumbo-visma\/","og_site_name":"\u0160koda We Love Cycling","article_published_time":"2022-08-22T14:50:21+00:00","article_modified_time":"2022-08-22T14:53:21+00:00","og_image":[{"width":990,"height":660,"url":"https:\/\/d2p6e6u75xmxt8.cloudfront.net\/2\/2022\/08\/Jumbo-Visma-profimedia-0715666537-CVR.webp","type":"image\/webp"}],"author":"tereza","twitter_card":"summary_large_image","twitter_misc":{"Written by":"Siegfried Mortkowitz","Est. reading time":"5"},"schema":{"@context":"https:\/\/schema.org","@graph":[{"@type":"WebPage","@id":"https:\/\/www.welovecycling.com\/wide\/2022\/08\/22\/the-amazing-season-of-team-jumbo-visma\/","url":"https:\/\/www.welovecycling.com\/wide\/2022\/08\/22\/the-amazing-season-of-team-jumbo-visma\/","name":"The Amazing Season of Team Jumbo-Visma - \u0160koda We Love Cycling","isPartOf":{"@id":"https:\/\/www.welovecycling.com\/wide\/#website"},"primaryImageOfPage":{"@id":"https:\/\/www.welovecycling.com\/wide\/2022\/08\/22\/the-amazing-season-of-team-jumbo-visma\/#primaryimage"},"image":{"@id":"https:\/\/www.welovecycling.com\/wide\/2022\/08\/22\/the-amazing-season-of-team-jumbo-visma\/#primaryimage"},"thumbnailUrl":"https:\/\/d2p6e6u75xmxt8.cloudfront.net\/2\/2022\/08\/Jumbo-Visma-profimedia-0715666537-CVR.webp","datePublished":"2022-08-22T14:50:21+00:00","dateModified":"2022-08-22T14:53:21+00:00","author":{"@id":"https:\/\/www.welovecycling.com\/wide\/#\/schema\/person\/50f01ecd18718d2333cf72e823c4f926"},"description":"Cycling aficionados tend, much less than, say, football fans, to follow the exploits of individual cyclists, rather than teams. The reason is obvious:","breadcrumb":{"@id":"https:\/\/www.welovecycling.com\/wide\/2022\/08\/22\/the-amazing-season-of-team-jumbo-visma\/#breadcrumb"},"inLanguage":"en-US","potentialAction":[{"@type":"ReadAction","target":["https:\/\/www.welovecycling.com\/wide\/2022\/08\/22\/the-amazing-season-of-team-jumbo-visma\/"]}]},{"@type":"ImageObject","inLanguage":"en-US","@id":"https:\/\/www.welovecycling.com\/wide\/2022\/08\/22\/the-amazing-season-of-team-jumbo-visma\/#primaryimage","url":"https:\/\/d2p6e6u75xmxt8.cloudfront.net\/2\/2022\/08\/Jumbo-Visma-profimedia-0715666537-CVR.webp","contentUrl":"https:\/\/d2p6e6u75xmxt8.cloudfront.net\/2\/2022\/08\/Jumbo-Visma-profimedia-0715666537-CVR.webp","width":990,"height":660,"caption":"Jumbo-Visma"},{"@type":"BreadcrumbList","@id":"https:\/\/www.welovecycling.com\/wide\/2022\/08\/22\/the-amazing-season-of-team-jumbo-visma\/#breadcrumb","itemListElement":[{"@type":"ListItem","position":1,"name":"Home","item":"https:\/\/www.welovecycling.com\/wide\/"},{"@type":"ListItem","position":2,"name":"The Amazing Season of Team Jumbo-Visma"}]},{"@type":"WebSite","@id":"https:\/\/www.welovecycling.com\/wide\/#website","url":"https:\/\/www.welovecycling.com\/wide\/","name":"\u0160koda We Love Cycling","description":"\u0160koda We Love Cycling magazine","alternateName":"\u0160koda WLC","potentialAction":[{"@type":"SearchAction","target":{"@type":"EntryPoint","urlTemplate":"https:\/\/www.welovecycling.com\/wide\/?s={search_term_string}"},"query-input":{"@type":"PropertyValueSpecification","valueRequired":true,"valueName":"search_term_string"}}],"inLanguage":"en-US"},{"@type":"Person","@id":"https:\/\/www.welovecycling.com\/wide\/#\/schema\/person\/50f01ecd18718d2333cf72e823c4f926","name":"tereza","image":{"@type":"ImageObject","inLanguage":"en-US","@id":"https:\/\/www.welovecycling.com\/wide\/#\/schema\/person\/image\/","url":"https:\/\/secure.gravatar.com\/avatar\/1f9eb71be33845f0afabce3791bc1c58ecdb0a25c62964987e5dbcf7a20d2ec7?s=96&d=mm&r=g","contentUrl":"https:\/\/secure.gravatar.com\/avatar\/1f9eb71be33845f0afabce3791bc1c58ecdb0a25c62964987e5dbcf7a20d2ec7?s=96&d=mm&r=g","caption":"tereza"},"url":"https:\/\/www.welovecycling.com\/wide\/author\/tereza\/"}]}},"_links":{"self":[{"href":"https:\/\/www.welovecycling.com\/wide\/wp-json\/wp\/v2\/posts\/190472","targetHints":{"allow":["GET"]}}],"collection":[{"href":"https:\/\/www.welovecycling.com\/wide\/wp-json\/wp\/v2\/posts"}],"about":[{"href":"https:\/\/www.welovecycling.com\/wide\/wp-json\/wp\/v2\/types\/post"}],"author":[{"embeddable":true,"href":"https:\/\/www.welovecycling.com\/wide\/wp-json\/wp\/v2\/users\/99"}],"replies":[{"embeddable":true,"href":"https:\/\/www.welovecycling.com\/wide\/wp-json\/wp\/v2\/comments?post=190472"}],"version-history":[{"count":2,"href":"https:\/\/www.welovecycling.com\/wide\/wp-json\/wp\/v2\/posts\/190472\/revisions"}],"predecessor-version":[{"id":190477,"href":"https:\/\/www.welovecycling.com\/wide\/wp-json\/wp\/v2\/posts\/190472\/revisions\/190477"}],"wp:featuredmedia":[{"embeddable":true,"href":"https:\/\/www.welovecycling.com\/wide\/wp-json\/wp\/v2\/media\/190478"}],"wp:attachment":[{"href":"https:\/\/www.welovecycling.com\/wide\/wp-json\/wp\/v2\/media?parent=190472"}],"wp:term":[{"taxonomy":"category","embeddable":true,"href":"https:\/\/www.welovecycling.com\/wide\/wp-json\/wp\/v2\/categories?post=190472"},{"taxonomy":"post_tag","embeddable":true,"href":"https:\/\/www.welovecycling.com\/wide\/wp-json\/wp\/v2\/tags?post=190472"},{"taxonomy":"global-categories","embeddable":true,"href":"https:\/\/www.welovecycling.com\/wide\/wp-json\/wp\/v2\/global-categories?post=190472"}],"curies":[{"name":"wp","href":"https:\/\/api.w.org\/{rel}","templated":true}]}}