{"id":190388,"date":"2022-08-17T09:41:53","date_gmt":"2022-08-17T09:41:53","guid":{"rendered":"https:\/\/www.welovecycling.com\/wide\/?p=190388"},"modified":"2022-08-17T09:41:53","modified_gmt":"2022-08-17T09:41:53","slug":"tom-dumoulin-on-ending-his-career-i-felt-that-i-was-ready-for-a-new-phase-in-my-life","status":"publish","type":"post","link":"https:\/\/www.welovecycling.com\/wide\/2022\/08\/17\/tom-dumoulin-on-ending-his-career-i-felt-that-i-was-ready-for-a-new-phase-in-my-life\/","title":{"rendered":"Tom Dumoulin on Ending His Career: \u201cI felt that I was ready for a new phase in my life\u201d"},"content":{"rendered":"<p><strong>The Dutch star rider previously announced that he intended to retire at the end of the current season. However, the Klasikoa San Sebasti\u00e1n at the end of July was his final race. Tom Dumoulin decided to end his cycling career with immediate effect.<\/strong><\/p>\n<p><!--more--><\/p>\n<p>The 31-year-old explained the reasoning behind his decision on the <a href=\"https:\/\/www.teamjumbovisma.com\/news\/news\/dumoulin-ends-cycling-career-with-immediate-effect\/\">team\u2019s website<\/a>:<\/p>\n<p>\u201cI decided to quit professional cycling with immediate effect. About two months ago, I announced that I would retire as a professional cyclist at the end of the year. During last spring, despite my love for the bike, I noticed that things weren\u2019t going how I wanted. I felt that I was ready for a new phase in my life. But I still had one project on my wish list \u2013 to end my career with a bang; the World Championship in Australia. I wanted to tackle that road to the World Championship the way I tackled the road to the Tokyo Olympics. With a sense of freedom, on my terms, with the support of the team and with my intrinsic motivation as the main fuel. That\u2019s what brought back the joy of cycling for me back then. But I notice that I can\u2019t do it anymore. The tank is empty, the legs feel heavy and the training sessions are not working out as I hoped and I also need to do a good performance and have a good feeling at the World Championship. Since my hard crash in training last September, something has broken again. I had to interrupt my efforts to return to my old shape yet again and deal with another disappointment. It was one too many. Even though the farewell didn\u2019t turn out the way I hoped, I look back on my career with incredible pride. I worked hard for it, took a lot of passion and pleasure from it for many years, and delivered brilliant performances. I will never forget that. Now it\u2019s time to enjoy other things and be there for the people I love. A big thank you to my team and everyone who supported me during my fantastic career. And a special thank you to my wife who had my back all these years.\u201d<\/p>\n<div class=\"embed-controller-wrapper\">\n<blockquote class=\"twitter-tweet\" data-width=\"500\" data-dnt=\"true\">\n<p lang=\"en\" dir=\"ltr\">I decided to quit professional cycling with immediate effect. Read more\ud83d\udcdd <a href=\"https:\/\/t.co\/mAGMX5olCG\">pic.twitter.com\/mAGMX5olCG<\/a><\/p>\n<p>&mdash; Tom Dumoulin (@tom_dumoulin) <a href=\"https:\/\/twitter.com\/tom_dumoulin\/status\/1559215107514720259?ref_src=twsrc%5Etfw\">August 15, 2022<\/a><\/p><\/blockquote>\n<p><script async data-src=\"https:\/\/platform.twitter.com\/widgets.js\" charset=\"utf-8\"><\/script><\/div>\n<p>Dumoulin retires at 31 years of age. He won the Giro d&#8217;Italia in 2017 and was the runner-up in 2018 at both the Tour and the Giro. The great time triallist has got a world title to his name and 22 victories all in all.<\/p>\n<p>\u201cWe are sorry that Tom is ending his career with immediate effect but we respect his decision,\u201d Richard Plugge, the general manager of Team Jumbo-Visma, stated on the website. \u201cTom has meant a lot to cycling fans, both in the Netherlands and worldwide. He can be proud of his career. We wish him all the best for the future.\u201d<\/p>\n<p>We will miss you, Tom, and wish you all the happiness in the world.<\/p>\n","protected":false},"excerpt":{"rendered":"<p>The Dutch star rider previously announced that he intended to retire at the end of the current season. However, the [&hellip;]<\/p>\n","protected":false},"author":99,"featured_media":190390,"comment_status":"open","ping_status":"open","sticky":false,"template":"","format":"standard","meta":{"footnotes":""},"categories":[329],"tags":[6579,402,583,829,6580],"global-categories":[3366],"class_list":["post-190388","post","type-post","status-publish","format-standard","has-post-thumbnail","hentry","category-road-cycling","tag-cyycling-news","tag-giro-ditalia","tag-road-cycling","tag-tom-dumoulin","tag-tom-dumoulin-retirement","global-categories-cycling"],"yoast_head":"<!-- This site is optimized with the Yoast SEO Premium plugin v25.3 (Yoast SEO v25.9) - https:\/\/yoast.com\/wordpress\/plugins\/seo\/ -->\n<title>Tom Dumoulin on Ending His Career: \u201cI felt that I was ready for a new phase in my life\u201d<\/title>\n<meta name=\"description\" content=\"The Dutch star rider previously announced that he intended to retire at the end of the current season. However, the Klasikoa San Sebasti\u00e1n at the end of\" \/>\n<meta name=\"robots\" content=\"index, follow, max-snippet:-1, max-image-preview:large, max-video-preview:-1\" \/>\n<link rel=\"canonical\" href=\"https:\/\/www.welovecycling.com\/wide\/2022\/08\/17\/tom-dumoulin-on-ending-his-career-i-felt-that-i-was-ready-for-a-new-phase-in-my-life\/\" \/>\n<meta property=\"og:locale\" content=\"en_US\" \/>\n<meta property=\"og:type\" content=\"article\" \/>\n<meta property=\"og:title\" content=\"Tom Dumoulin on Ending His Career: \u201cI felt that I was ready for a new phase in my life\u201d\" \/>\n<meta property=\"og:description\" content=\"The Dutch star rider previously announced that he intended to retire at the end of the current season. However, the Klasikoa San Sebasti\u00e1n at the end of\" \/>\n<meta property=\"og:url\" content=\"https:\/\/www.welovecycling.com\/wide\/2022\/08\/17\/tom-dumoulin-on-ending-his-career-i-felt-that-i-was-ready-for-a-new-phase-in-my-life\/\" \/>\n<meta property=\"og:site_name\" content=\"\u0160koda We Love Cycling\" \/>\n<meta property=\"article:published_time\" content=\"2022-08-17T09:41:53+00:00\" \/>\n<meta property=\"og:image\" content=\"https:\/\/d2p6e6u75xmxt8.cloudfront.net\/2\/2022\/08\/Tom-Dumoulin-profimedia-0701982385-CVR.webp\" \/>\n\t<meta property=\"og:image:width\" content=\"990\" \/>\n\t<meta property=\"og:image:height\" content=\"660\" \/>\n\t<meta property=\"og:image:type\" content=\"image\/webp\" \/>\n<meta name=\"author\" content=\"tereza\" \/>\n<meta name=\"twitter:card\" content=\"summary_large_image\" \/>\n<meta name=\"twitter:label1\" content=\"Written by\" \/>\n\t<meta name=\"twitter:data1\" content=\"Monica Buck\" \/>\n\t<meta name=\"twitter:label2\" content=\"Est. reading time\" \/>\n\t<meta name=\"twitter:data2\" content=\"4\" \/>\n<script type=\"application\/ld+json\" class=\"yoast-schema-graph\">{\"@context\":\"https:\/\/schema.org\",\"@graph\":[{\"@type\":\"WebPage\",\"@id\":\"https:\/\/www.welovecycling.com\/wide\/2022\/08\/17\/tom-dumoulin-on-ending-his-career-i-felt-that-i-was-ready-for-a-new-phase-in-my-life\/\",\"url\":\"https:\/\/www.welovecycling.com\/wide\/2022\/08\/17\/tom-dumoulin-on-ending-his-career-i-felt-that-i-was-ready-for-a-new-phase-in-my-life\/\",\"name\":\"Tom Dumoulin on Ending His Career: \u201cI felt that I was ready for a new phase in my life\u201d\",\"isPartOf\":{\"@id\":\"https:\/\/www.welovecycling.com\/wide\/#website\"},\"primaryImageOfPage\":{\"@id\":\"https:\/\/www.welovecycling.com\/wide\/2022\/08\/17\/tom-dumoulin-on-ending-his-career-i-felt-that-i-was-ready-for-a-new-phase-in-my-life\/#primaryimage\"},\"image\":{\"@id\":\"https:\/\/www.welovecycling.com\/wide\/2022\/08\/17\/tom-dumoulin-on-ending-his-career-i-felt-that-i-was-ready-for-a-new-phase-in-my-life\/#primaryimage\"},\"thumbnailUrl\":\"https:\/\/d2p6e6u75xmxt8.cloudfront.net\/2\/2022\/08\/Tom-Dumoulin-profimedia-0701982385-CVR.webp\",\"datePublished\":\"2022-08-17T09:41:53+00:00\",\"author\":{\"@id\":\"https:\/\/www.welovecycling.com\/wide\/#\/schema\/person\/50f01ecd18718d2333cf72e823c4f926\"},\"description\":\"The Dutch star rider previously announced that he intended to retire at the end of the current season. However, the Klasikoa San Sebasti\u00e1n at the end of\",\"breadcrumb\":{\"@id\":\"https:\/\/www.welovecycling.com\/wide\/2022\/08\/17\/tom-dumoulin-on-ending-his-career-i-felt-that-i-was-ready-for-a-new-phase-in-my-life\/#breadcrumb\"},\"inLanguage\":\"en-US\",\"potentialAction\":[{\"@type\":\"ReadAction\",\"target\":[\"https:\/\/www.welovecycling.com\/wide\/2022\/08\/17\/tom-dumoulin-on-ending-his-career-i-felt-that-i-was-ready-for-a-new-phase-in-my-life\/\"]}]},{\"@type\":\"ImageObject\",\"inLanguage\":\"en-US\",\"@id\":\"https:\/\/www.welovecycling.com\/wide\/2022\/08\/17\/tom-dumoulin-on-ending-his-career-i-felt-that-i-was-ready-for-a-new-phase-in-my-life\/#primaryimage\",\"url\":\"https:\/\/d2p6e6u75xmxt8.cloudfront.net\/2\/2022\/08\/Tom-Dumoulin-profimedia-0701982385-CVR.webp\",\"contentUrl\":\"https:\/\/d2p6e6u75xmxt8.cloudfront.net\/2\/2022\/08\/Tom-Dumoulin-profimedia-0701982385-CVR.webp\",\"width\":990,\"height\":660,\"caption\":\"Tom Dumoulin\"},{\"@type\":\"BreadcrumbList\",\"@id\":\"https:\/\/www.welovecycling.com\/wide\/2022\/08\/17\/tom-dumoulin-on-ending-his-career-i-felt-that-i-was-ready-for-a-new-phase-in-my-life\/#breadcrumb\",\"itemListElement\":[{\"@type\":\"ListItem\",\"position\":1,\"name\":\"Home\",\"item\":\"https:\/\/www.welovecycling.com\/wide\/\"},{\"@type\":\"ListItem\",\"position\":2,\"name\":\"Tom Dumoulin on Ending His Career: \u201cI felt that I was ready for a new phase in my life\u201d\"}]},{\"@type\":\"WebSite\",\"@id\":\"https:\/\/www.welovecycling.com\/wide\/#website\",\"url\":\"https:\/\/www.welovecycling.com\/wide\/\",\"name\":\"\u0160koda We Love Cycling\",\"description\":\"\u0160koda We Love Cycling magazine\",\"alternateName\":\"\u0160koda WLC\",\"potentialAction\":[{\"@type\":\"SearchAction\",\"target\":{\"@type\":\"EntryPoint\",\"urlTemplate\":\"https:\/\/www.welovecycling.com\/wide\/?s={search_term_string}\"},\"query-input\":{\"@type\":\"PropertyValueSpecification\",\"valueRequired\":true,\"valueName\":\"search_term_string\"}}],\"inLanguage\":\"en-US\"},{\"@type\":\"Person\",\"@id\":\"https:\/\/www.welovecycling.com\/wide\/#\/schema\/person\/50f01ecd18718d2333cf72e823c4f926\",\"name\":\"tereza\",\"image\":{\"@type\":\"ImageObject\",\"inLanguage\":\"en-US\",\"@id\":\"https:\/\/www.welovecycling.com\/wide\/#\/schema\/person\/image\/\",\"url\":\"https:\/\/secure.gravatar.com\/avatar\/1f9eb71be33845f0afabce3791bc1c58ecdb0a25c62964987e5dbcf7a20d2ec7?s=96&d=mm&r=g\",\"contentUrl\":\"https:\/\/secure.gravatar.com\/avatar\/1f9eb71be33845f0afabce3791bc1c58ecdb0a25c62964987e5dbcf7a20d2ec7?s=96&d=mm&r=g\",\"caption\":\"tereza\"},\"url\":\"https:\/\/www.welovecycling.com\/wide\/author\/tereza\/\"}]}<\/script>\n<!-- \/ Yoast SEO Premium plugin. -->","yoast_head_json":{"title":"Tom Dumoulin on Ending His Career: \u201cI felt that I was ready for a new phase in my life\u201d","description":"The Dutch star rider previously announced that he intended to retire at the end of the current season. However, the Klasikoa San Sebasti\u00e1n at the end of","robots":{"index":"index","follow":"follow","max-snippet":"max-snippet:-1","max-image-preview":"max-image-preview:large","max-video-preview":"max-video-preview:-1"},"canonical":"https:\/\/www.welovecycling.com\/wide\/2022\/08\/17\/tom-dumoulin-on-ending-his-career-i-felt-that-i-was-ready-for-a-new-phase-in-my-life\/","og_locale":"en_US","og_type":"article","og_title":"Tom Dumoulin on Ending His Career: \u201cI felt that I was ready for a new phase in my life\u201d","og_description":"The Dutch star rider previously announced that he intended to retire at the end of the current season. However, the Klasikoa San Sebasti\u00e1n at the end of","og_url":"https:\/\/www.welovecycling.com\/wide\/2022\/08\/17\/tom-dumoulin-on-ending-his-career-i-felt-that-i-was-ready-for-a-new-phase-in-my-life\/","og_site_name":"\u0160koda We Love Cycling","article_published_time":"2022-08-17T09:41:53+00:00","og_image":[{"width":990,"height":660,"url":"https:\/\/d2p6e6u75xmxt8.cloudfront.net\/2\/2022\/08\/Tom-Dumoulin-profimedia-0701982385-CVR.webp","type":"image\/webp"}],"author":"tereza","twitter_card":"summary_large_image","twitter_misc":{"Written by":"Monica Buck","Est. reading time":"4"},"schema":{"@context":"https:\/\/schema.org","@graph":[{"@type":"WebPage","@id":"https:\/\/www.welovecycling.com\/wide\/2022\/08\/17\/tom-dumoulin-on-ending-his-career-i-felt-that-i-was-ready-for-a-new-phase-in-my-life\/","url":"https:\/\/www.welovecycling.com\/wide\/2022\/08\/17\/tom-dumoulin-on-ending-his-career-i-felt-that-i-was-ready-for-a-new-phase-in-my-life\/","name":"Tom Dumoulin on Ending His Career: \u201cI felt that I was ready for a new phase in my life\u201d","isPartOf":{"@id":"https:\/\/www.welovecycling.com\/wide\/#website"},"primaryImageOfPage":{"@id":"https:\/\/www.welovecycling.com\/wide\/2022\/08\/17\/tom-dumoulin-on-ending-his-career-i-felt-that-i-was-ready-for-a-new-phase-in-my-life\/#primaryimage"},"image":{"@id":"https:\/\/www.welovecycling.com\/wide\/2022\/08\/17\/tom-dumoulin-on-ending-his-career-i-felt-that-i-was-ready-for-a-new-phase-in-my-life\/#primaryimage"},"thumbnailUrl":"https:\/\/d2p6e6u75xmxt8.cloudfront.net\/2\/2022\/08\/Tom-Dumoulin-profimedia-0701982385-CVR.webp","datePublished":"2022-08-17T09:41:53+00:00","author":{"@id":"https:\/\/www.welovecycling.com\/wide\/#\/schema\/person\/50f01ecd18718d2333cf72e823c4f926"},"description":"The Dutch star rider previously announced that he intended to retire at the end of the current season. However, the Klasikoa San Sebasti\u00e1n at the end of","breadcrumb":{"@id":"https:\/\/www.welovecycling.com\/wide\/2022\/08\/17\/tom-dumoulin-on-ending-his-career-i-felt-that-i-was-ready-for-a-new-phase-in-my-life\/#breadcrumb"},"inLanguage":"en-US","potentialAction":[{"@type":"ReadAction","target":["https:\/\/www.welovecycling.com\/wide\/2022\/08\/17\/tom-dumoulin-on-ending-his-career-i-felt-that-i-was-ready-for-a-new-phase-in-my-life\/"]}]},{"@type":"ImageObject","inLanguage":"en-US","@id":"https:\/\/www.welovecycling.com\/wide\/2022\/08\/17\/tom-dumoulin-on-ending-his-career-i-felt-that-i-was-ready-for-a-new-phase-in-my-life\/#primaryimage","url":"https:\/\/d2p6e6u75xmxt8.cloudfront.net\/2\/2022\/08\/Tom-Dumoulin-profimedia-0701982385-CVR.webp","contentUrl":"https:\/\/d2p6e6u75xmxt8.cloudfront.net\/2\/2022\/08\/Tom-Dumoulin-profimedia-0701982385-CVR.webp","width":990,"height":660,"caption":"Tom Dumoulin"},{"@type":"BreadcrumbList","@id":"https:\/\/www.welovecycling.com\/wide\/2022\/08\/17\/tom-dumoulin-on-ending-his-career-i-felt-that-i-was-ready-for-a-new-phase-in-my-life\/#breadcrumb","itemListElement":[{"@type":"ListItem","position":1,"name":"Home","item":"https:\/\/www.welovecycling.com\/wide\/"},{"@type":"ListItem","position":2,"name":"Tom Dumoulin on Ending His Career: \u201cI felt that I was ready for a new phase in my life\u201d"}]},{"@type":"WebSite","@id":"https:\/\/www.welovecycling.com\/wide\/#website","url":"https:\/\/www.welovecycling.com\/wide\/","name":"\u0160koda We Love Cycling","description":"\u0160koda We Love Cycling magazine","alternateName":"\u0160koda WLC","potentialAction":[{"@type":"SearchAction","target":{"@type":"EntryPoint","urlTemplate":"https:\/\/www.welovecycling.com\/wide\/?s={search_term_string}"},"query-input":{"@type":"PropertyValueSpecification","valueRequired":true,"valueName":"search_term_string"}}],"inLanguage":"en-US"},{"@type":"Person","@id":"https:\/\/www.welovecycling.com\/wide\/#\/schema\/person\/50f01ecd18718d2333cf72e823c4f926","name":"tereza","image":{"@type":"ImageObject","inLanguage":"en-US","@id":"https:\/\/www.welovecycling.com\/wide\/#\/schema\/person\/image\/","url":"https:\/\/secure.gravatar.com\/avatar\/1f9eb71be33845f0afabce3791bc1c58ecdb0a25c62964987e5dbcf7a20d2ec7?s=96&d=mm&r=g","contentUrl":"https:\/\/secure.gravatar.com\/avatar\/1f9eb71be33845f0afabce3791bc1c58ecdb0a25c62964987e5dbcf7a20d2ec7?s=96&d=mm&r=g","caption":"tereza"},"url":"https:\/\/www.welovecycling.com\/wide\/author\/tereza\/"}]}},"_links":{"self":[{"href":"https:\/\/www.welovecycling.com\/wide\/wp-json\/wp\/v2\/posts\/190388","targetHints":{"allow":["GET"]}}],"collection":[{"href":"https:\/\/www.welovecycling.com\/wide\/wp-json\/wp\/v2\/posts"}],"about":[{"href":"https:\/\/www.welovecycling.com\/wide\/wp-json\/wp\/v2\/types\/post"}],"author":[{"embeddable":true,"href":"https:\/\/www.welovecycling.com\/wide\/wp-json\/wp\/v2\/users\/99"}],"replies":[{"embeddable":true,"href":"https:\/\/www.welovecycling.com\/wide\/wp-json\/wp\/v2\/comments?post=190388"}],"version-history":[{"count":1,"href":"https:\/\/www.welovecycling.com\/wide\/wp-json\/wp\/v2\/posts\/190388\/revisions"}],"predecessor-version":[{"id":190391,"href":"https:\/\/www.welovecycling.com\/wide\/wp-json\/wp\/v2\/posts\/190388\/revisions\/190391"}],"wp:featuredmedia":[{"embeddable":true,"href":"https:\/\/www.welovecycling.com\/wide\/wp-json\/wp\/v2\/media\/190390"}],"wp:attachment":[{"href":"https:\/\/www.welovecycling.com\/wide\/wp-json\/wp\/v2\/media?parent=190388"}],"wp:term":[{"taxonomy":"category","embeddable":true,"href":"https:\/\/www.welovecycling.com\/wide\/wp-json\/wp\/v2\/categories?post=190388"},{"taxonomy":"post_tag","embeddable":true,"href":"https:\/\/www.welovecycling.com\/wide\/wp-json\/wp\/v2\/tags?post=190388"},{"taxonomy":"global-categories","embeddable":true,"href":"https:\/\/www.welovecycling.com\/wide\/wp-json\/wp\/v2\/global-categories?post=190388"}],"curies":[{"name":"wp","href":"https:\/\/api.w.org\/{rel}","templated":true}]}}