{"id":190325,"date":"2022-08-11T07:10:08","date_gmt":"2022-08-11T07:10:08","guid":{"rendered":"https:\/\/www.welovecycling.com\/wide\/?p=190325"},"modified":"2022-08-11T07:10:08","modified_gmt":"2022-08-11T07:10:08","slug":"should-the-white-jersey-rules-in-the-tour-de-france-be-changed","status":"publish","type":"post","link":"https:\/\/www.welovecycling.com\/wide\/2022\/08\/11\/should-the-white-jersey-rules-in-the-tour-de-france-be-changed\/","title":{"rendered":"Should the White Jersey Rules in the Tour de France Be Changed?"},"content":{"rendered":"<p><strong>Most spectators recognize the yellow, green and polka-dot jerseys in the Tour de France but what about the white jersey? It\u2019s easy to miss, especially if you don\u2019t stick around to watch more than the podium for the stage winner and the yellow-jersey presentation.<\/strong><\/p>\n<p><!--more--><\/p>\n<p>Most spectators recognize the yellow, green and polka-dot jerseys in the Tour de France but what about the white jersey? It\u2019s easy to miss, especially if you don\u2019t stick around to watch more than the podium for the stage winner and the yellow-jersey presentation.<\/p>\n<p>In case you aren\u2019t familiar with it, the white jersey goes to the best young rider in the general classification. What does that mean? It means the bearer has to be under 26 years of age and have the fastest time among other riders in that same age group.<\/p>\n<h2><strong>A brief history<\/strong><\/h2>\n<p>The first white jersey appeared in 1968 and was presented to the rider with the best combined classification. That meant the highest-placed rider in the overall standings based on sprint and climbing points (think Wout van Aert). It remained this way until 1975 when the organization decided it should go to the best young rider.<\/p>\n<p>The first person to wear the white jersey as the official Best Young Rider was Francesco Moser the same year. Today\u2019s wearers must be under 26 years old but between 1975 and 1983, the jersey went to riders who had been in the professional peloton for three years or fewer.<\/p>\n<p>From 1983 to \u201886, a rider could only wear white if they were competing in their first Tour de France. The under-26 rule has only been in effect since 1987. And from 1989 to 1999, no physical white jersey was awarded, even though the category existed. So, young Tour winners Jan Ullrich (1997) and Marco Pantani (1998) never had it on their shoulders.<\/p>\n<figure id=\"attachment_190328\" aria-describedby=\"caption-attachment-190328\" style=\"width: 1250px\" class=\"wp-caption alignnone\"><a href=\"https:\/\/d2p6e6u75xmxt8.cloudfront.net\/2\/2022\/08\/Pogacar-at-Tour-profimedia-0709664991.jpg\"><img loading=\"lazy\" decoding=\"async\" class=\"size-full wp-image-190328\" src=\"https:\/\/d2p6e6u75xmxt8.cloudfront.net\/2\/2022\/08\/Pogacar-at-Tour-profimedia-0709664991.jpg\" alt=\"Poga\u010dar in white jersey\" width=\"1250\" height=\"833\" \/><\/a><figcaption id=\"caption-attachment-190328\" class=\"wp-caption-text\">Poga\u010dar in white at the 2022 Tour. \u00a9 Profimedia<\/figcaption><\/figure>\n<h2><strong>Previous white jersey winners<\/strong><\/h2>\n<p>Even if you\u2019ve never followed the white jersey classification, you\u2019ll recognise some of the past wearers: Greg LeMond, Laurent Fignon, Alberto Contador, Marco Pantani, Jan Ullrich, <a href=\"https:\/\/www.welovecycling.com\/wide\/2021\/01\/27\/training-at-home-by-andy-schleck\/\" target=\"_blank\" rel=\"noopener\">Andy Schleck,<\/a> Nairo Quintana, Thibaut Pinot, Adam Yates, Wout van Aert, Egan Bernal and Tadej Poga\u010dar, among others. Many of these riders went on to win the Tour de France.<\/p>\n<p>And that\u2019s the point of the jersey since 1987, to award the under-26 rider with the most potential. Andy Schleck was the first to win both the yellow and white one in 2010 but 9 years passed before Egan Bernal took his Tour victory in 2019, quickly followed by Tadej Poga\u010dar in 2020 and 2021. As history now tells us, Poga\u010dar came close to the trifecta in 2022, finishing just behind Jonas Vingegaard who is only 25 years old.<\/p>\n<p>Bernal was 22, just like Felice Gimondi (1965), Philippe Thys (1913-14, 1920), Romain Maes (1935) and Laurent Fignon (1983-84) when he won La Grande Boucle. Poga\u010dar was 20 years old when he won his first Tour in 2020. He was young but not the youngest in Tour history. That title goes to 19-year-old Henri Cornet in 1904.<\/p>\n<h2><strong>So, what\u2019s the problem?<\/strong><\/h2>\n<p>I wouldn\u2019t call it a problem, more of a potentially outdated use of the jersey\u2019s current aim, to award the performance of younger riders who show the most promise as future winners; the key word being future. The rules have changed a few times since the jersey\u2019s initial conception. And I don\u2019t think the Tour organizers could have imagined a string of young riders winning yellow while wearing white.<\/p>\n<p>Winning <a href=\"https:\/\/www.welovecycling.com\/wide\/tour-de-france-2022\/\">the Tour de France<\/a> is a pinnacle in any professional rider&#8217;s career, no matter how old they are. Why muddle the win with the white jersey? While white is important for a young rider\u2019s exposure, its value is totally eclipsed by yellow.<\/p>\n<h2><strong>Potential changes<\/strong><\/h2>\n<p>While I would like to take credit for all the suggestions below, I\u2019m unable. I admit to some of them being other people\u2019s ideas. So, if it\u2019s you, in the singular and plural sense, and you\u2019re reading this, kudos to you.<\/p>\n<p>What if any rider eligible for the white jersey can only win it for one Tour? If the same rider wins it again the following year, it should go to the next eligible rider with the best time in the general classification. This would allow other up-and-coming riders to share the spotlight and get them the valuable exposure for their career that comes with it.<\/p>\n<p>Or how about not allowing the yellow-jersey winner to finish the Tour with both? Yes, yes, the jersey defaults to the next youngest rider automatically already but I don\u2019t think it holds the same significance under the current regulations. Do you? It\u2019s like finishing second and then being treated like you won. I don\u2019t know any athlete who wants to win that way.<\/p>\n<h2><strong>Parting thoughts<\/strong><\/h2>\n<p>A return to the rules between 1975-\u201983 or \u201883-\u201986 might be a suitable compromise (a pro for 3 years or fewer or in their first Tour). Or maybe the Tour organizers could lower the white jersey rider eligibility age? But in the current context, it would make no difference at all. Just how low would they have to go? Under-23 riders already have their own World Championship and other titles too. What if riders had to be 24 to compete in the Tour despite displaying precocious talent?<\/p>\n<p>Tour winners used to be more mature, closer to 28 years of age. But what was once considered normal is now looking more like a mid to end-of-career age. Luckily, many mature riders still flourish in the pro ranks, scoring a few points for grandpa who is 29 or 30, for example. It\u2019s still a very viable age in the average pro career but we aren\u2019t talking about average people, are we?<\/p>\n<p>We published an article about <a href=\"https:\/\/www.welovecycling.com\/wide\/2021\/08\/17\/rider-age-in-the-pro-peloton\/\" target=\"_blank\" rel=\"noopener\">age in the pro peloton last year.<\/a> Give it a read if you want to cheer on your favourite non-white-jersey-aged rider the next time you catch some pro road-cycling action. What are your thoughts on the current white jersey rules?<\/p>\n","protected":false},"excerpt":{"rendered":"<p>Most spectators recognize the yellow, green and polka-dot jerseys in the Tour de France but what about the white jersey? [&hellip;]<\/p>\n","protected":false},"author":99,"featured_media":190326,"comment_status":"open","ping_status":"open","sticky":false,"template":"","format":"standard","meta":{"footnotes":""},"categories":[329],"tags":[5432,3088,433,6565,6566,6567,831],"global-categories":[3366],"class_list":["post-190325","post","type-post","status-publish","format-standard","has-post-thumbnail","hentry","category-road-cycling","tag-francesco-moser","tag-laurent-fignon","tag-tour-de-france","tag-white-jersey","tag-white-jersey-in-cycling","tag-white-jersey-rules","tag-wout-van-aert","global-categories-cycling"],"yoast_head":"<!-- This site is optimized with the Yoast SEO Premium plugin v25.3 (Yoast SEO v25.9) - https:\/\/yoast.com\/wordpress\/plugins\/seo\/ -->\n<title>Should the White Jersey Rules in the Tour de France Be Changed?<\/title>\n<meta name=\"description\" content=\"Most spectators recognize the yellow, green and polka-dot jerseys in the Tour de France but what about the white jersey? It\u2019s easy to miss, especially if\" \/>\n<meta name=\"robots\" content=\"index, follow, max-snippet:-1, max-image-preview:large, max-video-preview:-1\" \/>\n<link rel=\"canonical\" href=\"https:\/\/www.welovecycling.com\/wide\/2022\/08\/11\/should-the-white-jersey-rules-in-the-tour-de-france-be-changed\/\" \/>\n<meta property=\"og:locale\" content=\"en_US\" \/>\n<meta property=\"og:type\" content=\"article\" \/>\n<meta property=\"og:title\" content=\"Should the White Jersey Rules in the Tour de France Be Changed?\" \/>\n<meta property=\"og:description\" content=\"Most spectators recognize the yellow, green and polka-dot jerseys in the Tour de France but what about the white jersey? It\u2019s easy to miss, especially if\" \/>\n<meta property=\"og:url\" content=\"https:\/\/www.welovecycling.com\/wide\/2022\/08\/11\/should-the-white-jersey-rules-in-the-tour-de-france-be-changed\/\" \/>\n<meta property=\"og:site_name\" content=\"\u0160koda We Love Cycling\" \/>\n<meta property=\"article:published_time\" content=\"2022-08-11T07:10:08+00:00\" \/>\n<meta property=\"og:image\" content=\"https:\/\/d2p6e6u75xmxt8.cloudfront.net\/2\/2022\/08\/Yellow-Green-and-White-Jersey-profimedia-0709519096-CVR.webp\" \/>\n\t<meta property=\"og:image:width\" content=\"990\" \/>\n\t<meta property=\"og:image:height\" content=\"660\" \/>\n\t<meta property=\"og:image:type\" content=\"image\/webp\" \/>\n<meta name=\"author\" content=\"tereza\" \/>\n<meta name=\"twitter:card\" content=\"summary_large_image\" \/>\n<meta name=\"twitter:label1\" content=\"Written by\" \/>\n\t<meta name=\"twitter:data1\" content=\"Andrea Champredonde\" \/>\n\t<meta name=\"twitter:label2\" content=\"Est. reading time\" \/>\n\t<meta name=\"twitter:data2\" content=\"6\" \/>\n<script type=\"application\/ld+json\" class=\"yoast-schema-graph\">{\"@context\":\"https:\/\/schema.org\",\"@graph\":[{\"@type\":\"WebPage\",\"@id\":\"https:\/\/www.welovecycling.com\/wide\/2022\/08\/11\/should-the-white-jersey-rules-in-the-tour-de-france-be-changed\/\",\"url\":\"https:\/\/www.welovecycling.com\/wide\/2022\/08\/11\/should-the-white-jersey-rules-in-the-tour-de-france-be-changed\/\",\"name\":\"Should the White Jersey Rules in the Tour de France Be Changed?\",\"isPartOf\":{\"@id\":\"https:\/\/www.welovecycling.com\/wide\/#website\"},\"primaryImageOfPage\":{\"@id\":\"https:\/\/www.welovecycling.com\/wide\/2022\/08\/11\/should-the-white-jersey-rules-in-the-tour-de-france-be-changed\/#primaryimage\"},\"image\":{\"@id\":\"https:\/\/www.welovecycling.com\/wide\/2022\/08\/11\/should-the-white-jersey-rules-in-the-tour-de-france-be-changed\/#primaryimage\"},\"thumbnailUrl\":\"https:\/\/d2p6e6u75xmxt8.cloudfront.net\/2\/2022\/08\/Yellow-Green-and-White-Jersey-profimedia-0709519096-CVR.webp\",\"datePublished\":\"2022-08-11T07:10:08+00:00\",\"author\":{\"@id\":\"https:\/\/www.welovecycling.com\/wide\/#\/schema\/person\/50f01ecd18718d2333cf72e823c4f926\"},\"description\":\"Most spectators recognize the yellow, green and polka-dot jerseys in the Tour de France but what about the white jersey? It\u2019s easy to miss, especially if\",\"breadcrumb\":{\"@id\":\"https:\/\/www.welovecycling.com\/wide\/2022\/08\/11\/should-the-white-jersey-rules-in-the-tour-de-france-be-changed\/#breadcrumb\"},\"inLanguage\":\"en-US\",\"potentialAction\":[{\"@type\":\"ReadAction\",\"target\":[\"https:\/\/www.welovecycling.com\/wide\/2022\/08\/11\/should-the-white-jersey-rules-in-the-tour-de-france-be-changed\/\"]}]},{\"@type\":\"ImageObject\",\"inLanguage\":\"en-US\",\"@id\":\"https:\/\/www.welovecycling.com\/wide\/2022\/08\/11\/should-the-white-jersey-rules-in-the-tour-de-france-be-changed\/#primaryimage\",\"url\":\"https:\/\/d2p6e6u75xmxt8.cloudfront.net\/2\/2022\/08\/Yellow-Green-and-White-Jersey-profimedia-0709519096-CVR.webp\",\"contentUrl\":\"https:\/\/d2p6e6u75xmxt8.cloudfront.net\/2\/2022\/08\/Yellow-Green-and-White-Jersey-profimedia-0709519096-CVR.webp\",\"width\":990,\"height\":660,\"caption\":\"The three jersey winners in the Tour\"},{\"@type\":\"BreadcrumbList\",\"@id\":\"https:\/\/www.welovecycling.com\/wide\/2022\/08\/11\/should-the-white-jersey-rules-in-the-tour-de-france-be-changed\/#breadcrumb\",\"itemListElement\":[{\"@type\":\"ListItem\",\"position\":1,\"name\":\"Home\",\"item\":\"https:\/\/www.welovecycling.com\/wide\/\"},{\"@type\":\"ListItem\",\"position\":2,\"name\":\"Should the White Jersey Rules in the Tour de France Be Changed?\"}]},{\"@type\":\"WebSite\",\"@id\":\"https:\/\/www.welovecycling.com\/wide\/#website\",\"url\":\"https:\/\/www.welovecycling.com\/wide\/\",\"name\":\"\u0160koda We Love Cycling\",\"description\":\"\u0160koda We Love Cycling magazine\",\"alternateName\":\"\u0160koda WLC\",\"potentialAction\":[{\"@type\":\"SearchAction\",\"target\":{\"@type\":\"EntryPoint\",\"urlTemplate\":\"https:\/\/www.welovecycling.com\/wide\/?s={search_term_string}\"},\"query-input\":{\"@type\":\"PropertyValueSpecification\",\"valueRequired\":true,\"valueName\":\"search_term_string\"}}],\"inLanguage\":\"en-US\"},{\"@type\":\"Person\",\"@id\":\"https:\/\/www.welovecycling.com\/wide\/#\/schema\/person\/50f01ecd18718d2333cf72e823c4f926\",\"name\":\"tereza\",\"image\":{\"@type\":\"ImageObject\",\"inLanguage\":\"en-US\",\"@id\":\"https:\/\/www.welovecycling.com\/wide\/#\/schema\/person\/image\/\",\"url\":\"https:\/\/secure.gravatar.com\/avatar\/1f9eb71be33845f0afabce3791bc1c58ecdb0a25c62964987e5dbcf7a20d2ec7?s=96&d=mm&r=g\",\"contentUrl\":\"https:\/\/secure.gravatar.com\/avatar\/1f9eb71be33845f0afabce3791bc1c58ecdb0a25c62964987e5dbcf7a20d2ec7?s=96&d=mm&r=g\",\"caption\":\"tereza\"},\"url\":\"https:\/\/www.welovecycling.com\/wide\/author\/tereza\/\"}]}<\/script>\n<!-- \/ Yoast SEO Premium plugin. -->","yoast_head_json":{"title":"Should the White Jersey Rules in the Tour de France Be Changed?","description":"Most spectators recognize the yellow, green and polka-dot jerseys in the Tour de France but what about the white jersey? It\u2019s easy to miss, especially if","robots":{"index":"index","follow":"follow","max-snippet":"max-snippet:-1","max-image-preview":"max-image-preview:large","max-video-preview":"max-video-preview:-1"},"canonical":"https:\/\/www.welovecycling.com\/wide\/2022\/08\/11\/should-the-white-jersey-rules-in-the-tour-de-france-be-changed\/","og_locale":"en_US","og_type":"article","og_title":"Should the White Jersey Rules in the Tour de France Be Changed?","og_description":"Most spectators recognize the yellow, green and polka-dot jerseys in the Tour de France but what about the white jersey? It\u2019s easy to miss, especially if","og_url":"https:\/\/www.welovecycling.com\/wide\/2022\/08\/11\/should-the-white-jersey-rules-in-the-tour-de-france-be-changed\/","og_site_name":"\u0160koda We Love Cycling","article_published_time":"2022-08-11T07:10:08+00:00","og_image":[{"width":990,"height":660,"url":"https:\/\/d2p6e6u75xmxt8.cloudfront.net\/2\/2022\/08\/Yellow-Green-and-White-Jersey-profimedia-0709519096-CVR.webp","type":"image\/webp"}],"author":"tereza","twitter_card":"summary_large_image","twitter_misc":{"Written by":"Andrea Champredonde","Est. reading time":"6"},"schema":{"@context":"https:\/\/schema.org","@graph":[{"@type":"WebPage","@id":"https:\/\/www.welovecycling.com\/wide\/2022\/08\/11\/should-the-white-jersey-rules-in-the-tour-de-france-be-changed\/","url":"https:\/\/www.welovecycling.com\/wide\/2022\/08\/11\/should-the-white-jersey-rules-in-the-tour-de-france-be-changed\/","name":"Should the White Jersey Rules in the Tour de France Be Changed?","isPartOf":{"@id":"https:\/\/www.welovecycling.com\/wide\/#website"},"primaryImageOfPage":{"@id":"https:\/\/www.welovecycling.com\/wide\/2022\/08\/11\/should-the-white-jersey-rules-in-the-tour-de-france-be-changed\/#primaryimage"},"image":{"@id":"https:\/\/www.welovecycling.com\/wide\/2022\/08\/11\/should-the-white-jersey-rules-in-the-tour-de-france-be-changed\/#primaryimage"},"thumbnailUrl":"https:\/\/d2p6e6u75xmxt8.cloudfront.net\/2\/2022\/08\/Yellow-Green-and-White-Jersey-profimedia-0709519096-CVR.webp","datePublished":"2022-08-11T07:10:08+00:00","author":{"@id":"https:\/\/www.welovecycling.com\/wide\/#\/schema\/person\/50f01ecd18718d2333cf72e823c4f926"},"description":"Most spectators recognize the yellow, green and polka-dot jerseys in the Tour de France but what about the white jersey? It\u2019s easy to miss, especially if","breadcrumb":{"@id":"https:\/\/www.welovecycling.com\/wide\/2022\/08\/11\/should-the-white-jersey-rules-in-the-tour-de-france-be-changed\/#breadcrumb"},"inLanguage":"en-US","potentialAction":[{"@type":"ReadAction","target":["https:\/\/www.welovecycling.com\/wide\/2022\/08\/11\/should-the-white-jersey-rules-in-the-tour-de-france-be-changed\/"]}]},{"@type":"ImageObject","inLanguage":"en-US","@id":"https:\/\/www.welovecycling.com\/wide\/2022\/08\/11\/should-the-white-jersey-rules-in-the-tour-de-france-be-changed\/#primaryimage","url":"https:\/\/d2p6e6u75xmxt8.cloudfront.net\/2\/2022\/08\/Yellow-Green-and-White-Jersey-profimedia-0709519096-CVR.webp","contentUrl":"https:\/\/d2p6e6u75xmxt8.cloudfront.net\/2\/2022\/08\/Yellow-Green-and-White-Jersey-profimedia-0709519096-CVR.webp","width":990,"height":660,"caption":"The three jersey winners in the Tour"},{"@type":"BreadcrumbList","@id":"https:\/\/www.welovecycling.com\/wide\/2022\/08\/11\/should-the-white-jersey-rules-in-the-tour-de-france-be-changed\/#breadcrumb","itemListElement":[{"@type":"ListItem","position":1,"name":"Home","item":"https:\/\/www.welovecycling.com\/wide\/"},{"@type":"ListItem","position":2,"name":"Should the White Jersey Rules in the Tour de France Be Changed?"}]},{"@type":"WebSite","@id":"https:\/\/www.welovecycling.com\/wide\/#website","url":"https:\/\/www.welovecycling.com\/wide\/","name":"\u0160koda We Love Cycling","description":"\u0160koda We Love Cycling magazine","alternateName":"\u0160koda WLC","potentialAction":[{"@type":"SearchAction","target":{"@type":"EntryPoint","urlTemplate":"https:\/\/www.welovecycling.com\/wide\/?s={search_term_string}"},"query-input":{"@type":"PropertyValueSpecification","valueRequired":true,"valueName":"search_term_string"}}],"inLanguage":"en-US"},{"@type":"Person","@id":"https:\/\/www.welovecycling.com\/wide\/#\/schema\/person\/50f01ecd18718d2333cf72e823c4f926","name":"tereza","image":{"@type":"ImageObject","inLanguage":"en-US","@id":"https:\/\/www.welovecycling.com\/wide\/#\/schema\/person\/image\/","url":"https:\/\/secure.gravatar.com\/avatar\/1f9eb71be33845f0afabce3791bc1c58ecdb0a25c62964987e5dbcf7a20d2ec7?s=96&d=mm&r=g","contentUrl":"https:\/\/secure.gravatar.com\/avatar\/1f9eb71be33845f0afabce3791bc1c58ecdb0a25c62964987e5dbcf7a20d2ec7?s=96&d=mm&r=g","caption":"tereza"},"url":"https:\/\/www.welovecycling.com\/wide\/author\/tereza\/"}]}},"_links":{"self":[{"href":"https:\/\/www.welovecycling.com\/wide\/wp-json\/wp\/v2\/posts\/190325","targetHints":{"allow":["GET"]}}],"collection":[{"href":"https:\/\/www.welovecycling.com\/wide\/wp-json\/wp\/v2\/posts"}],"about":[{"href":"https:\/\/www.welovecycling.com\/wide\/wp-json\/wp\/v2\/types\/post"}],"author":[{"embeddable":true,"href":"https:\/\/www.welovecycling.com\/wide\/wp-json\/wp\/v2\/users\/99"}],"replies":[{"embeddable":true,"href":"https:\/\/www.welovecycling.com\/wide\/wp-json\/wp\/v2\/comments?post=190325"}],"version-history":[{"count":1,"href":"https:\/\/www.welovecycling.com\/wide\/wp-json\/wp\/v2\/posts\/190325\/revisions"}],"predecessor-version":[{"id":190329,"href":"https:\/\/www.welovecycling.com\/wide\/wp-json\/wp\/v2\/posts\/190325\/revisions\/190329"}],"wp:featuredmedia":[{"embeddable":true,"href":"https:\/\/www.welovecycling.com\/wide\/wp-json\/wp\/v2\/media\/190326"}],"wp:attachment":[{"href":"https:\/\/www.welovecycling.com\/wide\/wp-json\/wp\/v2\/media?parent=190325"}],"wp:term":[{"taxonomy":"category","embeddable":true,"href":"https:\/\/www.welovecycling.com\/wide\/wp-json\/wp\/v2\/categories?post=190325"},{"taxonomy":"post_tag","embeddable":true,"href":"https:\/\/www.welovecycling.com\/wide\/wp-json\/wp\/v2\/tags?post=190325"},{"taxonomy":"global-categories","embeddable":true,"href":"https:\/\/www.welovecycling.com\/wide\/wp-json\/wp\/v2\/global-categories?post=190325"}],"curies":[{"name":"wp","href":"https:\/\/api.w.org\/{rel}","templated":true}]}}