{"id":190199,"date":"2022-07-26T11:36:10","date_gmt":"2022-07-26T11:36:10","guid":{"rendered":"https:\/\/www.welovecycling.com\/wide\/?p=190199"},"modified":"2022-07-26T11:36:34","modified_gmt":"2022-07-26T11:36:34","slug":"tdff-director-marion-rousse-opens-up-about-what-the-role-means-to-her","status":"publish","type":"post","link":"https:\/\/www.welovecycling.com\/wide\/2022\/07\/26\/tdff-director-marion-rousse-opens-up-about-what-the-role-means-to-her\/","title":{"rendered":"TdFF Director Marion Rousse Opens Up About What the Role Means to Her"},"content":{"rendered":"<p><strong>We were delighted to have the chance to chat with Marion Rousse, the director of the race and one of the most influential women in cycling. We spoke about what her six-year-old self would have to say about where she is today, how women\u2019s cycling has evolved over her career, and what her dreams are for the Tour de France Femmes going forward.<\/strong><\/p>\n<p><!--more--><\/p>\n<p><strong>First of all\u2014congratulations on this exciting role! What does it mean to you to be the director of the TdF Femmes?<\/strong><\/p>\n<p>It means so much! After Christian Prudhomme called to offer me the position and I hung up the phone\u2014I saw the little girl I was at six when I started cycling and realised just how far I had come. The Tour de France means everything! It crosses the borders of sports and is an event with so much expectation attached to it. So, naturally, it is such an honour to have this role.<\/p>\n<p><strong>You\u2019ve been working in a male-dominated field for most of your career. What sort of challenges have you had to overcome?<\/strong><\/p>\n<p>I haven\u2019t really had any issues working within a sport dominated by men because, ever since I started my cycling career at six, I\u2019ve been used to being the only girl present. It\u2019s an environment in which I\u2019ve evolved and grown accustomed. Also, I\u2019ve always made sure to be where I should and deserve to be and not expect any special treatment. I\u2019ve worked hard to gain respect.<\/p>\n<p><strong>I\u2019ve read that you grew up watching the Tour de France but never felt it would be something you could participate in due to gender. What did you think about the different opportunities available to men and women during your professional cycling career?<\/strong><\/p>\n<p>I often thought it was unjust. It\u2019s true that when we were in the French National Cycling Team during the European or World Championships, we shared the same hotel as the men and could see the difference in treatment. So yes, it was a difficult feeling. At the same time, we fought and now don\u2019t owe anything to anyone. If today there is a <a href=\"https:\/\/www.letourfemmes.fr\/en\/\">Tour de France Femmes avec Zwift<\/a> that exists, it\u2019s not a present to the women riders but something they have fought for and deserve.<\/p>\n<div class=\"embed-controller-wrapper\">\n<blockquote class=\"twitter-tweet\" data-width=\"500\" data-dnt=\"true\">\n<p lang=\"fr\" dir=\"ltr\">\ud83d\udea9 The real start has been given, the race is on! <\/p>\n<p>\ud83d\udea9 Le d\u00e9part r\u00e9el est donn\u00e9, la course est lanc\u00e9e ! <a href=\"https:\/\/twitter.com\/hashtag\/TDFF?src=hash&amp;ref_src=twsrc%5Etfw\">#TDFF<\/a> <a href=\"https:\/\/twitter.com\/hashtag\/WatchTheFemmes?src=hash&amp;ref_src=twsrc%5Etfw\">#WatchTheFemmes<\/a> <a href=\"https:\/\/t.co\/I8wMW8aAUC\">pic.twitter.com\/I8wMW8aAUC<\/a><\/p>\n<p>&mdash; Le Tour de France Femmes avec Zwift (@LeTourFemmes) <a href=\"https:\/\/twitter.com\/LeTourFemmes\/status\/1551174539157053441?ref_src=twsrc%5Etfw\">July 24, 2022<\/a><\/p><\/blockquote>\n<p><script async data-src=\"https:\/\/platform.twitter.com\/widgets.js\" charset=\"utf-8\"><\/script><\/div>\n<p><strong>How would you characterise the evolution of women\u2019s cycling over the last 10 or 20 years?<\/strong><\/p>\n<p>It has been a very dramatic change. When I was a rider, we didn\u2019t have salaries except for a select few. We didn\u2019t have any buses to get changed, so we had to do it behind trucks, similar to how they do at amateur races. Thankfully, the UCI has worked on this by installing a minimum wage, so now all the girls in the World Tour are employees. This has vastly improved the level of competition, allowing us to now see some really incredible races. On top of that, I\u2019m lucky enough to be able to commentate on these races with France TV throughout the year, which is excellent!<\/p>\n<p><strong>I understand that you quit professional cycling because it wasn\u2019t a viable option to support yourself at the time. Things have improved but we still have a long way to go. What do you think is currently the most significant challenge or issue faced by women cyclists?<\/strong><\/p>\n<p>As I mentioned, there is now a minimum salary. However, it is still a lot less than what the men get, so this could be one of the first topics to address. Another crucial issue is ensuring that the sport is medialised, which will help develop the salaries. This is what the Tour de France Femmes avec Zwift is trying to do by being broadcasted in 190 countries worldwide. A business plan has been set up for women\u2019s cycling but that still needs to grow. Through the Tour de France Femmes avec Zwift, we want to be able to bring and attract new investors to the sport.<\/p>\n<p><strong>What has been the most rewarding part of being the Tour de France Femmes director so far? Have there been any significant surprises?<\/strong><\/p>\n<p>What I like about this position is being able to follow the project from start to finish and going to meet the local authorities who host the race. Without them, the race wouldn\u2019t be possible. Also, from the sporting point of view, I loved being onsite to recce the different stages. So, it\u2019s really the whole package of the job that I enjoy.<\/p>\n<p><strong>How has your view of the importance of cars at races changed since you moved from being a pro cyclist to serving as a race director?<\/strong><\/p>\n<p>In the <a href=\"https:\/\/www.welovecycling.com\/wide\/2022\/07\/04\/a-primer-on-the-red-skoda-enyaq-iv-the-tour-de-frances-leading-car\/\" target=\"_blank\" rel=\"noopener\">Leading car,<\/a> I am in the number-one spot. This means we are right behind any breakaways that happen. As such, you always have to be prepared. Our field of work is on the road, so if there is an accident or any other unexpected events that are not part of the race, you have to be ready to react. I am constantly in both phone and radio communication with all the race direction teams to make sure I respond accordingly.<\/p>\n<p><strong>What is your vision for the Tour de France Femmes going forward?<\/strong><\/p>\n<p>We want this event to be going strong in 100 years! Therefore, we have done everything possible to make its longevity viable and are confident that it will work. This isn\u2019t a cheap version of the Tour de France; it\u2019s the real deal, and we know the girls and their willpower will offer such a spectacle that people will be convinced. And for the future, we are not closing any doors. We want to continue developing this race. Today, we are at eight stages as this guarantees balance but in the future, we want to keep growing. And why not do that by adding more stages?<\/p>\n<p>Many thanks to Marion Rousse for taking the time to share a little insider perspective on this truly groundbreaking event!<\/p>\n","protected":false},"excerpt":{"rendered":"<p>We were delighted to have the chance to chat with Marion Rousse, the director of the race and one of [&hellip;]<\/p>\n","protected":false},"author":99,"featured_media":190200,"comment_status":"open","ping_status":"open","sticky":false,"template":"","format":"standard","meta":{"footnotes":""},"categories":[329],"tags":[5778,6374,578,5781,433,5780],"global-categories":[3366],"class_list":["post-190199","post","type-post","status-publish","format-standard","has-post-thumbnail","hentry","category-road-cycling","tag-2022-tour","tag-2022-tour-de-france-femmes","tag-christian-prudhomme","tag-marion-rousse","tag-tour-de-france","tag-tour-de-france-femmes","global-categories-cycling"],"yoast_head":"<!-- This site is optimized with the Yoast SEO Premium plugin v25.3 (Yoast SEO v25.9) - https:\/\/yoast.com\/wordpress\/plugins\/seo\/ -->\n<title>Interview with Marion Rousse: The Tour de France Femmes Director<\/title>\n<meta name=\"description\" content=\"We were delighted to have the chance to chat with Marion Rousse, the director of the race and one of the most influential women in cycling. We spoke about\" \/>\n<meta name=\"robots\" content=\"index, follow, max-snippet:-1, max-image-preview:large, max-video-preview:-1\" \/>\n<link rel=\"canonical\" href=\"https:\/\/www.welovecycling.com\/wide\/2022\/07\/26\/tdff-director-marion-rousse-opens-up-about-what-the-role-means-to-her\/\" \/>\n<meta property=\"og:locale\" content=\"en_US\" \/>\n<meta property=\"og:type\" content=\"article\" \/>\n<meta property=\"og:title\" content=\"Tour de France Femmes Director Marion Rousse Opens Up About Her Role\" \/>\n<meta property=\"og:description\" content=\"We were delighted to have the chance to chat with Marion Rousse, the director of the race and one of the most influential women in cycling. We spoke about\" \/>\n<meta property=\"og:url\" content=\"https:\/\/www.welovecycling.com\/wide\/2022\/07\/26\/tdff-director-marion-rousse-opens-up-about-what-the-role-means-to-her\/\" \/>\n<meta property=\"og:site_name\" content=\"\u0160koda We Love Cycling\" \/>\n<meta property=\"article:published_time\" content=\"2022-07-26T11:36:10+00:00\" \/>\n<meta property=\"article:modified_time\" content=\"2022-07-26T11:36:34+00:00\" \/>\n<meta property=\"og:image\" content=\"https:\/\/d2p6e6u75xmxt8.cloudfront.net\/2\/2022\/07\/Marion-Rousse-profimedia-0709716085-CVR.webp\" \/>\n\t<meta property=\"og:image:width\" content=\"990\" \/>\n\t<meta property=\"og:image:height\" content=\"660\" \/>\n\t<meta property=\"og:image:type\" content=\"image\/webp\" \/>\n<meta name=\"author\" content=\"tereza\" \/>\n<meta name=\"twitter:card\" content=\"summary_large_image\" \/>\n<meta name=\"twitter:title\" content=\"TdFF Director Marion Rousse Opens Up About What the Role Means to Her\" \/>\n<meta name=\"twitter:label1\" content=\"Written by\" \/>\n\t<meta name=\"twitter:data1\" content=\"Megan Flottorp\" \/>\n\t<meta name=\"twitter:label2\" content=\"Est. reading time\" \/>\n\t<meta name=\"twitter:data2\" content=\"6\" \/>\n<script type=\"application\/ld+json\" class=\"yoast-schema-graph\">{\"@context\":\"https:\/\/schema.org\",\"@graph\":[{\"@type\":\"WebPage\",\"@id\":\"https:\/\/www.welovecycling.com\/wide\/2022\/07\/26\/tdff-director-marion-rousse-opens-up-about-what-the-role-means-to-her\/\",\"url\":\"https:\/\/www.welovecycling.com\/wide\/2022\/07\/26\/tdff-director-marion-rousse-opens-up-about-what-the-role-means-to-her\/\",\"name\":\"Interview with Marion Rousse: The Tour de France Femmes Director\",\"isPartOf\":{\"@id\":\"https:\/\/www.welovecycling.com\/wide\/#website\"},\"primaryImageOfPage\":{\"@id\":\"https:\/\/www.welovecycling.com\/wide\/2022\/07\/26\/tdff-director-marion-rousse-opens-up-about-what-the-role-means-to-her\/#primaryimage\"},\"image\":{\"@id\":\"https:\/\/www.welovecycling.com\/wide\/2022\/07\/26\/tdff-director-marion-rousse-opens-up-about-what-the-role-means-to-her\/#primaryimage\"},\"thumbnailUrl\":\"https:\/\/d2p6e6u75xmxt8.cloudfront.net\/2\/2022\/07\/Marion-Rousse-profimedia-0709716085-CVR.webp\",\"datePublished\":\"2022-07-26T11:36:10+00:00\",\"dateModified\":\"2022-07-26T11:36:34+00:00\",\"author\":{\"@id\":\"https:\/\/www.welovecycling.com\/wide\/#\/schema\/person\/50f01ecd18718d2333cf72e823c4f926\"},\"description\":\"We were delighted to have the chance to chat with Marion Rousse, the director of the race and one of the most influential women in cycling. We spoke about\",\"breadcrumb\":{\"@id\":\"https:\/\/www.welovecycling.com\/wide\/2022\/07\/26\/tdff-director-marion-rousse-opens-up-about-what-the-role-means-to-her\/#breadcrumb\"},\"inLanguage\":\"en-US\",\"potentialAction\":[{\"@type\":\"ReadAction\",\"target\":[\"https:\/\/www.welovecycling.com\/wide\/2022\/07\/26\/tdff-director-marion-rousse-opens-up-about-what-the-role-means-to-her\/\"]}]},{\"@type\":\"ImageObject\",\"inLanguage\":\"en-US\",\"@id\":\"https:\/\/www.welovecycling.com\/wide\/2022\/07\/26\/tdff-director-marion-rousse-opens-up-about-what-the-role-means-to-her\/#primaryimage\",\"url\":\"https:\/\/d2p6e6u75xmxt8.cloudfront.net\/2\/2022\/07\/Marion-Rousse-profimedia-0709716085-CVR.webp\",\"contentUrl\":\"https:\/\/d2p6e6u75xmxt8.cloudfront.net\/2\/2022\/07\/Marion-Rousse-profimedia-0709716085-CVR.webp\",\"width\":990,\"height\":660,\"caption\":\"Marion Rousse\"},{\"@type\":\"BreadcrumbList\",\"@id\":\"https:\/\/www.welovecycling.com\/wide\/2022\/07\/26\/tdff-director-marion-rousse-opens-up-about-what-the-role-means-to-her\/#breadcrumb\",\"itemListElement\":[{\"@type\":\"ListItem\",\"position\":1,\"name\":\"Home\",\"item\":\"https:\/\/www.welovecycling.com\/wide\/\"},{\"@type\":\"ListItem\",\"position\":2,\"name\":\"TdFF Director Marion Rousse Opens Up About What the Role Means to Her\"}]},{\"@type\":\"WebSite\",\"@id\":\"https:\/\/www.welovecycling.com\/wide\/#website\",\"url\":\"https:\/\/www.welovecycling.com\/wide\/\",\"name\":\"\u0160koda We Love Cycling\",\"description\":\"\u0160koda We Love Cycling magazine\",\"alternateName\":\"\u0160koda WLC\",\"potentialAction\":[{\"@type\":\"SearchAction\",\"target\":{\"@type\":\"EntryPoint\",\"urlTemplate\":\"https:\/\/www.welovecycling.com\/wide\/?s={search_term_string}\"},\"query-input\":{\"@type\":\"PropertyValueSpecification\",\"valueRequired\":true,\"valueName\":\"search_term_string\"}}],\"inLanguage\":\"en-US\"},{\"@type\":\"Person\",\"@id\":\"https:\/\/www.welovecycling.com\/wide\/#\/schema\/person\/50f01ecd18718d2333cf72e823c4f926\",\"name\":\"tereza\",\"image\":{\"@type\":\"ImageObject\",\"inLanguage\":\"en-US\",\"@id\":\"https:\/\/www.welovecycling.com\/wide\/#\/schema\/person\/image\/\",\"url\":\"https:\/\/secure.gravatar.com\/avatar\/1f9eb71be33845f0afabce3791bc1c58ecdb0a25c62964987e5dbcf7a20d2ec7?s=96&d=mm&r=g\",\"contentUrl\":\"https:\/\/secure.gravatar.com\/avatar\/1f9eb71be33845f0afabce3791bc1c58ecdb0a25c62964987e5dbcf7a20d2ec7?s=96&d=mm&r=g\",\"caption\":\"tereza\"},\"url\":\"https:\/\/www.welovecycling.com\/wide\/author\/tereza\/\"}]}<\/script>\n<!-- \/ Yoast SEO Premium plugin. -->","yoast_head_json":{"title":"Interview with Marion Rousse: The Tour de France Femmes Director","description":"We were delighted to have the chance to chat with Marion Rousse, the director of the race and one of the most influential women in cycling. We spoke about","robots":{"index":"index","follow":"follow","max-snippet":"max-snippet:-1","max-image-preview":"max-image-preview:large","max-video-preview":"max-video-preview:-1"},"canonical":"https:\/\/www.welovecycling.com\/wide\/2022\/07\/26\/tdff-director-marion-rousse-opens-up-about-what-the-role-means-to-her\/","og_locale":"en_US","og_type":"article","og_title":"Tour de France Femmes Director Marion Rousse Opens Up About Her Role","og_description":"We were delighted to have the chance to chat with Marion Rousse, the director of the race and one of the most influential women in cycling. We spoke about","og_url":"https:\/\/www.welovecycling.com\/wide\/2022\/07\/26\/tdff-director-marion-rousse-opens-up-about-what-the-role-means-to-her\/","og_site_name":"\u0160koda We Love Cycling","article_published_time":"2022-07-26T11:36:10+00:00","article_modified_time":"2022-07-26T11:36:34+00:00","og_image":[{"width":990,"height":660,"url":"https:\/\/d2p6e6u75xmxt8.cloudfront.net\/2\/2022\/07\/Marion-Rousse-profimedia-0709716085-CVR.webp","type":"image\/webp"}],"author":"tereza","twitter_card":"summary_large_image","twitter_title":"TdFF Director Marion Rousse Opens Up About What the Role Means to Her","twitter_misc":{"Written by":"Megan Flottorp","Est. reading time":"6"},"schema":{"@context":"https:\/\/schema.org","@graph":[{"@type":"WebPage","@id":"https:\/\/www.welovecycling.com\/wide\/2022\/07\/26\/tdff-director-marion-rousse-opens-up-about-what-the-role-means-to-her\/","url":"https:\/\/www.welovecycling.com\/wide\/2022\/07\/26\/tdff-director-marion-rousse-opens-up-about-what-the-role-means-to-her\/","name":"Interview with Marion Rousse: The Tour de France Femmes Director","isPartOf":{"@id":"https:\/\/www.welovecycling.com\/wide\/#website"},"primaryImageOfPage":{"@id":"https:\/\/www.welovecycling.com\/wide\/2022\/07\/26\/tdff-director-marion-rousse-opens-up-about-what-the-role-means-to-her\/#primaryimage"},"image":{"@id":"https:\/\/www.welovecycling.com\/wide\/2022\/07\/26\/tdff-director-marion-rousse-opens-up-about-what-the-role-means-to-her\/#primaryimage"},"thumbnailUrl":"https:\/\/d2p6e6u75xmxt8.cloudfront.net\/2\/2022\/07\/Marion-Rousse-profimedia-0709716085-CVR.webp","datePublished":"2022-07-26T11:36:10+00:00","dateModified":"2022-07-26T11:36:34+00:00","author":{"@id":"https:\/\/www.welovecycling.com\/wide\/#\/schema\/person\/50f01ecd18718d2333cf72e823c4f926"},"description":"We were delighted to have the chance to chat with Marion Rousse, the director of the race and one of the most influential women in cycling. We spoke about","breadcrumb":{"@id":"https:\/\/www.welovecycling.com\/wide\/2022\/07\/26\/tdff-director-marion-rousse-opens-up-about-what-the-role-means-to-her\/#breadcrumb"},"inLanguage":"en-US","potentialAction":[{"@type":"ReadAction","target":["https:\/\/www.welovecycling.com\/wide\/2022\/07\/26\/tdff-director-marion-rousse-opens-up-about-what-the-role-means-to-her\/"]}]},{"@type":"ImageObject","inLanguage":"en-US","@id":"https:\/\/www.welovecycling.com\/wide\/2022\/07\/26\/tdff-director-marion-rousse-opens-up-about-what-the-role-means-to-her\/#primaryimage","url":"https:\/\/d2p6e6u75xmxt8.cloudfront.net\/2\/2022\/07\/Marion-Rousse-profimedia-0709716085-CVR.webp","contentUrl":"https:\/\/d2p6e6u75xmxt8.cloudfront.net\/2\/2022\/07\/Marion-Rousse-profimedia-0709716085-CVR.webp","width":990,"height":660,"caption":"Marion Rousse"},{"@type":"BreadcrumbList","@id":"https:\/\/www.welovecycling.com\/wide\/2022\/07\/26\/tdff-director-marion-rousse-opens-up-about-what-the-role-means-to-her\/#breadcrumb","itemListElement":[{"@type":"ListItem","position":1,"name":"Home","item":"https:\/\/www.welovecycling.com\/wide\/"},{"@type":"ListItem","position":2,"name":"TdFF Director Marion Rousse Opens Up About What the Role Means to Her"}]},{"@type":"WebSite","@id":"https:\/\/www.welovecycling.com\/wide\/#website","url":"https:\/\/www.welovecycling.com\/wide\/","name":"\u0160koda We Love Cycling","description":"\u0160koda We Love Cycling magazine","alternateName":"\u0160koda WLC","potentialAction":[{"@type":"SearchAction","target":{"@type":"EntryPoint","urlTemplate":"https:\/\/www.welovecycling.com\/wide\/?s={search_term_string}"},"query-input":{"@type":"PropertyValueSpecification","valueRequired":true,"valueName":"search_term_string"}}],"inLanguage":"en-US"},{"@type":"Person","@id":"https:\/\/www.welovecycling.com\/wide\/#\/schema\/person\/50f01ecd18718d2333cf72e823c4f926","name":"tereza","image":{"@type":"ImageObject","inLanguage":"en-US","@id":"https:\/\/www.welovecycling.com\/wide\/#\/schema\/person\/image\/","url":"https:\/\/secure.gravatar.com\/avatar\/1f9eb71be33845f0afabce3791bc1c58ecdb0a25c62964987e5dbcf7a20d2ec7?s=96&d=mm&r=g","contentUrl":"https:\/\/secure.gravatar.com\/avatar\/1f9eb71be33845f0afabce3791bc1c58ecdb0a25c62964987e5dbcf7a20d2ec7?s=96&d=mm&r=g","caption":"tereza"},"url":"https:\/\/www.welovecycling.com\/wide\/author\/tereza\/"}]}},"_links":{"self":[{"href":"https:\/\/www.welovecycling.com\/wide\/wp-json\/wp\/v2\/posts\/190199","targetHints":{"allow":["GET"]}}],"collection":[{"href":"https:\/\/www.welovecycling.com\/wide\/wp-json\/wp\/v2\/posts"}],"about":[{"href":"https:\/\/www.welovecycling.com\/wide\/wp-json\/wp\/v2\/types\/post"}],"author":[{"embeddable":true,"href":"https:\/\/www.welovecycling.com\/wide\/wp-json\/wp\/v2\/users\/99"}],"replies":[{"embeddable":true,"href":"https:\/\/www.welovecycling.com\/wide\/wp-json\/wp\/v2\/comments?post=190199"}],"version-history":[{"count":1,"href":"https:\/\/www.welovecycling.com\/wide\/wp-json\/wp\/v2\/posts\/190199\/revisions"}],"predecessor-version":[{"id":190202,"href":"https:\/\/www.welovecycling.com\/wide\/wp-json\/wp\/v2\/posts\/190199\/revisions\/190202"}],"wp:featuredmedia":[{"embeddable":true,"href":"https:\/\/www.welovecycling.com\/wide\/wp-json\/wp\/v2\/media\/190200"}],"wp:attachment":[{"href":"https:\/\/www.welovecycling.com\/wide\/wp-json\/wp\/v2\/media?parent=190199"}],"wp:term":[{"taxonomy":"category","embeddable":true,"href":"https:\/\/www.welovecycling.com\/wide\/wp-json\/wp\/v2\/categories?post=190199"},{"taxonomy":"post_tag","embeddable":true,"href":"https:\/\/www.welovecycling.com\/wide\/wp-json\/wp\/v2\/tags?post=190199"},{"taxonomy":"global-categories","embeddable":true,"href":"https:\/\/www.welovecycling.com\/wide\/wp-json\/wp\/v2\/global-categories?post=190199"}],"curies":[{"name":"wp","href":"https:\/\/api.w.org\/{rel}","templated":true}]}}